{"id":264433,"date":"2026-03-09T09:11:25","date_gmt":"2026-03-09T08:11:25","guid":{"rendered":"https:\/\/www.prijedordanas.com\/?p=264433"},"modified":"2026-03-09T09:11:25","modified_gmt":"2026-03-09T08:11:25","slug":"dalibor-grabez-direktor-preduzeca-komunalne-usluge-prijedor-polupodzemni-kontejneri-moderno-i-prakticno-rjesenje","status":"publish","type":"post","link":"https:\/\/www.prijedordanas.com\/?p=264433","title":{"rendered":"Dalibor Grabe\u017e, direktor preduze\u0107a &#8220;Komunalne usluge&#8221; Prijedor: Polupodzemni kontejneri moderno i prakti\u010dno rje\u0161enje"},"content":{"rendered":"<p><a href=\"https:\/\/www.prijedordanas.com\/wp-content\/uploads\/2026\/03\/kozarski-grabez.jpg\"><img loading=\"lazy\" decoding=\"async\" class=\"alignleft size-medium wp-image-264435\" src=\"https:\/\/www.prijedordanas.com\/wp-content\/uploads\/2026\/03\/kozarski-grabez-300x225.jpg\" alt=\"\" width=\"300\" height=\"225\" srcset=\"https:\/\/www.prijedordanas.com\/wp-content\/uploads\/2026\/03\/kozarski-grabez-300x225.jpg 300w, https:\/\/www.prijedordanas.com\/wp-content\/uploads\/2026\/03\/kozarski-grabez-640x480.jpg 640w, https:\/\/www.prijedordanas.com\/wp-content\/uploads\/2026\/03\/kozarski-grabez.jpg 667w\" sizes=\"(max-width: 300px) 100vw, 300px\" \/><\/a>\u201cPro\u0161le godine smo, pomo\u0107u kreditnih sredstava, nabavili kamion sa kranom za pra\u017enjenje polupodzemnih kontejnera i sada spremno do\u010dekujemo postavl\u0458anje novih kontejnera u gradu Prijedoru. Ve\u0107 ih je postavl\u0458eno \u0161est na tri lokacije. Polupodzemni kontejneri nabavl\u0458eni su uz pomo\u0107 Grada, a ugra\u0111iva\u0107emo ih u narednom periodu na udarnim mjestima, gdje se svako jutro ponavl\u0458aju ru\u017eni prizori, rasipanje otpada oko kontejnera i \u0161irenje neprijatnih mirisa. Posude sa ve\u0107im zapreminama mo\u0107i \u0107e da prihvate ve\u0107e koli\u010dine otpada\u201d, isti\u010de Grabe\u017e.<\/p>\n<p>Kako biste ocijenili pro\u0161lu godinu s poslovnog aspekta?<\/p>\n<p>\u2013 \u201cKomunalne usluge\u201d su i 2025. godinu zavr\u0161ile pozitivnim poslovanjem, uprkos brojnim izazovima i pote\u0161ko\u0107ama koje su nam predstavl\u0458ale prepreke u radu. Tu bih, prije svega, izdvojio pove\u0107anje cijena ulaznih repromaterijala koje koristimo, roba, usluga, rezervnih dijelova i elektri\u010dne energije. Po drugi put je pove\u0107ana najni\u017ea plata, bez pove\u0107anja na\u0161ih usluga. Pro\u0161le godine su nas zadesile i poplave. Sve je to uticalo na to da se moramo snalaziti i improvizovati na terenu. Dovijali smo se da sve radne aktivnosti obavimo uspje\u0161no. Pored redovnih poslova na odvozu otpada, odr\u017eavanju javne higijene, gradskog zelenila, upravl\u0458anja grobl\u0458em i regionalnom deponijom, posebno smo ponosni na na\u0161u gra\u0111evinsku operativu. Tu smo imali jako uspje\u0161nu godinu. Pored aktivnosti koje smo imali na sanaciji krovova kod zajednice eta\u017enih vlasnika, ve\u0107 nekoliko godina izlazimo redovno na tr\u017ei\u0161te i tendere. Dobili smo posao na osnovu javne nabavke koju su raspisali Dje\u010diji vrti\u0107 \u201cRadost\u201d i prijedorska bolnica, gdje smo radili sanaciju dijela krovova. To nam je umnogome pomoglo da pove\u0107amo prihode i da poslovnu godinu zavr\u0161imo uspje\u0161no. Imamo u planu jo\u0161 neke poslove za zajednice eta\u017enih vlasnika. Pratimo tendere, jer to je prilika da ostvarimo dodatne prihode. Takvu vrstu prihoda nismo imali u ranijem segmentu poslovanja. Ja ne znam da li se i jedno komunalno preduze\u0107e time bavi, ali mi smo bili prinu\u0111eni da do\u0111emo do drugih izvora prihoda mimo redovnih aktivnosti. Zanavl\u0458ali smo neke od vozila u na\u0161em voznom parku kako bismo pobol\u0458\u0161ali pru\u017eanje usluga. Pro\u0161le godine smo kreditnim sredstvima nabavili kamion sa kranom za pra\u017enjenje polupodzemnih kontejnera, i sada spremno do\u010dekujemo postavl\u0458anje ovih kontejnera u gradu Prijedoru. Polupodzemni kontejneri nabavl\u0458eni su uz pomo\u0107 Grada.<\/p>\n<p><a href=\"https:\/\/www.prijedordanas.com\/wp-content\/uploads\/2026\/03\/kozarski-polupodzemni-kontejneri.jpg\"><img loading=\"lazy\" decoding=\"async\" src=\"https:\/\/www.prijedordanas.com\/wp-content\/uploads\/2026\/03\/kozarski-polupodzemni-kontejneri-300x225.jpg\" alt=\"\" width=\"300\" height=\"225\" class=\"alignleft size-medium wp-image-264436\" srcset=\"https:\/\/www.prijedordanas.com\/wp-content\/uploads\/2026\/03\/kozarski-polupodzemni-kontejneri-300x225.jpg 300w, https:\/\/www.prijedordanas.com\/wp-content\/uploads\/2026\/03\/kozarski-polupodzemni-kontejneri-640x480.jpg 640w, https:\/\/www.prijedordanas.com\/wp-content\/uploads\/2026\/03\/kozarski-polupodzemni-kontejneri.jpg 667w\" sizes=\"(max-width: 300px) 100vw, 300px\" \/><\/a>Na koliko lokacija bi trebalo da budu raspore\u0111eni polupodzemni kontejneri?<\/p>\n<p>\u2013 Na oko 10-12 lokacija, a negdje \u0107emo morati poja\u010diti dva kontejnera. Oni su otprilike zapremine pet kubika i zamjenjuju pet zelenih kontejnera od 1.100 litara. Pro\u0161le godine smo, u saradnji sa na\u0161im investitorima, postavili \u0161est polupodzemnih kontejnera na tri lokacije. Broj polupodzemnih kontejnera zavisi od broja stanovnika na odre\u0111enom podru\u010dju. Imamo dva mjesta koja su ba\u0161 na udaru: u Kozarskoj ulici i kontejnersko mjesto poslije nadvo\u017enjaka na Pe\u0107anima. Tu nam problem prave gra\u0111ani koji ne \u017eive u tim nasel\u0458ima, ve\u0107 dolaze s periferije i dovoze otpad iz drugih nasel\u0458a. U tom slu\u010daju mje\u0161tani ne mogu da na adekvatan na\u010din ostave otpad. \u0160to se ti\u010de ostalih nabavki, u protekloj godini smo, u razgovorima s Gradom Be\u010dom, uspjeli realizovati jednu donaciju, a to je autosme\u0107ara. Radi se o kamionu koji smo u l\u0458etnim mjesecima ukl\u0458u\u010dili u na\u0161 vozni park i koji nam je omogu\u0107io da ove poslove zavr\u0161imo uspje\u0161no. U protekloj godini smo, u saradnji sa Fondom za za\u0161titu \u017eivotne sredine, implementirali dva projekta. Nabavili smo manji \u201cisuzu\u201d kamion za prikupl\u0458anje ambala\u017enog otpada, kartona i pet ambala\u017ee. To je segment poslovanja koji dosta zavisi od kretanja cijena na tr\u017ei\u0161tu i puno je pote\u0161ko\u0107a. Cijene variraju i ta radna jedinica nam donosi vi\u0161e gubitaka nego \u0161to imamo ekonomskog efekta. Jednostavno moramo taj dio posla da radimo i tim kamionom smo pobol\u0458\u0161ali kvalitet na\u0161ih usluga. Nastavi\u0107emo da razvijamo taj segment kada je u pitanju otkup stakla, pa \u0107emo poku\u0161ati da nadomjestimo gubitke koji se javl\u0458u u okviru te radne jedinice. Drugi projekat koji realizujemo u saradnji sa Fondom za za\u0161titu \u017eivotne sredine je ure\u0111aj za pro\u010di\u0161\u0107avanje procjednih voda na na\u0161oj regionalnoj deponiji. Sve vode koje zavr\u0161avaju dole u na\u0161oj laguni, zahval\u0458uju\u0107i ovom ure\u0111aju, izlazi\u0107e \u0161to \u010distije u prirodu. To nam i jeste cil\u0458, da pobol\u0458\u0161amo kvalitet na\u0161ih usluga, vode\u0107i ra\u010duna i o za\u0161titi \u017eivotne sredine.<\/p>\n<p>Bilo je najava da \u0107ete pribje\u0107i nepopularnoj mjeri pove\u0107anja cijene odvoza sme\u0107a.<\/p>\n<p>\u2013 Da. To uvijek izaziva odre\u0111enu vrstu negodovanja. Posl\u0458ednje poskupl\u0458enje usluga odvoza otpada imali smo u oktobru 2023. godine. Od tada su se desila dva, odnosno ove godine tre\u0107e pove\u0107anje najni\u017ee cijene rada, koje nama umnogome ote\u017eava teku\u0107u likvidnost. Prinu\u0111eni smo da podignemo cijenu na\u0161ih usluga, kako mi, tako i \u201cVodovod\u201d. Pro\u0161li smo sve potrebne procedure i o\u010dekujemo da \u0107e to biti jedna od ta\u010daka dnevnog reda na narednoj sjednici Skup\u0161tine grada Prijedora. Prinu\u0111eni smo na poskupl\u0458enje zbog pove\u0107anja kako najni\u017ee plate, tako i svih ostalih usluga. Predlo\u017eeno poskupl\u0458enje iznosi 2,50 KM na fiksnom dijelu. Fiksni dio koji je iznosio pet maraka, uz ovo poskupl\u0458enje \u0107e biti sedam i po KM. Varijabilni dio ne\u0107emo dirati.<\/p>\n<p>Pro\u0161le godine odr\u017ean je Sajam privrede i komunalne opreme \u201cEkspo\u201d. Kakvi su planovi za naredni period?<\/p>\n<p>\u2013 U protekloj kalendarskoj godini imali smo po \u010detvrti put uspje\u0161no realizovan sajam sa dvije panel-diskusije koje su posjetioci mogli da vide i \u010duju. Umnogome je i nama to koristilo, pogotovo kada je u pitanju selektivno prikupl\u0458anje ambala\u017enog otpada i fokus \u0107emo u ovoj godini staviti na tu vrstu otpada.<\/p>\n<p>Treba li apelovati na gra\u0111ane kada je rije\u010d o selektivnom odlaganju otpada?<\/p>\n<p>\u2013 Naravno, to je dugotrajan proces koji \u0107e zahtijevati veliku saradnju komunalnog preduze\u0107a i medija i trebali bismo da se uhvatimo s tim uko\u0161tac narednih nekoliko godina. Mi smo poslije sajma \u201cEkspo\u201d imali neke aktivnosti u saradnji sa Udru\u017eenjem gra\u0111ana \u201cEkoraz\u201d, Dje\u010dijim vrti\u0107em \u201cRadost\u201d i osnovnim \u0161kolama \u201cVuk Karad\u017ei\u0107\u201d i \u201cDesanka Maksimovi\u0107\u201d. Na osnovu onoga \u0161to smo \u010duli na sajmu, treba da od najranijeg djetinjstva mladima ukazujemo na zna\u010daj selektivnog odlaganja otpada. Nadam se da \u0107e \u201cEkspo\u201d biti odr\u017ean i ove godine. Privredna komora je umnogome pomogla u protekloj godini i nadam se da \u0107e ponovo biti tako. Sajam bi trebalo da bude odr\u017ean krajem maja ili po\u010detkom juna, a 2025. smo ga pomjerili na septembar zbog poplava.<\/p>\n<p>Predstoji prol\u0458etno ure\u0111enje grada. U gradu je vidl\u0458ivo da su se komunalci ve\u0107 prihvatili posla.<\/p>\n<p>\u2013 Radimo redovno orezivanje drve\u0107a, koje je neophodno. Uvijek nastojimo da to odradimo \u0161to kvalitetnije. \u0160to se ti\u010de prol\u0458etnog ure\u0111enja grada, najve\u0107e aktivnosti poti\u010du od Gradske uprave i Odjel\u0458enja za stambeno-komunalne poslove, a mi izvr\u0161avamo sve te poslove. U narednom periodu napravi\u0107emo plan aktivnosti za prol\u0458etnu akciju ure\u0111enja grada, u okviru koje je i prikupl\u0458anje kabastog otpada. Svake godine u aprilu bude besplatna akcija odvoza kabastog otpada, zahval\u0458uju\u0107i Gradu koji to omogu\u0107i i isfinansira, zatim ure\u0111enje stambenih i individualnih povr\u0161ina, uno\u0161enje \u0161to vi\u0161e cvije\u0107a i zelenila.<\/p>\n<p>Primjetno je da nesavjesni pojedinci i dal\u0458e odla\u017eu kabasti otpad gdje mu nije mjesto. Kako se s tim izboriti?<\/p>\n<p>\u2013 To se de\u0161ava svih 12 mjeseci u godini. Imamo u planu da napravimo \u010detiri recikla\u017ena ostrva u gradu Prijedoru. Nadam se da \u0107emo u narednih mjeseca-dva, kada budemo ugra\u0111ivali polupodzemne kontejnere, odraditi i ta recikla\u017ena ostrva. To su upravo mjesta gdje gra\u0111ani, poslije aprilske akcije, mogu u bilo koje doba dana i no\u0107i da odvezu kabasti i elektronski otpad i \u0161ut. Ne\u0107e vi\u0161e morati da se pod okril\u0458em no\u0107i kriju i iznose svoj namje\u0161taj. Zaista su ru\u017eni prizori kada ujutro ustanemo, pa pored kontejnerskih mjesta vidimo kompletne dnevne boravke i kuhinje. Gra\u0111ani mogu da nas pozovu, me\u0111utim to izbjegavaju zbog pla\u0107anja na\u0161ih usluga.<\/p>\n<p>Imate li jo\u0161 nekih planova za obnavl\u0458anje voznog parka?<\/p>\n<p>\u2013 Obnavl\u0458amo ga svake godine. U planu je nabavka kombinovane ma\u0161ine. To je kamion podiza\u010d za velike metalne kontejnere u kombinaciji sa cisternom. U l\u0458etnom periodu \u0107emo na tom kamionu koristiti cisternu za pranje javnih povr\u0161ina, prevoz pitke vode i vode za bazene koje tra\u017ee na\u0161i gra\u0111ani. U ostatku godine koristi\u0107e nam kao podiza\u010d za kontejnere od 5 do 7 kubika. Neke nabavke smo ostvarili u saradnji s Gradom, koji je obezbijedio dio sredstava, a dio \u201cKomunalne usluge\u201d. Podsjeti\u0107u da smo na regionalnoj deponiji Kurevo, nabavkom novog buldo\u017eera, rije\u0161ili mnoge probleme. Kvalitetnim prekrivanjem zeml\u0458om, rije\u0161ili smo neprijatne mirise i izlo\u017eenost po\u017earima. Svake godine pomo\u0107u drona radimo tretiranje deponije organskim materijama, \u010dime pospje\u0161ujemo br\u017ee razlaganje komunalnog otpada.<\/p>\n<p>\u201cKomunalne usluge\u201d imaju posje\u0107enu Fejsbuk stranicu. Koliko je to pomoglo u transparentnosti rada?<\/p>\n<p>\u2013 Na\u0161a Fejsbuk stranica pokazala se potpuno ispravnim potezom, jer imamo odli\u010dnu interakciju s gra\u0111anima. Postavl\u0458amo gotovo svakodnevno objave, odnosno onda kada treba ne\u0161to da ka\u017eemo. Komuniciramo s gra\u0111anima i dobijamo povratne informacije, bilo da su to opravdane kritike, koje nam pokazuju u kom pravcu treba dal\u0458e da se kre\u0107emo, ili pohvale. Na\u0161a stranica je veoma aktivna i ona puno doprinosi radu komunalnog preduze\u0107a, pogotovo u kriznim situacijama poput poplava, kod zimskog odr\u017eavanja ulica ili rada na praznike. Gra\u0111ani s nama komuniciraju putem Fejsbuka, mi im po\u0161al\u0458emo informaciju i to se pokazalo kao dobra interakcija.<\/p>\n<p>SVAKE GODINE IZGORI OKO 80 KONTEJNERA<\/p>\n<p>\u2013 Svake godine izgori veliki broj kontejnera, od 70 do 80. Dijelom zbog bacanja pepela, dijelom zbog objesnih pojedinaca koji u toku no\u0107i zapale najlon, karton ili ne\u0161to drugo. Neke slu\u010dajeve smo prijavl\u0458ivali i policiji. Doga\u0111ali su se nemili prizori u parku na Pe\u0107anima, gdje su vandali o\u0161tetili i razbacali kante za otpatke.<\/p>\n<p><a href=\"https:\/\/kozarski.com\/dalibor-grabez-direktor-preduzeca-komunalne-usluge-a-d-prijedor-polupodzemni-kontejneri-moderno-i-prakticno-rjesenje\/\" target=\"_blank\" rel=\"noopener\">kozarski.com<\/a><\/p>\n","protected":false},"excerpt":{"rendered":"<p>\u201cPro\u0161le godine smo, pomo\u0107u kreditnih sredstava, nabavili kamion sa kranom za pra\u017enjenje polupodzemnih kontejnera i sada spremno do\u010dekujemo postavl\u0458anje novih kontejnera u gradu Prijedoru. Ve\u0107 ih je postavl\u0458eno \u0161est na [&hellip;]<\/p>\n","protected":false},"author":1,"featured_media":0,"comment_status":"closed","ping_status":"open","sticky":false,"template":"","format":"standard","meta":{"_monsterinsights_skip_tracking":false,"_monsterinsights_sitenote_active":false,"_monsterinsights_sitenote_note":"","_monsterinsights_sitenote_category":0,"footnotes":""},"categories":[4],"tags":[],"yoast_head":"<!-- This site is optimized with the Yoast SEO plugin v21.6 - https:\/\/yoast.com\/wordpress\/plugins\/seo\/ -->\n<title>Dalibor Grabe\u017e, direktor preduze\u0107a &quot;Komunalne usluge&quot; Prijedor: Polupodzemni kontejneri moderno i prakti\u010dno rje\u0161enje - PrijedorDanas.com - Prijedorski gradski portal<\/title>\n<meta name=\"robots\" content=\"index, follow, max-snippet:-1, max-image-preview:large, max-video-preview:-1\" \/>\n<link rel=\"canonical\" href=\"https:\/\/www.prijedordanas.com\/?p=264433\" \/>\n<meta property=\"og:locale\" content=\"en_US\" \/>\n<meta property=\"og:type\" content=\"article\" \/>\n<meta property=\"og:title\" content=\"Dalibor Grabe\u017e, direktor preduze\u0107a &quot;Komunalne usluge&quot; Prijedor: Polupodzemni kontejneri moderno i prakti\u010dno rje\u0161enje - PrijedorDanas.com - Prijedorski gradski portal\" \/>\n<meta property=\"og:description\" content=\"\u201cPro\u0161le godine smo, pomo\u0107u kreditnih sredstava, nabavili kamion sa kranom za pra\u017enjenje polupodzemnih kontejnera i sada spremno do\u010dekujemo postavl\u0458anje novih kontejnera u gradu Prijedoru. Ve\u0107 ih je postavl\u0458eno \u0161est na [&hellip;]\" \/>\n<meta property=\"og:url\" content=\"https:\/\/www.prijedordanas.com\/?p=264433\" \/>\n<meta property=\"og:site_name\" content=\"PrijedorDanas.com - Prijedorski gradski portal\" \/>\n<meta property=\"article:publisher\" content=\"https:\/\/www.facebook.com\/PrijedorDanasCom\/\" \/>\n<meta property=\"article:published_time\" content=\"2026-03-09T08:11:25+00:00\" \/>\n<meta property=\"og:image\" content=\"https:\/\/www.prijedordanas.com\/wp-content\/uploads\/2026\/03\/kozarski-grabez-300x225.jpg\" \/>\n<meta name=\"author\" content=\"admin\" \/>\n<meta name=\"twitter:card\" content=\"summary_large_image\" \/>\n<meta name=\"twitter:label1\" content=\"Written by\" \/>\n\t<meta name=\"twitter:data1\" content=\"admin\" \/>\n\t<meta name=\"twitter:label2\" content=\"Est. reading time\" \/>\n\t<meta name=\"twitter:data2\" content=\"7 minutes\" \/>\n<script type=\"application\/ld+json\" class=\"yoast-schema-graph\">{\"@context\":\"https:\/\/schema.org\",\"@graph\":[{\"@type\":\"Article\",\"@id\":\"https:\/\/www.prijedordanas.com\/?p=264433#article\",\"isPartOf\":{\"@id\":\"https:\/\/www.prijedordanas.com\/?p=264433\"},\"author\":{\"name\":\"admin\",\"@id\":\"https:\/\/www.prijedordanas.com\/#\/schema\/person\/4e08ccf29b506ca916ff86d46bb700e6\"},\"headline\":\"Dalibor Grabe\u017e, direktor preduze\u0107a &#8220;Komunalne usluge&#8221; Prijedor: Polupodzemni kontejneri moderno i prakti\u010dno rje\u0161enje\",\"datePublished\":\"2026-03-09T08:11:25+00:00\",\"dateModified\":\"2026-03-09T08:11:25+00:00\",\"mainEntityOfPage\":{\"@id\":\"https:\/\/www.prijedordanas.com\/?p=264433\"},\"wordCount\":1731,\"publisher\":{\"@id\":\"https:\/\/www.prijedordanas.com\/#organization\"},\"articleSection\":[\"Dru\u0161tvo\"],\"inLanguage\":\"en-US\"},{\"@type\":\"WebPage\",\"@id\":\"https:\/\/www.prijedordanas.com\/?p=264433\",\"url\":\"https:\/\/www.prijedordanas.com\/?p=264433\",\"name\":\"Dalibor Grabe\u017e, direktor preduze\u0107a \\\"Komunalne usluge\\\" Prijedor: Polupodzemni kontejneri moderno i prakti\u010dno rje\u0161enje - PrijedorDanas.com - Prijedorski gradski portal\",\"isPartOf\":{\"@id\":\"https:\/\/www.prijedordanas.com\/#website\"},\"datePublished\":\"2026-03-09T08:11:25+00:00\",\"dateModified\":\"2026-03-09T08:11:25+00:00\",\"breadcrumb\":{\"@id\":\"https:\/\/www.prijedordanas.com\/?p=264433#breadcrumb\"},\"inLanguage\":\"en-US\",\"potentialAction\":[{\"@type\":\"ReadAction\",\"target\":[\"https:\/\/www.prijedordanas.com\/?p=264433\"]}]},{\"@type\":\"BreadcrumbList\",\"@id\":\"https:\/\/www.prijedordanas.com\/?p=264433#breadcrumb\",\"itemListElement\":[{\"@type\":\"ListItem\",\"position\":1,\"name\":\"Home\",\"item\":\"https:\/\/www.prijedordanas.com\/\"},{\"@type\":\"ListItem\",\"position\":2,\"name\":\"Dalibor Grabe\u017e, direktor preduze\u0107a &#8220;Komunalne usluge&#8221; Prijedor: Polupodzemni kontejneri moderno i prakti\u010dno rje\u0161enje\"}]},{\"@type\":\"WebSite\",\"@id\":\"https:\/\/www.prijedordanas.com\/#website\",\"url\":\"https:\/\/www.prijedordanas.com\/\",\"name\":\"PrijedorDanas.com - Prijedorski gradski portal\",\"description\":\"Portal o doga\u0111anjima u gradu Prijedoru\",\"publisher\":{\"@id\":\"https:\/\/www.prijedordanas.com\/#organization\"},\"potentialAction\":[{\"@type\":\"SearchAction\",\"target\":{\"@type\":\"EntryPoint\",\"urlTemplate\":\"https:\/\/www.prijedordanas.com\/?s={search_term_string}\"},\"query-input\":\"required name=search_term_string\"}],\"inLanguage\":\"en-US\"},{\"@type\":\"Organization\",\"@id\":\"https:\/\/www.prijedordanas.com\/#organization\",\"name\":\"PrijedorDanas.com\",\"url\":\"https:\/\/www.prijedordanas.com\/\",\"logo\":{\"@type\":\"ImageObject\",\"inLanguage\":\"en-US\",\"@id\":\"https:\/\/www.prijedordanas.com\/#\/schema\/logo\/image\/\",\"url\":\"http:\/\/www.prijedordanas.com\/wp-content\/uploads\/2021\/12\/logopng.png\",\"contentUrl\":\"http:\/\/www.prijedordanas.com\/wp-content\/uploads\/2021\/12\/logopng.png\",\"width\":1019,\"height\":776,\"caption\":\"PrijedorDanas.com\"},\"image\":{\"@id\":\"https:\/\/www.prijedordanas.com\/#\/schema\/logo\/image\/\"},\"sameAs\":[\"https:\/\/www.facebook.com\/PrijedorDanasCom\/\"]},{\"@type\":\"Person\",\"@id\":\"https:\/\/www.prijedordanas.com\/#\/schema\/person\/4e08ccf29b506ca916ff86d46bb700e6\",\"name\":\"admin\",\"image\":{\"@type\":\"ImageObject\",\"inLanguage\":\"en-US\",\"@id\":\"https:\/\/www.prijedordanas.com\/#\/schema\/person\/image\/\",\"url\":\"https:\/\/secure.gravatar.com\/avatar\/1d3fc949d550f0b53a5f0d51e06dfd79?s=96&d=mm&r=g\",\"contentUrl\":\"https:\/\/secure.gravatar.com\/avatar\/1d3fc949d550f0b53a5f0d51e06dfd79?s=96&d=mm&r=g\",\"caption\":\"admin\"},\"url\":\"https:\/\/www.prijedordanas.com\/?author=1\"}]}<\/script>\n<!-- \/ Yoast SEO plugin. -->","yoast_head_json":{"title":"Dalibor Grabe\u017e, direktor preduze\u0107a \"Komunalne usluge\" Prijedor: Polupodzemni kontejneri moderno i prakti\u010dno rje\u0161enje - PrijedorDanas.com - Prijedorski gradski portal","robots":{"index":"index","follow":"follow","max-snippet":"max-snippet:-1","max-image-preview":"max-image-preview:large","max-video-preview":"max-video-preview:-1"},"canonical":"https:\/\/www.prijedordanas.com\/?p=264433","og_locale":"en_US","og_type":"article","og_title":"Dalibor Grabe\u017e, direktor preduze\u0107a \"Komunalne usluge\" Prijedor: Polupodzemni kontejneri moderno i prakti\u010dno rje\u0161enje - PrijedorDanas.com - Prijedorski gradski portal","og_description":"\u201cPro\u0161le godine smo, pomo\u0107u kreditnih sredstava, nabavili kamion sa kranom za pra\u017enjenje polupodzemnih kontejnera i sada spremno do\u010dekujemo postavl\u0458anje novih kontejnera u gradu Prijedoru. Ve\u0107 ih je postavl\u0458eno \u0161est na [&hellip;]","og_url":"https:\/\/www.prijedordanas.com\/?p=264433","og_site_name":"PrijedorDanas.com - Prijedorski gradski portal","article_publisher":"https:\/\/www.facebook.com\/PrijedorDanasCom\/","article_published_time":"2026-03-09T08:11:25+00:00","og_image":[{"url":"https:\/\/www.prijedordanas.com\/wp-content\/uploads\/2026\/03\/kozarski-grabez-300x225.jpg"}],"author":"admin","twitter_card":"summary_large_image","twitter_misc":{"Written by":"admin","Est. reading time":"7 minutes"},"schema":{"@context":"https:\/\/schema.org","@graph":[{"@type":"Article","@id":"https:\/\/www.prijedordanas.com\/?p=264433#article","isPartOf":{"@id":"https:\/\/www.prijedordanas.com\/?p=264433"},"author":{"name":"admin","@id":"https:\/\/www.prijedordanas.com\/#\/schema\/person\/4e08ccf29b506ca916ff86d46bb700e6"},"headline":"Dalibor Grabe\u017e, direktor preduze\u0107a &#8220;Komunalne usluge&#8221; Prijedor: Polupodzemni kontejneri moderno i prakti\u010dno rje\u0161enje","datePublished":"2026-03-09T08:11:25+00:00","dateModified":"2026-03-09T08:11:25+00:00","mainEntityOfPage":{"@id":"https:\/\/www.prijedordanas.com\/?p=264433"},"wordCount":1731,"publisher":{"@id":"https:\/\/www.prijedordanas.com\/#organization"},"articleSection":["Dru\u0161tvo"],"inLanguage":"en-US"},{"@type":"WebPage","@id":"https:\/\/www.prijedordanas.com\/?p=264433","url":"https:\/\/www.prijedordanas.com\/?p=264433","name":"Dalibor Grabe\u017e, direktor preduze\u0107a \"Komunalne usluge\" Prijedor: Polupodzemni kontejneri moderno i prakti\u010dno rje\u0161enje - PrijedorDanas.com - Prijedorski gradski portal","isPartOf":{"@id":"https:\/\/www.prijedordanas.com\/#website"},"datePublished":"2026-03-09T08:11:25+00:00","dateModified":"2026-03-09T08:11:25+00:00","breadcrumb":{"@id":"https:\/\/www.prijedordanas.com\/?p=264433#breadcrumb"},"inLanguage":"en-US","potentialAction":[{"@type":"ReadAction","target":["https:\/\/www.prijedordanas.com\/?p=264433"]}]},{"@type":"BreadcrumbList","@id":"https:\/\/www.prijedordanas.com\/?p=264433#breadcrumb","itemListElement":[{"@type":"ListItem","position":1,"name":"Home","item":"https:\/\/www.prijedordanas.com\/"},{"@type":"ListItem","position":2,"name":"Dalibor Grabe\u017e, direktor preduze\u0107a &#8220;Komunalne usluge&#8221; Prijedor: Polupodzemni kontejneri moderno i prakti\u010dno rje\u0161enje"}]},{"@type":"WebSite","@id":"https:\/\/www.prijedordanas.com\/#website","url":"https:\/\/www.prijedordanas.com\/","name":"PrijedorDanas.com - Prijedorski gradski portal","description":"Portal o doga\u0111anjima u gradu Prijedoru","publisher":{"@id":"https:\/\/www.prijedordanas.com\/#organization"},"potentialAction":[{"@type":"SearchAction","target":{"@type":"EntryPoint","urlTemplate":"https:\/\/www.prijedordanas.com\/?s={search_term_string}"},"query-input":"required name=search_term_string"}],"inLanguage":"en-US"},{"@type":"Organization","@id":"https:\/\/www.prijedordanas.com\/#organization","name":"PrijedorDanas.com","url":"https:\/\/www.prijedordanas.com\/","logo":{"@type":"ImageObject","inLanguage":"en-US","@id":"https:\/\/www.prijedordanas.com\/#\/schema\/logo\/image\/","url":"http:\/\/www.prijedordanas.com\/wp-content\/uploads\/2021\/12\/logopng.png","contentUrl":"http:\/\/www.prijedordanas.com\/wp-content\/uploads\/2021\/12\/logopng.png","width":1019,"height":776,"caption":"PrijedorDanas.com"},"image":{"@id":"https:\/\/www.prijedordanas.com\/#\/schema\/logo\/image\/"},"sameAs":["https:\/\/www.facebook.com\/PrijedorDanasCom\/"]},{"@type":"Person","@id":"https:\/\/www.prijedordanas.com\/#\/schema\/person\/4e08ccf29b506ca916ff86d46bb700e6","name":"admin","image":{"@type":"ImageObject","inLanguage":"en-US","@id":"https:\/\/www.prijedordanas.com\/#\/schema\/person\/image\/","url":"https:\/\/secure.gravatar.com\/avatar\/1d3fc949d550f0b53a5f0d51e06dfd79?s=96&d=mm&r=g","contentUrl":"https:\/\/secure.gravatar.com\/avatar\/1d3fc949d550f0b53a5f0d51e06dfd79?s=96&d=mm&r=g","caption":"admin"},"url":"https:\/\/www.prijedordanas.com\/?author=1"}]}},"_links":{"self":[{"href":"https:\/\/www.prijedordanas.com\/index.php?rest_route=\/wp\/v2\/posts\/264433"}],"collection":[{"href":"https:\/\/www.prijedordanas.com\/index.php?rest_route=\/wp\/v2\/posts"}],"about":[{"href":"https:\/\/www.prijedordanas.com\/index.php?rest_route=\/wp\/v2\/types\/post"}],"author":[{"embeddable":true,"href":"https:\/\/www.prijedordanas.com\/index.php?rest_route=\/wp\/v2\/users\/1"}],"replies":[{"embeddable":true,"href":"https:\/\/www.prijedordanas.com\/index.php?rest_route=%2Fwp%2Fv2%2Fcomments&post=264433"}],"version-history":[{"count":1,"href":"https:\/\/www.prijedordanas.com\/index.php?rest_route=\/wp\/v2\/posts\/264433\/revisions"}],"predecessor-version":[{"id":264437,"href":"https:\/\/www.prijedordanas.com\/index.php?rest_route=\/wp\/v2\/posts\/264433\/revisions\/264437"}],"wp:attachment":[{"href":"https:\/\/www.prijedordanas.com\/index.php?rest_route=%2Fwp%2Fv2%2Fmedia&parent=264433"}],"wp:term":[{"taxonomy":"category","embeddable":true,"href":"https:\/\/www.prijedordanas.com\/index.php?rest_route=%2Fwp%2Fv2%2Fcategories&post=264433"},{"taxonomy":"post_tag","embeddable":true,"href":"https:\/\/www.prijedordanas.com\/index.php?rest_route=%2Fwp%2Fv2%2Ftags&post=264433"}],"curies":[{"name":"wp","href":"https:\/\/api.w.org\/{rel}","templated":true}]}}