{"id":264423,"date":"2026-03-08T22:43:15","date_gmt":"2026-03-08T21:43:15","guid":{"rendered":"https:\/\/www.prijedordanas.com\/?p=264423"},"modified":"2026-03-08T22:43:15","modified_gmt":"2026-03-08T21:43:15","slug":"omaz-prvim-zenama-umjetnicama-foto-video","status":"publish","type":"post","link":"https:\/\/www.prijedordanas.com\/?p=264423","title":{"rendered":"Oma\u017e prvim \u017eenama umjetnicama &#8211; FOTO\/VIDEO"},"content":{"rendered":"<p><a href=\"https:\/\/www.prijedordanas.com\/wp-content\/uploads\/2026\/03\/kozarski-prve-u-umjetnosti-1.jpg\"><img loading=\"lazy\" decoding=\"async\" class=\"alignleft size-medium wp-image-264424\" src=\"https:\/\/www.prijedordanas.com\/wp-content\/uploads\/2026\/03\/kozarski-prve-u-umjetnosti-1-300x225.jpg\" alt=\"\" width=\"300\" height=\"225\" srcset=\"https:\/\/www.prijedordanas.com\/wp-content\/uploads\/2026\/03\/kozarski-prve-u-umjetnosti-1-300x225.jpg 300w, https:\/\/www.prijedordanas.com\/wp-content\/uploads\/2026\/03\/kozarski-prve-u-umjetnosti-1-640x480.jpg 640w, https:\/\/www.prijedordanas.com\/wp-content\/uploads\/2026\/03\/kozarski-prve-u-umjetnosti-1.jpg 667w\" sizes=\"(max-width: 300px) 100vw, 300px\" \/><\/a>Udru\u017eenje \u201c\u017dene u umjetnosti\u201d priredilo je program povodom Osmog marta pod nazivom \u201cPrve u umjetnosti\u201d.<\/p>\n<p>Program je oma\u017e prvim \u017eenama umjetnicama na na\u0161im prostorima.<\/p>\n<p>Neke od njih su Staka Skenderova, koja je sredinom 19. vijeka bila prva \u017eena javni i kulturni radnik me\u0111u srpskim \u017eivljem u Sarajevu, zatim Anka Obrenovi\u0107, prva pijanistkinja, Nade\u017eda Petrovi\u0107 koja je postavila temelje modernog slikarstva u Srbiji i Sultana Cijuk, prva operska pjeva\u010dica. Marija Maga Magazinovi\u0107 je uporno\u0161\u0107u i plesom otvarala vrata ostalim \u017eenama u svijet obrazovanja i umjetnosti, a Isidora Sekuli\u0107, ikona srpske knji\u017eevnosti, bila je prva \u017eena \u010dlan Srpske akademije nauka i umjetnosti, isti\u010du organizatori.<\/p>\n<p><a href=\"https:\/\/www.prijedordanas.com\/wp-content\/uploads\/2026\/03\/kozarski-prve-u-umjetnosti-2.jpg\"><img loading=\"lazy\" decoding=\"async\" class=\"alignleft size-medium wp-image-264425\" src=\"https:\/\/www.prijedordanas.com\/wp-content\/uploads\/2026\/03\/kozarski-prve-u-umjetnosti-2-300x169.jpg\" alt=\"\" width=\"300\" height=\"169\" srcset=\"https:\/\/www.prijedordanas.com\/wp-content\/uploads\/2026\/03\/kozarski-prve-u-umjetnosti-2-300x169.jpg 300w, https:\/\/www.prijedordanas.com\/wp-content\/uploads\/2026\/03\/kozarski-prve-u-umjetnosti-2.jpg 600w\" sizes=\"(max-width: 300px) 100vw, 300px\" \/><\/a>Osim izlo\u017ebe fotografija znamenitih \u017eena kroz istoriju, publika u prijedorskoj galeriji u\u017eivala je u koncertu klavirskog trija Muzi\u010dke \u0161kole \u201cSavo Balaban\u201d te stihovima poznatih autorki koje su recitovale \u010dlanice ovog udru\u017eenja, u\u010denice Ugostiteljsko-ekonomske \u0161kole i Osnovne \u0161kole \u201cDositej Obradovi\u0107\u201d.<\/p>\n<p>\u201cSmatram da je veoma va\u017eno da se sjetimo ovih umjetnica. O njima se ne pri\u010da mnogo u \u0161koli, a one zaslu\u017euju mnogo vi\u0161e pa\u017enje\u201d, rekla je u\u010denica Ljiljana Ili\u0107.<\/p>\n<p>Cilj Udru\u017eenja \u201c\u017dene u umjetnosti\u201d bio je da kroz kratke pri\u010de o\u017eive sje\u0107anje na njihovu borbu i zalaganja za prava \u017eena na obrazovanje i ravnopravnost.<\/p>\n<p><a href=\"https:\/\/www.prijedordanas.com\/wp-content\/uploads\/2026\/03\/kozarski-prve-u-umjetnosti-3.jpg\"><img loading=\"lazy\" decoding=\"async\" class=\"alignleft size-medium wp-image-264426\" src=\"https:\/\/www.prijedordanas.com\/wp-content\/uploads\/2026\/03\/kozarski-prve-u-umjetnosti-3-300x169.jpg\" alt=\"\" width=\"300\" height=\"169\" srcset=\"https:\/\/www.prijedordanas.com\/wp-content\/uploads\/2026\/03\/kozarski-prve-u-umjetnosti-3-300x169.jpg 300w, https:\/\/www.prijedordanas.com\/wp-content\/uploads\/2026\/03\/kozarski-prve-u-umjetnosti-3.jpg 600w\" sizes=\"(max-width: 300px) 100vw, 300px\" \/><\/a>\u201cNa\u0161a poruka je da ne zaboravljamo sve one koje su napravile ne\u0161to vrijedno, koje su nama ostavile u amanet da to njegujemo i da, sli\u010dno njima, ne\u0161to kreativno, dobro i pozitivno napravimo\u201d, rekla je predsjednica Udru\u017eenja \u201c\u017dene u umjetnosti\u201d Biljana An\u0111eli\u0107.<\/p>\n<p>\u010clanica ovog udru\u017eenja Zorica Joji\u0107 smatra da je \u017eena i danas malo skrajnuta.<\/p>\n<p>\u201cDan-danas imamo situacije u kojima \u017eena prima manju platu od mu\u0161karca i dolazi te\u017ee do posla nego mu\u0161karac, jer ona \u0107e se udati, ostati trudna, ra\u0111ati djecu, dakle ima\u0107e neke izostanke s posla i svu silu nekih stvari koje ote\u017eavaju \u017eivot u dana\u0161njem dru\u0161tvu\u201d, isti\u010de Joji\u0107eva.<\/p>\n<p>Pripremaju\u0107i program \u201cPrve u umjetnosti\u201d, Udru\u017eenje \u201c\u017dene u umjetnosti\u201d realizovalo je radionicu lijepog govora i recitovanja, kroz koju je pro\u0161lo 15 u\u010desnika.<\/p>\n<p><a href=\"https:\/\/kozarski.com\/omaz-prvim-zenama-umjetnicama\/\" target=\"_blank\" rel=\"noopener\">kozarski.com<\/a><\/p>\n<p><a href=\"https:\/\/www.prijedordanas.com\/wp-content\/uploads\/2026\/03\/kozarski-prve-u-umjetnosti-4.jpg\"><img loading=\"lazy\" decoding=\"async\" src=\"https:\/\/www.prijedordanas.com\/wp-content\/uploads\/2026\/03\/kozarski-prve-u-umjetnosti-4-300x169.jpg\" alt=\"\" width=\"300\" height=\"169\" class=\"alignleft size-medium wp-image-264427\" srcset=\"https:\/\/www.prijedordanas.com\/wp-content\/uploads\/2026\/03\/kozarski-prve-u-umjetnosti-4-300x169.jpg 300w, https:\/\/www.prijedordanas.com\/wp-content\/uploads\/2026\/03\/kozarski-prve-u-umjetnosti-4.jpg 600w\" sizes=\"(max-width: 300px) 100vw, 300px\" \/><\/a> <a href=\"https:\/\/www.prijedordanas.com\/wp-content\/uploads\/2026\/03\/kozarski-prve-u-umjetnosti-5.jpg\"><img loading=\"lazy\" decoding=\"async\" src=\"https:\/\/www.prijedordanas.com\/wp-content\/uploads\/2026\/03\/kozarski-prve-u-umjetnosti-5-300x169.jpg\" alt=\"\" width=\"300\" height=\"169\" class=\"alignleft size-medium wp-image-264428\" srcset=\"https:\/\/www.prijedordanas.com\/wp-content\/uploads\/2026\/03\/kozarski-prve-u-umjetnosti-5-300x169.jpg 300w, https:\/\/www.prijedordanas.com\/wp-content\/uploads\/2026\/03\/kozarski-prve-u-umjetnosti-5.jpg 600w\" sizes=\"(max-width: 300px) 100vw, 300px\" \/><\/a> <a href=\"https:\/\/www.prijedordanas.com\/wp-content\/uploads\/2026\/03\/kozarski-prve-u-umjetnosti-6.jpg\"><img loading=\"lazy\" decoding=\"async\" src=\"https:\/\/www.prijedordanas.com\/wp-content\/uploads\/2026\/03\/kozarski-prve-u-umjetnosti-6-300x169.jpg\" alt=\"\" width=\"300\" height=\"169\" class=\"alignleft size-medium wp-image-264429\" srcset=\"https:\/\/www.prijedordanas.com\/wp-content\/uploads\/2026\/03\/kozarski-prve-u-umjetnosti-6-300x169.jpg 300w, https:\/\/www.prijedordanas.com\/wp-content\/uploads\/2026\/03\/kozarski-prve-u-umjetnosti-6.jpg 600w\" sizes=\"(max-width: 300px) 100vw, 300px\" \/><\/a><\/p>\n<p><iframe loading=\"lazy\" title=\"OMA\u017d PRVIM \u017dENAMA UMJETNICAMA\" width=\"500\" height=\"281\" src=\"https:\/\/www.youtube.com\/embed\/Vu5gf2jTPI4?feature=oembed\" frameborder=\"0\" allow=\"accelerometer; autoplay; clipboard-write; encrypted-media; gyroscope; picture-in-picture; web-share\" referrerpolicy=\"strict-origin-when-cross-origin\" allowfullscreen><\/iframe><\/p>\n","protected":false},"excerpt":{"rendered":"<p>Udru\u017eenje \u201c\u017dene u umjetnosti\u201d priredilo je program povodom Osmog marta pod nazivom \u201cPrve u umjetnosti\u201d. Program je oma\u017e prvim \u017eenama umjetnicama na na\u0161im prostorima. Neke od njih su Staka Skenderova, [&hellip;]<\/p>\n","protected":false},"author":1,"featured_media":0,"comment_status":"closed","ping_status":"open","sticky":false,"template":"","format":"standard","meta":{"_monsterinsights_skip_tracking":false,"_monsterinsights_sitenote_active":false,"_monsterinsights_sitenote_note":"","_monsterinsights_sitenote_category":0,"footnotes":""},"categories":[6],"tags":[],"yoast_head":"<!-- This site is optimized with the Yoast SEO plugin v21.6 - https:\/\/yoast.com\/wordpress\/plugins\/seo\/ -->\n<title>Oma\u017e prvim \u017eenama umjetnicama - FOTO\/VIDEO - PrijedorDanas.com - Prijedorski gradski portal<\/title>\n<meta name=\"robots\" content=\"index, follow, max-snippet:-1, max-image-preview:large, max-video-preview:-1\" \/>\n<link rel=\"canonical\" href=\"https:\/\/www.prijedordanas.com\/?p=264423\" \/>\n<meta property=\"og:locale\" content=\"en_US\" \/>\n<meta property=\"og:type\" content=\"article\" \/>\n<meta property=\"og:title\" content=\"Oma\u017e prvim \u017eenama umjetnicama - FOTO\/VIDEO - PrijedorDanas.com - Prijedorski gradski portal\" \/>\n<meta property=\"og:description\" content=\"Udru\u017eenje \u201c\u017dene u umjetnosti\u201d priredilo je program povodom Osmog marta pod nazivom \u201cPrve u umjetnosti\u201d. Program je oma\u017e prvim \u017eenama umjetnicama na na\u0161im prostorima. Neke od njih su Staka Skenderova, [&hellip;]\" \/>\n<meta property=\"og:url\" content=\"https:\/\/www.prijedordanas.com\/?p=264423\" \/>\n<meta property=\"og:site_name\" content=\"PrijedorDanas.com - Prijedorski gradski portal\" \/>\n<meta property=\"article:publisher\" content=\"https:\/\/www.facebook.com\/PrijedorDanasCom\/\" \/>\n<meta property=\"article:published_time\" content=\"2026-03-08T21:43:15+00:00\" \/>\n<meta property=\"og:image\" content=\"https:\/\/www.prijedordanas.com\/wp-content\/uploads\/2026\/03\/kozarski-prve-u-umjetnosti-1-300x225.jpg\" \/>\n<meta name=\"author\" content=\"admin\" \/>\n<meta name=\"twitter:card\" content=\"summary_large_image\" \/>\n<meta name=\"twitter:label1\" content=\"Written by\" \/>\n\t<meta name=\"twitter:data1\" content=\"admin\" \/>\n\t<meta name=\"twitter:label2\" content=\"Est. reading time\" \/>\n\t<meta name=\"twitter:data2\" content=\"2 minutes\" \/>\n<script type=\"application\/ld+json\" class=\"yoast-schema-graph\">{\"@context\":\"https:\/\/schema.org\",\"@graph\":[{\"@type\":\"Article\",\"@id\":\"https:\/\/www.prijedordanas.com\/?p=264423#article\",\"isPartOf\":{\"@id\":\"https:\/\/www.prijedordanas.com\/?p=264423\"},\"author\":{\"name\":\"admin\",\"@id\":\"https:\/\/www.prijedordanas.com\/#\/schema\/person\/4e08ccf29b506ca916ff86d46bb700e6\"},\"headline\":\"Oma\u017e prvim \u017eenama umjetnicama &#8211; FOTO\/VIDEO\",\"datePublished\":\"2026-03-08T21:43:15+00:00\",\"dateModified\":\"2026-03-08T21:43:15+00:00\",\"mainEntityOfPage\":{\"@id\":\"https:\/\/www.prijedordanas.com\/?p=264423\"},\"wordCount\":377,\"publisher\":{\"@id\":\"https:\/\/www.prijedordanas.com\/#organization\"},\"articleSection\":[\"Kultura\"],\"inLanguage\":\"en-US\"},{\"@type\":\"WebPage\",\"@id\":\"https:\/\/www.prijedordanas.com\/?p=264423\",\"url\":\"https:\/\/www.prijedordanas.com\/?p=264423\",\"name\":\"Oma\u017e prvim \u017eenama umjetnicama - FOTO\/VIDEO - PrijedorDanas.com - Prijedorski gradski portal\",\"isPartOf\":{\"@id\":\"https:\/\/www.prijedordanas.com\/#website\"},\"datePublished\":\"2026-03-08T21:43:15+00:00\",\"dateModified\":\"2026-03-08T21:43:15+00:00\",\"breadcrumb\":{\"@id\":\"https:\/\/www.prijedordanas.com\/?p=264423#breadcrumb\"},\"inLanguage\":\"en-US\",\"potentialAction\":[{\"@type\":\"ReadAction\",\"target\":[\"https:\/\/www.prijedordanas.com\/?p=264423\"]}]},{\"@type\":\"BreadcrumbList\",\"@id\":\"https:\/\/www.prijedordanas.com\/?p=264423#breadcrumb\",\"itemListElement\":[{\"@type\":\"ListItem\",\"position\":1,\"name\":\"Home\",\"item\":\"https:\/\/www.prijedordanas.com\/\"},{\"@type\":\"ListItem\",\"position\":2,\"name\":\"Oma\u017e prvim \u017eenama umjetnicama &#8211; FOTO\/VIDEO\"}]},{\"@type\":\"WebSite\",\"@id\":\"https:\/\/www.prijedordanas.com\/#website\",\"url\":\"https:\/\/www.prijedordanas.com\/\",\"name\":\"PrijedorDanas.com - Prijedorski gradski portal\",\"description\":\"Portal o doga\u0111anjima u gradu Prijedoru\",\"publisher\":{\"@id\":\"https:\/\/www.prijedordanas.com\/#organization\"},\"potentialAction\":[{\"@type\":\"SearchAction\",\"target\":{\"@type\":\"EntryPoint\",\"urlTemplate\":\"https:\/\/www.prijedordanas.com\/?s={search_term_string}\"},\"query-input\":\"required name=search_term_string\"}],\"inLanguage\":\"en-US\"},{\"@type\":\"Organization\",\"@id\":\"https:\/\/www.prijedordanas.com\/#organization\",\"name\":\"PrijedorDanas.com\",\"url\":\"https:\/\/www.prijedordanas.com\/\",\"logo\":{\"@type\":\"ImageObject\",\"inLanguage\":\"en-US\",\"@id\":\"https:\/\/www.prijedordanas.com\/#\/schema\/logo\/image\/\",\"url\":\"http:\/\/www.prijedordanas.com\/wp-content\/uploads\/2021\/12\/logopng.png\",\"contentUrl\":\"http:\/\/www.prijedordanas.com\/wp-content\/uploads\/2021\/12\/logopng.png\",\"width\":1019,\"height\":776,\"caption\":\"PrijedorDanas.com\"},\"image\":{\"@id\":\"https:\/\/www.prijedordanas.com\/#\/schema\/logo\/image\/\"},\"sameAs\":[\"https:\/\/www.facebook.com\/PrijedorDanasCom\/\"]},{\"@type\":\"Person\",\"@id\":\"https:\/\/www.prijedordanas.com\/#\/schema\/person\/4e08ccf29b506ca916ff86d46bb700e6\",\"name\":\"admin\",\"image\":{\"@type\":\"ImageObject\",\"inLanguage\":\"en-US\",\"@id\":\"https:\/\/www.prijedordanas.com\/#\/schema\/person\/image\/\",\"url\":\"https:\/\/secure.gravatar.com\/avatar\/1d3fc949d550f0b53a5f0d51e06dfd79?s=96&d=mm&r=g\",\"contentUrl\":\"https:\/\/secure.gravatar.com\/avatar\/1d3fc949d550f0b53a5f0d51e06dfd79?s=96&d=mm&r=g\",\"caption\":\"admin\"},\"url\":\"https:\/\/www.prijedordanas.com\/?author=1\"}]}<\/script>\n<!-- \/ Yoast SEO plugin. -->","yoast_head_json":{"title":"Oma\u017e prvim \u017eenama umjetnicama - FOTO\/VIDEO - PrijedorDanas.com - Prijedorski gradski portal","robots":{"index":"index","follow":"follow","max-snippet":"max-snippet:-1","max-image-preview":"max-image-preview:large","max-video-preview":"max-video-preview:-1"},"canonical":"https:\/\/www.prijedordanas.com\/?p=264423","og_locale":"en_US","og_type":"article","og_title":"Oma\u017e prvim \u017eenama umjetnicama - FOTO\/VIDEO - PrijedorDanas.com - Prijedorski gradski portal","og_description":"Udru\u017eenje \u201c\u017dene u umjetnosti\u201d priredilo je program povodom Osmog marta pod nazivom \u201cPrve u umjetnosti\u201d. Program je oma\u017e prvim \u017eenama umjetnicama na na\u0161im prostorima. Neke od njih su Staka Skenderova, [&hellip;]","og_url":"https:\/\/www.prijedordanas.com\/?p=264423","og_site_name":"PrijedorDanas.com - Prijedorski gradski portal","article_publisher":"https:\/\/www.facebook.com\/PrijedorDanasCom\/","article_published_time":"2026-03-08T21:43:15+00:00","og_image":[{"url":"https:\/\/www.prijedordanas.com\/wp-content\/uploads\/2026\/03\/kozarski-prve-u-umjetnosti-1-300x225.jpg"}],"author":"admin","twitter_card":"summary_large_image","twitter_misc":{"Written by":"admin","Est. reading time":"2 minutes"},"schema":{"@context":"https:\/\/schema.org","@graph":[{"@type":"Article","@id":"https:\/\/www.prijedordanas.com\/?p=264423#article","isPartOf":{"@id":"https:\/\/www.prijedordanas.com\/?p=264423"},"author":{"name":"admin","@id":"https:\/\/www.prijedordanas.com\/#\/schema\/person\/4e08ccf29b506ca916ff86d46bb700e6"},"headline":"Oma\u017e prvim \u017eenama umjetnicama &#8211; FOTO\/VIDEO","datePublished":"2026-03-08T21:43:15+00:00","dateModified":"2026-03-08T21:43:15+00:00","mainEntityOfPage":{"@id":"https:\/\/www.prijedordanas.com\/?p=264423"},"wordCount":377,"publisher":{"@id":"https:\/\/www.prijedordanas.com\/#organization"},"articleSection":["Kultura"],"inLanguage":"en-US"},{"@type":"WebPage","@id":"https:\/\/www.prijedordanas.com\/?p=264423","url":"https:\/\/www.prijedordanas.com\/?p=264423","name":"Oma\u017e prvim \u017eenama umjetnicama - FOTO\/VIDEO - PrijedorDanas.com - Prijedorski gradski portal","isPartOf":{"@id":"https:\/\/www.prijedordanas.com\/#website"},"datePublished":"2026-03-08T21:43:15+00:00","dateModified":"2026-03-08T21:43:15+00:00","breadcrumb":{"@id":"https:\/\/www.prijedordanas.com\/?p=264423#breadcrumb"},"inLanguage":"en-US","potentialAction":[{"@type":"ReadAction","target":["https:\/\/www.prijedordanas.com\/?p=264423"]}]},{"@type":"BreadcrumbList","@id":"https:\/\/www.prijedordanas.com\/?p=264423#breadcrumb","itemListElement":[{"@type":"ListItem","position":1,"name":"Home","item":"https:\/\/www.prijedordanas.com\/"},{"@type":"ListItem","position":2,"name":"Oma\u017e prvim \u017eenama umjetnicama &#8211; FOTO\/VIDEO"}]},{"@type":"WebSite","@id":"https:\/\/www.prijedordanas.com\/#website","url":"https:\/\/www.prijedordanas.com\/","name":"PrijedorDanas.com - Prijedorski gradski portal","description":"Portal o doga\u0111anjima u gradu Prijedoru","publisher":{"@id":"https:\/\/www.prijedordanas.com\/#organization"},"potentialAction":[{"@type":"SearchAction","target":{"@type":"EntryPoint","urlTemplate":"https:\/\/www.prijedordanas.com\/?s={search_term_string}"},"query-input":"required name=search_term_string"}],"inLanguage":"en-US"},{"@type":"Organization","@id":"https:\/\/www.prijedordanas.com\/#organization","name":"PrijedorDanas.com","url":"https:\/\/www.prijedordanas.com\/","logo":{"@type":"ImageObject","inLanguage":"en-US","@id":"https:\/\/www.prijedordanas.com\/#\/schema\/logo\/image\/","url":"http:\/\/www.prijedordanas.com\/wp-content\/uploads\/2021\/12\/logopng.png","contentUrl":"http:\/\/www.prijedordanas.com\/wp-content\/uploads\/2021\/12\/logopng.png","width":1019,"height":776,"caption":"PrijedorDanas.com"},"image":{"@id":"https:\/\/www.prijedordanas.com\/#\/schema\/logo\/image\/"},"sameAs":["https:\/\/www.facebook.com\/PrijedorDanasCom\/"]},{"@type":"Person","@id":"https:\/\/www.prijedordanas.com\/#\/schema\/person\/4e08ccf29b506ca916ff86d46bb700e6","name":"admin","image":{"@type":"ImageObject","inLanguage":"en-US","@id":"https:\/\/www.prijedordanas.com\/#\/schema\/person\/image\/","url":"https:\/\/secure.gravatar.com\/avatar\/1d3fc949d550f0b53a5f0d51e06dfd79?s=96&d=mm&r=g","contentUrl":"https:\/\/secure.gravatar.com\/avatar\/1d3fc949d550f0b53a5f0d51e06dfd79?s=96&d=mm&r=g","caption":"admin"},"url":"https:\/\/www.prijedordanas.com\/?author=1"}]}},"_links":{"self":[{"href":"https:\/\/www.prijedordanas.com\/index.php?rest_route=\/wp\/v2\/posts\/264423"}],"collection":[{"href":"https:\/\/www.prijedordanas.com\/index.php?rest_route=\/wp\/v2\/posts"}],"about":[{"href":"https:\/\/www.prijedordanas.com\/index.php?rest_route=\/wp\/v2\/types\/post"}],"author":[{"embeddable":true,"href":"https:\/\/www.prijedordanas.com\/index.php?rest_route=\/wp\/v2\/users\/1"}],"replies":[{"embeddable":true,"href":"https:\/\/www.prijedordanas.com\/index.php?rest_route=%2Fwp%2Fv2%2Fcomments&post=264423"}],"version-history":[{"count":1,"href":"https:\/\/www.prijedordanas.com\/index.php?rest_route=\/wp\/v2\/posts\/264423\/revisions"}],"predecessor-version":[{"id":264430,"href":"https:\/\/www.prijedordanas.com\/index.php?rest_route=\/wp\/v2\/posts\/264423\/revisions\/264430"}],"wp:attachment":[{"href":"https:\/\/www.prijedordanas.com\/index.php?rest_route=%2Fwp%2Fv2%2Fmedia&parent=264423"}],"wp:term":[{"taxonomy":"category","embeddable":true,"href":"https:\/\/www.prijedordanas.com\/index.php?rest_route=%2Fwp%2Fv2%2Fcategories&post=264423"},{"taxonomy":"post_tag","embeddable":true,"href":"https:\/\/www.prijedordanas.com\/index.php?rest_route=%2Fwp%2Fv2%2Ftags&post=264423"}],"curies":[{"name":"wp","href":"https:\/\/api.w.org\/{rel}","templated":true}]}}