{"id":264402,"date":"2026-03-08T12:04:17","date_gmt":"2026-03-08T11:04:17","guid":{"rendered":"https:\/\/www.prijedordanas.com\/?p=264402"},"modified":"2026-03-18T17:24:56","modified_gmt":"2026-03-18T16:24:56","slug":"bozica-i-mirko-marin-iz-prijedora-60-godina-ljubavi-i-postovanja-foto","status":"publish","type":"post","link":"https:\/\/www.prijedordanas.com\/?p=264402","title":{"rendered":"Bo\u017eica i Mirko Marin iz Prijedora: 60 godina ljubavi i po\u0161tovanja &#8211; FOTO\/VIDEO"},"content":{"rendered":"<p><a href=\"https:\/\/www.prijedordanas.com\/wp-content\/uploads\/2026\/03\/kozarski-bozica-i-mirko-marin-1.jpg\"><img loading=\"lazy\" decoding=\"async\" class=\"alignleft size-medium wp-image-264403\" src=\"https:\/\/www.prijedordanas.com\/wp-content\/uploads\/2026\/03\/kozarski-bozica-i-mirko-marin-1-300x225.jpg\" alt=\"\" width=\"300\" height=\"225\" srcset=\"https:\/\/www.prijedordanas.com\/wp-content\/uploads\/2026\/03\/kozarski-bozica-i-mirko-marin-1-300x225.jpg 300w, https:\/\/www.prijedordanas.com\/wp-content\/uploads\/2026\/03\/kozarski-bozica-i-mirko-marin-1-640x480.jpg 640w, https:\/\/www.prijedordanas.com\/wp-content\/uploads\/2026\/03\/kozarski-bozica-i-mirko-marin-1.jpg 667w\" sizes=\"(max-width: 300px) 100vw, 300px\" \/><\/a>Bo\u017eica i Mirko Marin iz Prijedora slave \u0161est decenija zajedni\u0161tva, l\u0458ubavi i predanog rada. N\u0458ihova l\u0458ubavna pri\u010da zapo\u010dela je susretom u nekada\u0161njem kinu \u201cMrakovica\u201d.<\/p>\n<p>Nakon projekcije, Mirko je pratio Bo\u017eicu do stana, i kako s osmijehom ka\u017eu, od tog trenutka vi\u0161e se nisu razdvajali.<\/p>\n<p>\u201cPratio sam je od kina i prije nego \u0161to je u\u0161la u soliter u kojem je \u017eivjela rekao sam joj da stane. Stade ona. Ma, jedva je \u010dekala sa stane \/smijeh\/. Tako je po\u010dela na\u0161a pri\u010da. Zabavl\u0458ali smo se oko tri mjeseca i vjen\u010dali 20. marta 1964. godine. Bila je to l\u0458ubav na prvi pogled\u201d, pri\u010da nam Mirko.<\/p>\n<p>\u201cVidjela sam ja njega i prije kina, idu\u0107i na posao u Osnovnu \u0161kolu \u201cDr Mladen Stojanovi\u0107\u201d, ugledala sam ga na \u010dasu fizi\u010dkog, predavao je fizi\u010dko vaspitanje u Osnovnoj \u0161koli \u201cMira Cikota\u201d. I tako sam ga odmjeravala danima idu\u0107i tim pravcem\u201d, priznaje Bo\u017eica.<\/p>\n<p><a href=\"https:\/\/www.prijedordanas.com\/wp-content\/uploads\/2026\/03\/kozarski-bozica-i-mirko-marin-2.jpg\"><img loading=\"lazy\" decoding=\"async\" class=\"alignleft size-medium wp-image-264404\" src=\"https:\/\/www.prijedordanas.com\/wp-content\/uploads\/2026\/03\/kozarski-bozica-i-mirko-marin-2-229x300.jpg\" alt=\"\" width=\"229\" height=\"300\" srcset=\"https:\/\/www.prijedordanas.com\/wp-content\/uploads\/2026\/03\/kozarski-bozica-i-mirko-marin-2-229x300.jpg 229w, https:\/\/www.prijedordanas.com\/wp-content\/uploads\/2026\/03\/kozarski-bozica-i-mirko-marin-2.jpg 457w\" sizes=\"(max-width: 229px) 100vw, 229px\" \/><\/a>I od tada do danas, ruku pod ruku, zajedno. U braku su dobili sina Branka i k\u0107erku Bil\u0458anu, ponosni su baka i djed \u010detvoro unu\u010dadi.<\/p>\n<p>Cijeli radni vijek proveli su u prosvjeti, Mirko kao nastavnik fizi\u010dkog, a Bo\u017eica muzi\u010dkog vaspitanja.<\/p>\n<p>\u201cMnogo nam je to zna\u010dilo. Oboje smo imali do pet \u010dasova najvi\u0161e, kra\u0107e radno vrijeme i vi\u0161e vremena za na\u0161u djecu. Moja majka je \u017eivjela sa nama 20 godina i vodila je brigu o djeci kada smo radili. Ali smo uz takvo radno vrijeme stizali da zavr\u0161imo mnogo obaveza koje smo imali\u201d, govori Mirko.<\/p>\n<p>Kada su gradili dom i podizali djecu, tada su ka\u017eu, shvatili da su po\u0161tovanje i povjerenje najva\u017eniji temel\u0458i svakog braka. Danas, nakon \u0161est decenija, s ponosom gledaju na sve \u0161to su izgradili. N\u0458ihov dom i dal\u0458e odi\u0161e toplinom, a osmijeh koji razmijene govori vi\u0161e od hil\u0458adu rije\u010di.<\/p>\n<p>\u201cSloga i povjerenje, to je bitno. Recimo, ja sam sa svojim kolegama u \u0161koli i\u0161la na drugarske ve\u010deri, tako su se nekad zvale. Pa svekrva ka\u017ee mom mu\u017eu ho\u0107e\u0161 li ti i\u0107i po tu \u017eenu, a on njoj ka\u017ee, pa kako je oti\u0161la tako i neka do\u0111e. Ho\u0107u re\u0107i da su povjerenje i po\u0161tovanje u braku vrlo bitni\u201d, ka\u017ee Bo\u017eica.<\/p>\n<p><a href=\"https:\/\/www.prijedordanas.com\/wp-content\/uploads\/2026\/03\/kozarski-bozica-i-mirko-marin-3.jpg\"><img loading=\"lazy\" decoding=\"async\" src=\"https:\/\/www.prijedordanas.com\/wp-content\/uploads\/2026\/03\/kozarski-bozica-i-mirko-marin-3-300x225.jpg\" alt=\"\" width=\"300\" height=\"225\" class=\"alignleft size-medium wp-image-264405\" srcset=\"https:\/\/www.prijedordanas.com\/wp-content\/uploads\/2026\/03\/kozarski-bozica-i-mirko-marin-3-300x225.jpg 300w, https:\/\/www.prijedordanas.com\/wp-content\/uploads\/2026\/03\/kozarski-bozica-i-mirko-marin-3.jpg 600w\" sizes=\"(max-width: 300px) 100vw, 300px\" \/><\/a>\u201cBo\u017eica je bila dobra prema mojoj majci. Ispri\u010da\u0107u vam, moj brat do\u0111e iz Beograda i ona skuha sarmu. Vadi sarmu i jednu zavezala koncem. Kad je pitao \u0161to to, ona ka\u017ee nisam stavila masti, jer majka ima problema sa \u017eelucem, pa da joj ne na\u0161kodi. Toliko je vodila ra\u010duna o svima, pa i o mojoj majci\u201d, prisje\u0107a je Mirko.<\/p>\n<p>I to je samo primjer iz njihovog \u017eivota, koji pokazuje da kada postoje razumijevanje i po\u0161tovanje, sve prepreke postaju lak\u0161e, a zajedni\u010dki put traje cijeli \u017eivot.<\/p>\n<p>Pri\u010da bra\u010dnog para Marin svjedo\u010di da prava l\u0458ubav nije u velikim rije\u010dima, ve\u0107 u podr\u0161ci, strpl\u0458enju i zajedni\u010dkom radu.<\/p>\n<p><a href=\"https:\/\/kozarski.com\/bozica-i-mirko-marin-60-godina-ljubavi-i-postovanja\/\" target=\"_blank\" rel=\"noopener\">kozarski.com<\/a><\/p>\n<p><a href=\"https:\/\/www.prijedordanas.com\/wp-content\/uploads\/2026\/03\/kozarski-bozica-i-mirko-marin-4.jpg\"><img loading=\"lazy\" decoding=\"async\" src=\"https:\/\/www.prijedordanas.com\/wp-content\/uploads\/2026\/03\/kozarski-bozica-i-mirko-marin-4-300x168.jpg\" alt=\"\" width=\"300\" height=\"168\" class=\"alignleft size-medium wp-image-264406\" srcset=\"https:\/\/www.prijedordanas.com\/wp-content\/uploads\/2026\/03\/kozarski-bozica-i-mirko-marin-4-300x168.jpg 300w, https:\/\/www.prijedordanas.com\/wp-content\/uploads\/2026\/03\/kozarski-bozica-i-mirko-marin-4.jpg 600w\" sizes=\"(max-width: 300px) 100vw, 300px\" \/><\/a><\/p>\n<p><iframe loading=\"lazy\" title=\"BO\u017dICA I MIRKO MARIN: 60 GODINA LJUBAVI I PO\u0160TOVANJA\" width=\"500\" height=\"281\" src=\"https:\/\/www.youtube.com\/embed\/lSLuQBxs_c8?feature=oembed\" frameborder=\"0\" allow=\"accelerometer; autoplay; clipboard-write; encrypted-media; gyroscope; picture-in-picture; web-share\" referrerpolicy=\"strict-origin-when-cross-origin\" allowfullscreen><\/iframe><\/p>\n","protected":false},"excerpt":{"rendered":"<p>Bo\u017eica i Mirko Marin iz Prijedora slave \u0161est decenija zajedni\u0161tva, l\u0458ubavi i predanog rada. N\u0458ihova l\u0458ubavna pri\u010da zapo\u010dela je susretom u nekada\u0161njem kinu \u201cMrakovica\u201d. Nakon projekcije, Mirko je pratio Bo\u017eicu [&hellip;]<\/p>\n","protected":false},"author":1,"featured_media":0,"comment_status":"closed","ping_status":"open","sticky":false,"template":"","format":"standard","meta":{"_monsterinsights_skip_tracking":false,"_monsterinsights_sitenote_active":false,"_monsterinsights_sitenote_note":"","_monsterinsights_sitenote_category":0,"footnotes":""},"categories":[3],"tags":[],"yoast_head":"<!-- This site is optimized with the Yoast SEO plugin v21.6 - https:\/\/yoast.com\/wordpress\/plugins\/seo\/ -->\n<title>Bo\u017eica i Mirko Marin iz Prijedora: 60 godina ljubavi i po\u0161tovanja - FOTO\/VIDEO - PrijedorDanas.com - Prijedorski gradski portal<\/title>\n<meta name=\"robots\" content=\"index, follow, max-snippet:-1, max-image-preview:large, max-video-preview:-1\" \/>\n<link rel=\"canonical\" href=\"https:\/\/www.prijedordanas.com\/?p=264402\" \/>\n<meta property=\"og:locale\" content=\"en_US\" \/>\n<meta property=\"og:type\" content=\"article\" \/>\n<meta property=\"og:title\" content=\"Bo\u017eica i Mirko Marin iz Prijedora: 60 godina ljubavi i po\u0161tovanja - FOTO\/VIDEO - PrijedorDanas.com - Prijedorski gradski portal\" \/>\n<meta property=\"og:description\" content=\"Bo\u017eica i Mirko Marin iz Prijedora slave \u0161est decenija zajedni\u0161tva, l\u0458ubavi i predanog rada. N\u0458ihova l\u0458ubavna pri\u010da zapo\u010dela je susretom u nekada\u0161njem kinu \u201cMrakovica\u201d. Nakon projekcije, Mirko je pratio Bo\u017eicu [&hellip;]\" \/>\n<meta property=\"og:url\" content=\"https:\/\/www.prijedordanas.com\/?p=264402\" \/>\n<meta property=\"og:site_name\" content=\"PrijedorDanas.com - Prijedorski gradski portal\" \/>\n<meta property=\"article:publisher\" content=\"https:\/\/www.facebook.com\/PrijedorDanasCom\/\" \/>\n<meta property=\"article:published_time\" content=\"2026-03-08T11:04:17+00:00\" \/>\n<meta property=\"article:modified_time\" content=\"2026-03-18T16:24:56+00:00\" \/>\n<meta property=\"og:image\" content=\"https:\/\/www.prijedordanas.com\/wp-content\/uploads\/2026\/03\/kozarski-bozica-i-mirko-marin-1-300x225.jpg\" \/>\n<meta name=\"author\" content=\"admin\" \/>\n<meta name=\"twitter:card\" content=\"summary_large_image\" \/>\n<meta name=\"twitter:label1\" content=\"Written by\" \/>\n\t<meta name=\"twitter:data1\" content=\"admin\" \/>\n\t<meta name=\"twitter:label2\" content=\"Est. reading time\" \/>\n\t<meta name=\"twitter:data2\" content=\"3 minutes\" \/>\n<script type=\"application\/ld+json\" class=\"yoast-schema-graph\">{\"@context\":\"https:\/\/schema.org\",\"@graph\":[{\"@type\":\"Article\",\"@id\":\"https:\/\/www.prijedordanas.com\/?p=264402#article\",\"isPartOf\":{\"@id\":\"https:\/\/www.prijedordanas.com\/?p=264402\"},\"author\":{\"name\":\"admin\",\"@id\":\"https:\/\/www.prijedordanas.com\/#\/schema\/person\/4e08ccf29b506ca916ff86d46bb700e6\"},\"headline\":\"Bo\u017eica i Mirko Marin iz Prijedora: 60 godina ljubavi i po\u0161tovanja &#8211; FOTO\/VIDEO\",\"datePublished\":\"2026-03-08T11:04:17+00:00\",\"dateModified\":\"2026-03-18T16:24:56+00:00\",\"mainEntityOfPage\":{\"@id\":\"https:\/\/www.prijedordanas.com\/?p=264402\"},\"wordCount\":552,\"publisher\":{\"@id\":\"https:\/\/www.prijedordanas.com\/#organization\"},\"articleSection\":[\"\u017divot\"],\"inLanguage\":\"en-US\"},{\"@type\":\"WebPage\",\"@id\":\"https:\/\/www.prijedordanas.com\/?p=264402\",\"url\":\"https:\/\/www.prijedordanas.com\/?p=264402\",\"name\":\"Bo\u017eica i Mirko Marin iz Prijedora: 60 godina ljubavi i po\u0161tovanja - FOTO\/VIDEO - PrijedorDanas.com - Prijedorski gradski portal\",\"isPartOf\":{\"@id\":\"https:\/\/www.prijedordanas.com\/#website\"},\"datePublished\":\"2026-03-08T11:04:17+00:00\",\"dateModified\":\"2026-03-18T16:24:56+00:00\",\"breadcrumb\":{\"@id\":\"https:\/\/www.prijedordanas.com\/?p=264402#breadcrumb\"},\"inLanguage\":\"en-US\",\"potentialAction\":[{\"@type\":\"ReadAction\",\"target\":[\"https:\/\/www.prijedordanas.com\/?p=264402\"]}]},{\"@type\":\"BreadcrumbList\",\"@id\":\"https:\/\/www.prijedordanas.com\/?p=264402#breadcrumb\",\"itemListElement\":[{\"@type\":\"ListItem\",\"position\":1,\"name\":\"Home\",\"item\":\"https:\/\/www.prijedordanas.com\/\"},{\"@type\":\"ListItem\",\"position\":2,\"name\":\"Bo\u017eica i Mirko Marin iz Prijedora: 60 godina ljubavi i po\u0161tovanja &#8211; FOTO\/VIDEO\"}]},{\"@type\":\"WebSite\",\"@id\":\"https:\/\/www.prijedordanas.com\/#website\",\"url\":\"https:\/\/www.prijedordanas.com\/\",\"name\":\"PrijedorDanas.com - Prijedorski gradski portal\",\"description\":\"Portal o doga\u0111anjima u gradu Prijedoru\",\"publisher\":{\"@id\":\"https:\/\/www.prijedordanas.com\/#organization\"},\"potentialAction\":[{\"@type\":\"SearchAction\",\"target\":{\"@type\":\"EntryPoint\",\"urlTemplate\":\"https:\/\/www.prijedordanas.com\/?s={search_term_string}\"},\"query-input\":\"required name=search_term_string\"}],\"inLanguage\":\"en-US\"},{\"@type\":\"Organization\",\"@id\":\"https:\/\/www.prijedordanas.com\/#organization\",\"name\":\"PrijedorDanas.com\",\"url\":\"https:\/\/www.prijedordanas.com\/\",\"logo\":{\"@type\":\"ImageObject\",\"inLanguage\":\"en-US\",\"@id\":\"https:\/\/www.prijedordanas.com\/#\/schema\/logo\/image\/\",\"url\":\"http:\/\/www.prijedordanas.com\/wp-content\/uploads\/2021\/12\/logopng.png\",\"contentUrl\":\"http:\/\/www.prijedordanas.com\/wp-content\/uploads\/2021\/12\/logopng.png\",\"width\":1019,\"height\":776,\"caption\":\"PrijedorDanas.com\"},\"image\":{\"@id\":\"https:\/\/www.prijedordanas.com\/#\/schema\/logo\/image\/\"},\"sameAs\":[\"https:\/\/www.facebook.com\/PrijedorDanasCom\/\"]},{\"@type\":\"Person\",\"@id\":\"https:\/\/www.prijedordanas.com\/#\/schema\/person\/4e08ccf29b506ca916ff86d46bb700e6\",\"name\":\"admin\",\"image\":{\"@type\":\"ImageObject\",\"inLanguage\":\"en-US\",\"@id\":\"https:\/\/www.prijedordanas.com\/#\/schema\/person\/image\/\",\"url\":\"https:\/\/secure.gravatar.com\/avatar\/1d3fc949d550f0b53a5f0d51e06dfd79?s=96&d=mm&r=g\",\"contentUrl\":\"https:\/\/secure.gravatar.com\/avatar\/1d3fc949d550f0b53a5f0d51e06dfd79?s=96&d=mm&r=g\",\"caption\":\"admin\"},\"url\":\"https:\/\/www.prijedordanas.com\/?author=1\"}]}<\/script>\n<!-- \/ Yoast SEO plugin. -->","yoast_head_json":{"title":"Bo\u017eica i Mirko Marin iz Prijedora: 60 godina ljubavi i po\u0161tovanja - FOTO\/VIDEO - PrijedorDanas.com - Prijedorski gradski portal","robots":{"index":"index","follow":"follow","max-snippet":"max-snippet:-1","max-image-preview":"max-image-preview:large","max-video-preview":"max-video-preview:-1"},"canonical":"https:\/\/www.prijedordanas.com\/?p=264402","og_locale":"en_US","og_type":"article","og_title":"Bo\u017eica i Mirko Marin iz Prijedora: 60 godina ljubavi i po\u0161tovanja - FOTO\/VIDEO - PrijedorDanas.com - Prijedorski gradski portal","og_description":"Bo\u017eica i Mirko Marin iz Prijedora slave \u0161est decenija zajedni\u0161tva, l\u0458ubavi i predanog rada. N\u0458ihova l\u0458ubavna pri\u010da zapo\u010dela je susretom u nekada\u0161njem kinu \u201cMrakovica\u201d. Nakon projekcije, Mirko je pratio Bo\u017eicu [&hellip;]","og_url":"https:\/\/www.prijedordanas.com\/?p=264402","og_site_name":"PrijedorDanas.com - Prijedorski gradski portal","article_publisher":"https:\/\/www.facebook.com\/PrijedorDanasCom\/","article_published_time":"2026-03-08T11:04:17+00:00","article_modified_time":"2026-03-18T16:24:56+00:00","og_image":[{"url":"https:\/\/www.prijedordanas.com\/wp-content\/uploads\/2026\/03\/kozarski-bozica-i-mirko-marin-1-300x225.jpg"}],"author":"admin","twitter_card":"summary_large_image","twitter_misc":{"Written by":"admin","Est. reading time":"3 minutes"},"schema":{"@context":"https:\/\/schema.org","@graph":[{"@type":"Article","@id":"https:\/\/www.prijedordanas.com\/?p=264402#article","isPartOf":{"@id":"https:\/\/www.prijedordanas.com\/?p=264402"},"author":{"name":"admin","@id":"https:\/\/www.prijedordanas.com\/#\/schema\/person\/4e08ccf29b506ca916ff86d46bb700e6"},"headline":"Bo\u017eica i Mirko Marin iz Prijedora: 60 godina ljubavi i po\u0161tovanja &#8211; FOTO\/VIDEO","datePublished":"2026-03-08T11:04:17+00:00","dateModified":"2026-03-18T16:24:56+00:00","mainEntityOfPage":{"@id":"https:\/\/www.prijedordanas.com\/?p=264402"},"wordCount":552,"publisher":{"@id":"https:\/\/www.prijedordanas.com\/#organization"},"articleSection":["\u017divot"],"inLanguage":"en-US"},{"@type":"WebPage","@id":"https:\/\/www.prijedordanas.com\/?p=264402","url":"https:\/\/www.prijedordanas.com\/?p=264402","name":"Bo\u017eica i Mirko Marin iz Prijedora: 60 godina ljubavi i po\u0161tovanja - FOTO\/VIDEO - PrijedorDanas.com - Prijedorski gradski portal","isPartOf":{"@id":"https:\/\/www.prijedordanas.com\/#website"},"datePublished":"2026-03-08T11:04:17+00:00","dateModified":"2026-03-18T16:24:56+00:00","breadcrumb":{"@id":"https:\/\/www.prijedordanas.com\/?p=264402#breadcrumb"},"inLanguage":"en-US","potentialAction":[{"@type":"ReadAction","target":["https:\/\/www.prijedordanas.com\/?p=264402"]}]},{"@type":"BreadcrumbList","@id":"https:\/\/www.prijedordanas.com\/?p=264402#breadcrumb","itemListElement":[{"@type":"ListItem","position":1,"name":"Home","item":"https:\/\/www.prijedordanas.com\/"},{"@type":"ListItem","position":2,"name":"Bo\u017eica i Mirko Marin iz Prijedora: 60 godina ljubavi i po\u0161tovanja &#8211; FOTO\/VIDEO"}]},{"@type":"WebSite","@id":"https:\/\/www.prijedordanas.com\/#website","url":"https:\/\/www.prijedordanas.com\/","name":"PrijedorDanas.com - Prijedorski gradski portal","description":"Portal o doga\u0111anjima u gradu Prijedoru","publisher":{"@id":"https:\/\/www.prijedordanas.com\/#organization"},"potentialAction":[{"@type":"SearchAction","target":{"@type":"EntryPoint","urlTemplate":"https:\/\/www.prijedordanas.com\/?s={search_term_string}"},"query-input":"required name=search_term_string"}],"inLanguage":"en-US"},{"@type":"Organization","@id":"https:\/\/www.prijedordanas.com\/#organization","name":"PrijedorDanas.com","url":"https:\/\/www.prijedordanas.com\/","logo":{"@type":"ImageObject","inLanguage":"en-US","@id":"https:\/\/www.prijedordanas.com\/#\/schema\/logo\/image\/","url":"http:\/\/www.prijedordanas.com\/wp-content\/uploads\/2021\/12\/logopng.png","contentUrl":"http:\/\/www.prijedordanas.com\/wp-content\/uploads\/2021\/12\/logopng.png","width":1019,"height":776,"caption":"PrijedorDanas.com"},"image":{"@id":"https:\/\/www.prijedordanas.com\/#\/schema\/logo\/image\/"},"sameAs":["https:\/\/www.facebook.com\/PrijedorDanasCom\/"]},{"@type":"Person","@id":"https:\/\/www.prijedordanas.com\/#\/schema\/person\/4e08ccf29b506ca916ff86d46bb700e6","name":"admin","image":{"@type":"ImageObject","inLanguage":"en-US","@id":"https:\/\/www.prijedordanas.com\/#\/schema\/person\/image\/","url":"https:\/\/secure.gravatar.com\/avatar\/1d3fc949d550f0b53a5f0d51e06dfd79?s=96&d=mm&r=g","contentUrl":"https:\/\/secure.gravatar.com\/avatar\/1d3fc949d550f0b53a5f0d51e06dfd79?s=96&d=mm&r=g","caption":"admin"},"url":"https:\/\/www.prijedordanas.com\/?author=1"}]}},"_links":{"self":[{"href":"https:\/\/www.prijedordanas.com\/index.php?rest_route=\/wp\/v2\/posts\/264402"}],"collection":[{"href":"https:\/\/www.prijedordanas.com\/index.php?rest_route=\/wp\/v2\/posts"}],"about":[{"href":"https:\/\/www.prijedordanas.com\/index.php?rest_route=\/wp\/v2\/types\/post"}],"author":[{"embeddable":true,"href":"https:\/\/www.prijedordanas.com\/index.php?rest_route=\/wp\/v2\/users\/1"}],"replies":[{"embeddable":true,"href":"https:\/\/www.prijedordanas.com\/index.php?rest_route=%2Fwp%2Fv2%2Fcomments&post=264402"}],"version-history":[{"count":2,"href":"https:\/\/www.prijedordanas.com\/index.php?rest_route=\/wp\/v2\/posts\/264402\/revisions"}],"predecessor-version":[{"id":264996,"href":"https:\/\/www.prijedordanas.com\/index.php?rest_route=\/wp\/v2\/posts\/264402\/revisions\/264996"}],"wp:attachment":[{"href":"https:\/\/www.prijedordanas.com\/index.php?rest_route=%2Fwp%2Fv2%2Fmedia&parent=264402"}],"wp:term":[{"taxonomy":"category","embeddable":true,"href":"https:\/\/www.prijedordanas.com\/index.php?rest_route=%2Fwp%2Fv2%2Fcategories&post=264402"},{"taxonomy":"post_tag","embeddable":true,"href":"https:\/\/www.prijedordanas.com\/index.php?rest_route=%2Fwp%2Fv2%2Ftags&post=264402"}],"curies":[{"name":"wp","href":"https:\/\/api.w.org\/{rel}","templated":true}]}}