{"id":264342,"date":"2026-03-09T01:34:34","date_gmt":"2026-03-09T00:34:34","guid":{"rendered":"https:\/\/www.prijedordanas.com\/?p=264342"},"modified":"2026-03-09T01:34:34","modified_gmt":"2026-03-09T00:34:34","slug":"sudenje-dusku-zoricu-za-zlocin-u-zecovima-kod-prijedora-pocinje-iznova","status":"publish","type":"post","link":"https:\/\/www.prijedordanas.com\/?p=264342","title":{"rendered":"Su\u0111enje Du\u0161ku Zori\u0107u za zlo\u010din u Zecovima kod Prijedora po\u010dinje iznova"},"content":{"rendered":"<p><a href=\"https:\/\/www.prijedordanas.com\/wp-content\/uploads\/2026\/03\/detektor-sud-bih-2026-2.jpg\"><img loading=\"lazy\" decoding=\"async\" src=\"https:\/\/www.prijedordanas.com\/wp-content\/uploads\/2026\/03\/detektor-sud-bih-2026-2-300x225.jpg\" alt=\"\" width=\"300\" height=\"225\" class=\"alignleft size-medium wp-image-264343\" srcset=\"https:\/\/www.prijedordanas.com\/wp-content\/uploads\/2026\/03\/detektor-sud-bih-2026-2-300x225.jpg 300w, https:\/\/www.prijedordanas.com\/wp-content\/uploads\/2026\/03\/detektor-sud-bih-2026-2-640x480.jpg 640w, https:\/\/www.prijedordanas.com\/wp-content\/uploads\/2026\/03\/detektor-sud-bih-2026-2.jpg 667w\" sizes=\"(max-width: 300px) 100vw, 300px\" \/><\/a>Zbog protoka od preko 30 dana izme\u0111u dva ro\u010di\u0161ta, su\u0111enje Du\u0161ku Zori\u0107u za zlo\u010dine u selu Zecovi krenu\u0107e iznova, ali je Sudsko vije\u0107e donijelo odluku da se svi dokazi koji su izvedeni u ranijoj fazi ne\u0107e ponovo izvoditi, osim dodatnih dokaza Odbrane.<\/p>\n<p>\u0160aban Maksumi\u0107, predsjedavaju\u0107i Sudskog vije\u0107a, rekao je kako glavni pretres po\u010dinje iznova zbog protoka vremena i drugih problema koji su pratili ovaj predmet, napomenuv\u0161i kako je optu\u017eeni Zori\u0107, izme\u0111u ostalog, mijenjao branioca.<\/p>\n<p>Zori\u0107ev advokat Sini\u0161a Daki\u0107 je kazao da on ima primjedbe na sastav Sudskog vije\u0107a, na \u0161ta je Maksumi\u0107 rekao kako je Sud ve\u0107 odbio zahtjev optu\u017eenog za izuze\u0107e.<\/p>\n<p>Daki\u0107u je na pro\u0161lom glavnom ro\u010di\u0161tu dat rok da se upozna s dokazima.<\/p>\n<p>Tu\u017eilac Izet Odoba\u0161i\u0107 je kazao da ostaje kod predlo\u017eenih dokaza, dok je Daki\u0107 rekao da je njegov branjenik tra\u017eio da svjedoci i optu\u017eeni budu ponovo saslu\u0161ani zbog protoka vremena, \u201ckako bi se utvrdilo \u010dinjeni\u010dno stanje\u201d. Odoba\u0161i\u0107 je replicirao da je zahtjev neosnovan jer je Odbrana imala priliku sve svjedoke unakrsno ispitati i ponovo ih pozvati.<\/p>\n<p>Zori\u0107u je su\u0111enje po\u010delo 2015. godine u predmetu u kojem je bio optu\u017een s Miluni\u0107em i ostalima za u\u010de\u0161\u0107e u ubistvima najmanje 150 civila bo\u0161nja\u010dke nacionalnosti u Zecovima. Postupak protiv njega je razdvojen krajem 2022., nakon \u0161to je uhap\u0161en u Njema\u010dkoj zbog drugih krivi\u010dnih djela, a BiH je izru\u010den u januaru 2025. godine.<\/p>\n<p>Apelaciono vije\u0107e Suda BiH potvrdilo je prvostepenu presudu kojom su Miluni\u0107 i jo\u0161 \u010detiri osobe osu\u0111eni na ukupno 59 godina zatvora, a \u0161estorica oslobo\u0111ena optu\u017ebi za zlo\u010dine po\u010dinjene u julu 1992. u prijedorskom selu Zecovi.<\/p>\n<p>Nakon kra\u0107e pauze, Sudsko vije\u0107e je odbilo prijedlog Odbrane, uz obrazlo\u017eenje kako se nije ni\u0161ta promijenilo, niti je Odbrana ponudila argumente za ponovno izvo\u0111enje dokaza.<\/p>\n<p>\u201cSvi dokazi koji su izvedeni u predmetu \u2018Du\u0161an Miluni\u0107 i drugi\u2019 do 16. decembra 2022. godine, kada je u odnosu na optu\u017eenog Zori\u0107a razdvojen postupak, koristit \u0107e se u novom predmetu\u201d, konstatovao je Maksumi\u0107.<\/p>\n<p>Na upit sudije Maksumi\u0107a o dodatnim dokazima, Daki\u0107 je rekao da Odbrana planira saslu\u0161ati Ljubi\u0161u \u010ceti\u0107a, koji je na izdr\u017eavanju kazne zatvora. Zbog toga je od Sudskog vije\u0107a tra\u017eio odobrenje da ga posjeti po\u010detkom naredne sedmice, te da nakon njegove saglasnosti ro\u010di\u0161te bude zakazano.<\/p>\n<p>Ljubi\u0161a \u010ceti\u0107 je zbog zlo\u010dina u Zecovima osu\u0111en na pet godina zatvora.<\/p>\n<p>Daki\u0107 je tra\u017eio da bude saslu\u0161an i vje\u0161tak medicinske struke o stanju optu\u017eenog u vremenskom periodu kojim je on obuhva\u0107en optu\u017enicom, na \u0161ta se tu\u017eilac Odoba\u0161i\u0107 usprotivio, navode\u0107i kako za ovo nema validne medicinske dokumentacije. Sudsko vije\u0107e je ovaj prijedlog odbilo, ali su ostavili mogu\u0107nost Odbrani da, ukoliko do kraja su\u0111enja do\u0111u do dokumentacije, upute prijedlog Sudu.<\/p>\n<p>Odoba\u0161i\u0107 je kazao kako Tu\u017eila\u0161tvo ostaje kod mjere pritvora dok traje pretres, dok su iz Odbrane naveli da ne postoji opasnost od bjekstva, kao i da je optu\u017eeni ranije dolazio na ro\u010di\u0161ta dok nije uhap\u0161en u Njema\u010dkoj, odakle je tra\u017eio izru\u010denje.<\/p>\n<p>Su\u0111enje se nastavlja 11. marta.<\/p>\n<p><a href=\"https:\/\/detektor.ba\/2026\/03\/05\/sudjenje-dusku-zoricu-za-zlocin-u-zecovima-pocinje-iznova\/\" rel=\"noopener\" target=\"_blank\">detektor.ba<\/a><\/p>\n","protected":false},"excerpt":{"rendered":"<p>Zbog protoka od preko 30 dana izme\u0111u dva ro\u010di\u0161ta, su\u0111enje Du\u0161ku Zori\u0107u za zlo\u010dine u selu Zecovi krenu\u0107e iznova, ali je Sudsko vije\u0107e donijelo odluku da se svi dokazi koji [&hellip;]<\/p>\n","protected":false},"author":1,"featured_media":0,"comment_status":"closed","ping_status":"open","sticky":false,"template":"","format":"standard","meta":{"_monsterinsights_skip_tracking":false,"_monsterinsights_sitenote_active":false,"_monsterinsights_sitenote_note":"","_monsterinsights_sitenote_category":0,"footnotes":""},"categories":[5],"tags":[],"yoast_head":"<!-- This site is optimized with the Yoast SEO plugin v21.6 - https:\/\/yoast.com\/wordpress\/plugins\/seo\/ -->\n<title>Su\u0111enje Du\u0161ku Zori\u0107u za zlo\u010din u Zecovima kod Prijedora po\u010dinje iznova - PrijedorDanas.com - Prijedorski gradski portal<\/title>\n<meta name=\"robots\" content=\"index, follow, max-snippet:-1, max-image-preview:large, max-video-preview:-1\" \/>\n<link rel=\"canonical\" href=\"https:\/\/www.prijedordanas.com\/?p=264342\" \/>\n<meta property=\"og:locale\" content=\"en_US\" \/>\n<meta property=\"og:type\" content=\"article\" \/>\n<meta property=\"og:title\" content=\"Su\u0111enje Du\u0161ku Zori\u0107u za zlo\u010din u Zecovima kod Prijedora po\u010dinje iznova - PrijedorDanas.com - Prijedorski gradski portal\" \/>\n<meta property=\"og:description\" content=\"Zbog protoka od preko 30 dana izme\u0111u dva ro\u010di\u0161ta, su\u0111enje Du\u0161ku Zori\u0107u za zlo\u010dine u selu Zecovi krenu\u0107e iznova, ali je Sudsko vije\u0107e donijelo odluku da se svi dokazi koji [&hellip;]\" \/>\n<meta property=\"og:url\" content=\"https:\/\/www.prijedordanas.com\/?p=264342\" \/>\n<meta property=\"og:site_name\" content=\"PrijedorDanas.com - Prijedorski gradski portal\" \/>\n<meta property=\"article:publisher\" content=\"https:\/\/www.facebook.com\/PrijedorDanasCom\/\" \/>\n<meta property=\"article:published_time\" content=\"2026-03-09T00:34:34+00:00\" \/>\n<meta property=\"og:image\" content=\"https:\/\/www.prijedordanas.com\/wp-content\/uploads\/2026\/03\/detektor-sud-bih-2026-2-300x225.jpg\" \/>\n<meta name=\"author\" content=\"admin\" \/>\n<meta name=\"twitter:card\" content=\"summary_large_image\" \/>\n<meta name=\"twitter:label1\" content=\"Written by\" \/>\n\t<meta name=\"twitter:data1\" content=\"admin\" \/>\n<script type=\"application\/ld+json\" class=\"yoast-schema-graph\">{\"@context\":\"https:\/\/schema.org\",\"@graph\":[{\"@type\":\"Article\",\"@id\":\"https:\/\/www.prijedordanas.com\/?p=264342#article\",\"isPartOf\":{\"@id\":\"https:\/\/www.prijedordanas.com\/?p=264342\"},\"author\":{\"name\":\"admin\",\"@id\":\"https:\/\/www.prijedordanas.com\/#\/schema\/person\/4e08ccf29b506ca916ff86d46bb700e6\"},\"headline\":\"Su\u0111enje Du\u0161ku Zori\u0107u za zlo\u010din u Zecovima kod Prijedora po\u010dinje iznova\",\"datePublished\":\"2026-03-09T00:34:34+00:00\",\"dateModified\":\"2026-03-09T00:34:34+00:00\",\"mainEntityOfPage\":{\"@id\":\"https:\/\/www.prijedordanas.com\/?p=264342\"},\"wordCount\":581,\"publisher\":{\"@id\":\"https:\/\/www.prijedordanas.com\/#organization\"},\"articleSection\":[\"Hronika\"],\"inLanguage\":\"en-US\"},{\"@type\":\"WebPage\",\"@id\":\"https:\/\/www.prijedordanas.com\/?p=264342\",\"url\":\"https:\/\/www.prijedordanas.com\/?p=264342\",\"name\":\"Su\u0111enje Du\u0161ku Zori\u0107u za zlo\u010din u Zecovima kod Prijedora po\u010dinje iznova - PrijedorDanas.com - Prijedorski gradski portal\",\"isPartOf\":{\"@id\":\"https:\/\/www.prijedordanas.com\/#website\"},\"datePublished\":\"2026-03-09T00:34:34+00:00\",\"dateModified\":\"2026-03-09T00:34:34+00:00\",\"breadcrumb\":{\"@id\":\"https:\/\/www.prijedordanas.com\/?p=264342#breadcrumb\"},\"inLanguage\":\"en-US\",\"potentialAction\":[{\"@type\":\"ReadAction\",\"target\":[\"https:\/\/www.prijedordanas.com\/?p=264342\"]}]},{\"@type\":\"BreadcrumbList\",\"@id\":\"https:\/\/www.prijedordanas.com\/?p=264342#breadcrumb\",\"itemListElement\":[{\"@type\":\"ListItem\",\"position\":1,\"name\":\"Home\",\"item\":\"https:\/\/www.prijedordanas.com\/\"},{\"@type\":\"ListItem\",\"position\":2,\"name\":\"Su\u0111enje Du\u0161ku Zori\u0107u za zlo\u010din u Zecovima kod Prijedora po\u010dinje iznova\"}]},{\"@type\":\"WebSite\",\"@id\":\"https:\/\/www.prijedordanas.com\/#website\",\"url\":\"https:\/\/www.prijedordanas.com\/\",\"name\":\"PrijedorDanas.com - Prijedorski gradski portal\",\"description\":\"Portal o doga\u0111anjima u gradu Prijedoru\",\"publisher\":{\"@id\":\"https:\/\/www.prijedordanas.com\/#organization\"},\"potentialAction\":[{\"@type\":\"SearchAction\",\"target\":{\"@type\":\"EntryPoint\",\"urlTemplate\":\"https:\/\/www.prijedordanas.com\/?s={search_term_string}\"},\"query-input\":\"required name=search_term_string\"}],\"inLanguage\":\"en-US\"},{\"@type\":\"Organization\",\"@id\":\"https:\/\/www.prijedordanas.com\/#organization\",\"name\":\"PrijedorDanas.com\",\"url\":\"https:\/\/www.prijedordanas.com\/\",\"logo\":{\"@type\":\"ImageObject\",\"inLanguage\":\"en-US\",\"@id\":\"https:\/\/www.prijedordanas.com\/#\/schema\/logo\/image\/\",\"url\":\"http:\/\/www.prijedordanas.com\/wp-content\/uploads\/2021\/12\/logopng.png\",\"contentUrl\":\"http:\/\/www.prijedordanas.com\/wp-content\/uploads\/2021\/12\/logopng.png\",\"width\":1019,\"height\":776,\"caption\":\"PrijedorDanas.com\"},\"image\":{\"@id\":\"https:\/\/www.prijedordanas.com\/#\/schema\/logo\/image\/\"},\"sameAs\":[\"https:\/\/www.facebook.com\/PrijedorDanasCom\/\"]},{\"@type\":\"Person\",\"@id\":\"https:\/\/www.prijedordanas.com\/#\/schema\/person\/4e08ccf29b506ca916ff86d46bb700e6\",\"name\":\"admin\",\"image\":{\"@type\":\"ImageObject\",\"inLanguage\":\"en-US\",\"@id\":\"https:\/\/www.prijedordanas.com\/#\/schema\/person\/image\/\",\"url\":\"https:\/\/secure.gravatar.com\/avatar\/1d3fc949d550f0b53a5f0d51e06dfd79?s=96&d=mm&r=g\",\"contentUrl\":\"https:\/\/secure.gravatar.com\/avatar\/1d3fc949d550f0b53a5f0d51e06dfd79?s=96&d=mm&r=g\",\"caption\":\"admin\"},\"url\":\"https:\/\/www.prijedordanas.com\/?author=1\"}]}<\/script>\n<!-- \/ Yoast SEO plugin. -->","yoast_head_json":{"title":"Su\u0111enje Du\u0161ku Zori\u0107u za zlo\u010din u Zecovima kod Prijedora po\u010dinje iznova - PrijedorDanas.com - Prijedorski gradski portal","robots":{"index":"index","follow":"follow","max-snippet":"max-snippet:-1","max-image-preview":"max-image-preview:large","max-video-preview":"max-video-preview:-1"},"canonical":"https:\/\/www.prijedordanas.com\/?p=264342","og_locale":"en_US","og_type":"article","og_title":"Su\u0111enje Du\u0161ku Zori\u0107u za zlo\u010din u Zecovima kod Prijedora po\u010dinje iznova - PrijedorDanas.com - Prijedorski gradski portal","og_description":"Zbog protoka od preko 30 dana izme\u0111u dva ro\u010di\u0161ta, su\u0111enje Du\u0161ku Zori\u0107u za zlo\u010dine u selu Zecovi krenu\u0107e iznova, ali je Sudsko vije\u0107e donijelo odluku da se svi dokazi koji [&hellip;]","og_url":"https:\/\/www.prijedordanas.com\/?p=264342","og_site_name":"PrijedorDanas.com - Prijedorski gradski portal","article_publisher":"https:\/\/www.facebook.com\/PrijedorDanasCom\/","article_published_time":"2026-03-09T00:34:34+00:00","og_image":[{"url":"https:\/\/www.prijedordanas.com\/wp-content\/uploads\/2026\/03\/detektor-sud-bih-2026-2-300x225.jpg"}],"author":"admin","twitter_card":"summary_large_image","twitter_misc":{"Written by":"admin"},"schema":{"@context":"https:\/\/schema.org","@graph":[{"@type":"Article","@id":"https:\/\/www.prijedordanas.com\/?p=264342#article","isPartOf":{"@id":"https:\/\/www.prijedordanas.com\/?p=264342"},"author":{"name":"admin","@id":"https:\/\/www.prijedordanas.com\/#\/schema\/person\/4e08ccf29b506ca916ff86d46bb700e6"},"headline":"Su\u0111enje Du\u0161ku Zori\u0107u za zlo\u010din u Zecovima kod Prijedora po\u010dinje iznova","datePublished":"2026-03-09T00:34:34+00:00","dateModified":"2026-03-09T00:34:34+00:00","mainEntityOfPage":{"@id":"https:\/\/www.prijedordanas.com\/?p=264342"},"wordCount":581,"publisher":{"@id":"https:\/\/www.prijedordanas.com\/#organization"},"articleSection":["Hronika"],"inLanguage":"en-US"},{"@type":"WebPage","@id":"https:\/\/www.prijedordanas.com\/?p=264342","url":"https:\/\/www.prijedordanas.com\/?p=264342","name":"Su\u0111enje Du\u0161ku Zori\u0107u za zlo\u010din u Zecovima kod Prijedora po\u010dinje iznova - PrijedorDanas.com - Prijedorski gradski portal","isPartOf":{"@id":"https:\/\/www.prijedordanas.com\/#website"},"datePublished":"2026-03-09T00:34:34+00:00","dateModified":"2026-03-09T00:34:34+00:00","breadcrumb":{"@id":"https:\/\/www.prijedordanas.com\/?p=264342#breadcrumb"},"inLanguage":"en-US","potentialAction":[{"@type":"ReadAction","target":["https:\/\/www.prijedordanas.com\/?p=264342"]}]},{"@type":"BreadcrumbList","@id":"https:\/\/www.prijedordanas.com\/?p=264342#breadcrumb","itemListElement":[{"@type":"ListItem","position":1,"name":"Home","item":"https:\/\/www.prijedordanas.com\/"},{"@type":"ListItem","position":2,"name":"Su\u0111enje Du\u0161ku Zori\u0107u za zlo\u010din u Zecovima kod Prijedora po\u010dinje iznova"}]},{"@type":"WebSite","@id":"https:\/\/www.prijedordanas.com\/#website","url":"https:\/\/www.prijedordanas.com\/","name":"PrijedorDanas.com - Prijedorski gradski portal","description":"Portal o doga\u0111anjima u gradu Prijedoru","publisher":{"@id":"https:\/\/www.prijedordanas.com\/#organization"},"potentialAction":[{"@type":"SearchAction","target":{"@type":"EntryPoint","urlTemplate":"https:\/\/www.prijedordanas.com\/?s={search_term_string}"},"query-input":"required name=search_term_string"}],"inLanguage":"en-US"},{"@type":"Organization","@id":"https:\/\/www.prijedordanas.com\/#organization","name":"PrijedorDanas.com","url":"https:\/\/www.prijedordanas.com\/","logo":{"@type":"ImageObject","inLanguage":"en-US","@id":"https:\/\/www.prijedordanas.com\/#\/schema\/logo\/image\/","url":"http:\/\/www.prijedordanas.com\/wp-content\/uploads\/2021\/12\/logopng.png","contentUrl":"http:\/\/www.prijedordanas.com\/wp-content\/uploads\/2021\/12\/logopng.png","width":1019,"height":776,"caption":"PrijedorDanas.com"},"image":{"@id":"https:\/\/www.prijedordanas.com\/#\/schema\/logo\/image\/"},"sameAs":["https:\/\/www.facebook.com\/PrijedorDanasCom\/"]},{"@type":"Person","@id":"https:\/\/www.prijedordanas.com\/#\/schema\/person\/4e08ccf29b506ca916ff86d46bb700e6","name":"admin","image":{"@type":"ImageObject","inLanguage":"en-US","@id":"https:\/\/www.prijedordanas.com\/#\/schema\/person\/image\/","url":"https:\/\/secure.gravatar.com\/avatar\/1d3fc949d550f0b53a5f0d51e06dfd79?s=96&d=mm&r=g","contentUrl":"https:\/\/secure.gravatar.com\/avatar\/1d3fc949d550f0b53a5f0d51e06dfd79?s=96&d=mm&r=g","caption":"admin"},"url":"https:\/\/www.prijedordanas.com\/?author=1"}]}},"_links":{"self":[{"href":"https:\/\/www.prijedordanas.com\/index.php?rest_route=\/wp\/v2\/posts\/264342"}],"collection":[{"href":"https:\/\/www.prijedordanas.com\/index.php?rest_route=\/wp\/v2\/posts"}],"about":[{"href":"https:\/\/www.prijedordanas.com\/index.php?rest_route=\/wp\/v2\/types\/post"}],"author":[{"embeddable":true,"href":"https:\/\/www.prijedordanas.com\/index.php?rest_route=\/wp\/v2\/users\/1"}],"replies":[{"embeddable":true,"href":"https:\/\/www.prijedordanas.com\/index.php?rest_route=%2Fwp%2Fv2%2Fcomments&post=264342"}],"version-history":[{"count":1,"href":"https:\/\/www.prijedordanas.com\/index.php?rest_route=\/wp\/v2\/posts\/264342\/revisions"}],"predecessor-version":[{"id":264344,"href":"https:\/\/www.prijedordanas.com\/index.php?rest_route=\/wp\/v2\/posts\/264342\/revisions\/264344"}],"wp:attachment":[{"href":"https:\/\/www.prijedordanas.com\/index.php?rest_route=%2Fwp%2Fv2%2Fmedia&parent=264342"}],"wp:term":[{"taxonomy":"category","embeddable":true,"href":"https:\/\/www.prijedordanas.com\/index.php?rest_route=%2Fwp%2Fv2%2Fcategories&post=264342"},{"taxonomy":"post_tag","embeddable":true,"href":"https:\/\/www.prijedordanas.com\/index.php?rest_route=%2Fwp%2Fv2%2Ftags&post=264342"}],"curies":[{"name":"wp","href":"https:\/\/api.w.org\/{rel}","templated":true}]}}