{"id":264312,"date":"2026-03-06T17:23:41","date_gmt":"2026-03-06T16:23:41","guid":{"rendered":"https:\/\/www.prijedordanas.com\/?p=264312"},"modified":"2026-03-06T17:23:41","modified_gmt":"2026-03-06T16:23:41","slug":"u-susret-danu-zena-osmomartovska-ponuda-na-gradskom-trgu-foto-video","status":"publish","type":"post","link":"https:\/\/www.prijedordanas.com\/?p=264312","title":{"rendered":"U susret Danu \u017eena: Osmomartovska ponuda na gradskom trgu &#8211; FOTO\/VIDEO"},"content":{"rendered":"<p><a href=\"https:\/\/www.prijedordanas.com\/wp-content\/uploads\/2026\/03\/osmomartovski-standovi-2026-1.jpg\"><img loading=\"lazy\" decoding=\"async\" class=\"alignleft size-medium wp-image-264313\" src=\"https:\/\/www.prijedordanas.com\/wp-content\/uploads\/2026\/03\/osmomartovski-standovi-2026-1-300x225.jpg\" alt=\"\" width=\"300\" height=\"225\" srcset=\"https:\/\/www.prijedordanas.com\/wp-content\/uploads\/2026\/03\/osmomartovski-standovi-2026-1-300x225.jpg 300w, https:\/\/www.prijedordanas.com\/wp-content\/uploads\/2026\/03\/osmomartovski-standovi-2026-1-640x480.jpg 640w, https:\/\/www.prijedordanas.com\/wp-content\/uploads\/2026\/03\/osmomartovski-standovi-2026-1.jpg 667w\" sizes=\"(max-width: 300px) 100vw, 300px\" \/><\/a>Poglede prolaznika na Trgu majora Zorana Karlice ovih dana mame \u0161areni \u0161tandovi, na kojima se mogu prona\u0107i prigodni pokloni za predstoje\u0107i Me\u0111unarodni dan \u017eena.<\/p>\n<p>Osim klasi\u010dnih buketa i pojedina\u010dnih karanfila i ru\u017ea, tu su i razli\u010diti cvjetni aran\u017emani, ukrasi ru\u010dne izrade, ali i prakti\u010dni darovi poput kutla\u010da i sudnih krpa.<\/p>\n<p>Vera Mandi\u0107 ve\u0107 dvije decenije prodaje bukete i druge sitnice za Dan \u017eena, a mnoge od njih sama izra\u0111uje.<\/p>\n<p>Za prvi prodajni dan izradila je oko 50 cvjetnih aran\u017emana, a ka\u017ee da \u0107e ih biti jo\u0161.<\/p>\n<p>\u0160to se ti\u010de cijena, trgovci se izme\u0111u sebe usklade, da ne bi bilo prevelikih odstupanja i da kog nekoga ru\u017ea ne bude tri, a kod drugog pet maraka.<\/p>\n<p><a href=\"https:\/\/www.prijedordanas.com\/wp-content\/uploads\/2026\/03\/osmomartovski-standovi-2026-2.jpg\"><img loading=\"lazy\" decoding=\"async\" src=\"https:\/\/www.prijedordanas.com\/wp-content\/uploads\/2026\/03\/osmomartovski-standovi-2026-2-300x225.jpg\" alt=\"\" width=\"300\" height=\"225\" class=\"alignleft size-medium wp-image-264314\" srcset=\"https:\/\/www.prijedordanas.com\/wp-content\/uploads\/2026\/03\/osmomartovski-standovi-2026-2-300x225.jpg 300w, https:\/\/www.prijedordanas.com\/wp-content\/uploads\/2026\/03\/osmomartovski-standovi-2026-2-640x480.jpg 640w, https:\/\/www.prijedordanas.com\/wp-content\/uploads\/2026\/03\/osmomartovski-standovi-2026-2.jpg 667w\" sizes=\"(max-width: 300px) 100vw, 300px\" \/><\/a>\u201cKaranfil je ve\u0107 15 godina marku i po. Uvijek im je ista nabavna i prodajna cijena, a same ru\u017ee su od \u010detiri do pet KM. Buketi\u0107i su od sedam do deset maraka, a upakovani u korpice su znatno skuplji, jer sama korpica ko\u0161ta deset maraka, plus cvije\u0107e i zelenilo. Sve se mora ura\u010dunati u prodajnu cijenu\u201d, isti\u010de Vera.<\/p>\n<p>Sanda Voki\u0107 prodaje cvije\u0107e, buketi\u0107e i figurice medvjedi\u0107a koji privla\u010de pa\u017enju precizno\u0161\u0107u i detaljima izrade.<\/p>\n<p>Voki\u0107eva otkriva da ih pravi od sojinog voska.<\/p>\n<p>\u201cVolim cvije\u0107e, a po\u0161to ono brzo uvene, razmi\u0161ljala sam kako da du\u017ee traje, pa sam tako po\u010dela da ga pravim od sojinog voska. Nabavljam ga iz inostranstva, a ideju sam na\u0161la na Internetu\u201d, obja\u0161njava Voki\u0107eva.<\/p>\n<p>Iako je Osmi mart praznik \u017eena, trgovci otkrivaju da su pripadnice ljep\u0161eg pola te koje vi\u0161e kupuju i daruju druge, bilo da je rije\u010d o poklonima za majke, bake ili druge drage osobe.<\/p>\n<p><a href=\"https:\/\/kozarski.com\/u-susret-danu-zena-osmomartovska-ponuda-na-gradskom-trgu\/\" target=\"_blank\" rel=\"noopener\">kozarski.com<\/a><\/p>\n<p><a href=\"https:\/\/www.prijedordanas.com\/wp-content\/uploads\/2026\/03\/osmomartovski-standovi-2026-3.jpg\"><img loading=\"lazy\" decoding=\"async\" src=\"https:\/\/www.prijedordanas.com\/wp-content\/uploads\/2026\/03\/osmomartovski-standovi-2026-3-300x200.jpg\" alt=\"\" width=\"300\" height=\"200\" class=\"alignleft size-medium wp-image-264315\" srcset=\"https:\/\/www.prijedordanas.com\/wp-content\/uploads\/2026\/03\/osmomartovski-standovi-2026-3-300x200.jpg 300w, https:\/\/www.prijedordanas.com\/wp-content\/uploads\/2026\/03\/osmomartovski-standovi-2026-3-480x320.jpg 480w, https:\/\/www.prijedordanas.com\/wp-content\/uploads\/2026\/03\/osmomartovski-standovi-2026-3.jpg 600w\" sizes=\"(max-width: 300px) 100vw, 300px\" \/><\/a> <a href=\"https:\/\/www.prijedordanas.com\/wp-content\/uploads\/2026\/03\/osmomartovski-standovi-2026-4.jpg\"><img loading=\"lazy\" decoding=\"async\" src=\"https:\/\/www.prijedordanas.com\/wp-content\/uploads\/2026\/03\/osmomartovski-standovi-2026-4-300x200.jpg\" alt=\"\" width=\"300\" height=\"200\" class=\"alignleft size-medium wp-image-264316\" srcset=\"https:\/\/www.prijedordanas.com\/wp-content\/uploads\/2026\/03\/osmomartovski-standovi-2026-4-300x200.jpg 300w, https:\/\/www.prijedordanas.com\/wp-content\/uploads\/2026\/03\/osmomartovski-standovi-2026-4-480x320.jpg 480w, https:\/\/www.prijedordanas.com\/wp-content\/uploads\/2026\/03\/osmomartovski-standovi-2026-4.jpg 600w\" sizes=\"(max-width: 300px) 100vw, 300px\" \/><\/a> <a href=\"https:\/\/www.prijedordanas.com\/wp-content\/uploads\/2026\/03\/osmomartovski-standovi-2026-5.jpg\"><img loading=\"lazy\" decoding=\"async\" src=\"https:\/\/www.prijedordanas.com\/wp-content\/uploads\/2026\/03\/osmomartovski-standovi-2026-5-300x200.jpg\" alt=\"\" width=\"300\" height=\"200\" class=\"alignleft size-medium wp-image-264317\" srcset=\"https:\/\/www.prijedordanas.com\/wp-content\/uploads\/2026\/03\/osmomartovski-standovi-2026-5-300x200.jpg 300w, https:\/\/www.prijedordanas.com\/wp-content\/uploads\/2026\/03\/osmomartovski-standovi-2026-5-480x320.jpg 480w, https:\/\/www.prijedordanas.com\/wp-content\/uploads\/2026\/03\/osmomartovski-standovi-2026-5.jpg 600w\" sizes=\"(max-width: 300px) 100vw, 300px\" \/><\/a> <a href=\"https:\/\/www.prijedordanas.com\/wp-content\/uploads\/2026\/03\/osmomartovski-standovi-2026-6.jpg\"><img loading=\"lazy\" decoding=\"async\" src=\"https:\/\/www.prijedordanas.com\/wp-content\/uploads\/2026\/03\/osmomartovski-standovi-2026-6-300x200.jpg\" alt=\"\" width=\"300\" height=\"200\" class=\"alignleft size-medium wp-image-264318\" srcset=\"https:\/\/www.prijedordanas.com\/wp-content\/uploads\/2026\/03\/osmomartovski-standovi-2026-6-300x200.jpg 300w, https:\/\/www.prijedordanas.com\/wp-content\/uploads\/2026\/03\/osmomartovski-standovi-2026-6-480x320.jpg 480w, https:\/\/www.prijedordanas.com\/wp-content\/uploads\/2026\/03\/osmomartovski-standovi-2026-6.jpg 600w\" sizes=\"(max-width: 300px) 100vw, 300px\" \/><\/a> <a href=\"https:\/\/www.prijedordanas.com\/wp-content\/uploads\/2026\/03\/osmomartovski-standovi-2026-8.jpg\"><img loading=\"lazy\" decoding=\"async\" src=\"https:\/\/www.prijedordanas.com\/wp-content\/uploads\/2026\/03\/osmomartovski-standovi-2026-8-300x225.jpg\" alt=\"\" width=\"300\" height=\"225\" class=\"alignleft size-medium wp-image-264319\" srcset=\"https:\/\/www.prijedordanas.com\/wp-content\/uploads\/2026\/03\/osmomartovski-standovi-2026-8-300x225.jpg 300w, https:\/\/www.prijedordanas.com\/wp-content\/uploads\/2026\/03\/osmomartovski-standovi-2026-8.jpg 600w\" sizes=\"(max-width: 300px) 100vw, 300px\" \/><\/a> <a href=\"https:\/\/www.prijedordanas.com\/wp-content\/uploads\/2026\/03\/osmomartovski-standovi-2026-9.jpg\"><img loading=\"lazy\" decoding=\"async\" src=\"https:\/\/www.prijedordanas.com\/wp-content\/uploads\/2026\/03\/osmomartovski-standovi-2026-9-300x225.jpg\" alt=\"\" width=\"300\" height=\"225\" class=\"alignleft size-medium wp-image-264320\" srcset=\"https:\/\/www.prijedordanas.com\/wp-content\/uploads\/2026\/03\/osmomartovski-standovi-2026-9-300x225.jpg 300w, https:\/\/www.prijedordanas.com\/wp-content\/uploads\/2026\/03\/osmomartovski-standovi-2026-9.jpg 600w\" sizes=\"(max-width: 300px) 100vw, 300px\" \/><\/a> <a href=\"https:\/\/www.prijedordanas.com\/wp-content\/uploads\/2026\/03\/osmomartovski-standovi-2026-10.jpg\"><img loading=\"lazy\" decoding=\"async\" src=\"https:\/\/www.prijedordanas.com\/wp-content\/uploads\/2026\/03\/osmomartovski-standovi-2026-10-300x225.jpg\" alt=\"\" width=\"300\" height=\"225\" class=\"alignleft size-medium wp-image-264321\" srcset=\"https:\/\/www.prijedordanas.com\/wp-content\/uploads\/2026\/03\/osmomartovski-standovi-2026-10-300x225.jpg 300w, https:\/\/www.prijedordanas.com\/wp-content\/uploads\/2026\/03\/osmomartovski-standovi-2026-10.jpg 600w\" sizes=\"(max-width: 300px) 100vw, 300px\" \/><\/a> <a href=\"https:\/\/www.prijedordanas.com\/wp-content\/uploads\/2026\/03\/osmomartovski-standovi-2026-11.jpg\"><img loading=\"lazy\" decoding=\"async\" src=\"https:\/\/www.prijedordanas.com\/wp-content\/uploads\/2026\/03\/osmomartovski-standovi-2026-11-300x225.jpg\" alt=\"\" width=\"300\" height=\"225\" class=\"alignleft size-medium wp-image-264322\" srcset=\"https:\/\/www.prijedordanas.com\/wp-content\/uploads\/2026\/03\/osmomartovski-standovi-2026-11-300x225.jpg 300w, https:\/\/www.prijedordanas.com\/wp-content\/uploads\/2026\/03\/osmomartovski-standovi-2026-11.jpg 600w\" sizes=\"(max-width: 300px) 100vw, 300px\" \/><\/a> <a href=\"https:\/\/www.prijedordanas.com\/wp-content\/uploads\/2026\/03\/osmomartovski-standovi-2026-12.jpg\"><img loading=\"lazy\" decoding=\"async\" src=\"https:\/\/www.prijedordanas.com\/wp-content\/uploads\/2026\/03\/osmomartovski-standovi-2026-12-300x225.jpg\" alt=\"\" width=\"300\" height=\"225\" class=\"alignleft size-medium wp-image-264323\" srcset=\"https:\/\/www.prijedordanas.com\/wp-content\/uploads\/2026\/03\/osmomartovski-standovi-2026-12-300x225.jpg 300w, https:\/\/www.prijedordanas.com\/wp-content\/uploads\/2026\/03\/osmomartovski-standovi-2026-12.jpg 600w\" sizes=\"(max-width: 300px) 100vw, 300px\" \/><\/a> <a href=\"https:\/\/www.prijedordanas.com\/wp-content\/uploads\/2026\/03\/osmomartovski-standovi-2026-13.jpg\"><img loading=\"lazy\" decoding=\"async\" src=\"https:\/\/www.prijedordanas.com\/wp-content\/uploads\/2026\/03\/osmomartovski-standovi-2026-13-300x225.jpg\" alt=\"\" width=\"300\" height=\"225\" class=\"alignleft size-medium wp-image-264324\" srcset=\"https:\/\/www.prijedordanas.com\/wp-content\/uploads\/2026\/03\/osmomartovski-standovi-2026-13-300x225.jpg 300w, https:\/\/www.prijedordanas.com\/wp-content\/uploads\/2026\/03\/osmomartovski-standovi-2026-13.jpg 600w\" sizes=\"(max-width: 300px) 100vw, 300px\" \/><\/a> <a href=\"https:\/\/www.prijedordanas.com\/wp-content\/uploads\/2026\/03\/osmomartovski-standovi-2026-14.jpg\"><img loading=\"lazy\" decoding=\"async\" src=\"https:\/\/www.prijedordanas.com\/wp-content\/uploads\/2026\/03\/osmomartovski-standovi-2026-14-300x225.jpg\" alt=\"\" width=\"300\" height=\"225\" class=\"alignleft size-medium wp-image-264325\" srcset=\"https:\/\/www.prijedordanas.com\/wp-content\/uploads\/2026\/03\/osmomartovski-standovi-2026-14-300x225.jpg 300w, https:\/\/www.prijedordanas.com\/wp-content\/uploads\/2026\/03\/osmomartovski-standovi-2026-14.jpg 600w\" sizes=\"(max-width: 300px) 100vw, 300px\" \/><\/a> <a href=\"https:\/\/www.prijedordanas.com\/wp-content\/uploads\/2026\/03\/osmomartovski-standovi-2026-15.jpg\"><img loading=\"lazy\" decoding=\"async\" src=\"https:\/\/www.prijedordanas.com\/wp-content\/uploads\/2026\/03\/osmomartovski-standovi-2026-15-300x225.jpg\" alt=\"\" width=\"300\" height=\"225\" class=\"alignleft size-medium wp-image-264326\" srcset=\"https:\/\/www.prijedordanas.com\/wp-content\/uploads\/2026\/03\/osmomartovski-standovi-2026-15-300x225.jpg 300w, https:\/\/www.prijedordanas.com\/wp-content\/uploads\/2026\/03\/osmomartovski-standovi-2026-15.jpg 600w\" sizes=\"(max-width: 300px) 100vw, 300px\" \/><\/a> <a href=\"https:\/\/www.prijedordanas.com\/wp-content\/uploads\/2026\/03\/osmomartovski-standovi-2026-16.jpg\"><img loading=\"lazy\" decoding=\"async\" src=\"https:\/\/www.prijedordanas.com\/wp-content\/uploads\/2026\/03\/osmomartovski-standovi-2026-16-300x225.jpg\" alt=\"\" width=\"300\" height=\"225\" class=\"alignleft size-medium wp-image-264327\" srcset=\"https:\/\/www.prijedordanas.com\/wp-content\/uploads\/2026\/03\/osmomartovski-standovi-2026-16-300x225.jpg 300w, https:\/\/www.prijedordanas.com\/wp-content\/uploads\/2026\/03\/osmomartovski-standovi-2026-16.jpg 600w\" sizes=\"(max-width: 300px) 100vw, 300px\" \/><\/a> <a href=\"https:\/\/www.prijedordanas.com\/wp-content\/uploads\/2026\/03\/osmomartovski-standovi-2026-17.jpg\"><img loading=\"lazy\" decoding=\"async\" src=\"https:\/\/www.prijedordanas.com\/wp-content\/uploads\/2026\/03\/osmomartovski-standovi-2026-17-300x225.jpg\" alt=\"\" width=\"300\" height=\"225\" class=\"alignleft size-medium wp-image-264328\" srcset=\"https:\/\/www.prijedordanas.com\/wp-content\/uploads\/2026\/03\/osmomartovski-standovi-2026-17-300x225.jpg 300w, https:\/\/www.prijedordanas.com\/wp-content\/uploads\/2026\/03\/osmomartovski-standovi-2026-17.jpg 600w\" sizes=\"(max-width: 300px) 100vw, 300px\" \/><\/a> <a href=\"https:\/\/www.prijedordanas.com\/wp-content\/uploads\/2026\/03\/osmomartovski-standovi-2026-7.jpg\"><img loading=\"lazy\" decoding=\"async\" src=\"https:\/\/www.prijedordanas.com\/wp-content\/uploads\/2026\/03\/osmomartovski-standovi-2026-7-300x200.jpg\" alt=\"\" width=\"300\" height=\"200\" class=\"alignleft size-medium wp-image-264329\" srcset=\"https:\/\/www.prijedordanas.com\/wp-content\/uploads\/2026\/03\/osmomartovski-standovi-2026-7-300x200.jpg 300w, https:\/\/www.prijedordanas.com\/wp-content\/uploads\/2026\/03\/osmomartovski-standovi-2026-7-480x320.jpg 480w, https:\/\/www.prijedordanas.com\/wp-content\/uploads\/2026\/03\/osmomartovski-standovi-2026-7.jpg 600w\" sizes=\"(max-width: 300px) 100vw, 300px\" \/><\/a><\/p>\n<p><iframe loading=\"lazy\" title=\"U SUSRET DANU \u017dENA: OSMOMARTOVSKA PONUDA NA GRADSKOM TRGU\" width=\"500\" height=\"281\" src=\"https:\/\/www.youtube.com\/embed\/1ga4bFZftyc?feature=oembed\" frameborder=\"0\" allow=\"accelerometer; autoplay; clipboard-write; encrypted-media; gyroscope; picture-in-picture; web-share\" referrerpolicy=\"strict-origin-when-cross-origin\" allowfullscreen><\/iframe><\/p>\n","protected":false},"excerpt":{"rendered":"<p>Poglede prolaznika na Trgu majora Zorana Karlice ovih dana mame \u0161areni \u0161tandovi, na kojima se mogu prona\u0107i prigodni pokloni za predstoje\u0107i Me\u0111unarodni dan \u017eena. Osim klasi\u010dnih buketa i pojedina\u010dnih karanfila [&hellip;]<\/p>\n","protected":false},"author":1,"featured_media":0,"comment_status":"closed","ping_status":"open","sticky":false,"template":"","format":"standard","meta":{"_monsterinsights_skip_tracking":false,"_monsterinsights_sitenote_active":false,"_monsterinsights_sitenote_note":"","_monsterinsights_sitenote_category":0,"footnotes":""},"categories":[7515,8],"tags":[],"yoast_head":"<!-- This site is optimized with the Yoast SEO plugin v21.6 - https:\/\/yoast.com\/wordpress\/plugins\/seo\/ -->\n<title>U susret Danu \u017eena: Osmomartovska ponuda na gradskom trgu - FOTO\/VIDEO - PrijedorDanas.com - Prijedorski gradski portal<\/title>\n<meta name=\"robots\" content=\"index, follow, max-snippet:-1, max-image-preview:large, max-video-preview:-1\" \/>\n<link rel=\"canonical\" href=\"https:\/\/www.prijedordanas.com\/?p=264312\" \/>\n<meta property=\"og:locale\" content=\"en_US\" \/>\n<meta property=\"og:type\" content=\"article\" \/>\n<meta property=\"og:title\" content=\"U susret Danu \u017eena: Osmomartovska ponuda na gradskom trgu - FOTO\/VIDEO - PrijedorDanas.com - Prijedorski gradski portal\" \/>\n<meta property=\"og:description\" content=\"Poglede prolaznika na Trgu majora Zorana Karlice ovih dana mame \u0161areni \u0161tandovi, na kojima se mogu prona\u0107i prigodni pokloni za predstoje\u0107i Me\u0111unarodni dan \u017eena. Osim klasi\u010dnih buketa i pojedina\u010dnih karanfila [&hellip;]\" \/>\n<meta property=\"og:url\" content=\"https:\/\/www.prijedordanas.com\/?p=264312\" \/>\n<meta property=\"og:site_name\" content=\"PrijedorDanas.com - Prijedorski gradski portal\" \/>\n<meta property=\"article:publisher\" content=\"https:\/\/www.facebook.com\/PrijedorDanasCom\/\" \/>\n<meta property=\"article:published_time\" content=\"2026-03-06T16:23:41+00:00\" \/>\n<meta property=\"og:image\" content=\"https:\/\/www.prijedordanas.com\/wp-content\/uploads\/2026\/03\/osmomartovski-standovi-2026-1-300x225.jpg\" \/>\n<meta name=\"author\" content=\"admin\" \/>\n<meta name=\"twitter:card\" content=\"summary_large_image\" \/>\n<meta name=\"twitter:label1\" content=\"Written by\" \/>\n\t<meta name=\"twitter:data1\" content=\"admin\" \/>\n\t<meta name=\"twitter:label2\" content=\"Est. reading time\" \/>\n\t<meta name=\"twitter:data2\" content=\"2 minutes\" \/>\n<script type=\"application\/ld+json\" class=\"yoast-schema-graph\">{\"@context\":\"https:\/\/schema.org\",\"@graph\":[{\"@type\":\"Article\",\"@id\":\"https:\/\/www.prijedordanas.com\/?p=264312#article\",\"isPartOf\":{\"@id\":\"https:\/\/www.prijedordanas.com\/?p=264312\"},\"author\":{\"name\":\"admin\",\"@id\":\"https:\/\/www.prijedordanas.com\/#\/schema\/person\/4e08ccf29b506ca916ff86d46bb700e6\"},\"headline\":\"U susret Danu \u017eena: Osmomartovska ponuda na gradskom trgu &#8211; FOTO\/VIDEO\",\"datePublished\":\"2026-03-06T16:23:41+00:00\",\"dateModified\":\"2026-03-06T16:23:41+00:00\",\"mainEntityOfPage\":{\"@id\":\"https:\/\/www.prijedordanas.com\/?p=264312\"},\"wordCount\":324,\"publisher\":{\"@id\":\"https:\/\/www.prijedordanas.com\/#organization\"},\"articleSection\":[\"Foto dana\",\"Svakodnevno\"],\"inLanguage\":\"en-US\"},{\"@type\":\"WebPage\",\"@id\":\"https:\/\/www.prijedordanas.com\/?p=264312\",\"url\":\"https:\/\/www.prijedordanas.com\/?p=264312\",\"name\":\"U susret Danu \u017eena: Osmomartovska ponuda na gradskom trgu - FOTO\/VIDEO - PrijedorDanas.com - Prijedorski gradski portal\",\"isPartOf\":{\"@id\":\"https:\/\/www.prijedordanas.com\/#website\"},\"datePublished\":\"2026-03-06T16:23:41+00:00\",\"dateModified\":\"2026-03-06T16:23:41+00:00\",\"breadcrumb\":{\"@id\":\"https:\/\/www.prijedordanas.com\/?p=264312#breadcrumb\"},\"inLanguage\":\"en-US\",\"potentialAction\":[{\"@type\":\"ReadAction\",\"target\":[\"https:\/\/www.prijedordanas.com\/?p=264312\"]}]},{\"@type\":\"BreadcrumbList\",\"@id\":\"https:\/\/www.prijedordanas.com\/?p=264312#breadcrumb\",\"itemListElement\":[{\"@type\":\"ListItem\",\"position\":1,\"name\":\"Home\",\"item\":\"https:\/\/www.prijedordanas.com\/\"},{\"@type\":\"ListItem\",\"position\":2,\"name\":\"U susret Danu \u017eena: Osmomartovska ponuda na gradskom trgu &#8211; FOTO\/VIDEO\"}]},{\"@type\":\"WebSite\",\"@id\":\"https:\/\/www.prijedordanas.com\/#website\",\"url\":\"https:\/\/www.prijedordanas.com\/\",\"name\":\"PrijedorDanas.com - Prijedorski gradski portal\",\"description\":\"Portal o doga\u0111anjima u gradu Prijedoru\",\"publisher\":{\"@id\":\"https:\/\/www.prijedordanas.com\/#organization\"},\"potentialAction\":[{\"@type\":\"SearchAction\",\"target\":{\"@type\":\"EntryPoint\",\"urlTemplate\":\"https:\/\/www.prijedordanas.com\/?s={search_term_string}\"},\"query-input\":\"required name=search_term_string\"}],\"inLanguage\":\"en-US\"},{\"@type\":\"Organization\",\"@id\":\"https:\/\/www.prijedordanas.com\/#organization\",\"name\":\"PrijedorDanas.com\",\"url\":\"https:\/\/www.prijedordanas.com\/\",\"logo\":{\"@type\":\"ImageObject\",\"inLanguage\":\"en-US\",\"@id\":\"https:\/\/www.prijedordanas.com\/#\/schema\/logo\/image\/\",\"url\":\"http:\/\/www.prijedordanas.com\/wp-content\/uploads\/2021\/12\/logopng.png\",\"contentUrl\":\"http:\/\/www.prijedordanas.com\/wp-content\/uploads\/2021\/12\/logopng.png\",\"width\":1019,\"height\":776,\"caption\":\"PrijedorDanas.com\"},\"image\":{\"@id\":\"https:\/\/www.prijedordanas.com\/#\/schema\/logo\/image\/\"},\"sameAs\":[\"https:\/\/www.facebook.com\/PrijedorDanasCom\/\"]},{\"@type\":\"Person\",\"@id\":\"https:\/\/www.prijedordanas.com\/#\/schema\/person\/4e08ccf29b506ca916ff86d46bb700e6\",\"name\":\"admin\",\"image\":{\"@type\":\"ImageObject\",\"inLanguage\":\"en-US\",\"@id\":\"https:\/\/www.prijedordanas.com\/#\/schema\/person\/image\/\",\"url\":\"https:\/\/secure.gravatar.com\/avatar\/1d3fc949d550f0b53a5f0d51e06dfd79?s=96&d=mm&r=g\",\"contentUrl\":\"https:\/\/secure.gravatar.com\/avatar\/1d3fc949d550f0b53a5f0d51e06dfd79?s=96&d=mm&r=g\",\"caption\":\"admin\"},\"url\":\"https:\/\/www.prijedordanas.com\/?author=1\"}]}<\/script>\n<!-- \/ Yoast SEO plugin. -->","yoast_head_json":{"title":"U susret Danu \u017eena: Osmomartovska ponuda na gradskom trgu - FOTO\/VIDEO - PrijedorDanas.com - Prijedorski gradski portal","robots":{"index":"index","follow":"follow","max-snippet":"max-snippet:-1","max-image-preview":"max-image-preview:large","max-video-preview":"max-video-preview:-1"},"canonical":"https:\/\/www.prijedordanas.com\/?p=264312","og_locale":"en_US","og_type":"article","og_title":"U susret Danu \u017eena: Osmomartovska ponuda na gradskom trgu - FOTO\/VIDEO - PrijedorDanas.com - Prijedorski gradski portal","og_description":"Poglede prolaznika na Trgu majora Zorana Karlice ovih dana mame \u0161areni \u0161tandovi, na kojima se mogu prona\u0107i prigodni pokloni za predstoje\u0107i Me\u0111unarodni dan \u017eena. Osim klasi\u010dnih buketa i pojedina\u010dnih karanfila [&hellip;]","og_url":"https:\/\/www.prijedordanas.com\/?p=264312","og_site_name":"PrijedorDanas.com - Prijedorski gradski portal","article_publisher":"https:\/\/www.facebook.com\/PrijedorDanasCom\/","article_published_time":"2026-03-06T16:23:41+00:00","og_image":[{"url":"https:\/\/www.prijedordanas.com\/wp-content\/uploads\/2026\/03\/osmomartovski-standovi-2026-1-300x225.jpg"}],"author":"admin","twitter_card":"summary_large_image","twitter_misc":{"Written by":"admin","Est. reading time":"2 minutes"},"schema":{"@context":"https:\/\/schema.org","@graph":[{"@type":"Article","@id":"https:\/\/www.prijedordanas.com\/?p=264312#article","isPartOf":{"@id":"https:\/\/www.prijedordanas.com\/?p=264312"},"author":{"name":"admin","@id":"https:\/\/www.prijedordanas.com\/#\/schema\/person\/4e08ccf29b506ca916ff86d46bb700e6"},"headline":"U susret Danu \u017eena: Osmomartovska ponuda na gradskom trgu &#8211; FOTO\/VIDEO","datePublished":"2026-03-06T16:23:41+00:00","dateModified":"2026-03-06T16:23:41+00:00","mainEntityOfPage":{"@id":"https:\/\/www.prijedordanas.com\/?p=264312"},"wordCount":324,"publisher":{"@id":"https:\/\/www.prijedordanas.com\/#organization"},"articleSection":["Foto dana","Svakodnevno"],"inLanguage":"en-US"},{"@type":"WebPage","@id":"https:\/\/www.prijedordanas.com\/?p=264312","url":"https:\/\/www.prijedordanas.com\/?p=264312","name":"U susret Danu \u017eena: Osmomartovska ponuda na gradskom trgu - FOTO\/VIDEO - PrijedorDanas.com - Prijedorski gradski portal","isPartOf":{"@id":"https:\/\/www.prijedordanas.com\/#website"},"datePublished":"2026-03-06T16:23:41+00:00","dateModified":"2026-03-06T16:23:41+00:00","breadcrumb":{"@id":"https:\/\/www.prijedordanas.com\/?p=264312#breadcrumb"},"inLanguage":"en-US","potentialAction":[{"@type":"ReadAction","target":["https:\/\/www.prijedordanas.com\/?p=264312"]}]},{"@type":"BreadcrumbList","@id":"https:\/\/www.prijedordanas.com\/?p=264312#breadcrumb","itemListElement":[{"@type":"ListItem","position":1,"name":"Home","item":"https:\/\/www.prijedordanas.com\/"},{"@type":"ListItem","position":2,"name":"U susret Danu \u017eena: Osmomartovska ponuda na gradskom trgu &#8211; FOTO\/VIDEO"}]},{"@type":"WebSite","@id":"https:\/\/www.prijedordanas.com\/#website","url":"https:\/\/www.prijedordanas.com\/","name":"PrijedorDanas.com - Prijedorski gradski portal","description":"Portal o doga\u0111anjima u gradu Prijedoru","publisher":{"@id":"https:\/\/www.prijedordanas.com\/#organization"},"potentialAction":[{"@type":"SearchAction","target":{"@type":"EntryPoint","urlTemplate":"https:\/\/www.prijedordanas.com\/?s={search_term_string}"},"query-input":"required name=search_term_string"}],"inLanguage":"en-US"},{"@type":"Organization","@id":"https:\/\/www.prijedordanas.com\/#organization","name":"PrijedorDanas.com","url":"https:\/\/www.prijedordanas.com\/","logo":{"@type":"ImageObject","inLanguage":"en-US","@id":"https:\/\/www.prijedordanas.com\/#\/schema\/logo\/image\/","url":"http:\/\/www.prijedordanas.com\/wp-content\/uploads\/2021\/12\/logopng.png","contentUrl":"http:\/\/www.prijedordanas.com\/wp-content\/uploads\/2021\/12\/logopng.png","width":1019,"height":776,"caption":"PrijedorDanas.com"},"image":{"@id":"https:\/\/www.prijedordanas.com\/#\/schema\/logo\/image\/"},"sameAs":["https:\/\/www.facebook.com\/PrijedorDanasCom\/"]},{"@type":"Person","@id":"https:\/\/www.prijedordanas.com\/#\/schema\/person\/4e08ccf29b506ca916ff86d46bb700e6","name":"admin","image":{"@type":"ImageObject","inLanguage":"en-US","@id":"https:\/\/www.prijedordanas.com\/#\/schema\/person\/image\/","url":"https:\/\/secure.gravatar.com\/avatar\/1d3fc949d550f0b53a5f0d51e06dfd79?s=96&d=mm&r=g","contentUrl":"https:\/\/secure.gravatar.com\/avatar\/1d3fc949d550f0b53a5f0d51e06dfd79?s=96&d=mm&r=g","caption":"admin"},"url":"https:\/\/www.prijedordanas.com\/?author=1"}]}},"_links":{"self":[{"href":"https:\/\/www.prijedordanas.com\/index.php?rest_route=\/wp\/v2\/posts\/264312"}],"collection":[{"href":"https:\/\/www.prijedordanas.com\/index.php?rest_route=\/wp\/v2\/posts"}],"about":[{"href":"https:\/\/www.prijedordanas.com\/index.php?rest_route=\/wp\/v2\/types\/post"}],"author":[{"embeddable":true,"href":"https:\/\/www.prijedordanas.com\/index.php?rest_route=\/wp\/v2\/users\/1"}],"replies":[{"embeddable":true,"href":"https:\/\/www.prijedordanas.com\/index.php?rest_route=%2Fwp%2Fv2%2Fcomments&post=264312"}],"version-history":[{"count":1,"href":"https:\/\/www.prijedordanas.com\/index.php?rest_route=\/wp\/v2\/posts\/264312\/revisions"}],"predecessor-version":[{"id":264330,"href":"https:\/\/www.prijedordanas.com\/index.php?rest_route=\/wp\/v2\/posts\/264312\/revisions\/264330"}],"wp:attachment":[{"href":"https:\/\/www.prijedordanas.com\/index.php?rest_route=%2Fwp%2Fv2%2Fmedia&parent=264312"}],"wp:term":[{"taxonomy":"category","embeddable":true,"href":"https:\/\/www.prijedordanas.com\/index.php?rest_route=%2Fwp%2Fv2%2Fcategories&post=264312"},{"taxonomy":"post_tag","embeddable":true,"href":"https:\/\/www.prijedordanas.com\/index.php?rest_route=%2Fwp%2Fv2%2Ftags&post=264312"}],"curies":[{"name":"wp","href":"https:\/\/api.w.org\/{rel}","templated":true}]}}