{"id":264260,"date":"2026-03-06T09:19:52","date_gmt":"2026-03-06T08:19:52","guid":{"rendered":"https:\/\/www.prijedordanas.com\/?p=264260"},"modified":"2026-03-06T09:19:52","modified_gmt":"2026-03-06T08:19:52","slug":"rzr-ljubija-velaula-nismo-zvanicno-obavijesteni-o-prijedlogu-za-pokretanje-stecaja-u-novoj-ljubiji","status":"publish","type":"post","link":"https:\/\/www.prijedordanas.com\/?p=264260","title":{"rendered":"R\u017dR &#8220;Ljubija&#8221; &#8211; Velaula: Nismo zvani\u010dno obavije\u0161teni o prijedlogu za pokretanje ste\u010daja u &#8220;Novoj Ljubiji&#8221;"},"content":{"rendered":"<p><a href=\"https:\/\/www.prijedordanas.com\/wp-content\/uploads\/2025\/11\/kozarski-velaula.jpg\"><img loading=\"lazy\" decoding=\"async\" src=\"https:\/\/www.prijedordanas.com\/wp-content\/uploads\/2025\/11\/kozarski-velaula-300x225.jpg\" alt=\"\" width=\"300\" height=\"225\" class=\"alignleft size-medium wp-image-257922\" srcset=\"https:\/\/www.prijedordanas.com\/wp-content\/uploads\/2025\/11\/kozarski-velaula-300x225.jpg 300w, https:\/\/www.prijedordanas.com\/wp-content\/uploads\/2025\/11\/kozarski-velaula-640x480.jpg 640w, https:\/\/www.prijedordanas.com\/wp-content\/uploads\/2025\/11\/kozarski-velaula.jpg 667w\" sizes=\"(max-width: 300px) 100vw, 300px\" \/><\/a>Vr\u0161ilac du\u017enosti direktora Rudnika \u017eeljezne rude \u201cLJubija\u201d Prijedor Goran Velaula izjavio je da nije zvani\u010dno obavije\u0161ten da je \u201cNova LJubija\u201d podnijela prijedlog da nad tim rudnikom bude otvoren ste\u010daj, navode\u0107i da bi to bio dugotrajan proces sa nesagledivim posljedicama.<\/p>\n<p>Velaula je rekao Srni da \u0107e Rudnik komunicirati sa Okru\u017enim privrednim sudom u Prijedoru kojem je ju\u010de predat prijedlog za pokretanje ste\u010daja, budu\u0107i da je ovo preduze\u0107e kao saosniva\u010d zainteresovana strana.<\/p>\n<p>\u201cO\u010dekujemo poziv iz suda, ako u me\u0111uvremenu sam predlaga\u010d ne povu\u010de prijedlog ili ako ga ste\u010dajni sudija ve\u0107 u startu ne odbaci, \u0161to je, tako\u0111e, predvi\u0111eno zakonom\u201d, istakao je Velaula.<\/p>\n<p>On je podsjetio da je Rudnik \u017eeljezne rude 49-odstotni vlasnik \u201cNove LJubije\u201d, a da firma \u201cHiP\u201d Zvornik vlasnika Gordana Pavlovi\u0107a ima ve\u0107inski paket akcija, odnosno 51 odsto koliko su kupili od prethodnog vlasnika, \u201cArselor Mitala\u201d.<\/p>\n<p>\u201cRudnik \u0107e uputiti `Novoj LJubiji` dopis da li je bilo odlu\u010divanja mimo nas, da li su donosene neke odluke u nadle\u017enosti skup\u0161tine akcionara koju \u010dine predstavnici `Nove LJubije` i Rudnika, a da mi nismo o tome obavije\u0161teni. Tra\u017ei\u0107u i razloge za predlaganje ste\u010daja\u201d, izjavio je danas Velaula.<\/p>\n<p>Prema njegovim rije\u010dima, su\u0161tina ovog osniva\u010dkog akta, iz jula pro\u0161le godine, koji je uskla\u0111en s novim Zakonom o privrednim dru\u0161tvima, jeste da postoje odluke koje se donose ve\u0107inom, a postoje odluke koje se donose konsenzusom svih \u010dlanova.<\/p>\n<p>\u201cPredlaganje ste\u010daja nije precizirano u odlukama u kojima mora da u\u010destvuje Rudnik \u017eeljezne rude, ali donijeti takvu odluku bez informisanja suvlasnika ne odra\u017eva poslovnost, ni saradnju\u201d, ocijenio je Velaula.<\/p>\n<p>On je istakao da osim osniva\u010dke, vi\u0161e nije odr\u017eana nijedna skup\u0161tina, a da je Rudnik na nekolicini sastanaka sa Pavlovi\u0107em dobio uvjeravanja da je plan da se u Omarskoj radi jo\u0161 dvije godine jer ima oko dva miliona tona rude za eksploataciju za koju se mogu tra\u017eiti alternativni kupci i mimo Zenice.<\/p>\n<p>\u201cPrema toj informaciji kreirali smo poslovne planove. Ra\u010dunali smo na taj period i tako bismo imali vremena da i mi i grad na\u0111emo rje\u0161enje za novog kupca rude i pokrenemo proizvodnju u LJubiji na dva kopa, kao i druge procese koji bi amortizovali eventualni vi\u0161ak radnika, a sada smo zate\u010deni\u201d, rekao je Velaula.<\/p>\n<p>Prema njegovim rije\u010dima, u Prijedoru nikome ne odgovara eventualno pokretanje ste\u010daja i bio bi to slo\u017een i dugotrajan proces s nesagledivim posljedicama, izme\u0111u ostalog i zbog nerije\u0161enih imovinsko-pravnih odnosa, najvi\u0161e zbog razlika u katastaru i gruntovnici.<\/p>\n<p>On je dodao da je do problema doveo globalni pad potra\u017enje za \u017eeljezom, samo u Evropi za 30 odsto.<\/p>\n<p>Od Savjeta ministara o\u010dekuje da donese odluke o za\u0161titi doma\u0107e proizvodnje, \u010dime bi se mogao produ\u017eiti radni vijek i zeni\u010dke \u017eeljezare i prijedorskih rudokopa.<\/p>\n<p>Sindikalna organizacija \u201cNove LJubije\u201d danas je pozvala nadle\u017ene organe da preispitaju zakonitost predlaganja ste\u010daja u ovom rudniku.<\/p>\n","protected":false},"excerpt":{"rendered":"<p>Vr\u0161ilac du\u017enosti direktora Rudnika \u017eeljezne rude \u201cLJubija\u201d Prijedor Goran Velaula izjavio je da nije zvani\u010dno obavije\u0161ten da je \u201cNova LJubija\u201d podnijela prijedlog da nad tim rudnikom bude otvoren ste\u010daj, navode\u0107i [&hellip;]<\/p>\n","protected":false},"author":1,"featured_media":0,"comment_status":"closed","ping_status":"open","sticky":false,"template":"","format":"standard","meta":{"_monsterinsights_skip_tracking":false,"_monsterinsights_sitenote_active":false,"_monsterinsights_sitenote_note":"","_monsterinsights_sitenote_category":0,"footnotes":""},"categories":[8],"tags":[],"yoast_head":"<!-- This site is optimized with the Yoast SEO plugin v21.6 - https:\/\/yoast.com\/wordpress\/plugins\/seo\/ -->\n<title>R\u017dR &quot;Ljubija&quot; - Velaula: Nismo zvani\u010dno obavije\u0161teni o prijedlogu za pokretanje ste\u010daja u &quot;Novoj Ljubiji&quot; - PrijedorDanas.com - Prijedorski gradski portal<\/title>\n<meta name=\"robots\" content=\"index, follow, max-snippet:-1, max-image-preview:large, max-video-preview:-1\" \/>\n<link rel=\"canonical\" href=\"https:\/\/www.prijedordanas.com\/?p=264260\" \/>\n<meta property=\"og:locale\" content=\"en_US\" \/>\n<meta property=\"og:type\" content=\"article\" \/>\n<meta property=\"og:title\" content=\"R\u017dR &quot;Ljubija&quot; - Velaula: Nismo zvani\u010dno obavije\u0161teni o prijedlogu za pokretanje ste\u010daja u &quot;Novoj Ljubiji&quot; - PrijedorDanas.com - Prijedorski gradski portal\" \/>\n<meta property=\"og:description\" content=\"Vr\u0161ilac du\u017enosti direktora Rudnika \u017eeljezne rude \u201cLJubija\u201d Prijedor Goran Velaula izjavio je da nije zvani\u010dno obavije\u0161ten da je \u201cNova LJubija\u201d podnijela prijedlog da nad tim rudnikom bude otvoren ste\u010daj, navode\u0107i [&hellip;]\" \/>\n<meta property=\"og:url\" content=\"https:\/\/www.prijedordanas.com\/?p=264260\" \/>\n<meta property=\"og:site_name\" content=\"PrijedorDanas.com - Prijedorski gradski portal\" \/>\n<meta property=\"article:publisher\" content=\"https:\/\/www.facebook.com\/PrijedorDanasCom\/\" \/>\n<meta property=\"article:published_time\" content=\"2026-03-06T08:19:52+00:00\" \/>\n<meta property=\"og:image\" content=\"https:\/\/www.prijedordanas.com\/wp-content\/uploads\/2025\/11\/kozarski-velaula-300x225.jpg\" \/>\n<meta name=\"author\" content=\"admin\" \/>\n<meta name=\"twitter:card\" content=\"summary_large_image\" \/>\n<meta name=\"twitter:label1\" content=\"Written by\" \/>\n\t<meta name=\"twitter:data1\" content=\"admin\" \/>\n<script type=\"application\/ld+json\" class=\"yoast-schema-graph\">{\"@context\":\"https:\/\/schema.org\",\"@graph\":[{\"@type\":\"Article\",\"@id\":\"https:\/\/www.prijedordanas.com\/?p=264260#article\",\"isPartOf\":{\"@id\":\"https:\/\/www.prijedordanas.com\/?p=264260\"},\"author\":{\"name\":\"admin\",\"@id\":\"https:\/\/www.prijedordanas.com\/#\/schema\/person\/4e08ccf29b506ca916ff86d46bb700e6\"},\"headline\":\"R\u017dR &#8220;Ljubija&#8221; &#8211; Velaula: Nismo zvani\u010dno obavije\u0161teni o prijedlogu za pokretanje ste\u010daja u &#8220;Novoj Ljubiji&#8221;\",\"datePublished\":\"2026-03-06T08:19:52+00:00\",\"dateModified\":\"2026-03-06T08:19:52+00:00\",\"mainEntityOfPage\":{\"@id\":\"https:\/\/www.prijedordanas.com\/?p=264260\"},\"wordCount\":527,\"publisher\":{\"@id\":\"https:\/\/www.prijedordanas.com\/#organization\"},\"articleSection\":[\"Svakodnevno\"],\"inLanguage\":\"en-US\"},{\"@type\":\"WebPage\",\"@id\":\"https:\/\/www.prijedordanas.com\/?p=264260\",\"url\":\"https:\/\/www.prijedordanas.com\/?p=264260\",\"name\":\"R\u017dR \\\"Ljubija\\\" - Velaula: Nismo zvani\u010dno obavije\u0161teni o prijedlogu za pokretanje ste\u010daja u \\\"Novoj Ljubiji\\\" - PrijedorDanas.com - Prijedorski gradski portal\",\"isPartOf\":{\"@id\":\"https:\/\/www.prijedordanas.com\/#website\"},\"datePublished\":\"2026-03-06T08:19:52+00:00\",\"dateModified\":\"2026-03-06T08:19:52+00:00\",\"breadcrumb\":{\"@id\":\"https:\/\/www.prijedordanas.com\/?p=264260#breadcrumb\"},\"inLanguage\":\"en-US\",\"potentialAction\":[{\"@type\":\"ReadAction\",\"target\":[\"https:\/\/www.prijedordanas.com\/?p=264260\"]}]},{\"@type\":\"BreadcrumbList\",\"@id\":\"https:\/\/www.prijedordanas.com\/?p=264260#breadcrumb\",\"itemListElement\":[{\"@type\":\"ListItem\",\"position\":1,\"name\":\"Home\",\"item\":\"https:\/\/www.prijedordanas.com\/\"},{\"@type\":\"ListItem\",\"position\":2,\"name\":\"R\u017dR &#8220;Ljubija&#8221; &#8211; Velaula: Nismo zvani\u010dno obavije\u0161teni o prijedlogu za pokretanje ste\u010daja u &#8220;Novoj Ljubiji&#8221;\"}]},{\"@type\":\"WebSite\",\"@id\":\"https:\/\/www.prijedordanas.com\/#website\",\"url\":\"https:\/\/www.prijedordanas.com\/\",\"name\":\"PrijedorDanas.com - Prijedorski gradski portal\",\"description\":\"Portal o doga\u0111anjima u gradu Prijedoru\",\"publisher\":{\"@id\":\"https:\/\/www.prijedordanas.com\/#organization\"},\"potentialAction\":[{\"@type\":\"SearchAction\",\"target\":{\"@type\":\"EntryPoint\",\"urlTemplate\":\"https:\/\/www.prijedordanas.com\/?s={search_term_string}\"},\"query-input\":\"required name=search_term_string\"}],\"inLanguage\":\"en-US\"},{\"@type\":\"Organization\",\"@id\":\"https:\/\/www.prijedordanas.com\/#organization\",\"name\":\"PrijedorDanas.com\",\"url\":\"https:\/\/www.prijedordanas.com\/\",\"logo\":{\"@type\":\"ImageObject\",\"inLanguage\":\"en-US\",\"@id\":\"https:\/\/www.prijedordanas.com\/#\/schema\/logo\/image\/\",\"url\":\"http:\/\/www.prijedordanas.com\/wp-content\/uploads\/2021\/12\/logopng.png\",\"contentUrl\":\"http:\/\/www.prijedordanas.com\/wp-content\/uploads\/2021\/12\/logopng.png\",\"width\":1019,\"height\":776,\"caption\":\"PrijedorDanas.com\"},\"image\":{\"@id\":\"https:\/\/www.prijedordanas.com\/#\/schema\/logo\/image\/\"},\"sameAs\":[\"https:\/\/www.facebook.com\/PrijedorDanasCom\/\"]},{\"@type\":\"Person\",\"@id\":\"https:\/\/www.prijedordanas.com\/#\/schema\/person\/4e08ccf29b506ca916ff86d46bb700e6\",\"name\":\"admin\",\"image\":{\"@type\":\"ImageObject\",\"inLanguage\":\"en-US\",\"@id\":\"https:\/\/www.prijedordanas.com\/#\/schema\/person\/image\/\",\"url\":\"https:\/\/secure.gravatar.com\/avatar\/1d3fc949d550f0b53a5f0d51e06dfd79?s=96&d=mm&r=g\",\"contentUrl\":\"https:\/\/secure.gravatar.com\/avatar\/1d3fc949d550f0b53a5f0d51e06dfd79?s=96&d=mm&r=g\",\"caption\":\"admin\"},\"url\":\"https:\/\/www.prijedordanas.com\/?author=1\"}]}<\/script>\n<!-- \/ Yoast SEO plugin. -->","yoast_head_json":{"title":"R\u017dR \"Ljubija\" - Velaula: Nismo zvani\u010dno obavije\u0161teni o prijedlogu za pokretanje ste\u010daja u \"Novoj Ljubiji\" - PrijedorDanas.com - Prijedorski gradski portal","robots":{"index":"index","follow":"follow","max-snippet":"max-snippet:-1","max-image-preview":"max-image-preview:large","max-video-preview":"max-video-preview:-1"},"canonical":"https:\/\/www.prijedordanas.com\/?p=264260","og_locale":"en_US","og_type":"article","og_title":"R\u017dR \"Ljubija\" - Velaula: Nismo zvani\u010dno obavije\u0161teni o prijedlogu za pokretanje ste\u010daja u \"Novoj Ljubiji\" - PrijedorDanas.com - Prijedorski gradski portal","og_description":"Vr\u0161ilac du\u017enosti direktora Rudnika \u017eeljezne rude \u201cLJubija\u201d Prijedor Goran Velaula izjavio je da nije zvani\u010dno obavije\u0161ten da je \u201cNova LJubija\u201d podnijela prijedlog da nad tim rudnikom bude otvoren ste\u010daj, navode\u0107i [&hellip;]","og_url":"https:\/\/www.prijedordanas.com\/?p=264260","og_site_name":"PrijedorDanas.com - Prijedorski gradski portal","article_publisher":"https:\/\/www.facebook.com\/PrijedorDanasCom\/","article_published_time":"2026-03-06T08:19:52+00:00","og_image":[{"url":"https:\/\/www.prijedordanas.com\/wp-content\/uploads\/2025\/11\/kozarski-velaula-300x225.jpg"}],"author":"admin","twitter_card":"summary_large_image","twitter_misc":{"Written by":"admin"},"schema":{"@context":"https:\/\/schema.org","@graph":[{"@type":"Article","@id":"https:\/\/www.prijedordanas.com\/?p=264260#article","isPartOf":{"@id":"https:\/\/www.prijedordanas.com\/?p=264260"},"author":{"name":"admin","@id":"https:\/\/www.prijedordanas.com\/#\/schema\/person\/4e08ccf29b506ca916ff86d46bb700e6"},"headline":"R\u017dR &#8220;Ljubija&#8221; &#8211; Velaula: Nismo zvani\u010dno obavije\u0161teni o prijedlogu za pokretanje ste\u010daja u &#8220;Novoj Ljubiji&#8221;","datePublished":"2026-03-06T08:19:52+00:00","dateModified":"2026-03-06T08:19:52+00:00","mainEntityOfPage":{"@id":"https:\/\/www.prijedordanas.com\/?p=264260"},"wordCount":527,"publisher":{"@id":"https:\/\/www.prijedordanas.com\/#organization"},"articleSection":["Svakodnevno"],"inLanguage":"en-US"},{"@type":"WebPage","@id":"https:\/\/www.prijedordanas.com\/?p=264260","url":"https:\/\/www.prijedordanas.com\/?p=264260","name":"R\u017dR \"Ljubija\" - Velaula: Nismo zvani\u010dno obavije\u0161teni o prijedlogu za pokretanje ste\u010daja u \"Novoj Ljubiji\" - PrijedorDanas.com - Prijedorski gradski portal","isPartOf":{"@id":"https:\/\/www.prijedordanas.com\/#website"},"datePublished":"2026-03-06T08:19:52+00:00","dateModified":"2026-03-06T08:19:52+00:00","breadcrumb":{"@id":"https:\/\/www.prijedordanas.com\/?p=264260#breadcrumb"},"inLanguage":"en-US","potentialAction":[{"@type":"ReadAction","target":["https:\/\/www.prijedordanas.com\/?p=264260"]}]},{"@type":"BreadcrumbList","@id":"https:\/\/www.prijedordanas.com\/?p=264260#breadcrumb","itemListElement":[{"@type":"ListItem","position":1,"name":"Home","item":"https:\/\/www.prijedordanas.com\/"},{"@type":"ListItem","position":2,"name":"R\u017dR &#8220;Ljubija&#8221; &#8211; Velaula: Nismo zvani\u010dno obavije\u0161teni o prijedlogu za pokretanje ste\u010daja u &#8220;Novoj Ljubiji&#8221;"}]},{"@type":"WebSite","@id":"https:\/\/www.prijedordanas.com\/#website","url":"https:\/\/www.prijedordanas.com\/","name":"PrijedorDanas.com - Prijedorski gradski portal","description":"Portal o doga\u0111anjima u gradu Prijedoru","publisher":{"@id":"https:\/\/www.prijedordanas.com\/#organization"},"potentialAction":[{"@type":"SearchAction","target":{"@type":"EntryPoint","urlTemplate":"https:\/\/www.prijedordanas.com\/?s={search_term_string}"},"query-input":"required name=search_term_string"}],"inLanguage":"en-US"},{"@type":"Organization","@id":"https:\/\/www.prijedordanas.com\/#organization","name":"PrijedorDanas.com","url":"https:\/\/www.prijedordanas.com\/","logo":{"@type":"ImageObject","inLanguage":"en-US","@id":"https:\/\/www.prijedordanas.com\/#\/schema\/logo\/image\/","url":"http:\/\/www.prijedordanas.com\/wp-content\/uploads\/2021\/12\/logopng.png","contentUrl":"http:\/\/www.prijedordanas.com\/wp-content\/uploads\/2021\/12\/logopng.png","width":1019,"height":776,"caption":"PrijedorDanas.com"},"image":{"@id":"https:\/\/www.prijedordanas.com\/#\/schema\/logo\/image\/"},"sameAs":["https:\/\/www.facebook.com\/PrijedorDanasCom\/"]},{"@type":"Person","@id":"https:\/\/www.prijedordanas.com\/#\/schema\/person\/4e08ccf29b506ca916ff86d46bb700e6","name":"admin","image":{"@type":"ImageObject","inLanguage":"en-US","@id":"https:\/\/www.prijedordanas.com\/#\/schema\/person\/image\/","url":"https:\/\/secure.gravatar.com\/avatar\/1d3fc949d550f0b53a5f0d51e06dfd79?s=96&d=mm&r=g","contentUrl":"https:\/\/secure.gravatar.com\/avatar\/1d3fc949d550f0b53a5f0d51e06dfd79?s=96&d=mm&r=g","caption":"admin"},"url":"https:\/\/www.prijedordanas.com\/?author=1"}]}},"_links":{"self":[{"href":"https:\/\/www.prijedordanas.com\/index.php?rest_route=\/wp\/v2\/posts\/264260"}],"collection":[{"href":"https:\/\/www.prijedordanas.com\/index.php?rest_route=\/wp\/v2\/posts"}],"about":[{"href":"https:\/\/www.prijedordanas.com\/index.php?rest_route=\/wp\/v2\/types\/post"}],"author":[{"embeddable":true,"href":"https:\/\/www.prijedordanas.com\/index.php?rest_route=\/wp\/v2\/users\/1"}],"replies":[{"embeddable":true,"href":"https:\/\/www.prijedordanas.com\/index.php?rest_route=%2Fwp%2Fv2%2Fcomments&post=264260"}],"version-history":[{"count":1,"href":"https:\/\/www.prijedordanas.com\/index.php?rest_route=\/wp\/v2\/posts\/264260\/revisions"}],"predecessor-version":[{"id":264261,"href":"https:\/\/www.prijedordanas.com\/index.php?rest_route=\/wp\/v2\/posts\/264260\/revisions\/264261"}],"wp:attachment":[{"href":"https:\/\/www.prijedordanas.com\/index.php?rest_route=%2Fwp%2Fv2%2Fmedia&parent=264260"}],"wp:term":[{"taxonomy":"category","embeddable":true,"href":"https:\/\/www.prijedordanas.com\/index.php?rest_route=%2Fwp%2Fv2%2Fcategories&post=264260"},{"taxonomy":"post_tag","embeddable":true,"href":"https:\/\/www.prijedordanas.com\/index.php?rest_route=%2Fwp%2Fv2%2Ftags&post=264260"}],"curies":[{"name":"wp","href":"https:\/\/api.w.org\/{rel}","templated":true}]}}