{"id":264253,"date":"2026-03-05T22:04:17","date_gmt":"2026-03-05T21:04:17","guid":{"rendered":"https:\/\/www.prijedordanas.com\/?p=264253"},"modified":"2026-03-05T22:04:17","modified_gmt":"2026-03-05T21:04:17","slug":"stevanovic-prekid-rada-u-zeljezari-zenica-znacio-bi-prekid-i-u-rudniku-omarska-savjet-ministara-da-reaguje","status":"publish","type":"post","link":"https:\/\/www.prijedordanas.com\/?p=264253","title":{"rendered":"Stevanovi\u0107: Prekid rada u \u017deljezari Zenica zna\u010dio bi prekid i u Rudniku Omarska &#8211; Savjet ministara da reaguje"},"content":{"rendered":"<p><a href=\"https:\/\/www.prijedordanas.com\/wp-content\/uploads\/2019\/05\/blic-rudnik-omarska.jpg\"><img loading=\"lazy\" decoding=\"async\" src=\"https:\/\/www.prijedordanas.com\/wp-content\/uploads\/2019\/05\/blic-rudnik-omarska-300x217.jpg\" alt=\"\" width=\"300\" height=\"217\" class=\"alignleft size-medium wp-image-126963\" srcset=\"https:\/\/www.prijedordanas.com\/wp-content\/uploads\/2019\/05\/blic-rudnik-omarska-300x217.jpg 300w, https:\/\/www.prijedordanas.com\/wp-content\/uploads\/2019\/05\/blic-rudnik-omarska-100x72.jpg 100w, https:\/\/www.prijedordanas.com\/wp-content\/uploads\/2019\/05\/blic-rudnik-omarska.jpg 690w\" sizes=\"(max-width: 300px) 100vw, 300px\" \/><\/a>Ministar saobra\u0107aja i veza Republike Srpske Zoran Stevanovi\u0107 rekao je da do\u0111e li do prestanka proizvodnje u \u017deljezari Zenica, po automatizmu \u0107e do\u0107i do prekida proizvodnje u Rudniku \u017eeljezne rude Omarska.<\/p>\n<p>&#8211; \u0160ta to zna\u010di? To zna\u010di da 60-ak, mo\u017eda i koji procenat vi\u0161e ukupnog prihoda \u017deljeznica Republike Srpske nestaje prakti\u010dno. I to \u0107e dovesti do ozbiljnog pitanja opstanka i ostanka na\u0161eg \u017eeljezni\u010dkog saobra\u0107aja u ovim kapacitetima kakvi su danas. Mi nekom svojom tihom diplomatijom se borimo da do toga ne do\u0111e, \u010dinimo \u0161ta mo\u017eemo &#8211; ka\u017ee Stevanovi\u0107.<\/p>\n<p>Isti\u010de da je Vlada Republike Srpske svojevremeno podr\u017eala uvo\u0111enje za\u0161titnih mjera za za\u0161titu doma\u0107e proizvodnje kada je u pitanju \u010delik. <\/p>\n<p>&#8211; Uputili smo svoje pismo Savjetu ministara, a oni su dva puta stavljali tu ta\u010dku na dnevni red. O\u010dekujemo da \u0107e se i danas na Savjetu ministara razmatrati ta situacija o uvo\u0111enju za\u0161tnih mjera. \u0408er cijela zapadna Evropa je to uradila. Uradila je to i Srbija prije mjesec dana. To treba da uradi i Savjet ministara kako bi se za\u0161titilo sedam, osam hiljada radnih mjesta. To nisu samo \u017deljeznice Republike Srpske. Imate \u017deljeznice sa 1.700 ljudi, Rudnik Prijedor sa 600, \u017deljeznice Federacije sa dvije hiljade &#8211; navodi Stevanovi\u0107.<\/p>\n<p>Navodi da \u017deljezara Zenica ima 1.900 ljudi, direktno zaposlenih.<\/p>\n<p>&#8211; O\u010dekujem razumijevanje od Savjeta ministara i da se na\u0111e na\u010din da se za\u0161titi doma\u0107a proizvodnja kako bi sve nastavilo da funkcioni\u0161e &#8211; navodi Stevanovi\u0107.<\/p>\n<p>RTRS<br \/>\nFoto &#8211; ilustracija<\/p>\n","protected":false},"excerpt":{"rendered":"<p>Ministar saobra\u0107aja i veza Republike Srpske Zoran Stevanovi\u0107 rekao je da do\u0111e li do prestanka proizvodnje u \u017deljezari Zenica, po automatizmu \u0107e do\u0107i do prekida proizvodnje u Rudniku \u017eeljezne rude [&hellip;]<\/p>\n","protected":false},"author":1,"featured_media":0,"comment_status":"closed","ping_status":"open","sticky":false,"template":"","format":"standard","meta":{"_monsterinsights_skip_tracking":false,"_monsterinsights_sitenote_active":false,"_monsterinsights_sitenote_note":"","_monsterinsights_sitenote_category":0,"footnotes":""},"categories":[8],"tags":[],"yoast_head":"<!-- This site is optimized with the Yoast SEO plugin v21.6 - https:\/\/yoast.com\/wordpress\/plugins\/seo\/ -->\n<title>Stevanovi\u0107: Prekid rada u \u017deljezari Zenica zna\u010dio bi prekid i u Rudniku Omarska - Savjet ministara da reaguje - PrijedorDanas.com - Prijedorski gradski portal<\/title>\n<meta name=\"robots\" content=\"index, follow, max-snippet:-1, max-image-preview:large, max-video-preview:-1\" \/>\n<link rel=\"canonical\" href=\"https:\/\/www.prijedordanas.com\/?p=264253\" \/>\n<meta property=\"og:locale\" content=\"en_US\" \/>\n<meta property=\"og:type\" content=\"article\" \/>\n<meta property=\"og:title\" content=\"Stevanovi\u0107: Prekid rada u \u017deljezari Zenica zna\u010dio bi prekid i u Rudniku Omarska - Savjet ministara da reaguje - PrijedorDanas.com - Prijedorski gradski portal\" \/>\n<meta property=\"og:description\" content=\"Ministar saobra\u0107aja i veza Republike Srpske Zoran Stevanovi\u0107 rekao je da do\u0111e li do prestanka proizvodnje u \u017deljezari Zenica, po automatizmu \u0107e do\u0107i do prekida proizvodnje u Rudniku \u017eeljezne rude [&hellip;]\" \/>\n<meta property=\"og:url\" content=\"https:\/\/www.prijedordanas.com\/?p=264253\" \/>\n<meta property=\"og:site_name\" content=\"PrijedorDanas.com - Prijedorski gradski portal\" \/>\n<meta property=\"article:publisher\" content=\"https:\/\/www.facebook.com\/PrijedorDanasCom\/\" \/>\n<meta property=\"article:published_time\" content=\"2026-03-05T21:04:17+00:00\" \/>\n<meta property=\"og:image\" content=\"https:\/\/www.prijedordanas.com\/wp-content\/uploads\/2019\/05\/blic-rudnik-omarska-300x217.jpg\" \/>\n<meta name=\"author\" content=\"admin\" \/>\n<meta name=\"twitter:card\" content=\"summary_large_image\" \/>\n<meta name=\"twitter:label1\" content=\"Written by\" \/>\n\t<meta name=\"twitter:data1\" content=\"admin\" \/>\n<script type=\"application\/ld+json\" class=\"yoast-schema-graph\">{\"@context\":\"https:\/\/schema.org\",\"@graph\":[{\"@type\":\"Article\",\"@id\":\"https:\/\/www.prijedordanas.com\/?p=264253#article\",\"isPartOf\":{\"@id\":\"https:\/\/www.prijedordanas.com\/?p=264253\"},\"author\":{\"name\":\"admin\",\"@id\":\"https:\/\/www.prijedordanas.com\/#\/schema\/person\/4e08ccf29b506ca916ff86d46bb700e6\"},\"headline\":\"Stevanovi\u0107: Prekid rada u \u017deljezari Zenica zna\u010dio bi prekid i u Rudniku Omarska &#8211; Savjet ministara da reaguje\",\"datePublished\":\"2026-03-05T21:04:17+00:00\",\"dateModified\":\"2026-03-05T21:04:17+00:00\",\"mainEntityOfPage\":{\"@id\":\"https:\/\/www.prijedordanas.com\/?p=264253\"},\"wordCount\":281,\"publisher\":{\"@id\":\"https:\/\/www.prijedordanas.com\/#organization\"},\"articleSection\":[\"Svakodnevno\"],\"inLanguage\":\"en-US\"},{\"@type\":\"WebPage\",\"@id\":\"https:\/\/www.prijedordanas.com\/?p=264253\",\"url\":\"https:\/\/www.prijedordanas.com\/?p=264253\",\"name\":\"Stevanovi\u0107: Prekid rada u \u017deljezari Zenica zna\u010dio bi prekid i u Rudniku Omarska - Savjet ministara da reaguje - PrijedorDanas.com - Prijedorski gradski portal\",\"isPartOf\":{\"@id\":\"https:\/\/www.prijedordanas.com\/#website\"},\"datePublished\":\"2026-03-05T21:04:17+00:00\",\"dateModified\":\"2026-03-05T21:04:17+00:00\",\"breadcrumb\":{\"@id\":\"https:\/\/www.prijedordanas.com\/?p=264253#breadcrumb\"},\"inLanguage\":\"en-US\",\"potentialAction\":[{\"@type\":\"ReadAction\",\"target\":[\"https:\/\/www.prijedordanas.com\/?p=264253\"]}]},{\"@type\":\"BreadcrumbList\",\"@id\":\"https:\/\/www.prijedordanas.com\/?p=264253#breadcrumb\",\"itemListElement\":[{\"@type\":\"ListItem\",\"position\":1,\"name\":\"Home\",\"item\":\"https:\/\/www.prijedordanas.com\/\"},{\"@type\":\"ListItem\",\"position\":2,\"name\":\"Stevanovi\u0107: Prekid rada u \u017deljezari Zenica zna\u010dio bi prekid i u Rudniku Omarska &#8211; Savjet ministara da reaguje\"}]},{\"@type\":\"WebSite\",\"@id\":\"https:\/\/www.prijedordanas.com\/#website\",\"url\":\"https:\/\/www.prijedordanas.com\/\",\"name\":\"PrijedorDanas.com - Prijedorski gradski portal\",\"description\":\"Portal o doga\u0111anjima u gradu Prijedoru\",\"publisher\":{\"@id\":\"https:\/\/www.prijedordanas.com\/#organization\"},\"potentialAction\":[{\"@type\":\"SearchAction\",\"target\":{\"@type\":\"EntryPoint\",\"urlTemplate\":\"https:\/\/www.prijedordanas.com\/?s={search_term_string}\"},\"query-input\":\"required name=search_term_string\"}],\"inLanguage\":\"en-US\"},{\"@type\":\"Organization\",\"@id\":\"https:\/\/www.prijedordanas.com\/#organization\",\"name\":\"PrijedorDanas.com\",\"url\":\"https:\/\/www.prijedordanas.com\/\",\"logo\":{\"@type\":\"ImageObject\",\"inLanguage\":\"en-US\",\"@id\":\"https:\/\/www.prijedordanas.com\/#\/schema\/logo\/image\/\",\"url\":\"http:\/\/www.prijedordanas.com\/wp-content\/uploads\/2021\/12\/logopng.png\",\"contentUrl\":\"http:\/\/www.prijedordanas.com\/wp-content\/uploads\/2021\/12\/logopng.png\",\"width\":1019,\"height\":776,\"caption\":\"PrijedorDanas.com\"},\"image\":{\"@id\":\"https:\/\/www.prijedordanas.com\/#\/schema\/logo\/image\/\"},\"sameAs\":[\"https:\/\/www.facebook.com\/PrijedorDanasCom\/\"]},{\"@type\":\"Person\",\"@id\":\"https:\/\/www.prijedordanas.com\/#\/schema\/person\/4e08ccf29b506ca916ff86d46bb700e6\",\"name\":\"admin\",\"image\":{\"@type\":\"ImageObject\",\"inLanguage\":\"en-US\",\"@id\":\"https:\/\/www.prijedordanas.com\/#\/schema\/person\/image\/\",\"url\":\"https:\/\/secure.gravatar.com\/avatar\/1d3fc949d550f0b53a5f0d51e06dfd79?s=96&d=mm&r=g\",\"contentUrl\":\"https:\/\/secure.gravatar.com\/avatar\/1d3fc949d550f0b53a5f0d51e06dfd79?s=96&d=mm&r=g\",\"caption\":\"admin\"},\"url\":\"https:\/\/www.prijedordanas.com\/?author=1\"}]}<\/script>\n<!-- \/ Yoast SEO plugin. -->","yoast_head_json":{"title":"Stevanovi\u0107: Prekid rada u \u017deljezari Zenica zna\u010dio bi prekid i u Rudniku Omarska - Savjet ministara da reaguje - PrijedorDanas.com - Prijedorski gradski portal","robots":{"index":"index","follow":"follow","max-snippet":"max-snippet:-1","max-image-preview":"max-image-preview:large","max-video-preview":"max-video-preview:-1"},"canonical":"https:\/\/www.prijedordanas.com\/?p=264253","og_locale":"en_US","og_type":"article","og_title":"Stevanovi\u0107: Prekid rada u \u017deljezari Zenica zna\u010dio bi prekid i u Rudniku Omarska - Savjet ministara da reaguje - PrijedorDanas.com - Prijedorski gradski portal","og_description":"Ministar saobra\u0107aja i veza Republike Srpske Zoran Stevanovi\u0107 rekao je da do\u0111e li do prestanka proizvodnje u \u017deljezari Zenica, po automatizmu \u0107e do\u0107i do prekida proizvodnje u Rudniku \u017eeljezne rude [&hellip;]","og_url":"https:\/\/www.prijedordanas.com\/?p=264253","og_site_name":"PrijedorDanas.com - Prijedorski gradski portal","article_publisher":"https:\/\/www.facebook.com\/PrijedorDanasCom\/","article_published_time":"2026-03-05T21:04:17+00:00","og_image":[{"url":"https:\/\/www.prijedordanas.com\/wp-content\/uploads\/2019\/05\/blic-rudnik-omarska-300x217.jpg"}],"author":"admin","twitter_card":"summary_large_image","twitter_misc":{"Written by":"admin"},"schema":{"@context":"https:\/\/schema.org","@graph":[{"@type":"Article","@id":"https:\/\/www.prijedordanas.com\/?p=264253#article","isPartOf":{"@id":"https:\/\/www.prijedordanas.com\/?p=264253"},"author":{"name":"admin","@id":"https:\/\/www.prijedordanas.com\/#\/schema\/person\/4e08ccf29b506ca916ff86d46bb700e6"},"headline":"Stevanovi\u0107: Prekid rada u \u017deljezari Zenica zna\u010dio bi prekid i u Rudniku Omarska &#8211; Savjet ministara da reaguje","datePublished":"2026-03-05T21:04:17+00:00","dateModified":"2026-03-05T21:04:17+00:00","mainEntityOfPage":{"@id":"https:\/\/www.prijedordanas.com\/?p=264253"},"wordCount":281,"publisher":{"@id":"https:\/\/www.prijedordanas.com\/#organization"},"articleSection":["Svakodnevno"],"inLanguage":"en-US"},{"@type":"WebPage","@id":"https:\/\/www.prijedordanas.com\/?p=264253","url":"https:\/\/www.prijedordanas.com\/?p=264253","name":"Stevanovi\u0107: Prekid rada u \u017deljezari Zenica zna\u010dio bi prekid i u Rudniku Omarska - Savjet ministara da reaguje - PrijedorDanas.com - Prijedorski gradski portal","isPartOf":{"@id":"https:\/\/www.prijedordanas.com\/#website"},"datePublished":"2026-03-05T21:04:17+00:00","dateModified":"2026-03-05T21:04:17+00:00","breadcrumb":{"@id":"https:\/\/www.prijedordanas.com\/?p=264253#breadcrumb"},"inLanguage":"en-US","potentialAction":[{"@type":"ReadAction","target":["https:\/\/www.prijedordanas.com\/?p=264253"]}]},{"@type":"BreadcrumbList","@id":"https:\/\/www.prijedordanas.com\/?p=264253#breadcrumb","itemListElement":[{"@type":"ListItem","position":1,"name":"Home","item":"https:\/\/www.prijedordanas.com\/"},{"@type":"ListItem","position":2,"name":"Stevanovi\u0107: Prekid rada u \u017deljezari Zenica zna\u010dio bi prekid i u Rudniku Omarska &#8211; Savjet ministara da reaguje"}]},{"@type":"WebSite","@id":"https:\/\/www.prijedordanas.com\/#website","url":"https:\/\/www.prijedordanas.com\/","name":"PrijedorDanas.com - Prijedorski gradski portal","description":"Portal o doga\u0111anjima u gradu Prijedoru","publisher":{"@id":"https:\/\/www.prijedordanas.com\/#organization"},"potentialAction":[{"@type":"SearchAction","target":{"@type":"EntryPoint","urlTemplate":"https:\/\/www.prijedordanas.com\/?s={search_term_string}"},"query-input":"required name=search_term_string"}],"inLanguage":"en-US"},{"@type":"Organization","@id":"https:\/\/www.prijedordanas.com\/#organization","name":"PrijedorDanas.com","url":"https:\/\/www.prijedordanas.com\/","logo":{"@type":"ImageObject","inLanguage":"en-US","@id":"https:\/\/www.prijedordanas.com\/#\/schema\/logo\/image\/","url":"http:\/\/www.prijedordanas.com\/wp-content\/uploads\/2021\/12\/logopng.png","contentUrl":"http:\/\/www.prijedordanas.com\/wp-content\/uploads\/2021\/12\/logopng.png","width":1019,"height":776,"caption":"PrijedorDanas.com"},"image":{"@id":"https:\/\/www.prijedordanas.com\/#\/schema\/logo\/image\/"},"sameAs":["https:\/\/www.facebook.com\/PrijedorDanasCom\/"]},{"@type":"Person","@id":"https:\/\/www.prijedordanas.com\/#\/schema\/person\/4e08ccf29b506ca916ff86d46bb700e6","name":"admin","image":{"@type":"ImageObject","inLanguage":"en-US","@id":"https:\/\/www.prijedordanas.com\/#\/schema\/person\/image\/","url":"https:\/\/secure.gravatar.com\/avatar\/1d3fc949d550f0b53a5f0d51e06dfd79?s=96&d=mm&r=g","contentUrl":"https:\/\/secure.gravatar.com\/avatar\/1d3fc949d550f0b53a5f0d51e06dfd79?s=96&d=mm&r=g","caption":"admin"},"url":"https:\/\/www.prijedordanas.com\/?author=1"}]}},"_links":{"self":[{"href":"https:\/\/www.prijedordanas.com\/index.php?rest_route=\/wp\/v2\/posts\/264253"}],"collection":[{"href":"https:\/\/www.prijedordanas.com\/index.php?rest_route=\/wp\/v2\/posts"}],"about":[{"href":"https:\/\/www.prijedordanas.com\/index.php?rest_route=\/wp\/v2\/types\/post"}],"author":[{"embeddable":true,"href":"https:\/\/www.prijedordanas.com\/index.php?rest_route=\/wp\/v2\/users\/1"}],"replies":[{"embeddable":true,"href":"https:\/\/www.prijedordanas.com\/index.php?rest_route=%2Fwp%2Fv2%2Fcomments&post=264253"}],"version-history":[{"count":1,"href":"https:\/\/www.prijedordanas.com\/index.php?rest_route=\/wp\/v2\/posts\/264253\/revisions"}],"predecessor-version":[{"id":264254,"href":"https:\/\/www.prijedordanas.com\/index.php?rest_route=\/wp\/v2\/posts\/264253\/revisions\/264254"}],"wp:attachment":[{"href":"https:\/\/www.prijedordanas.com\/index.php?rest_route=%2Fwp%2Fv2%2Fmedia&parent=264253"}],"wp:term":[{"taxonomy":"category","embeddable":true,"href":"https:\/\/www.prijedordanas.com\/index.php?rest_route=%2Fwp%2Fv2%2Fcategories&post=264253"},{"taxonomy":"post_tag","embeddable":true,"href":"https:\/\/www.prijedordanas.com\/index.php?rest_route=%2Fwp%2Fv2%2Ftags&post=264253"}],"curies":[{"name":"wp","href":"https:\/\/api.w.org\/{rel}","templated":true}]}}