{"id":264228,"date":"2026-03-05T16:45:15","date_gmt":"2026-03-05T15:45:15","guid":{"rendered":"https:\/\/www.prijedordanas.com\/?p=264228"},"modified":"2026-03-05T16:45:15","modified_gmt":"2026-03-05T15:45:15","slug":"minic-o-novoj-ljubiji-nemocni-smo","status":"publish","type":"post","link":"https:\/\/www.prijedordanas.com\/?p=264228","title":{"rendered":"Mini\u0107 o &#8220;Novoj Ljubiji&#8221;: Nemo\u0107ni smo"},"content":{"rendered":"<p><a href=\"https:\/\/www.prijedordanas.com\/wp-content\/uploads\/2026\/03\/vladars-minic.jpg\"><img loading=\"lazy\" decoding=\"async\" src=\"https:\/\/www.prijedordanas.com\/wp-content\/uploads\/2026\/03\/vladars-minic-300x225.jpg\" alt=\"\" width=\"300\" height=\"225\" class=\"alignleft size-medium wp-image-264229\" srcset=\"https:\/\/www.prijedordanas.com\/wp-content\/uploads\/2026\/03\/vladars-minic-300x225.jpg 300w, https:\/\/www.prijedordanas.com\/wp-content\/uploads\/2026\/03\/vladars-minic-640x480.jpg 640w, https:\/\/www.prijedordanas.com\/wp-content\/uploads\/2026\/03\/vladars-minic.jpg 667w\" sizes=\"(max-width: 300px) 100vw, 300px\" \/><\/a>Savo Mini\u0107, predsjednik Vlade Republike Srpske, poru\u010dio je da je problem u &#8220;\u017deljeznicama RS&#8221; a koji se odnosi na rudnik &#8220;Nova Ljubija&#8221; trebalo da bude privremeno rije\u0161en odlukom Savjeta ministara BiH i to odlukom o uvozu \u017eeljeza u BiH, te da je Vlada Republike Srpske u ovom slu\u010daju nemo\u0107na.<\/p>\n<p>&#8220;Vlada je tu apsolutno nemo\u0107na. \u0160ta mo\u017eemo uticati na &#8216;\u017deljezaru&#8217; u Zenici, a oni su 70 odsto prihoda &#8216;\u017deljeznica Srpske&#8217;, \u0161ta mo\u017eemo uticati na privatni kapital i na poreme\u0107aje na svjetskom tr\u017ei\u0161tu sirovina i energenata? Naravno ne mo\u017eemo, ali \u017eelimo da za\u0161titimo svako radno mjesto&#8221;, kazao je Mini\u0107.<\/p>\n<p>Navodi da \u0107e zadu\u017eiti resorne ministre da iza\u0111u na teren i da vide u kojoj mjeri Vlada RS mo\u017ee da uti\u010de na ovo pitanje.<\/p>\n<p>&#8220;Na sjednici Savjeta ministara tra\u017een je spas u smislu dono\u0161enja odluka da mogla da funkcion\u0161e &#8216;\u017deljezara&#8217; u Zenici i da bi mogli svoje \u017eeljezo da ovdje plasirati. Ovo nije problem samo u ovoj oblasti, jer i prera\u0111iva\u010dka industrija ima problem&#8221;, rekao je Mini\u0107.<\/p>\n<p><a href=\"https:\/\/www.nezavisne.com\/ekonomija\/privreda\/Minic-o-Novoj-Ljubiji-Nemocni-smo\/954258\" rel=\"noopener\" target=\"_blank\">nezavisne.com<\/a><\/p>\n","protected":false},"excerpt":{"rendered":"<p>Savo Mini\u0107, predsjednik Vlade Republike Srpske, poru\u010dio je da je problem u &#8220;\u017deljeznicama RS&#8221; a koji se odnosi na rudnik &#8220;Nova Ljubija&#8221; trebalo da bude privremeno rije\u0161en odlukom Savjeta ministara [&hellip;]<\/p>\n","protected":false},"author":1,"featured_media":0,"comment_status":"closed","ping_status":"open","sticky":false,"template":"","format":"standard","meta":{"_monsterinsights_skip_tracking":false,"_monsterinsights_sitenote_active":false,"_monsterinsights_sitenote_note":"","_monsterinsights_sitenote_category":0,"footnotes":""},"categories":[8],"tags":[],"yoast_head":"<!-- This site is optimized with the Yoast SEO plugin v21.6 - https:\/\/yoast.com\/wordpress\/plugins\/seo\/ -->\n<title>Mini\u0107 o &quot;Novoj Ljubiji&quot;: Nemo\u0107ni smo - PrijedorDanas.com - Prijedorski gradski portal<\/title>\n<meta name=\"robots\" content=\"index, follow, max-snippet:-1, max-image-preview:large, max-video-preview:-1\" \/>\n<link rel=\"canonical\" href=\"https:\/\/www.prijedordanas.com\/?p=264228\" \/>\n<meta property=\"og:locale\" content=\"en_US\" \/>\n<meta property=\"og:type\" content=\"article\" \/>\n<meta property=\"og:title\" content=\"Mini\u0107 o &quot;Novoj Ljubiji&quot;: Nemo\u0107ni smo - PrijedorDanas.com - Prijedorski gradski portal\" \/>\n<meta property=\"og:description\" content=\"Savo Mini\u0107, predsjednik Vlade Republike Srpske, poru\u010dio je da je problem u &#8220;\u017deljeznicama RS&#8221; a koji se odnosi na rudnik &#8220;Nova Ljubija&#8221; trebalo da bude privremeno rije\u0161en odlukom Savjeta ministara [&hellip;]\" \/>\n<meta property=\"og:url\" content=\"https:\/\/www.prijedordanas.com\/?p=264228\" \/>\n<meta property=\"og:site_name\" content=\"PrijedorDanas.com - Prijedorski gradski portal\" \/>\n<meta property=\"article:publisher\" content=\"https:\/\/www.facebook.com\/PrijedorDanasCom\/\" \/>\n<meta property=\"article:published_time\" content=\"2026-03-05T15:45:15+00:00\" \/>\n<meta property=\"og:image\" content=\"https:\/\/www.prijedordanas.com\/wp-content\/uploads\/2026\/03\/vladars-minic-300x225.jpg\" \/>\n<meta name=\"author\" content=\"admin\" \/>\n<meta name=\"twitter:card\" content=\"summary_large_image\" \/>\n<meta name=\"twitter:label1\" content=\"Written by\" \/>\n\t<meta name=\"twitter:data1\" content=\"admin\" \/>\n<script type=\"application\/ld+json\" class=\"yoast-schema-graph\">{\"@context\":\"https:\/\/schema.org\",\"@graph\":[{\"@type\":\"Article\",\"@id\":\"https:\/\/www.prijedordanas.com\/?p=264228#article\",\"isPartOf\":{\"@id\":\"https:\/\/www.prijedordanas.com\/?p=264228\"},\"author\":{\"name\":\"admin\",\"@id\":\"https:\/\/www.prijedordanas.com\/#\/schema\/person\/4e08ccf29b506ca916ff86d46bb700e6\"},\"headline\":\"Mini\u0107 o &#8220;Novoj Ljubiji&#8221;: Nemo\u0107ni smo\",\"datePublished\":\"2026-03-05T15:45:15+00:00\",\"dateModified\":\"2026-03-05T15:45:15+00:00\",\"mainEntityOfPage\":{\"@id\":\"https:\/\/www.prijedordanas.com\/?p=264228\"},\"wordCount\":196,\"publisher\":{\"@id\":\"https:\/\/www.prijedordanas.com\/#organization\"},\"articleSection\":[\"Svakodnevno\"],\"inLanguage\":\"en-US\"},{\"@type\":\"WebPage\",\"@id\":\"https:\/\/www.prijedordanas.com\/?p=264228\",\"url\":\"https:\/\/www.prijedordanas.com\/?p=264228\",\"name\":\"Mini\u0107 o \\\"Novoj Ljubiji\\\": Nemo\u0107ni smo - PrijedorDanas.com - Prijedorski gradski portal\",\"isPartOf\":{\"@id\":\"https:\/\/www.prijedordanas.com\/#website\"},\"datePublished\":\"2026-03-05T15:45:15+00:00\",\"dateModified\":\"2026-03-05T15:45:15+00:00\",\"breadcrumb\":{\"@id\":\"https:\/\/www.prijedordanas.com\/?p=264228#breadcrumb\"},\"inLanguage\":\"en-US\",\"potentialAction\":[{\"@type\":\"ReadAction\",\"target\":[\"https:\/\/www.prijedordanas.com\/?p=264228\"]}]},{\"@type\":\"BreadcrumbList\",\"@id\":\"https:\/\/www.prijedordanas.com\/?p=264228#breadcrumb\",\"itemListElement\":[{\"@type\":\"ListItem\",\"position\":1,\"name\":\"Home\",\"item\":\"https:\/\/www.prijedordanas.com\/\"},{\"@type\":\"ListItem\",\"position\":2,\"name\":\"Mini\u0107 o &#8220;Novoj Ljubiji&#8221;: Nemo\u0107ni smo\"}]},{\"@type\":\"WebSite\",\"@id\":\"https:\/\/www.prijedordanas.com\/#website\",\"url\":\"https:\/\/www.prijedordanas.com\/\",\"name\":\"PrijedorDanas.com - Prijedorski gradski portal\",\"description\":\"Portal o doga\u0111anjima u gradu Prijedoru\",\"publisher\":{\"@id\":\"https:\/\/www.prijedordanas.com\/#organization\"},\"potentialAction\":[{\"@type\":\"SearchAction\",\"target\":{\"@type\":\"EntryPoint\",\"urlTemplate\":\"https:\/\/www.prijedordanas.com\/?s={search_term_string}\"},\"query-input\":\"required name=search_term_string\"}],\"inLanguage\":\"en-US\"},{\"@type\":\"Organization\",\"@id\":\"https:\/\/www.prijedordanas.com\/#organization\",\"name\":\"PrijedorDanas.com\",\"url\":\"https:\/\/www.prijedordanas.com\/\",\"logo\":{\"@type\":\"ImageObject\",\"inLanguage\":\"en-US\",\"@id\":\"https:\/\/www.prijedordanas.com\/#\/schema\/logo\/image\/\",\"url\":\"http:\/\/www.prijedordanas.com\/wp-content\/uploads\/2021\/12\/logopng.png\",\"contentUrl\":\"http:\/\/www.prijedordanas.com\/wp-content\/uploads\/2021\/12\/logopng.png\",\"width\":1019,\"height\":776,\"caption\":\"PrijedorDanas.com\"},\"image\":{\"@id\":\"https:\/\/www.prijedordanas.com\/#\/schema\/logo\/image\/\"},\"sameAs\":[\"https:\/\/www.facebook.com\/PrijedorDanasCom\/\"]},{\"@type\":\"Person\",\"@id\":\"https:\/\/www.prijedordanas.com\/#\/schema\/person\/4e08ccf29b506ca916ff86d46bb700e6\",\"name\":\"admin\",\"image\":{\"@type\":\"ImageObject\",\"inLanguage\":\"en-US\",\"@id\":\"https:\/\/www.prijedordanas.com\/#\/schema\/person\/image\/\",\"url\":\"https:\/\/secure.gravatar.com\/avatar\/1d3fc949d550f0b53a5f0d51e06dfd79?s=96&d=mm&r=g\",\"contentUrl\":\"https:\/\/secure.gravatar.com\/avatar\/1d3fc949d550f0b53a5f0d51e06dfd79?s=96&d=mm&r=g\",\"caption\":\"admin\"},\"url\":\"https:\/\/www.prijedordanas.com\/?author=1\"}]}<\/script>\n<!-- \/ Yoast SEO plugin. -->","yoast_head_json":{"title":"Mini\u0107 o \"Novoj Ljubiji\": Nemo\u0107ni smo - PrijedorDanas.com - Prijedorski gradski portal","robots":{"index":"index","follow":"follow","max-snippet":"max-snippet:-1","max-image-preview":"max-image-preview:large","max-video-preview":"max-video-preview:-1"},"canonical":"https:\/\/www.prijedordanas.com\/?p=264228","og_locale":"en_US","og_type":"article","og_title":"Mini\u0107 o \"Novoj Ljubiji\": Nemo\u0107ni smo - PrijedorDanas.com - Prijedorski gradski portal","og_description":"Savo Mini\u0107, predsjednik Vlade Republike Srpske, poru\u010dio je da je problem u &#8220;\u017deljeznicama RS&#8221; a koji se odnosi na rudnik &#8220;Nova Ljubija&#8221; trebalo da bude privremeno rije\u0161en odlukom Savjeta ministara [&hellip;]","og_url":"https:\/\/www.prijedordanas.com\/?p=264228","og_site_name":"PrijedorDanas.com - Prijedorski gradski portal","article_publisher":"https:\/\/www.facebook.com\/PrijedorDanasCom\/","article_published_time":"2026-03-05T15:45:15+00:00","og_image":[{"url":"https:\/\/www.prijedordanas.com\/wp-content\/uploads\/2026\/03\/vladars-minic-300x225.jpg"}],"author":"admin","twitter_card":"summary_large_image","twitter_misc":{"Written by":"admin"},"schema":{"@context":"https:\/\/schema.org","@graph":[{"@type":"Article","@id":"https:\/\/www.prijedordanas.com\/?p=264228#article","isPartOf":{"@id":"https:\/\/www.prijedordanas.com\/?p=264228"},"author":{"name":"admin","@id":"https:\/\/www.prijedordanas.com\/#\/schema\/person\/4e08ccf29b506ca916ff86d46bb700e6"},"headline":"Mini\u0107 o &#8220;Novoj Ljubiji&#8221;: Nemo\u0107ni smo","datePublished":"2026-03-05T15:45:15+00:00","dateModified":"2026-03-05T15:45:15+00:00","mainEntityOfPage":{"@id":"https:\/\/www.prijedordanas.com\/?p=264228"},"wordCount":196,"publisher":{"@id":"https:\/\/www.prijedordanas.com\/#organization"},"articleSection":["Svakodnevno"],"inLanguage":"en-US"},{"@type":"WebPage","@id":"https:\/\/www.prijedordanas.com\/?p=264228","url":"https:\/\/www.prijedordanas.com\/?p=264228","name":"Mini\u0107 o \"Novoj Ljubiji\": Nemo\u0107ni smo - PrijedorDanas.com - Prijedorski gradski portal","isPartOf":{"@id":"https:\/\/www.prijedordanas.com\/#website"},"datePublished":"2026-03-05T15:45:15+00:00","dateModified":"2026-03-05T15:45:15+00:00","breadcrumb":{"@id":"https:\/\/www.prijedordanas.com\/?p=264228#breadcrumb"},"inLanguage":"en-US","potentialAction":[{"@type":"ReadAction","target":["https:\/\/www.prijedordanas.com\/?p=264228"]}]},{"@type":"BreadcrumbList","@id":"https:\/\/www.prijedordanas.com\/?p=264228#breadcrumb","itemListElement":[{"@type":"ListItem","position":1,"name":"Home","item":"https:\/\/www.prijedordanas.com\/"},{"@type":"ListItem","position":2,"name":"Mini\u0107 o &#8220;Novoj Ljubiji&#8221;: Nemo\u0107ni smo"}]},{"@type":"WebSite","@id":"https:\/\/www.prijedordanas.com\/#website","url":"https:\/\/www.prijedordanas.com\/","name":"PrijedorDanas.com - Prijedorski gradski portal","description":"Portal o doga\u0111anjima u gradu Prijedoru","publisher":{"@id":"https:\/\/www.prijedordanas.com\/#organization"},"potentialAction":[{"@type":"SearchAction","target":{"@type":"EntryPoint","urlTemplate":"https:\/\/www.prijedordanas.com\/?s={search_term_string}"},"query-input":"required name=search_term_string"}],"inLanguage":"en-US"},{"@type":"Organization","@id":"https:\/\/www.prijedordanas.com\/#organization","name":"PrijedorDanas.com","url":"https:\/\/www.prijedordanas.com\/","logo":{"@type":"ImageObject","inLanguage":"en-US","@id":"https:\/\/www.prijedordanas.com\/#\/schema\/logo\/image\/","url":"http:\/\/www.prijedordanas.com\/wp-content\/uploads\/2021\/12\/logopng.png","contentUrl":"http:\/\/www.prijedordanas.com\/wp-content\/uploads\/2021\/12\/logopng.png","width":1019,"height":776,"caption":"PrijedorDanas.com"},"image":{"@id":"https:\/\/www.prijedordanas.com\/#\/schema\/logo\/image\/"},"sameAs":["https:\/\/www.facebook.com\/PrijedorDanasCom\/"]},{"@type":"Person","@id":"https:\/\/www.prijedordanas.com\/#\/schema\/person\/4e08ccf29b506ca916ff86d46bb700e6","name":"admin","image":{"@type":"ImageObject","inLanguage":"en-US","@id":"https:\/\/www.prijedordanas.com\/#\/schema\/person\/image\/","url":"https:\/\/secure.gravatar.com\/avatar\/1d3fc949d550f0b53a5f0d51e06dfd79?s=96&d=mm&r=g","contentUrl":"https:\/\/secure.gravatar.com\/avatar\/1d3fc949d550f0b53a5f0d51e06dfd79?s=96&d=mm&r=g","caption":"admin"},"url":"https:\/\/www.prijedordanas.com\/?author=1"}]}},"_links":{"self":[{"href":"https:\/\/www.prijedordanas.com\/index.php?rest_route=\/wp\/v2\/posts\/264228"}],"collection":[{"href":"https:\/\/www.prijedordanas.com\/index.php?rest_route=\/wp\/v2\/posts"}],"about":[{"href":"https:\/\/www.prijedordanas.com\/index.php?rest_route=\/wp\/v2\/types\/post"}],"author":[{"embeddable":true,"href":"https:\/\/www.prijedordanas.com\/index.php?rest_route=\/wp\/v2\/users\/1"}],"replies":[{"embeddable":true,"href":"https:\/\/www.prijedordanas.com\/index.php?rest_route=%2Fwp%2Fv2%2Fcomments&post=264228"}],"version-history":[{"count":1,"href":"https:\/\/www.prijedordanas.com\/index.php?rest_route=\/wp\/v2\/posts\/264228\/revisions"}],"predecessor-version":[{"id":264230,"href":"https:\/\/www.prijedordanas.com\/index.php?rest_route=\/wp\/v2\/posts\/264228\/revisions\/264230"}],"wp:attachment":[{"href":"https:\/\/www.prijedordanas.com\/index.php?rest_route=%2Fwp%2Fv2%2Fmedia&parent=264228"}],"wp:term":[{"taxonomy":"category","embeddable":true,"href":"https:\/\/www.prijedordanas.com\/index.php?rest_route=%2Fwp%2Fv2%2Fcategories&post=264228"},{"taxonomy":"post_tag","embeddable":true,"href":"https:\/\/www.prijedordanas.com\/index.php?rest_route=%2Fwp%2Fv2%2Ftags&post=264228"}],"curies":[{"name":"wp","href":"https:\/\/api.w.org\/{rel}","templated":true}]}}