{"id":264147,"date":"2026-03-04T19:19:30","date_gmt":"2026-03-04T18:19:30","guid":{"rendered":"https:\/\/www.prijedordanas.com\/?p=264147"},"modified":"2026-03-04T19:19:30","modified_gmt":"2026-03-04T18:19:30","slug":"prijedor-pocela-izgradnja-novog-parapetnog-zida-u-tukovima-za-zastitu-od-poplava-foto","status":"publish","type":"post","link":"https:\/\/www.prijedordanas.com\/?p=264147","title":{"rendered":"Prijedor: Po\u010dela izgradnja novog parapetnog zida u Tukovima za za\u0161titu od poplava &#8211; FOTO"},"content":{"rendered":"<p><a href=\"https:\/\/www.prijedordanas.com\/wp-content\/uploads\/2026\/03\/parapetni-zid-tukovi-3mart-1.jpg\"><img loading=\"lazy\" decoding=\"async\" class=\"alignleft size-medium wp-image-264173\" src=\"https:\/\/www.prijedordanas.com\/wp-content\/uploads\/2026\/03\/parapetni-zid-tukovi-3mart-1-300x225.jpg\" alt=\"\" width=\"300\" height=\"225\" srcset=\"https:\/\/www.prijedordanas.com\/wp-content\/uploads\/2026\/03\/parapetni-zid-tukovi-3mart-1-300x225.jpg 300w, https:\/\/www.prijedordanas.com\/wp-content\/uploads\/2026\/03\/parapetni-zid-tukovi-3mart-1-640x480.jpg 640w, https:\/\/www.prijedordanas.com\/wp-content\/uploads\/2026\/03\/parapetni-zid-tukovi-3mart-1.jpg 667w\" sizes=\"(max-width: 300px) 100vw, 300px\" \/><\/a>U prijedorskom naselju Tukovi po\u010dela je izgradnja armirano-betonskog parapetnog zida.<\/p>\n<p>Rije\u010d je o jednoj od hitnih mjera za\u0161tite od poplava u Prijedoru koji realizuje preduze\u0107e &#8220;Vode Srpske&#8221;.<\/p>\n<p>Ovaj zid du\u017eine 1.080 metara bi\u0107e izgra\u0111en u ulici Tode \u0160vraki\u0107a od rakrsnice sa ulicom Vojvode Stepe Stepanovi\u0107a pa sve do raskrsnice sa ulicom Sime Mr\u0111e, odnosno do ranije izgra\u0111enog zida na lijevoj obali Sane u Tukovima.<\/p>\n<p>Radovi su krenuli od trafoa u ovom naselju i zahvaljuju\u0107i povoljnim vremenskim prilikama solidno napreduju.<\/p>\n<p>Kako je u desembru pro\u0161le godine saop\u0161teno iz &#8220;Voda Srpske&#8221;, potpuno su zavr\u0161ene mjere \u010di\u0161\u0107enja korita rijeke Sane na lokaciji \u017eeljezni\u010dkog mosta u Brezi\u010danima, izdizanje kote terena u naselju Gomjenica iznad nivoa velikih voda u du\u017eini od 638 metara, prosijecanje novog korita rijeke Sane u cilju pove\u0107anja proticajnog kapaciteta kod naselja Ra\u0161kovac.<\/p>\n<p><a href=\"https:\/\/www.prijedordanas.com\/wp-content\/uploads\/2026\/03\/parapetni-zid-tukovi-3mart-2.jpg\"><img loading=\"lazy\" decoding=\"async\" src=\"https:\/\/www.prijedordanas.com\/wp-content\/uploads\/2026\/03\/parapetni-zid-tukovi-3mart-2-300x225.jpg\" alt=\"\" width=\"300\" height=\"225\" class=\"alignleft size-medium wp-image-264174\" srcset=\"https:\/\/www.prijedordanas.com\/wp-content\/uploads\/2026\/03\/parapetni-zid-tukovi-3mart-2-300x225.jpg 300w, https:\/\/www.prijedordanas.com\/wp-content\/uploads\/2026\/03\/parapetni-zid-tukovi-3mart-2-640x480.jpg 640w, https:\/\/www.prijedordanas.com\/wp-content\/uploads\/2026\/03\/parapetni-zid-tukovi-3mart-2.jpg 667w\" sizes=\"(max-width: 300px) 100vw, 300px\" \/><\/a>Djelimi\u010dno su zavr\u0161ene i mjere sanacije i nivelisanja krune nasipa pored rijeke Gomjenice u du\u017eini od 2.500 metara, izgradnja dijela betonskog zida na desnoj obali rijeke Sane u naselju Gomjenica, kao dio budu\u0107eg nasipa ukupne du\u017eine 2.000 metara od mosta u \u017degeru do postoje\u0107eg nasipa na u\u0161\u0107u Gomjenice.<\/p>\n<p>Zbog nerije\u0161enih imovinskih odnosa za sada nije mogu\u0107 nastavak radova na ovom nasipu, kao ni na mjeri izgradnje zemljanog nasipa na desnoj obali Sane u du\u017eini od 1.000 metara u naselju Ra\u0161kovac.<\/p>\n<p>Planirano je i \u010di\u0161\u0107enje i produbljivanje kanala-rukavca Sredice u naselju Ra\u0161kovac.<\/p>\n<p>Tekst i foto \u2013 Aleksandar Drakuli\u0107 &#8211; <a href=\"https:\/\/www.prijedordanas.com\" target=\"_blank\" rel=\"noopener noreferrer\">www.prijedordanas.com<\/a><\/p>\n<p><a href=\"https:\/\/www.prijedordanas.com\/wp-content\/uploads\/2026\/03\/parapetni-zid-tukovi-3mart-3.jpg\"><img loading=\"lazy\" decoding=\"async\" src=\"https:\/\/www.prijedordanas.com\/wp-content\/uploads\/2026\/03\/parapetni-zid-tukovi-3mart-3-300x225.jpg\" alt=\"\" width=\"300\" height=\"225\" class=\"alignleft size-medium wp-image-264175\" srcset=\"https:\/\/www.prijedordanas.com\/wp-content\/uploads\/2026\/03\/parapetni-zid-tukovi-3mart-3-300x225.jpg 300w, https:\/\/www.prijedordanas.com\/wp-content\/uploads\/2026\/03\/parapetni-zid-tukovi-3mart-3-640x480.jpg 640w, https:\/\/www.prijedordanas.com\/wp-content\/uploads\/2026\/03\/parapetni-zid-tukovi-3mart-3.jpg 667w\" sizes=\"(max-width: 300px) 100vw, 300px\" \/><\/a> <a href=\"https:\/\/www.prijedordanas.com\/wp-content\/uploads\/2026\/03\/parapetni-zid-tukovi-3mart-4.jpg\"><img loading=\"lazy\" decoding=\"async\" src=\"https:\/\/www.prijedordanas.com\/wp-content\/uploads\/2026\/03\/parapetni-zid-tukovi-3mart-4-300x225.jpg\" alt=\"\" width=\"300\" height=\"225\" class=\"alignleft size-medium wp-image-264176\" srcset=\"https:\/\/www.prijedordanas.com\/wp-content\/uploads\/2026\/03\/parapetni-zid-tukovi-3mart-4-300x225.jpg 300w, https:\/\/www.prijedordanas.com\/wp-content\/uploads\/2026\/03\/parapetni-zid-tukovi-3mart-4-640x480.jpg 640w, https:\/\/www.prijedordanas.com\/wp-content\/uploads\/2026\/03\/parapetni-zid-tukovi-3mart-4.jpg 667w\" sizes=\"(max-width: 300px) 100vw, 300px\" \/><\/a> <a href=\"https:\/\/www.prijedordanas.com\/wp-content\/uploads\/2026\/03\/parapetni-zid-tukovi-3mart-5.jpg\"><img loading=\"lazy\" decoding=\"async\" src=\"https:\/\/www.prijedordanas.com\/wp-content\/uploads\/2026\/03\/parapetni-zid-tukovi-3mart-5-225x300.jpg\" alt=\"\" width=\"225\" height=\"300\" class=\"alignleft size-medium wp-image-264177\" srcset=\"https:\/\/www.prijedordanas.com\/wp-content\/uploads\/2026\/03\/parapetni-zid-tukovi-3mart-5-225x300.jpg 225w, https:\/\/www.prijedordanas.com\/wp-content\/uploads\/2026\/03\/parapetni-zid-tukovi-3mart-5.jpg 450w\" sizes=\"(max-width: 225px) 100vw, 225px\" \/><\/a><\/p>\n","protected":false},"excerpt":{"rendered":"<p>U prijedorskom naselju Tukovi po\u010dela je izgradnja armirano-betonskog parapetnog zida. Rije\u010d je o jednoj od hitnih mjera za\u0161tite od poplava u Prijedoru koji realizuje preduze\u0107e &#8220;Vode Srpske&#8221;. Ovaj zid du\u017eine [&hellip;]<\/p>\n","protected":false},"author":1,"featured_media":0,"comment_status":"closed","ping_status":"open","sticky":false,"template":"","format":"standard","meta":{"_monsterinsights_skip_tracking":false,"_monsterinsights_sitenote_active":false,"_monsterinsights_sitenote_note":"","_monsterinsights_sitenote_category":0,"footnotes":""},"categories":[4,7515],"tags":[],"yoast_head":"<!-- This site is optimized with the Yoast SEO plugin v21.6 - https:\/\/yoast.com\/wordpress\/plugins\/seo\/ -->\n<title>Prijedor: Po\u010dela izgradnja novog parapetnog zida u Tukovima za za\u0161titu od poplava - FOTO - PrijedorDanas.com - Prijedorski gradski portal<\/title>\n<meta name=\"robots\" content=\"index, follow, max-snippet:-1, max-image-preview:large, max-video-preview:-1\" \/>\n<link rel=\"canonical\" href=\"https:\/\/www.prijedordanas.com\/?p=264147\" \/>\n<meta property=\"og:locale\" content=\"en_US\" \/>\n<meta property=\"og:type\" content=\"article\" \/>\n<meta property=\"og:title\" content=\"Prijedor: Po\u010dela izgradnja novog parapetnog zida u Tukovima za za\u0161titu od poplava - FOTO - PrijedorDanas.com - Prijedorski gradski portal\" \/>\n<meta property=\"og:description\" content=\"U prijedorskom naselju Tukovi po\u010dela je izgradnja armirano-betonskog parapetnog zida. Rije\u010d je o jednoj od hitnih mjera za\u0161tite od poplava u Prijedoru koji realizuje preduze\u0107e &#8220;Vode Srpske&#8221;. Ovaj zid du\u017eine [&hellip;]\" \/>\n<meta property=\"og:url\" content=\"https:\/\/www.prijedordanas.com\/?p=264147\" \/>\n<meta property=\"og:site_name\" content=\"PrijedorDanas.com - Prijedorski gradski portal\" \/>\n<meta property=\"article:publisher\" content=\"https:\/\/www.facebook.com\/PrijedorDanasCom\/\" \/>\n<meta property=\"article:published_time\" content=\"2026-03-04T18:19:30+00:00\" \/>\n<meta property=\"og:image\" content=\"https:\/\/www.prijedordanas.com\/wp-content\/uploads\/2026\/03\/parapetni-zid-tukovi-3mart-1-300x225.jpg\" \/>\n<meta name=\"author\" content=\"admin\" \/>\n<meta name=\"twitter:card\" content=\"summary_large_image\" \/>\n<meta name=\"twitter:label1\" content=\"Written by\" \/>\n\t<meta name=\"twitter:data1\" content=\"admin\" \/>\n\t<meta name=\"twitter:label2\" content=\"Est. reading time\" \/>\n\t<meta name=\"twitter:data2\" content=\"2 minutes\" \/>\n<script type=\"application\/ld+json\" class=\"yoast-schema-graph\">{\"@context\":\"https:\/\/schema.org\",\"@graph\":[{\"@type\":\"Article\",\"@id\":\"https:\/\/www.prijedordanas.com\/?p=264147#article\",\"isPartOf\":{\"@id\":\"https:\/\/www.prijedordanas.com\/?p=264147\"},\"author\":{\"name\":\"admin\",\"@id\":\"https:\/\/www.prijedordanas.com\/#\/schema\/person\/4e08ccf29b506ca916ff86d46bb700e6\"},\"headline\":\"Prijedor: Po\u010dela izgradnja novog parapetnog zida u Tukovima za za\u0161titu od poplava &#8211; FOTO\",\"datePublished\":\"2026-03-04T18:19:30+00:00\",\"dateModified\":\"2026-03-04T18:19:30+00:00\",\"mainEntityOfPage\":{\"@id\":\"https:\/\/www.prijedordanas.com\/?p=264147\"},\"wordCount\":274,\"publisher\":{\"@id\":\"https:\/\/www.prijedordanas.com\/#organization\"},\"articleSection\":[\"Dru\u0161tvo\",\"Foto dana\"],\"inLanguage\":\"en-US\"},{\"@type\":\"WebPage\",\"@id\":\"https:\/\/www.prijedordanas.com\/?p=264147\",\"url\":\"https:\/\/www.prijedordanas.com\/?p=264147\",\"name\":\"Prijedor: Po\u010dela izgradnja novog parapetnog zida u Tukovima za za\u0161titu od poplava - FOTO - PrijedorDanas.com - Prijedorski gradski portal\",\"isPartOf\":{\"@id\":\"https:\/\/www.prijedordanas.com\/#website\"},\"datePublished\":\"2026-03-04T18:19:30+00:00\",\"dateModified\":\"2026-03-04T18:19:30+00:00\",\"breadcrumb\":{\"@id\":\"https:\/\/www.prijedordanas.com\/?p=264147#breadcrumb\"},\"inLanguage\":\"en-US\",\"potentialAction\":[{\"@type\":\"ReadAction\",\"target\":[\"https:\/\/www.prijedordanas.com\/?p=264147\"]}]},{\"@type\":\"BreadcrumbList\",\"@id\":\"https:\/\/www.prijedordanas.com\/?p=264147#breadcrumb\",\"itemListElement\":[{\"@type\":\"ListItem\",\"position\":1,\"name\":\"Home\",\"item\":\"https:\/\/www.prijedordanas.com\/\"},{\"@type\":\"ListItem\",\"position\":2,\"name\":\"Prijedor: Po\u010dela izgradnja novog parapetnog zida u Tukovima za za\u0161titu od poplava &#8211; FOTO\"}]},{\"@type\":\"WebSite\",\"@id\":\"https:\/\/www.prijedordanas.com\/#website\",\"url\":\"https:\/\/www.prijedordanas.com\/\",\"name\":\"PrijedorDanas.com - Prijedorski gradski portal\",\"description\":\"Portal o doga\u0111anjima u gradu Prijedoru\",\"publisher\":{\"@id\":\"https:\/\/www.prijedordanas.com\/#organization\"},\"potentialAction\":[{\"@type\":\"SearchAction\",\"target\":{\"@type\":\"EntryPoint\",\"urlTemplate\":\"https:\/\/www.prijedordanas.com\/?s={search_term_string}\"},\"query-input\":\"required name=search_term_string\"}],\"inLanguage\":\"en-US\"},{\"@type\":\"Organization\",\"@id\":\"https:\/\/www.prijedordanas.com\/#organization\",\"name\":\"PrijedorDanas.com\",\"url\":\"https:\/\/www.prijedordanas.com\/\",\"logo\":{\"@type\":\"ImageObject\",\"inLanguage\":\"en-US\",\"@id\":\"https:\/\/www.prijedordanas.com\/#\/schema\/logo\/image\/\",\"url\":\"http:\/\/www.prijedordanas.com\/wp-content\/uploads\/2021\/12\/logopng.png\",\"contentUrl\":\"http:\/\/www.prijedordanas.com\/wp-content\/uploads\/2021\/12\/logopng.png\",\"width\":1019,\"height\":776,\"caption\":\"PrijedorDanas.com\"},\"image\":{\"@id\":\"https:\/\/www.prijedordanas.com\/#\/schema\/logo\/image\/\"},\"sameAs\":[\"https:\/\/www.facebook.com\/PrijedorDanasCom\/\"]},{\"@type\":\"Person\",\"@id\":\"https:\/\/www.prijedordanas.com\/#\/schema\/person\/4e08ccf29b506ca916ff86d46bb700e6\",\"name\":\"admin\",\"image\":{\"@type\":\"ImageObject\",\"inLanguage\":\"en-US\",\"@id\":\"https:\/\/www.prijedordanas.com\/#\/schema\/person\/image\/\",\"url\":\"https:\/\/secure.gravatar.com\/avatar\/1d3fc949d550f0b53a5f0d51e06dfd79?s=96&d=mm&r=g\",\"contentUrl\":\"https:\/\/secure.gravatar.com\/avatar\/1d3fc949d550f0b53a5f0d51e06dfd79?s=96&d=mm&r=g\",\"caption\":\"admin\"},\"url\":\"https:\/\/www.prijedordanas.com\/?author=1\"}]}<\/script>\n<!-- \/ Yoast SEO plugin. -->","yoast_head_json":{"title":"Prijedor: Po\u010dela izgradnja novog parapetnog zida u Tukovima za za\u0161titu od poplava - FOTO - PrijedorDanas.com - Prijedorski gradski portal","robots":{"index":"index","follow":"follow","max-snippet":"max-snippet:-1","max-image-preview":"max-image-preview:large","max-video-preview":"max-video-preview:-1"},"canonical":"https:\/\/www.prijedordanas.com\/?p=264147","og_locale":"en_US","og_type":"article","og_title":"Prijedor: Po\u010dela izgradnja novog parapetnog zida u Tukovima za za\u0161titu od poplava - FOTO - PrijedorDanas.com - Prijedorski gradski portal","og_description":"U prijedorskom naselju Tukovi po\u010dela je izgradnja armirano-betonskog parapetnog zida. Rije\u010d je o jednoj od hitnih mjera za\u0161tite od poplava u Prijedoru koji realizuje preduze\u0107e &#8220;Vode Srpske&#8221;. Ovaj zid du\u017eine [&hellip;]","og_url":"https:\/\/www.prijedordanas.com\/?p=264147","og_site_name":"PrijedorDanas.com - Prijedorski gradski portal","article_publisher":"https:\/\/www.facebook.com\/PrijedorDanasCom\/","article_published_time":"2026-03-04T18:19:30+00:00","og_image":[{"url":"https:\/\/www.prijedordanas.com\/wp-content\/uploads\/2026\/03\/parapetni-zid-tukovi-3mart-1-300x225.jpg"}],"author":"admin","twitter_card":"summary_large_image","twitter_misc":{"Written by":"admin","Est. reading time":"2 minutes"},"schema":{"@context":"https:\/\/schema.org","@graph":[{"@type":"Article","@id":"https:\/\/www.prijedordanas.com\/?p=264147#article","isPartOf":{"@id":"https:\/\/www.prijedordanas.com\/?p=264147"},"author":{"name":"admin","@id":"https:\/\/www.prijedordanas.com\/#\/schema\/person\/4e08ccf29b506ca916ff86d46bb700e6"},"headline":"Prijedor: Po\u010dela izgradnja novog parapetnog zida u Tukovima za za\u0161titu od poplava &#8211; FOTO","datePublished":"2026-03-04T18:19:30+00:00","dateModified":"2026-03-04T18:19:30+00:00","mainEntityOfPage":{"@id":"https:\/\/www.prijedordanas.com\/?p=264147"},"wordCount":274,"publisher":{"@id":"https:\/\/www.prijedordanas.com\/#organization"},"articleSection":["Dru\u0161tvo","Foto dana"],"inLanguage":"en-US"},{"@type":"WebPage","@id":"https:\/\/www.prijedordanas.com\/?p=264147","url":"https:\/\/www.prijedordanas.com\/?p=264147","name":"Prijedor: Po\u010dela izgradnja novog parapetnog zida u Tukovima za za\u0161titu od poplava - FOTO - PrijedorDanas.com - Prijedorski gradski portal","isPartOf":{"@id":"https:\/\/www.prijedordanas.com\/#website"},"datePublished":"2026-03-04T18:19:30+00:00","dateModified":"2026-03-04T18:19:30+00:00","breadcrumb":{"@id":"https:\/\/www.prijedordanas.com\/?p=264147#breadcrumb"},"inLanguage":"en-US","potentialAction":[{"@type":"ReadAction","target":["https:\/\/www.prijedordanas.com\/?p=264147"]}]},{"@type":"BreadcrumbList","@id":"https:\/\/www.prijedordanas.com\/?p=264147#breadcrumb","itemListElement":[{"@type":"ListItem","position":1,"name":"Home","item":"https:\/\/www.prijedordanas.com\/"},{"@type":"ListItem","position":2,"name":"Prijedor: Po\u010dela izgradnja novog parapetnog zida u Tukovima za za\u0161titu od poplava &#8211; FOTO"}]},{"@type":"WebSite","@id":"https:\/\/www.prijedordanas.com\/#website","url":"https:\/\/www.prijedordanas.com\/","name":"PrijedorDanas.com - Prijedorski gradski portal","description":"Portal o doga\u0111anjima u gradu Prijedoru","publisher":{"@id":"https:\/\/www.prijedordanas.com\/#organization"},"potentialAction":[{"@type":"SearchAction","target":{"@type":"EntryPoint","urlTemplate":"https:\/\/www.prijedordanas.com\/?s={search_term_string}"},"query-input":"required name=search_term_string"}],"inLanguage":"en-US"},{"@type":"Organization","@id":"https:\/\/www.prijedordanas.com\/#organization","name":"PrijedorDanas.com","url":"https:\/\/www.prijedordanas.com\/","logo":{"@type":"ImageObject","inLanguage":"en-US","@id":"https:\/\/www.prijedordanas.com\/#\/schema\/logo\/image\/","url":"http:\/\/www.prijedordanas.com\/wp-content\/uploads\/2021\/12\/logopng.png","contentUrl":"http:\/\/www.prijedordanas.com\/wp-content\/uploads\/2021\/12\/logopng.png","width":1019,"height":776,"caption":"PrijedorDanas.com"},"image":{"@id":"https:\/\/www.prijedordanas.com\/#\/schema\/logo\/image\/"},"sameAs":["https:\/\/www.facebook.com\/PrijedorDanasCom\/"]},{"@type":"Person","@id":"https:\/\/www.prijedordanas.com\/#\/schema\/person\/4e08ccf29b506ca916ff86d46bb700e6","name":"admin","image":{"@type":"ImageObject","inLanguage":"en-US","@id":"https:\/\/www.prijedordanas.com\/#\/schema\/person\/image\/","url":"https:\/\/secure.gravatar.com\/avatar\/1d3fc949d550f0b53a5f0d51e06dfd79?s=96&d=mm&r=g","contentUrl":"https:\/\/secure.gravatar.com\/avatar\/1d3fc949d550f0b53a5f0d51e06dfd79?s=96&d=mm&r=g","caption":"admin"},"url":"https:\/\/www.prijedordanas.com\/?author=1"}]}},"_links":{"self":[{"href":"https:\/\/www.prijedordanas.com\/index.php?rest_route=\/wp\/v2\/posts\/264147"}],"collection":[{"href":"https:\/\/www.prijedordanas.com\/index.php?rest_route=\/wp\/v2\/posts"}],"about":[{"href":"https:\/\/www.prijedordanas.com\/index.php?rest_route=\/wp\/v2\/types\/post"}],"author":[{"embeddable":true,"href":"https:\/\/www.prijedordanas.com\/index.php?rest_route=\/wp\/v2\/users\/1"}],"replies":[{"embeddable":true,"href":"https:\/\/www.prijedordanas.com\/index.php?rest_route=%2Fwp%2Fv2%2Fcomments&post=264147"}],"version-history":[{"count":2,"href":"https:\/\/www.prijedordanas.com\/index.php?rest_route=\/wp\/v2\/posts\/264147\/revisions"}],"predecessor-version":[{"id":264178,"href":"https:\/\/www.prijedordanas.com\/index.php?rest_route=\/wp\/v2\/posts\/264147\/revisions\/264178"}],"wp:attachment":[{"href":"https:\/\/www.prijedordanas.com\/index.php?rest_route=%2Fwp%2Fv2%2Fmedia&parent=264147"}],"wp:term":[{"taxonomy":"category","embeddable":true,"href":"https:\/\/www.prijedordanas.com\/index.php?rest_route=%2Fwp%2Fv2%2Fcategories&post=264147"},{"taxonomy":"post_tag","embeddable":true,"href":"https:\/\/www.prijedordanas.com\/index.php?rest_route=%2Fwp%2Fv2%2Ftags&post=264147"}],"curies":[{"name":"wp","href":"https:\/\/api.w.org\/{rel}","templated":true}]}}