{"id":264107,"date":"2026-03-04T02:10:25","date_gmt":"2026-03-04T01:10:25","guid":{"rendered":"https:\/\/www.prijedordanas.com\/?p=264107"},"modified":"2026-03-04T02:10:25","modified_gmt":"2026-03-04T01:10:25","slug":"cijena-goriva-u-bih-raste-na-26-maraka-u-njemackoj-je-vec-cetiri","status":"publish","type":"post","link":"https:\/\/www.prijedordanas.com\/?p=264107","title":{"rendered":"Cijena goriva u BiH raste na 2,6 maraka, u Njema\u010dkoj je ve\u0107 \u010detiri"},"content":{"rendered":"<p><a href=\"https:\/\/www.prijedordanas.com\/wp-content\/uploads\/2021\/11\/nezavisne-gorivo-pumpa-1.jpg\"><img loading=\"lazy\" decoding=\"async\" src=\"https:\/\/www.prijedordanas.com\/wp-content\/uploads\/2021\/11\/nezavisne-gorivo-pumpa-1-300x225.jpg\" alt=\"\" width=\"300\" height=\"225\" class=\"alignleft size-medium wp-image-177447\" srcset=\"https:\/\/www.prijedordanas.com\/wp-content\/uploads\/2021\/11\/nezavisne-gorivo-pumpa-1-300x225.jpg 300w, https:\/\/www.prijedordanas.com\/wp-content\/uploads\/2021\/11\/nezavisne-gorivo-pumpa-1-640x480.jpg 640w, https:\/\/www.prijedordanas.com\/wp-content\/uploads\/2021\/11\/nezavisne-gorivo-pumpa-1.jpg 667w\" sizes=\"(max-width: 300px) 100vw, 300px\" \/><\/a>Cijene goriva u BiH mogle bi u narednim danima dose\u0107i do 2,6 KM, a u Njema\u010dkoj od jutros, 3. marta, kako pi\u0161u njema\u010dki mediji, probile su vrijednost od dva evra ili \u010detiri marke.<\/p>\n<p>BiH: O\u010dekivan skok cijena u narednim danima<br \/>\n\u0110or\u0111e Savi\u0107, predsjednik Grupacije za promet naftom i naftnim derivatima pri Privrednoj komori Republike Srpske, kazao je za &#8220;Nezavisne novine&#8221; da se skok cijena goriva u Srpskoj o\u010dekuje u narednih nekoliko dana.<\/p>\n<p>&#8220;Primjetno je da je na tr\u017ei\u0161tu izazvana pani\u010dna reakcija kupaca i svi su potr\u010dali da nabave derivate. To \u0107e dovesti do smanjenja zaliha, a u me\u0111uvremenu se pove\u0107ava cijena derivata u nabavci&#8221;, kazao je Savi\u0107.<\/p>\n<p>Isti\u010de da se cijena litra dizela na benzinskim pumpama trenutno u Banjaluci kre\u0107e od 2,39 do 2,42 marke, dok, kako ka\u017ee, nove cijene \u0107e i\u0107i i vi\u0161e od 2,6 KM.<\/p>\n<p>&#8220;Zbog de\u0161avanja na Bliskom istoku rast cijena nafte na svjetskom tr\u017ei\u0161tu  je zabilje\u017een ju\u010de, a nastavljen je i danas. U ovom trenutku ne mo\u017eemo licitirati do kojeg iznosa cijene mogu i\u0107i navi\u0161e &#8220;, pojasnio je Savi\u0107 i istakao da je jako te\u0161ko prognozirati \u0161ta \u0107e se dalje de\u0161avati.<\/p>\n<p>Njema\u010dka: Cijene pre\u0161le dva evra<br \/>\nKako pi\u0161e njema\u010dki Bild, portali za pore\u0111enje cijena od jutros bilje\u017ee \u0161irom zemlje cijene od dva evra ili \u010dak vi\u0161e.<\/p>\n<p>Kako stoji u tekstu, u centru Frankfurta cijene benzina E5 ve\u0107 dosti\u017eu do 2,08 evra, dok je E10 na nekim pumpama dostigao dva do 2,02 evra po litru.<\/p>\n<p>Michael Haberland (58), predsjednik automobilskog kluba Mobil in Deutschland, tvrdi da su distributeri iskoristili ovu situaciju u Iranu za neopravdano visoke cijene.<\/p>\n<p>&#8220;Snabdijevanje se ne mo\u017ee tako brzo odraziti na cijene. Ovo je pani\u010dna reakcija. Cijene na pumpama sada su odvojene od kretanja cijena sirove nafte. Barel nafte trenutno iznosi 85 dolara&#8221;, rekao je on i pozvao njema\u010dku saveznu vladu da interveni\u0161e.<\/p>\n<p>Kako pi\u0161e Bild, njema\u010dka vlada razmi\u0161lja o eventualnim mjerama, naglasiv\u0161i da \u0160tefen Bilger, parlamentarni sekretar vladaju\u0107e CDU\/CSU, isti\u010de da vlada ne \u017eeli ni\u0161ta isklju\u010diti te da \u0107e sa svojim koalicionim partnerima odlu\u010diti o daljim koracima.<\/p>\n<p>Velika Britanija: Redovi i nesta\u0161ice na pumpama<br \/>\nBritanci su danas po\u010deli pani\u010dno da kupuju benzin zbog rata na Bliskom istoku, a u Londonu i \u0161irom Velike Britanije su se pojavili dugi redovi na benzinskim pumpama, po\u0161to voza\u010di \u017eure da napune rezervoare prije o\u010dekivanog skoka cijena goriva.<\/p>\n<p>Bezinske stanice kao \u0161to su Valero u Bekenhemu na jugu Londona i BP u Krojdonu privremeno su ostale bez goriva, a mnogi voza\u010di su dolazili i sa kanisterima kako bi napravili rezervu za du\u017ee vreme.<\/p>\n<p>Strah od nesta\u0161ice goriva primjetan je i u drugim gradovima Velike Britanije, prenosi Dejli mejl.<\/p>\n<p>U Liverpulu redovi na pumpama poput Costco Vauxhall i Go 24 Hour Express protezali su se \u010dak na okolne ulice, dok je u Man\u010desteru desetine vozila \u010dekalo da nato\u010di gorivo kod tr\u017enog centra Traford.<\/p>\n<p>Predstavnici britanskog automobilskog udru\u017eenja AA pozvali su voza\u010de da ne pani\u010de i ne kupuju gorivo u ve\u0107im koli\u010dinama, ali veliki broj gra\u0111ana je ignorisao ovaj apel.<\/p>\n<p>Radnici na benzinskim pumpama u Velikoj Britaniji izvje\u0161tavaju o gu\u017evama i haoti\u010dnom snabdjevanju.<\/p>\n<p>Ormuski moreuz: Klju\u010dna ruta i rizik za energente<br \/>\nSituacija je izazvana rasplamsavanjem sukoba na Bliskom istoku, nakon \u010dega su kompanije privremeno obustavile transport brodova kroz Ormuski moreuz, koji je klju\u010dna ruta za globalni transport nafte i LNG.<\/p>\n<p>Oko 20 odsto svjetske nafte i 25 odsto te\u010dnog gasa prolazi ovom trasom, a blokada ili prekid transporta odmah uti\u010du na cijene energenata.<\/p>\n<p>Analiti\u010dari upozoravaju da bi dugotrajna blokada Ormuskog moreuza mogla da izazove haos na evropskom tr\u017ei\u0161tu gasa i izazove drasti\u010dan rast cijena.<\/p>\n<p>Trampove izjave: Dodatna globalna nesigurnost<br \/>\nAmeri\u010dki predsjednik Donald Tramp nije isklju\u010dio mogu\u0107nost slanja ameri\u010dkih trupa u Iran, nagovje\u0161tavaju\u0107i da je &#8220;velika akcija tek pred nama&#8221;.<\/p>\n<p>Njegove izjave i najave dodatno doprinose globalnoj nesigurnosti i potencijalnom rastu cijene energenata.<\/p>\n<p>Eksperti zaklju\u010duju da bi nastavak sukoba mogao izazvati inflatorne \u0161okove, ne samo kroz energente, ve\u0107 i kroz distribuciju robe i tro\u0161kove transporta.<\/p>\n<p>Evropske ekonomije, posebno one zavisne od uvoza energenata, posebno su najvi\u0161e pogo\u0111ene, dok izvoznici poput Rusije, Kanade i Norve\u0161ke mogu da profitiraju od ove situacije.<\/p>\n<p><a href=\"https:\/\/www.nezavisne.com\/ekonomija\/trziste\/gorivo-bih-njemacka-britanija-panika\/953927\" rel=\"noopener\" target=\"_blank\">nezavisne.com<\/a><\/p>\n","protected":false},"excerpt":{"rendered":"<p>Cijene goriva u BiH mogle bi u narednim danima dose\u0107i do 2,6 KM, a u Njema\u010dkoj od jutros, 3. marta, kako pi\u0161u njema\u010dki mediji, probile su vrijednost od dva evra [&hellip;]<\/p>\n","protected":false},"author":1,"featured_media":0,"comment_status":"closed","ping_status":"open","sticky":false,"template":"","format":"standard","meta":{"_monsterinsights_skip_tracking":false,"_monsterinsights_sitenote_active":false,"_monsterinsights_sitenote_note":"","_monsterinsights_sitenote_category":0,"footnotes":""},"categories":[3],"tags":[],"yoast_head":"<!-- This site is optimized with the Yoast SEO plugin v21.6 - https:\/\/yoast.com\/wordpress\/plugins\/seo\/ -->\n<title>Cijena goriva u BiH raste na 2,6 maraka, u Njema\u010dkoj je ve\u0107 \u010detiri - PrijedorDanas.com - Prijedorski gradski portal<\/title>\n<meta name=\"robots\" content=\"index, follow, max-snippet:-1, max-image-preview:large, max-video-preview:-1\" \/>\n<link rel=\"canonical\" href=\"https:\/\/www.prijedordanas.com\/?p=264107\" \/>\n<meta property=\"og:locale\" content=\"en_US\" \/>\n<meta property=\"og:type\" content=\"article\" \/>\n<meta property=\"og:title\" content=\"Cijena goriva u BiH raste na 2,6 maraka, u Njema\u010dkoj je ve\u0107 \u010detiri - PrijedorDanas.com - Prijedorski gradski portal\" \/>\n<meta property=\"og:description\" content=\"Cijene goriva u BiH mogle bi u narednim danima dose\u0107i do 2,6 KM, a u Njema\u010dkoj od jutros, 3. marta, kako pi\u0161u njema\u010dki mediji, probile su vrijednost od dva evra [&hellip;]\" \/>\n<meta property=\"og:url\" content=\"https:\/\/www.prijedordanas.com\/?p=264107\" \/>\n<meta property=\"og:site_name\" content=\"PrijedorDanas.com - Prijedorski gradski portal\" \/>\n<meta property=\"article:publisher\" content=\"https:\/\/www.facebook.com\/PrijedorDanasCom\/\" \/>\n<meta property=\"article:published_time\" content=\"2026-03-04T01:10:25+00:00\" \/>\n<meta property=\"og:image\" content=\"https:\/\/www.prijedordanas.com\/wp-content\/uploads\/2021\/11\/nezavisne-gorivo-pumpa-1-300x225.jpg\" \/>\n<meta name=\"author\" content=\"admin\" \/>\n<meta name=\"twitter:card\" content=\"summary_large_image\" \/>\n<meta name=\"twitter:label1\" content=\"Written by\" \/>\n\t<meta name=\"twitter:data1\" content=\"admin\" \/>\n<script type=\"application\/ld+json\" class=\"yoast-schema-graph\">{\"@context\":\"https:\/\/schema.org\",\"@graph\":[{\"@type\":\"Article\",\"@id\":\"https:\/\/www.prijedordanas.com\/?p=264107#article\",\"isPartOf\":{\"@id\":\"https:\/\/www.prijedordanas.com\/?p=264107\"},\"author\":{\"name\":\"admin\",\"@id\":\"https:\/\/www.prijedordanas.com\/#\/schema\/person\/4e08ccf29b506ca916ff86d46bb700e6\"},\"headline\":\"Cijena goriva u BiH raste na 2,6 maraka, u Njema\u010dkoj je ve\u0107 \u010detiri\",\"datePublished\":\"2026-03-04T01:10:25+00:00\",\"dateModified\":\"2026-03-04T01:10:25+00:00\",\"mainEntityOfPage\":{\"@id\":\"https:\/\/www.prijedordanas.com\/?p=264107\"},\"wordCount\":762,\"publisher\":{\"@id\":\"https:\/\/www.prijedordanas.com\/#organization\"},\"articleSection\":[\"\u017divot\"],\"inLanguage\":\"en-US\"},{\"@type\":\"WebPage\",\"@id\":\"https:\/\/www.prijedordanas.com\/?p=264107\",\"url\":\"https:\/\/www.prijedordanas.com\/?p=264107\",\"name\":\"Cijena goriva u BiH raste na 2,6 maraka, u Njema\u010dkoj je ve\u0107 \u010detiri - PrijedorDanas.com - Prijedorski gradski portal\",\"isPartOf\":{\"@id\":\"https:\/\/www.prijedordanas.com\/#website\"},\"datePublished\":\"2026-03-04T01:10:25+00:00\",\"dateModified\":\"2026-03-04T01:10:25+00:00\",\"breadcrumb\":{\"@id\":\"https:\/\/www.prijedordanas.com\/?p=264107#breadcrumb\"},\"inLanguage\":\"en-US\",\"potentialAction\":[{\"@type\":\"ReadAction\",\"target\":[\"https:\/\/www.prijedordanas.com\/?p=264107\"]}]},{\"@type\":\"BreadcrumbList\",\"@id\":\"https:\/\/www.prijedordanas.com\/?p=264107#breadcrumb\",\"itemListElement\":[{\"@type\":\"ListItem\",\"position\":1,\"name\":\"Home\",\"item\":\"https:\/\/www.prijedordanas.com\/\"},{\"@type\":\"ListItem\",\"position\":2,\"name\":\"Cijena goriva u BiH raste na 2,6 maraka, u Njema\u010dkoj je ve\u0107 \u010detiri\"}]},{\"@type\":\"WebSite\",\"@id\":\"https:\/\/www.prijedordanas.com\/#website\",\"url\":\"https:\/\/www.prijedordanas.com\/\",\"name\":\"PrijedorDanas.com - Prijedorski gradski portal\",\"description\":\"Portal o doga\u0111anjima u gradu Prijedoru\",\"publisher\":{\"@id\":\"https:\/\/www.prijedordanas.com\/#organization\"},\"potentialAction\":[{\"@type\":\"SearchAction\",\"target\":{\"@type\":\"EntryPoint\",\"urlTemplate\":\"https:\/\/www.prijedordanas.com\/?s={search_term_string}\"},\"query-input\":\"required name=search_term_string\"}],\"inLanguage\":\"en-US\"},{\"@type\":\"Organization\",\"@id\":\"https:\/\/www.prijedordanas.com\/#organization\",\"name\":\"PrijedorDanas.com\",\"url\":\"https:\/\/www.prijedordanas.com\/\",\"logo\":{\"@type\":\"ImageObject\",\"inLanguage\":\"en-US\",\"@id\":\"https:\/\/www.prijedordanas.com\/#\/schema\/logo\/image\/\",\"url\":\"http:\/\/www.prijedordanas.com\/wp-content\/uploads\/2021\/12\/logopng.png\",\"contentUrl\":\"http:\/\/www.prijedordanas.com\/wp-content\/uploads\/2021\/12\/logopng.png\",\"width\":1019,\"height\":776,\"caption\":\"PrijedorDanas.com\"},\"image\":{\"@id\":\"https:\/\/www.prijedordanas.com\/#\/schema\/logo\/image\/\"},\"sameAs\":[\"https:\/\/www.facebook.com\/PrijedorDanasCom\/\"]},{\"@type\":\"Person\",\"@id\":\"https:\/\/www.prijedordanas.com\/#\/schema\/person\/4e08ccf29b506ca916ff86d46bb700e6\",\"name\":\"admin\",\"image\":{\"@type\":\"ImageObject\",\"inLanguage\":\"en-US\",\"@id\":\"https:\/\/www.prijedordanas.com\/#\/schema\/person\/image\/\",\"url\":\"https:\/\/secure.gravatar.com\/avatar\/1d3fc949d550f0b53a5f0d51e06dfd79?s=96&d=mm&r=g\",\"contentUrl\":\"https:\/\/secure.gravatar.com\/avatar\/1d3fc949d550f0b53a5f0d51e06dfd79?s=96&d=mm&r=g\",\"caption\":\"admin\"},\"url\":\"https:\/\/www.prijedordanas.com\/?author=1\"}]}<\/script>\n<!-- \/ Yoast SEO plugin. -->","yoast_head_json":{"title":"Cijena goriva u BiH raste na 2,6 maraka, u Njema\u010dkoj je ve\u0107 \u010detiri - PrijedorDanas.com - Prijedorski gradski portal","robots":{"index":"index","follow":"follow","max-snippet":"max-snippet:-1","max-image-preview":"max-image-preview:large","max-video-preview":"max-video-preview:-1"},"canonical":"https:\/\/www.prijedordanas.com\/?p=264107","og_locale":"en_US","og_type":"article","og_title":"Cijena goriva u BiH raste na 2,6 maraka, u Njema\u010dkoj je ve\u0107 \u010detiri - PrijedorDanas.com - Prijedorski gradski portal","og_description":"Cijene goriva u BiH mogle bi u narednim danima dose\u0107i do 2,6 KM, a u Njema\u010dkoj od jutros, 3. marta, kako pi\u0161u njema\u010dki mediji, probile su vrijednost od dva evra [&hellip;]","og_url":"https:\/\/www.prijedordanas.com\/?p=264107","og_site_name":"PrijedorDanas.com - Prijedorski gradski portal","article_publisher":"https:\/\/www.facebook.com\/PrijedorDanasCom\/","article_published_time":"2026-03-04T01:10:25+00:00","og_image":[{"url":"https:\/\/www.prijedordanas.com\/wp-content\/uploads\/2021\/11\/nezavisne-gorivo-pumpa-1-300x225.jpg"}],"author":"admin","twitter_card":"summary_large_image","twitter_misc":{"Written by":"admin"},"schema":{"@context":"https:\/\/schema.org","@graph":[{"@type":"Article","@id":"https:\/\/www.prijedordanas.com\/?p=264107#article","isPartOf":{"@id":"https:\/\/www.prijedordanas.com\/?p=264107"},"author":{"name":"admin","@id":"https:\/\/www.prijedordanas.com\/#\/schema\/person\/4e08ccf29b506ca916ff86d46bb700e6"},"headline":"Cijena goriva u BiH raste na 2,6 maraka, u Njema\u010dkoj je ve\u0107 \u010detiri","datePublished":"2026-03-04T01:10:25+00:00","dateModified":"2026-03-04T01:10:25+00:00","mainEntityOfPage":{"@id":"https:\/\/www.prijedordanas.com\/?p=264107"},"wordCount":762,"publisher":{"@id":"https:\/\/www.prijedordanas.com\/#organization"},"articleSection":["\u017divot"],"inLanguage":"en-US"},{"@type":"WebPage","@id":"https:\/\/www.prijedordanas.com\/?p=264107","url":"https:\/\/www.prijedordanas.com\/?p=264107","name":"Cijena goriva u BiH raste na 2,6 maraka, u Njema\u010dkoj je ve\u0107 \u010detiri - PrijedorDanas.com - Prijedorski gradski portal","isPartOf":{"@id":"https:\/\/www.prijedordanas.com\/#website"},"datePublished":"2026-03-04T01:10:25+00:00","dateModified":"2026-03-04T01:10:25+00:00","breadcrumb":{"@id":"https:\/\/www.prijedordanas.com\/?p=264107#breadcrumb"},"inLanguage":"en-US","potentialAction":[{"@type":"ReadAction","target":["https:\/\/www.prijedordanas.com\/?p=264107"]}]},{"@type":"BreadcrumbList","@id":"https:\/\/www.prijedordanas.com\/?p=264107#breadcrumb","itemListElement":[{"@type":"ListItem","position":1,"name":"Home","item":"https:\/\/www.prijedordanas.com\/"},{"@type":"ListItem","position":2,"name":"Cijena goriva u BiH raste na 2,6 maraka, u Njema\u010dkoj je ve\u0107 \u010detiri"}]},{"@type":"WebSite","@id":"https:\/\/www.prijedordanas.com\/#website","url":"https:\/\/www.prijedordanas.com\/","name":"PrijedorDanas.com - Prijedorski gradski portal","description":"Portal o doga\u0111anjima u gradu Prijedoru","publisher":{"@id":"https:\/\/www.prijedordanas.com\/#organization"},"potentialAction":[{"@type":"SearchAction","target":{"@type":"EntryPoint","urlTemplate":"https:\/\/www.prijedordanas.com\/?s={search_term_string}"},"query-input":"required name=search_term_string"}],"inLanguage":"en-US"},{"@type":"Organization","@id":"https:\/\/www.prijedordanas.com\/#organization","name":"PrijedorDanas.com","url":"https:\/\/www.prijedordanas.com\/","logo":{"@type":"ImageObject","inLanguage":"en-US","@id":"https:\/\/www.prijedordanas.com\/#\/schema\/logo\/image\/","url":"http:\/\/www.prijedordanas.com\/wp-content\/uploads\/2021\/12\/logopng.png","contentUrl":"http:\/\/www.prijedordanas.com\/wp-content\/uploads\/2021\/12\/logopng.png","width":1019,"height":776,"caption":"PrijedorDanas.com"},"image":{"@id":"https:\/\/www.prijedordanas.com\/#\/schema\/logo\/image\/"},"sameAs":["https:\/\/www.facebook.com\/PrijedorDanasCom\/"]},{"@type":"Person","@id":"https:\/\/www.prijedordanas.com\/#\/schema\/person\/4e08ccf29b506ca916ff86d46bb700e6","name":"admin","image":{"@type":"ImageObject","inLanguage":"en-US","@id":"https:\/\/www.prijedordanas.com\/#\/schema\/person\/image\/","url":"https:\/\/secure.gravatar.com\/avatar\/1d3fc949d550f0b53a5f0d51e06dfd79?s=96&d=mm&r=g","contentUrl":"https:\/\/secure.gravatar.com\/avatar\/1d3fc949d550f0b53a5f0d51e06dfd79?s=96&d=mm&r=g","caption":"admin"},"url":"https:\/\/www.prijedordanas.com\/?author=1"}]}},"_links":{"self":[{"href":"https:\/\/www.prijedordanas.com\/index.php?rest_route=\/wp\/v2\/posts\/264107"}],"collection":[{"href":"https:\/\/www.prijedordanas.com\/index.php?rest_route=\/wp\/v2\/posts"}],"about":[{"href":"https:\/\/www.prijedordanas.com\/index.php?rest_route=\/wp\/v2\/types\/post"}],"author":[{"embeddable":true,"href":"https:\/\/www.prijedordanas.com\/index.php?rest_route=\/wp\/v2\/users\/1"}],"replies":[{"embeddable":true,"href":"https:\/\/www.prijedordanas.com\/index.php?rest_route=%2Fwp%2Fv2%2Fcomments&post=264107"}],"version-history":[{"count":1,"href":"https:\/\/www.prijedordanas.com\/index.php?rest_route=\/wp\/v2\/posts\/264107\/revisions"}],"predecessor-version":[{"id":264109,"href":"https:\/\/www.prijedordanas.com\/index.php?rest_route=\/wp\/v2\/posts\/264107\/revisions\/264109"}],"wp:attachment":[{"href":"https:\/\/www.prijedordanas.com\/index.php?rest_route=%2Fwp%2Fv2%2Fmedia&parent=264107"}],"wp:term":[{"taxonomy":"category","embeddable":true,"href":"https:\/\/www.prijedordanas.com\/index.php?rest_route=%2Fwp%2Fv2%2Fcategories&post=264107"},{"taxonomy":"post_tag","embeddable":true,"href":"https:\/\/www.prijedordanas.com\/index.php?rest_route=%2Fwp%2Fv2%2Ftags&post=264107"}],"curies":[{"name":"wp","href":"https:\/\/api.w.org\/{rel}","templated":true}]}}