{"id":264084,"date":"2026-03-03T13:39:39","date_gmt":"2026-03-03T12:39:39","guid":{"rendered":"https:\/\/www.prijedordanas.com\/?p=264084"},"modified":"2026-03-03T13:39:39","modified_gmt":"2026-03-03T12:39:39","slug":"gradonacelnik-javor-s-mitropolitom-jefremom-i-episkopom-savom","status":"publish","type":"post","link":"https:\/\/www.prijedordanas.com\/?p=264084","title":{"rendered":"Gradona\u010delnik Javor s mitropolitom Jefremom i episkopom Savom"},"content":{"rendered":"<p><a href=\"https:\/\/www.prijedordanas.com\/wp-content\/uploads\/2026\/03\/javor-mitropolit-jefrem-episkop-sava.jpg\"><img loading=\"lazy\" decoding=\"async\" src=\"https:\/\/www.prijedordanas.com\/wp-content\/uploads\/2026\/03\/javor-mitropolit-jefrem-episkop-sava-300x225.jpg\" alt=\"\" width=\"300\" height=\"225\" class=\"alignleft size-medium wp-image-264085\" srcset=\"https:\/\/www.prijedordanas.com\/wp-content\/uploads\/2026\/03\/javor-mitropolit-jefrem-episkop-sava-300x225.jpg 300w, https:\/\/www.prijedordanas.com\/wp-content\/uploads\/2026\/03\/javor-mitropolit-jefrem-episkop-sava-640x480.jpg 640w, https:\/\/www.prijedordanas.com\/wp-content\/uploads\/2026\/03\/javor-mitropolit-jefrem-episkop-sava.jpg 667w\" sizes=\"(max-width: 300px) 100vw, 300px\" \/><\/a>Gradona\u010delnik Prijedora Slobodan Javor, na poziv NJegovog Visokopreosve\u0161tenstva mitropolita banjalu\u010dkog Jefrema, posjetio je sjedi\u0161te Eparhije banjalu\u010dke, gdje je uprili\u010den srda\u010dan i prijateljski susret s mitropolitom Jefremom i NJegovim Preosve\u0161tenstvom episkopom mar\u010danskim Savom.<\/p>\n<p>Na sastanku je razgovarano o brojnim temama od zna\u010daja za duhovni i dru\u0161tveni \u017eivot na\u0161eg naroda. Poseban akcenat stavljen je na zna\u010daj o\u010duvanja vjere kao temelja li\u010dnog i kolektivnog identiteta, te na ulogu Srpske pravoslavne crkve u o\u010duvanju duhovnih i moralnih vrijednosti koje vijekovima oblikuju na\u0161 narod.<\/p>\n<p>Istaknuto je da su na\u0161i hramovi i svetinje \u017eivi svjedoci istorije, mjesta sabranja, utjehe i nade, te stubovi na kojima po\u010divaju na\u0161a tradicija, kultura i zajedni\u0161tvo. O\u010duvanje i obnova svetinja prepoznati su kao trajna obaveza svih nas, jer upravo kroz brigu o duhovnom naslje\u0111u \u010duvamo i svoje korijene, ali i snagu za budu\u0107nost.<\/p>\n<p>Jedna od va\u017enih tema razgovora bila je i nastavak izgradnje manastira Manastir Milo\u0161evac u Prijedoru, kao i prate\u0107ih objekata uz ovu svetinju, na koju je Grad Prijedor posebno ponosan. Nagla\u0161ena je va\u017enost zavr\u0161etka zapo\u010detih radova i daljeg ure\u0111enja kompleksa, koji ve\u0107 sada predstavlja mjesto duhovnog sabranja, molitve i okupljanja vjernika.<\/p>\n<p>Tokom susreta istaknuto je da je Prijedor jedna od lokalnih zajednica koja dosljedno i odgovorno pristupa o\u010duvanju, obnovi i izgradnji hramova, ula\u017eu\u0107i zna\u010dajna sredstva i pru\u017eaju\u0107i institucionalnu podr\u0161ku projektima od duhovnog i kulturnog zna\u010daja. Takav odnos predstavlja izraz po\u0161tovanja prema tradiciji, ali i jasnu poruku da se duhovne vrijednosti prepoznaju kao va\u017ean dio ukupnog razvoja zajednice.<\/p>\n<p>Gradona\u010delnik Javor zahvalio je mitropolitu Jefremu i episkopu Savi na gostoprimstvu i prijateljskom razgovoru, isti\u010du\u0107i da \u0107e Grad Prijedor i u narednom periodu nastaviti da njeguje blisku saradnju sa Srpskom pravoslavnom crkvom, na dobrobit svih gra\u0111ana i u cilju o\u010duvanja duhovnog i kulturnog identiteta na\u0161eg naroda.<\/p>\n<p><a href=\"https:\/\/prijedorgrad.org\/sr-EU\/vijesti-sadrzaj.html?vid=23483\" rel=\"noopener\" target=\"_blank\">prijedorgrad.org<\/a><\/p>\n","protected":false},"excerpt":{"rendered":"<p>Gradona\u010delnik Prijedora Slobodan Javor, na poziv NJegovog Visokopreosve\u0161tenstva mitropolita banjalu\u010dkog Jefrema, posjetio je sjedi\u0161te Eparhije banjalu\u010dke, gdje je uprili\u010den srda\u010dan i prijateljski susret s mitropolitom Jefremom i NJegovim Preosve\u0161tenstvom episkopom [&hellip;]<\/p>\n","protected":false},"author":1,"featured_media":0,"comment_status":"closed","ping_status":"open","sticky":false,"template":"","format":"standard","meta":{"_monsterinsights_skip_tracking":false,"_monsterinsights_sitenote_active":false,"_monsterinsights_sitenote_note":"","_monsterinsights_sitenote_category":0,"footnotes":""},"categories":[3],"tags":[],"yoast_head":"<!-- This site is optimized with the Yoast SEO plugin v21.6 - https:\/\/yoast.com\/wordpress\/plugins\/seo\/ -->\n<title>Gradona\u010delnik Javor s mitropolitom Jefremom i episkopom Savom - PrijedorDanas.com - Prijedorski gradski portal<\/title>\n<meta name=\"robots\" content=\"index, follow, max-snippet:-1, max-image-preview:large, max-video-preview:-1\" \/>\n<link rel=\"canonical\" href=\"https:\/\/www.prijedordanas.com\/?p=264084\" \/>\n<meta property=\"og:locale\" content=\"en_US\" \/>\n<meta property=\"og:type\" content=\"article\" \/>\n<meta property=\"og:title\" content=\"Gradona\u010delnik Javor s mitropolitom Jefremom i episkopom Savom - PrijedorDanas.com - Prijedorski gradski portal\" \/>\n<meta property=\"og:description\" content=\"Gradona\u010delnik Prijedora Slobodan Javor, na poziv NJegovog Visokopreosve\u0161tenstva mitropolita banjalu\u010dkog Jefrema, posjetio je sjedi\u0161te Eparhije banjalu\u010dke, gdje je uprili\u010den srda\u010dan i prijateljski susret s mitropolitom Jefremom i NJegovim Preosve\u0161tenstvom episkopom [&hellip;]\" \/>\n<meta property=\"og:url\" content=\"https:\/\/www.prijedordanas.com\/?p=264084\" \/>\n<meta property=\"og:site_name\" content=\"PrijedorDanas.com - Prijedorski gradski portal\" \/>\n<meta property=\"article:publisher\" content=\"https:\/\/www.facebook.com\/PrijedorDanasCom\/\" \/>\n<meta property=\"article:published_time\" content=\"2026-03-03T12:39:39+00:00\" \/>\n<meta property=\"og:image\" content=\"https:\/\/www.prijedordanas.com\/wp-content\/uploads\/2026\/03\/javor-mitropolit-jefrem-episkop-sava-300x225.jpg\" \/>\n<meta name=\"author\" content=\"admin\" \/>\n<meta name=\"twitter:card\" content=\"summary_large_image\" \/>\n<meta name=\"twitter:label1\" content=\"Written by\" \/>\n\t<meta name=\"twitter:data1\" content=\"admin\" \/>\n<script type=\"application\/ld+json\" class=\"yoast-schema-graph\">{\"@context\":\"https:\/\/schema.org\",\"@graph\":[{\"@type\":\"Article\",\"@id\":\"https:\/\/www.prijedordanas.com\/?p=264084#article\",\"isPartOf\":{\"@id\":\"https:\/\/www.prijedordanas.com\/?p=264084\"},\"author\":{\"name\":\"admin\",\"@id\":\"https:\/\/www.prijedordanas.com\/#\/schema\/person\/4e08ccf29b506ca916ff86d46bb700e6\"},\"headline\":\"Gradona\u010delnik Javor s mitropolitom Jefremom i episkopom Savom\",\"datePublished\":\"2026-03-03T12:39:39+00:00\",\"dateModified\":\"2026-03-03T12:39:39+00:00\",\"mainEntityOfPage\":{\"@id\":\"https:\/\/www.prijedordanas.com\/?p=264084\"},\"wordCount\":342,\"publisher\":{\"@id\":\"https:\/\/www.prijedordanas.com\/#organization\"},\"articleSection\":[\"\u017divot\"],\"inLanguage\":\"en-US\"},{\"@type\":\"WebPage\",\"@id\":\"https:\/\/www.prijedordanas.com\/?p=264084\",\"url\":\"https:\/\/www.prijedordanas.com\/?p=264084\",\"name\":\"Gradona\u010delnik Javor s mitropolitom Jefremom i episkopom Savom - PrijedorDanas.com - Prijedorski gradski portal\",\"isPartOf\":{\"@id\":\"https:\/\/www.prijedordanas.com\/#website\"},\"datePublished\":\"2026-03-03T12:39:39+00:00\",\"dateModified\":\"2026-03-03T12:39:39+00:00\",\"breadcrumb\":{\"@id\":\"https:\/\/www.prijedordanas.com\/?p=264084#breadcrumb\"},\"inLanguage\":\"en-US\",\"potentialAction\":[{\"@type\":\"ReadAction\",\"target\":[\"https:\/\/www.prijedordanas.com\/?p=264084\"]}]},{\"@type\":\"BreadcrumbList\",\"@id\":\"https:\/\/www.prijedordanas.com\/?p=264084#breadcrumb\",\"itemListElement\":[{\"@type\":\"ListItem\",\"position\":1,\"name\":\"Home\",\"item\":\"https:\/\/www.prijedordanas.com\/\"},{\"@type\":\"ListItem\",\"position\":2,\"name\":\"Gradona\u010delnik Javor s mitropolitom Jefremom i episkopom Savom\"}]},{\"@type\":\"WebSite\",\"@id\":\"https:\/\/www.prijedordanas.com\/#website\",\"url\":\"https:\/\/www.prijedordanas.com\/\",\"name\":\"PrijedorDanas.com - Prijedorski gradski portal\",\"description\":\"Portal o doga\u0111anjima u gradu Prijedoru\",\"publisher\":{\"@id\":\"https:\/\/www.prijedordanas.com\/#organization\"},\"potentialAction\":[{\"@type\":\"SearchAction\",\"target\":{\"@type\":\"EntryPoint\",\"urlTemplate\":\"https:\/\/www.prijedordanas.com\/?s={search_term_string}\"},\"query-input\":\"required name=search_term_string\"}],\"inLanguage\":\"en-US\"},{\"@type\":\"Organization\",\"@id\":\"https:\/\/www.prijedordanas.com\/#organization\",\"name\":\"PrijedorDanas.com\",\"url\":\"https:\/\/www.prijedordanas.com\/\",\"logo\":{\"@type\":\"ImageObject\",\"inLanguage\":\"en-US\",\"@id\":\"https:\/\/www.prijedordanas.com\/#\/schema\/logo\/image\/\",\"url\":\"http:\/\/www.prijedordanas.com\/wp-content\/uploads\/2021\/12\/logopng.png\",\"contentUrl\":\"http:\/\/www.prijedordanas.com\/wp-content\/uploads\/2021\/12\/logopng.png\",\"width\":1019,\"height\":776,\"caption\":\"PrijedorDanas.com\"},\"image\":{\"@id\":\"https:\/\/www.prijedordanas.com\/#\/schema\/logo\/image\/\"},\"sameAs\":[\"https:\/\/www.facebook.com\/PrijedorDanasCom\/\"]},{\"@type\":\"Person\",\"@id\":\"https:\/\/www.prijedordanas.com\/#\/schema\/person\/4e08ccf29b506ca916ff86d46bb700e6\",\"name\":\"admin\",\"image\":{\"@type\":\"ImageObject\",\"inLanguage\":\"en-US\",\"@id\":\"https:\/\/www.prijedordanas.com\/#\/schema\/person\/image\/\",\"url\":\"https:\/\/secure.gravatar.com\/avatar\/1d3fc949d550f0b53a5f0d51e06dfd79?s=96&d=mm&r=g\",\"contentUrl\":\"https:\/\/secure.gravatar.com\/avatar\/1d3fc949d550f0b53a5f0d51e06dfd79?s=96&d=mm&r=g\",\"caption\":\"admin\"},\"url\":\"https:\/\/www.prijedordanas.com\/?author=1\"}]}<\/script>\n<!-- \/ Yoast SEO plugin. -->","yoast_head_json":{"title":"Gradona\u010delnik Javor s mitropolitom Jefremom i episkopom Savom - PrijedorDanas.com - Prijedorski gradski portal","robots":{"index":"index","follow":"follow","max-snippet":"max-snippet:-1","max-image-preview":"max-image-preview:large","max-video-preview":"max-video-preview:-1"},"canonical":"https:\/\/www.prijedordanas.com\/?p=264084","og_locale":"en_US","og_type":"article","og_title":"Gradona\u010delnik Javor s mitropolitom Jefremom i episkopom Savom - PrijedorDanas.com - Prijedorski gradski portal","og_description":"Gradona\u010delnik Prijedora Slobodan Javor, na poziv NJegovog Visokopreosve\u0161tenstva mitropolita banjalu\u010dkog Jefrema, posjetio je sjedi\u0161te Eparhije banjalu\u010dke, gdje je uprili\u010den srda\u010dan i prijateljski susret s mitropolitom Jefremom i NJegovim Preosve\u0161tenstvom episkopom [&hellip;]","og_url":"https:\/\/www.prijedordanas.com\/?p=264084","og_site_name":"PrijedorDanas.com - Prijedorski gradski portal","article_publisher":"https:\/\/www.facebook.com\/PrijedorDanasCom\/","article_published_time":"2026-03-03T12:39:39+00:00","og_image":[{"url":"https:\/\/www.prijedordanas.com\/wp-content\/uploads\/2026\/03\/javor-mitropolit-jefrem-episkop-sava-300x225.jpg"}],"author":"admin","twitter_card":"summary_large_image","twitter_misc":{"Written by":"admin"},"schema":{"@context":"https:\/\/schema.org","@graph":[{"@type":"Article","@id":"https:\/\/www.prijedordanas.com\/?p=264084#article","isPartOf":{"@id":"https:\/\/www.prijedordanas.com\/?p=264084"},"author":{"name":"admin","@id":"https:\/\/www.prijedordanas.com\/#\/schema\/person\/4e08ccf29b506ca916ff86d46bb700e6"},"headline":"Gradona\u010delnik Javor s mitropolitom Jefremom i episkopom Savom","datePublished":"2026-03-03T12:39:39+00:00","dateModified":"2026-03-03T12:39:39+00:00","mainEntityOfPage":{"@id":"https:\/\/www.prijedordanas.com\/?p=264084"},"wordCount":342,"publisher":{"@id":"https:\/\/www.prijedordanas.com\/#organization"},"articleSection":["\u017divot"],"inLanguage":"en-US"},{"@type":"WebPage","@id":"https:\/\/www.prijedordanas.com\/?p=264084","url":"https:\/\/www.prijedordanas.com\/?p=264084","name":"Gradona\u010delnik Javor s mitropolitom Jefremom i episkopom Savom - PrijedorDanas.com - Prijedorski gradski portal","isPartOf":{"@id":"https:\/\/www.prijedordanas.com\/#website"},"datePublished":"2026-03-03T12:39:39+00:00","dateModified":"2026-03-03T12:39:39+00:00","breadcrumb":{"@id":"https:\/\/www.prijedordanas.com\/?p=264084#breadcrumb"},"inLanguage":"en-US","potentialAction":[{"@type":"ReadAction","target":["https:\/\/www.prijedordanas.com\/?p=264084"]}]},{"@type":"BreadcrumbList","@id":"https:\/\/www.prijedordanas.com\/?p=264084#breadcrumb","itemListElement":[{"@type":"ListItem","position":1,"name":"Home","item":"https:\/\/www.prijedordanas.com\/"},{"@type":"ListItem","position":2,"name":"Gradona\u010delnik Javor s mitropolitom Jefremom i episkopom Savom"}]},{"@type":"WebSite","@id":"https:\/\/www.prijedordanas.com\/#website","url":"https:\/\/www.prijedordanas.com\/","name":"PrijedorDanas.com - Prijedorski gradski portal","description":"Portal o doga\u0111anjima u gradu Prijedoru","publisher":{"@id":"https:\/\/www.prijedordanas.com\/#organization"},"potentialAction":[{"@type":"SearchAction","target":{"@type":"EntryPoint","urlTemplate":"https:\/\/www.prijedordanas.com\/?s={search_term_string}"},"query-input":"required name=search_term_string"}],"inLanguage":"en-US"},{"@type":"Organization","@id":"https:\/\/www.prijedordanas.com\/#organization","name":"PrijedorDanas.com","url":"https:\/\/www.prijedordanas.com\/","logo":{"@type":"ImageObject","inLanguage":"en-US","@id":"https:\/\/www.prijedordanas.com\/#\/schema\/logo\/image\/","url":"http:\/\/www.prijedordanas.com\/wp-content\/uploads\/2021\/12\/logopng.png","contentUrl":"http:\/\/www.prijedordanas.com\/wp-content\/uploads\/2021\/12\/logopng.png","width":1019,"height":776,"caption":"PrijedorDanas.com"},"image":{"@id":"https:\/\/www.prijedordanas.com\/#\/schema\/logo\/image\/"},"sameAs":["https:\/\/www.facebook.com\/PrijedorDanasCom\/"]},{"@type":"Person","@id":"https:\/\/www.prijedordanas.com\/#\/schema\/person\/4e08ccf29b506ca916ff86d46bb700e6","name":"admin","image":{"@type":"ImageObject","inLanguage":"en-US","@id":"https:\/\/www.prijedordanas.com\/#\/schema\/person\/image\/","url":"https:\/\/secure.gravatar.com\/avatar\/1d3fc949d550f0b53a5f0d51e06dfd79?s=96&d=mm&r=g","contentUrl":"https:\/\/secure.gravatar.com\/avatar\/1d3fc949d550f0b53a5f0d51e06dfd79?s=96&d=mm&r=g","caption":"admin"},"url":"https:\/\/www.prijedordanas.com\/?author=1"}]}},"_links":{"self":[{"href":"https:\/\/www.prijedordanas.com\/index.php?rest_route=\/wp\/v2\/posts\/264084"}],"collection":[{"href":"https:\/\/www.prijedordanas.com\/index.php?rest_route=\/wp\/v2\/posts"}],"about":[{"href":"https:\/\/www.prijedordanas.com\/index.php?rest_route=\/wp\/v2\/types\/post"}],"author":[{"embeddable":true,"href":"https:\/\/www.prijedordanas.com\/index.php?rest_route=\/wp\/v2\/users\/1"}],"replies":[{"embeddable":true,"href":"https:\/\/www.prijedordanas.com\/index.php?rest_route=%2Fwp%2Fv2%2Fcomments&post=264084"}],"version-history":[{"count":1,"href":"https:\/\/www.prijedordanas.com\/index.php?rest_route=\/wp\/v2\/posts\/264084\/revisions"}],"predecessor-version":[{"id":264086,"href":"https:\/\/www.prijedordanas.com\/index.php?rest_route=\/wp\/v2\/posts\/264084\/revisions\/264086"}],"wp:attachment":[{"href":"https:\/\/www.prijedordanas.com\/index.php?rest_route=%2Fwp%2Fv2%2Fmedia&parent=264084"}],"wp:term":[{"taxonomy":"category","embeddable":true,"href":"https:\/\/www.prijedordanas.com\/index.php?rest_route=%2Fwp%2Fv2%2Fcategories&post=264084"},{"taxonomy":"post_tag","embeddable":true,"href":"https:\/\/www.prijedordanas.com\/index.php?rest_route=%2Fwp%2Fv2%2Ftags&post=264084"}],"curies":[{"name":"wp","href":"https:\/\/api.w.org\/{rel}","templated":true}]}}