{"id":264077,"date":"2026-03-03T13:28:06","date_gmt":"2026-03-03T12:28:06","guid":{"rendered":"https:\/\/www.prijedordanas.com\/?p=264077"},"modified":"2026-03-03T13:28:06","modified_gmt":"2026-03-03T12:28:06","slug":"ucenici-posjetili-prijedorske-vatrogasce-foto","status":"publish","type":"post","link":"https:\/\/www.prijedordanas.com\/?p=264077","title":{"rendered":"U\u010denici posjetili prijedorske vatrogasce &#8211; FOTO"},"content":{"rendered":"<p><a href=\"https:\/\/www.prijedordanas.com\/wp-content\/uploads\/2026\/03\/kozarski-ucenici-os-branko-copic-posjeta-vatrogasci-1.jpg\"><img loading=\"lazy\" decoding=\"async\" class=\"alignleft size-medium wp-image-264078\" src=\"https:\/\/www.prijedordanas.com\/wp-content\/uploads\/2026\/03\/kozarski-ucenici-os-branko-copic-posjeta-vatrogasci-1-300x225.jpg\" alt=\"\" width=\"300\" height=\"225\" srcset=\"https:\/\/www.prijedordanas.com\/wp-content\/uploads\/2026\/03\/kozarski-ucenici-os-branko-copic-posjeta-vatrogasci-1-300x225.jpg 300w, https:\/\/www.prijedordanas.com\/wp-content\/uploads\/2026\/03\/kozarski-ucenici-os-branko-copic-posjeta-vatrogasci-1-640x480.jpg 640w, https:\/\/www.prijedordanas.com\/wp-content\/uploads\/2026\/03\/kozarski-ucenici-os-branko-copic-posjeta-vatrogasci-1.jpg 667w\" sizes=\"(max-width: 300px) 100vw, 300px\" \/><\/a>Vatrogasci su navikli na posjete najmla\u0111ih sugra\u0111ana, bilo da je to u oktobru, mjesecu za\u0161tite od po\u017eara ili nekim drugim povodom.<\/p>\n<p>Svaki put se potrude da izdvoje najzanimljivije detalje ove profesije i da pred\u0161kolci i osnovci u lijepoj uspomeni \u010duvaju ova dru\u017eenja.<\/p>\n<p>Tako je bilo i u\u010denicima prvih razreda \u041esnovne \u0161kole \u201cBranko \u0106opi\u0107\u201d.<\/p>\n<p>\u201cBilo mi je ba\u0161 lijepo ovdje. Posao vatrogasaca je da iz cijevi izvuku vodopad, a najvi\u0161e mi se dopalo kada su dizali onu spravu\u201d, rekla je u\u010denica Anika Majki\u0107, pokazuju\u0107i na auto-ljestve.<\/p>\n<p>Anikino mi\u0161ljenje dijeli i njen \u0161kolski drug Milo\u0161 Grahovac, na kojeg je najve\u0107i utisak ostavio \u201ckamion koji ima jako velike merdevine\u201d.<\/p>\n<p><a href=\"https:\/\/www.prijedordanas.com\/wp-content\/uploads\/2026\/03\/kozarski-ucenici-os-branko-copic-posjeta-vatrogasci-2.jpg\"><img loading=\"lazy\" decoding=\"async\" class=\"alignleft size-medium wp-image-264079\" src=\"https:\/\/www.prijedordanas.com\/wp-content\/uploads\/2026\/03\/kozarski-ucenici-os-branko-copic-posjeta-vatrogasci-2-300x169.jpg\" alt=\"\" width=\"300\" height=\"169\" srcset=\"https:\/\/www.prijedordanas.com\/wp-content\/uploads\/2026\/03\/kozarski-ucenici-os-branko-copic-posjeta-vatrogasci-2-300x169.jpg 300w, https:\/\/www.prijedordanas.com\/wp-content\/uploads\/2026\/03\/kozarski-ucenici-os-branko-copic-posjeta-vatrogasci-2.jpg 600w\" sizes=\"(max-width: 300px) 100vw, 300px\" \/><\/a>\u201cVatrogasce zovemo na broj 123\u201d, odgovara Milo\u0161 bez dileme.<\/p>\n<p>\u201cU\u010denici na\u0161e \u0161kole svake godine dolaze u organizovane posjete vatrogascima. I ovog puta, djeca su u\u017eivala, razgledala vozila i gledali kako vatrogasci spa\u0161avaju\u201d, rekla je u\u010diteljica Vesna Polovina.<\/p>\n<p>U\u010denici su imali priliku da razgledaju opremu i vozni park prijedorskih vatrogasaca, simulirano ga\u0161enje po\u017eara i spa\u0161avanj\u0435 unesre\u0107enih sa visina pomo\u0107u auto-ljestvi.<\/p>\n<p>\u201cCilj nam je bio da im pribli\u017eimo posao vatrogasca i koliko je va\u017eno da paze na sebe, da \u010duvaju okolinu, da znaju koji je broj za hitne slu\u010dajeve i, naravno, da se ne igraju vatrom\u201d, rekao je komandir voda TVSJ Prijedor Goran Zdjelar.<\/p>\n<p>\u041evakve posjete nisu samo zanimljive ve\u0107 i korisne, jer djeca nau\u010de ne\u0161to novo i shvate zna\u010daj posla koji obavljaju pripadnici Teritorijalne vatrogasno-spasila\u010dke jedinice Prijedor.<\/p>\n<p><a href=\"https:\/\/kozarski.com\/ucenici-posjetili-prijedorske-vatrogasce\/\" target=\"_blank\" rel=\"noopener\">kozarski.com<\/a><\/p>\n<p><a href=\"https:\/\/www.prijedordanas.com\/wp-content\/uploads\/2026\/03\/kozarski-ucenici-os-branko-copic-posjeta-vatrogasci-3.jpg\"><img loading=\"lazy\" decoding=\"async\" src=\"https:\/\/www.prijedordanas.com\/wp-content\/uploads\/2026\/03\/kozarski-ucenici-os-branko-copic-posjeta-vatrogasci-3-300x169.jpg\" alt=\"\" width=\"300\" height=\"169\" class=\"alignleft size-medium wp-image-264080\" srcset=\"https:\/\/www.prijedordanas.com\/wp-content\/uploads\/2026\/03\/kozarski-ucenici-os-branko-copic-posjeta-vatrogasci-3-300x169.jpg 300w, https:\/\/www.prijedordanas.com\/wp-content\/uploads\/2026\/03\/kozarski-ucenici-os-branko-copic-posjeta-vatrogasci-3.jpg 600w\" sizes=\"(max-width: 300px) 100vw, 300px\" \/><\/a> <a href=\"https:\/\/www.prijedordanas.com\/wp-content\/uploads\/2026\/03\/kozarski-ucenici-os-branko-copic-posjeta-vatrogasci-4.jpg\"><img loading=\"lazy\" decoding=\"async\" src=\"https:\/\/www.prijedordanas.com\/wp-content\/uploads\/2026\/03\/kozarski-ucenici-os-branko-copic-posjeta-vatrogasci-4-300x169.jpg\" alt=\"\" width=\"300\" height=\"169\" class=\"alignleft size-medium wp-image-264081\" srcset=\"https:\/\/www.prijedordanas.com\/wp-content\/uploads\/2026\/03\/kozarski-ucenici-os-branko-copic-posjeta-vatrogasci-4-300x169.jpg 300w, https:\/\/www.prijedordanas.com\/wp-content\/uploads\/2026\/03\/kozarski-ucenici-os-branko-copic-posjeta-vatrogasci-4.jpg 600w\" sizes=\"(max-width: 300px) 100vw, 300px\" \/><\/a> <a href=\"https:\/\/www.prijedordanas.com\/wp-content\/uploads\/2026\/03\/kozarski-ucenici-os-branko-copic-posjeta-vatrogasci-5.jpg\"><img loading=\"lazy\" decoding=\"async\" src=\"https:\/\/www.prijedordanas.com\/wp-content\/uploads\/2026\/03\/kozarski-ucenici-os-branko-copic-posjeta-vatrogasci-5-300x169.jpg\" alt=\"\" width=\"300\" height=\"169\" class=\"alignleft size-medium wp-image-264082\" srcset=\"https:\/\/www.prijedordanas.com\/wp-content\/uploads\/2026\/03\/kozarski-ucenici-os-branko-copic-posjeta-vatrogasci-5-300x169.jpg 300w, https:\/\/www.prijedordanas.com\/wp-content\/uploads\/2026\/03\/kozarski-ucenici-os-branko-copic-posjeta-vatrogasci-5.jpg 600w\" sizes=\"(max-width: 300px) 100vw, 300px\" \/><\/a><\/p>\n","protected":false},"excerpt":{"rendered":"<p>Vatrogasci su navikli na posjete najmla\u0111ih sugra\u0111ana, bilo da je to u oktobru, mjesecu za\u0161tite od po\u017eara ili nekim drugim povodom. Svaki put se potrude da izdvoje najzanimljivije detalje ove [&hellip;]<\/p>\n","protected":false},"author":1,"featured_media":0,"comment_status":"closed","ping_status":"open","sticky":false,"template":"","format":"standard","meta":{"_monsterinsights_skip_tracking":false,"_monsterinsights_sitenote_active":false,"_monsterinsights_sitenote_note":"","_monsterinsights_sitenote_category":0,"footnotes":""},"categories":[7518],"tags":[],"yoast_head":"<!-- This site is optimized with the Yoast SEO plugin v21.6 - https:\/\/yoast.com\/wordpress\/plugins\/seo\/ -->\n<title>U\u010denici posjetili prijedorske vatrogasce - FOTO - PrijedorDanas.com - Prijedorski gradski portal<\/title>\n<meta name=\"robots\" content=\"index, follow, max-snippet:-1, max-image-preview:large, max-video-preview:-1\" \/>\n<link rel=\"canonical\" href=\"https:\/\/www.prijedordanas.com\/?p=264077\" \/>\n<meta property=\"og:locale\" content=\"en_US\" \/>\n<meta property=\"og:type\" content=\"article\" \/>\n<meta property=\"og:title\" content=\"U\u010denici posjetili prijedorske vatrogasce - FOTO - PrijedorDanas.com - Prijedorski gradski portal\" \/>\n<meta property=\"og:description\" content=\"Vatrogasci su navikli na posjete najmla\u0111ih sugra\u0111ana, bilo da je to u oktobru, mjesecu za\u0161tite od po\u017eara ili nekim drugim povodom. Svaki put se potrude da izdvoje najzanimljivije detalje ove [&hellip;]\" \/>\n<meta property=\"og:url\" content=\"https:\/\/www.prijedordanas.com\/?p=264077\" \/>\n<meta property=\"og:site_name\" content=\"PrijedorDanas.com - Prijedorski gradski portal\" \/>\n<meta property=\"article:publisher\" content=\"https:\/\/www.facebook.com\/PrijedorDanasCom\/\" \/>\n<meta property=\"article:published_time\" content=\"2026-03-03T12:28:06+00:00\" \/>\n<meta property=\"og:image\" content=\"https:\/\/www.prijedordanas.com\/wp-content\/uploads\/2026\/03\/kozarski-ucenici-os-branko-copic-posjeta-vatrogasci-1-300x225.jpg\" \/>\n<meta name=\"author\" content=\"admin\" \/>\n<meta name=\"twitter:card\" content=\"summary_large_image\" \/>\n<meta name=\"twitter:label1\" content=\"Written by\" \/>\n\t<meta name=\"twitter:data1\" content=\"admin\" \/>\n\t<meta name=\"twitter:label2\" content=\"Est. reading time\" \/>\n\t<meta name=\"twitter:data2\" content=\"2 minutes\" \/>\n<script type=\"application\/ld+json\" class=\"yoast-schema-graph\">{\"@context\":\"https:\/\/schema.org\",\"@graph\":[{\"@type\":\"Article\",\"@id\":\"https:\/\/www.prijedordanas.com\/?p=264077#article\",\"isPartOf\":{\"@id\":\"https:\/\/www.prijedordanas.com\/?p=264077\"},\"author\":{\"name\":\"admin\",\"@id\":\"https:\/\/www.prijedordanas.com\/#\/schema\/person\/4e08ccf29b506ca916ff86d46bb700e6\"},\"headline\":\"U\u010denici posjetili prijedorske vatrogasce &#8211; FOTO\",\"datePublished\":\"2026-03-03T12:28:06+00:00\",\"dateModified\":\"2026-03-03T12:28:06+00:00\",\"mainEntityOfPage\":{\"@id\":\"https:\/\/www.prijedordanas.com\/?p=264077\"},\"wordCount\":273,\"publisher\":{\"@id\":\"https:\/\/www.prijedordanas.com\/#organization\"},\"articleSection\":[\"Mladi\"],\"inLanguage\":\"en-US\"},{\"@type\":\"WebPage\",\"@id\":\"https:\/\/www.prijedordanas.com\/?p=264077\",\"url\":\"https:\/\/www.prijedordanas.com\/?p=264077\",\"name\":\"U\u010denici posjetili prijedorske vatrogasce - FOTO - PrijedorDanas.com - Prijedorski gradski portal\",\"isPartOf\":{\"@id\":\"https:\/\/www.prijedordanas.com\/#website\"},\"datePublished\":\"2026-03-03T12:28:06+00:00\",\"dateModified\":\"2026-03-03T12:28:06+00:00\",\"breadcrumb\":{\"@id\":\"https:\/\/www.prijedordanas.com\/?p=264077#breadcrumb\"},\"inLanguage\":\"en-US\",\"potentialAction\":[{\"@type\":\"ReadAction\",\"target\":[\"https:\/\/www.prijedordanas.com\/?p=264077\"]}]},{\"@type\":\"BreadcrumbList\",\"@id\":\"https:\/\/www.prijedordanas.com\/?p=264077#breadcrumb\",\"itemListElement\":[{\"@type\":\"ListItem\",\"position\":1,\"name\":\"Home\",\"item\":\"https:\/\/www.prijedordanas.com\/\"},{\"@type\":\"ListItem\",\"position\":2,\"name\":\"U\u010denici posjetili prijedorske vatrogasce &#8211; FOTO\"}]},{\"@type\":\"WebSite\",\"@id\":\"https:\/\/www.prijedordanas.com\/#website\",\"url\":\"https:\/\/www.prijedordanas.com\/\",\"name\":\"PrijedorDanas.com - Prijedorski gradski portal\",\"description\":\"Portal o doga\u0111anjima u gradu Prijedoru\",\"publisher\":{\"@id\":\"https:\/\/www.prijedordanas.com\/#organization\"},\"potentialAction\":[{\"@type\":\"SearchAction\",\"target\":{\"@type\":\"EntryPoint\",\"urlTemplate\":\"https:\/\/www.prijedordanas.com\/?s={search_term_string}\"},\"query-input\":\"required name=search_term_string\"}],\"inLanguage\":\"en-US\"},{\"@type\":\"Organization\",\"@id\":\"https:\/\/www.prijedordanas.com\/#organization\",\"name\":\"PrijedorDanas.com\",\"url\":\"https:\/\/www.prijedordanas.com\/\",\"logo\":{\"@type\":\"ImageObject\",\"inLanguage\":\"en-US\",\"@id\":\"https:\/\/www.prijedordanas.com\/#\/schema\/logo\/image\/\",\"url\":\"http:\/\/www.prijedordanas.com\/wp-content\/uploads\/2021\/12\/logopng.png\",\"contentUrl\":\"http:\/\/www.prijedordanas.com\/wp-content\/uploads\/2021\/12\/logopng.png\",\"width\":1019,\"height\":776,\"caption\":\"PrijedorDanas.com\"},\"image\":{\"@id\":\"https:\/\/www.prijedordanas.com\/#\/schema\/logo\/image\/\"},\"sameAs\":[\"https:\/\/www.facebook.com\/PrijedorDanasCom\/\"]},{\"@type\":\"Person\",\"@id\":\"https:\/\/www.prijedordanas.com\/#\/schema\/person\/4e08ccf29b506ca916ff86d46bb700e6\",\"name\":\"admin\",\"image\":{\"@type\":\"ImageObject\",\"inLanguage\":\"en-US\",\"@id\":\"https:\/\/www.prijedordanas.com\/#\/schema\/person\/image\/\",\"url\":\"https:\/\/secure.gravatar.com\/avatar\/1d3fc949d550f0b53a5f0d51e06dfd79?s=96&d=mm&r=g\",\"contentUrl\":\"https:\/\/secure.gravatar.com\/avatar\/1d3fc949d550f0b53a5f0d51e06dfd79?s=96&d=mm&r=g\",\"caption\":\"admin\"},\"url\":\"https:\/\/www.prijedordanas.com\/?author=1\"}]}<\/script>\n<!-- \/ Yoast SEO plugin. -->","yoast_head_json":{"title":"U\u010denici posjetili prijedorske vatrogasce - FOTO - PrijedorDanas.com - Prijedorski gradski portal","robots":{"index":"index","follow":"follow","max-snippet":"max-snippet:-1","max-image-preview":"max-image-preview:large","max-video-preview":"max-video-preview:-1"},"canonical":"https:\/\/www.prijedordanas.com\/?p=264077","og_locale":"en_US","og_type":"article","og_title":"U\u010denici posjetili prijedorske vatrogasce - FOTO - PrijedorDanas.com - Prijedorski gradski portal","og_description":"Vatrogasci su navikli na posjete najmla\u0111ih sugra\u0111ana, bilo da je to u oktobru, mjesecu za\u0161tite od po\u017eara ili nekim drugim povodom. Svaki put se potrude da izdvoje najzanimljivije detalje ove [&hellip;]","og_url":"https:\/\/www.prijedordanas.com\/?p=264077","og_site_name":"PrijedorDanas.com - Prijedorski gradski portal","article_publisher":"https:\/\/www.facebook.com\/PrijedorDanasCom\/","article_published_time":"2026-03-03T12:28:06+00:00","og_image":[{"url":"https:\/\/www.prijedordanas.com\/wp-content\/uploads\/2026\/03\/kozarski-ucenici-os-branko-copic-posjeta-vatrogasci-1-300x225.jpg"}],"author":"admin","twitter_card":"summary_large_image","twitter_misc":{"Written by":"admin","Est. reading time":"2 minutes"},"schema":{"@context":"https:\/\/schema.org","@graph":[{"@type":"Article","@id":"https:\/\/www.prijedordanas.com\/?p=264077#article","isPartOf":{"@id":"https:\/\/www.prijedordanas.com\/?p=264077"},"author":{"name":"admin","@id":"https:\/\/www.prijedordanas.com\/#\/schema\/person\/4e08ccf29b506ca916ff86d46bb700e6"},"headline":"U\u010denici posjetili prijedorske vatrogasce &#8211; FOTO","datePublished":"2026-03-03T12:28:06+00:00","dateModified":"2026-03-03T12:28:06+00:00","mainEntityOfPage":{"@id":"https:\/\/www.prijedordanas.com\/?p=264077"},"wordCount":273,"publisher":{"@id":"https:\/\/www.prijedordanas.com\/#organization"},"articleSection":["Mladi"],"inLanguage":"en-US"},{"@type":"WebPage","@id":"https:\/\/www.prijedordanas.com\/?p=264077","url":"https:\/\/www.prijedordanas.com\/?p=264077","name":"U\u010denici posjetili prijedorske vatrogasce - FOTO - PrijedorDanas.com - Prijedorski gradski portal","isPartOf":{"@id":"https:\/\/www.prijedordanas.com\/#website"},"datePublished":"2026-03-03T12:28:06+00:00","dateModified":"2026-03-03T12:28:06+00:00","breadcrumb":{"@id":"https:\/\/www.prijedordanas.com\/?p=264077#breadcrumb"},"inLanguage":"en-US","potentialAction":[{"@type":"ReadAction","target":["https:\/\/www.prijedordanas.com\/?p=264077"]}]},{"@type":"BreadcrumbList","@id":"https:\/\/www.prijedordanas.com\/?p=264077#breadcrumb","itemListElement":[{"@type":"ListItem","position":1,"name":"Home","item":"https:\/\/www.prijedordanas.com\/"},{"@type":"ListItem","position":2,"name":"U\u010denici posjetili prijedorske vatrogasce &#8211; FOTO"}]},{"@type":"WebSite","@id":"https:\/\/www.prijedordanas.com\/#website","url":"https:\/\/www.prijedordanas.com\/","name":"PrijedorDanas.com - Prijedorski gradski portal","description":"Portal o doga\u0111anjima u gradu Prijedoru","publisher":{"@id":"https:\/\/www.prijedordanas.com\/#organization"},"potentialAction":[{"@type":"SearchAction","target":{"@type":"EntryPoint","urlTemplate":"https:\/\/www.prijedordanas.com\/?s={search_term_string}"},"query-input":"required name=search_term_string"}],"inLanguage":"en-US"},{"@type":"Organization","@id":"https:\/\/www.prijedordanas.com\/#organization","name":"PrijedorDanas.com","url":"https:\/\/www.prijedordanas.com\/","logo":{"@type":"ImageObject","inLanguage":"en-US","@id":"https:\/\/www.prijedordanas.com\/#\/schema\/logo\/image\/","url":"http:\/\/www.prijedordanas.com\/wp-content\/uploads\/2021\/12\/logopng.png","contentUrl":"http:\/\/www.prijedordanas.com\/wp-content\/uploads\/2021\/12\/logopng.png","width":1019,"height":776,"caption":"PrijedorDanas.com"},"image":{"@id":"https:\/\/www.prijedordanas.com\/#\/schema\/logo\/image\/"},"sameAs":["https:\/\/www.facebook.com\/PrijedorDanasCom\/"]},{"@type":"Person","@id":"https:\/\/www.prijedordanas.com\/#\/schema\/person\/4e08ccf29b506ca916ff86d46bb700e6","name":"admin","image":{"@type":"ImageObject","inLanguage":"en-US","@id":"https:\/\/www.prijedordanas.com\/#\/schema\/person\/image\/","url":"https:\/\/secure.gravatar.com\/avatar\/1d3fc949d550f0b53a5f0d51e06dfd79?s=96&d=mm&r=g","contentUrl":"https:\/\/secure.gravatar.com\/avatar\/1d3fc949d550f0b53a5f0d51e06dfd79?s=96&d=mm&r=g","caption":"admin"},"url":"https:\/\/www.prijedordanas.com\/?author=1"}]}},"_links":{"self":[{"href":"https:\/\/www.prijedordanas.com\/index.php?rest_route=\/wp\/v2\/posts\/264077"}],"collection":[{"href":"https:\/\/www.prijedordanas.com\/index.php?rest_route=\/wp\/v2\/posts"}],"about":[{"href":"https:\/\/www.prijedordanas.com\/index.php?rest_route=\/wp\/v2\/types\/post"}],"author":[{"embeddable":true,"href":"https:\/\/www.prijedordanas.com\/index.php?rest_route=\/wp\/v2\/users\/1"}],"replies":[{"embeddable":true,"href":"https:\/\/www.prijedordanas.com\/index.php?rest_route=%2Fwp%2Fv2%2Fcomments&post=264077"}],"version-history":[{"count":1,"href":"https:\/\/www.prijedordanas.com\/index.php?rest_route=\/wp\/v2\/posts\/264077\/revisions"}],"predecessor-version":[{"id":264083,"href":"https:\/\/www.prijedordanas.com\/index.php?rest_route=\/wp\/v2\/posts\/264077\/revisions\/264083"}],"wp:attachment":[{"href":"https:\/\/www.prijedordanas.com\/index.php?rest_route=%2Fwp%2Fv2%2Fmedia&parent=264077"}],"wp:term":[{"taxonomy":"category","embeddable":true,"href":"https:\/\/www.prijedordanas.com\/index.php?rest_route=%2Fwp%2Fv2%2Fcategories&post=264077"},{"taxonomy":"post_tag","embeddable":true,"href":"https:\/\/www.prijedordanas.com\/index.php?rest_route=%2Fwp%2Fv2%2Ftags&post=264077"}],"curies":[{"name":"wp","href":"https:\/\/api.w.org\/{rel}","templated":true}]}}