{"id":264071,"date":"2026-03-03T10:38:05","date_gmt":"2026-03-03T09:38:05","guid":{"rendered":"https:\/\/www.prijedordanas.com\/?p=264071"},"modified":"2026-03-03T10:38:05","modified_gmt":"2026-03-03T09:38:05","slug":"gasi-se-rudarska-proizvodnja-u-prijedoru-600-radnika-ide-na-biro","status":"publish","type":"post","link":"https:\/\/www.prijedordanas.com\/?p=264071","title":{"rendered":"Gasi se rudarska proizvodnja u Prijedoru, 600 radnika ide na Biro"},"content":{"rendered":"<p><a href=\"https:\/\/www.prijedordanas.com\/wp-content\/uploads\/2019\/05\/atv-kamion-rudnik.jpg\"><img loading=\"lazy\" decoding=\"async\" class=\"alignleft size-medium wp-image-126862\" src=\"https:\/\/www.prijedordanas.com\/wp-content\/uploads\/2019\/05\/atv-kamion-rudnik-300x218.jpg\" alt=\"\" width=\"300\" height=\"218\" srcset=\"https:\/\/www.prijedordanas.com\/wp-content\/uploads\/2019\/05\/atv-kamion-rudnik-300x218.jpg 300w, https:\/\/www.prijedordanas.com\/wp-content\/uploads\/2019\/05\/atv-kamion-rudnik-100x73.jpg 100w, https:\/\/www.prijedordanas.com\/wp-content\/uploads\/2019\/05\/atv-kamion-rudnik.jpg 689w\" sizes=\"(max-width: 300px) 100vw, 300px\" \/><\/a>\u201c\u017deljeznice Republike Srpske\u201d obustavile su ju\u010de transport \u017eeljezne rude na relaciji Omarska-Zenica zbog poslovnih problema najve\u0107eg komitenta ove kompanije \u201cNove Ljubije\u201d iz Prijedora sa \u201cNovom \u017eeljezarom\u201d iz Zenice.<\/p>\n<p>Radnici i sindikalci \u201cNove Ljubije\u201d zabrinuti.<\/p>\n<p>\u201cMi smo danas imali sastanak na inicijativu novog vlasnika Gordana Pavlovi\u0107a i na\u0161eg menad\u017ementa gdje su nas upoznali s nekim svojim vi\u0111enjima situacije u doglednom periodu. Ono \u0161to nas je obeshrabrilo i ono \u0161to nije dalo dobar nagovje\u0161taj u kom pravcu sve ovo ide da su oni ovim potezom dr\u017eavnih organa upravo onemogu\u0107eni u daljem radu i ostvarivanju svojih planova koje su imali kako za Zenicu, tako i za Prijedor\u201d, rekao je predsjednik Sindikalne organizcije \u201cNova Ljubija\u201d Dario Antoni\u0107.<\/p>\n<p>Dodatni problem je i zatvaranje \u201cKoksare\u201d u Lukavcu, a time je \u017eeljezara u Zenici ostala bez strate\u0161kog repromaterijala i na zalihama imaju koksa za dva mjeseca, a rude za mjesec dana.<\/p>\n<p>\u201cOno sa \u010dim smo mi upoznati to su planovi da se radi samo s tim zalihama, u stvari da im slijede\u0107i mjesec jo\u0161 isporu\u010dujemo rudu i da sa zavr\u0161etkom slijede\u0107eg mjeseca zavr\u0161ava proizvodnja \u017eeljezne rude i ga\u0161enje kako integralne proizvodnje u Zenici, tako i ga\u0161enja rudnika u Omarskoj\u201d, isti\u010de Antoni\u0107.<\/p>\n<p><a href=\"https:\/\/www.prijedordanas.com\/wp-content\/uploads\/2026\/03\/sindikat-nova-ljubija.jpg\"><img loading=\"lazy\" decoding=\"async\" src=\"https:\/\/www.prijedordanas.com\/wp-content\/uploads\/2026\/03\/sindikat-nova-ljubija-300x225.jpg\" alt=\"\" width=\"300\" height=\"225\" class=\"alignleft size-medium wp-image-264072\" srcset=\"https:\/\/www.prijedordanas.com\/wp-content\/uploads\/2026\/03\/sindikat-nova-ljubija-300x225.jpg 300w, https:\/\/www.prijedordanas.com\/wp-content\/uploads\/2026\/03\/sindikat-nova-ljubija-640x480.jpg 640w, https:\/\/www.prijedordanas.com\/wp-content\/uploads\/2026\/03\/sindikat-nova-ljubija.jpg 666w\" sizes=\"(max-width: 300px) 100vw, 300px\" \/><\/a>Otvaranje ste\u010dajnog postupka je ono \u0161to slijedi u rudniku u Prijedoru za nekoliko dana, tvrde sindikalci koji ka\u017eu da su s ovim upoznati od strane menad\u017ementa.<\/p>\n<p>Ovo bi zna\u010dilo odlazak oko 600 radnika na Biro za zapo\u0161ljavanje.<\/p>\n<p>\u201cZate\u010deni smo dana\u0161njom odlukom novog vlasnika, ali isto tako mi smo kao sindikat imali neke indicije da bi moglo do\u0107i do toga. Upozoravali smo i na\u0161e predstavnike i radnike i poslodavca i na\u0161 menad\u017ement nam je obe\u0107avao da se to ne\u0107e desiti tako brzo, da \u0107emo raditi jo\u0161 bar dvije, tri, \u010detiri godine\u201d, rekao je Darko Do\u0161enovi\u0107, \u010dlan UO Sindikalne organizacije \u201cNova Ljubija\u201d.<\/p>\n<p>\u201cImamo neka obe\u0107anja da \u0107e nam se ova plata i regres \u0161to ide da \u0107e nam se to na vrijeme isplatiti i slijede\u0107a martovska plata da \u0107e nam biti pla\u0107ena. To su njegova obe\u0107anja , e sad \u0161ta \u0107e biti i kako ne znam. Te\u0161ko jest svi smo zate\u010deni ovom situacijom\u201d, navodi Mladen Blagojevi\u0107, \u010dlan UO sindikata.<\/p>\n<p>U petak, 27. februara, \u017dRS su dobile obavje\u0161tenje od `Nove Ljubije` iz Prijedora da se zbog problema u poslovnim aktivnostima `Nove \u017eeljezare` Zenica, obustavlja transport \u017eeljezne rude na relaciji Omarska-Zenica.<\/p>\n<p><a href=\"https:\/\/www.rtvbn.com\/4088688\/gasi-se-rudarska-proizvodnja-600-radnika-ide-na-biro\" target=\"_blank\" rel=\"noopener\">rtvbn.com<\/a><\/p>\n","protected":false},"excerpt":{"rendered":"<p>\u201c\u017deljeznice Republike Srpske\u201d obustavile su ju\u010de transport \u017eeljezne rude na relaciji Omarska-Zenica zbog poslovnih problema najve\u0107eg komitenta ove kompanije \u201cNove Ljubije\u201d iz Prijedora sa \u201cNovom \u017eeljezarom\u201d iz Zenice. Radnici i [&hellip;]<\/p>\n","protected":false},"author":1,"featured_media":0,"comment_status":"closed","ping_status":"open","sticky":false,"template":"","format":"standard","meta":{"_monsterinsights_skip_tracking":false,"_monsterinsights_sitenote_active":false,"_monsterinsights_sitenote_note":"","_monsterinsights_sitenote_category":0,"footnotes":""},"categories":[4],"tags":[],"yoast_head":"<!-- This site is optimized with the Yoast SEO plugin v21.6 - https:\/\/yoast.com\/wordpress\/plugins\/seo\/ -->\n<title>Gasi se rudarska proizvodnja u Prijedoru, 600 radnika ide na Biro - PrijedorDanas.com - Prijedorski gradski portal<\/title>\n<meta name=\"robots\" content=\"index, follow, max-snippet:-1, max-image-preview:large, max-video-preview:-1\" \/>\n<link rel=\"canonical\" href=\"https:\/\/www.prijedordanas.com\/?p=264071\" \/>\n<meta property=\"og:locale\" content=\"en_US\" \/>\n<meta property=\"og:type\" content=\"article\" \/>\n<meta property=\"og:title\" content=\"Gasi se rudarska proizvodnja u Prijedoru, 600 radnika ide na Biro - PrijedorDanas.com - Prijedorski gradski portal\" \/>\n<meta property=\"og:description\" content=\"\u201c\u017deljeznice Republike Srpske\u201d obustavile su ju\u010de transport \u017eeljezne rude na relaciji Omarska-Zenica zbog poslovnih problema najve\u0107eg komitenta ove kompanije \u201cNove Ljubije\u201d iz Prijedora sa \u201cNovom \u017eeljezarom\u201d iz Zenice. Radnici i [&hellip;]\" \/>\n<meta property=\"og:url\" content=\"https:\/\/www.prijedordanas.com\/?p=264071\" \/>\n<meta property=\"og:site_name\" content=\"PrijedorDanas.com - Prijedorski gradski portal\" \/>\n<meta property=\"article:publisher\" content=\"https:\/\/www.facebook.com\/PrijedorDanasCom\/\" \/>\n<meta property=\"article:published_time\" content=\"2026-03-03T09:38:05+00:00\" \/>\n<meta property=\"og:image\" content=\"https:\/\/www.prijedordanas.com\/wp-content\/uploads\/2019\/05\/atv-kamion-rudnik-300x218.jpg\" \/>\n<meta name=\"author\" content=\"admin\" \/>\n<meta name=\"twitter:card\" content=\"summary_large_image\" \/>\n<meta name=\"twitter:label1\" content=\"Written by\" \/>\n\t<meta name=\"twitter:data1\" content=\"admin\" \/>\n\t<meta name=\"twitter:label2\" content=\"Est. reading time\" \/>\n\t<meta name=\"twitter:data2\" content=\"2 minutes\" \/>\n<script type=\"application\/ld+json\" class=\"yoast-schema-graph\">{\"@context\":\"https:\/\/schema.org\",\"@graph\":[{\"@type\":\"Article\",\"@id\":\"https:\/\/www.prijedordanas.com\/?p=264071#article\",\"isPartOf\":{\"@id\":\"https:\/\/www.prijedordanas.com\/?p=264071\"},\"author\":{\"name\":\"admin\",\"@id\":\"https:\/\/www.prijedordanas.com\/#\/schema\/person\/4e08ccf29b506ca916ff86d46bb700e6\"},\"headline\":\"Gasi se rudarska proizvodnja u Prijedoru, 600 radnika ide na Biro\",\"datePublished\":\"2026-03-03T09:38:05+00:00\",\"dateModified\":\"2026-03-03T09:38:05+00:00\",\"mainEntityOfPage\":{\"@id\":\"https:\/\/www.prijedordanas.com\/?p=264071\"},\"wordCount\":428,\"publisher\":{\"@id\":\"https:\/\/www.prijedordanas.com\/#organization\"},\"articleSection\":[\"Dru\u0161tvo\"],\"inLanguage\":\"en-US\"},{\"@type\":\"WebPage\",\"@id\":\"https:\/\/www.prijedordanas.com\/?p=264071\",\"url\":\"https:\/\/www.prijedordanas.com\/?p=264071\",\"name\":\"Gasi se rudarska proizvodnja u Prijedoru, 600 radnika ide na Biro - PrijedorDanas.com - Prijedorski gradski portal\",\"isPartOf\":{\"@id\":\"https:\/\/www.prijedordanas.com\/#website\"},\"datePublished\":\"2026-03-03T09:38:05+00:00\",\"dateModified\":\"2026-03-03T09:38:05+00:00\",\"breadcrumb\":{\"@id\":\"https:\/\/www.prijedordanas.com\/?p=264071#breadcrumb\"},\"inLanguage\":\"en-US\",\"potentialAction\":[{\"@type\":\"ReadAction\",\"target\":[\"https:\/\/www.prijedordanas.com\/?p=264071\"]}]},{\"@type\":\"BreadcrumbList\",\"@id\":\"https:\/\/www.prijedordanas.com\/?p=264071#breadcrumb\",\"itemListElement\":[{\"@type\":\"ListItem\",\"position\":1,\"name\":\"Home\",\"item\":\"https:\/\/www.prijedordanas.com\/\"},{\"@type\":\"ListItem\",\"position\":2,\"name\":\"Gasi se rudarska proizvodnja u Prijedoru, 600 radnika ide na Biro\"}]},{\"@type\":\"WebSite\",\"@id\":\"https:\/\/www.prijedordanas.com\/#website\",\"url\":\"https:\/\/www.prijedordanas.com\/\",\"name\":\"PrijedorDanas.com - Prijedorski gradski portal\",\"description\":\"Portal o doga\u0111anjima u gradu Prijedoru\",\"publisher\":{\"@id\":\"https:\/\/www.prijedordanas.com\/#organization\"},\"potentialAction\":[{\"@type\":\"SearchAction\",\"target\":{\"@type\":\"EntryPoint\",\"urlTemplate\":\"https:\/\/www.prijedordanas.com\/?s={search_term_string}\"},\"query-input\":\"required name=search_term_string\"}],\"inLanguage\":\"en-US\"},{\"@type\":\"Organization\",\"@id\":\"https:\/\/www.prijedordanas.com\/#organization\",\"name\":\"PrijedorDanas.com\",\"url\":\"https:\/\/www.prijedordanas.com\/\",\"logo\":{\"@type\":\"ImageObject\",\"inLanguage\":\"en-US\",\"@id\":\"https:\/\/www.prijedordanas.com\/#\/schema\/logo\/image\/\",\"url\":\"http:\/\/www.prijedordanas.com\/wp-content\/uploads\/2021\/12\/logopng.png\",\"contentUrl\":\"http:\/\/www.prijedordanas.com\/wp-content\/uploads\/2021\/12\/logopng.png\",\"width\":1019,\"height\":776,\"caption\":\"PrijedorDanas.com\"},\"image\":{\"@id\":\"https:\/\/www.prijedordanas.com\/#\/schema\/logo\/image\/\"},\"sameAs\":[\"https:\/\/www.facebook.com\/PrijedorDanasCom\/\"]},{\"@type\":\"Person\",\"@id\":\"https:\/\/www.prijedordanas.com\/#\/schema\/person\/4e08ccf29b506ca916ff86d46bb700e6\",\"name\":\"admin\",\"image\":{\"@type\":\"ImageObject\",\"inLanguage\":\"en-US\",\"@id\":\"https:\/\/www.prijedordanas.com\/#\/schema\/person\/image\/\",\"url\":\"https:\/\/secure.gravatar.com\/avatar\/1d3fc949d550f0b53a5f0d51e06dfd79?s=96&d=mm&r=g\",\"contentUrl\":\"https:\/\/secure.gravatar.com\/avatar\/1d3fc949d550f0b53a5f0d51e06dfd79?s=96&d=mm&r=g\",\"caption\":\"admin\"},\"url\":\"https:\/\/www.prijedordanas.com\/?author=1\"}]}<\/script>\n<!-- \/ Yoast SEO plugin. -->","yoast_head_json":{"title":"Gasi se rudarska proizvodnja u Prijedoru, 600 radnika ide na Biro - PrijedorDanas.com - Prijedorski gradski portal","robots":{"index":"index","follow":"follow","max-snippet":"max-snippet:-1","max-image-preview":"max-image-preview:large","max-video-preview":"max-video-preview:-1"},"canonical":"https:\/\/www.prijedordanas.com\/?p=264071","og_locale":"en_US","og_type":"article","og_title":"Gasi se rudarska proizvodnja u Prijedoru, 600 radnika ide na Biro - PrijedorDanas.com - Prijedorski gradski portal","og_description":"\u201c\u017deljeznice Republike Srpske\u201d obustavile su ju\u010de transport \u017eeljezne rude na relaciji Omarska-Zenica zbog poslovnih problema najve\u0107eg komitenta ove kompanije \u201cNove Ljubije\u201d iz Prijedora sa \u201cNovom \u017eeljezarom\u201d iz Zenice. Radnici i [&hellip;]","og_url":"https:\/\/www.prijedordanas.com\/?p=264071","og_site_name":"PrijedorDanas.com - Prijedorski gradski portal","article_publisher":"https:\/\/www.facebook.com\/PrijedorDanasCom\/","article_published_time":"2026-03-03T09:38:05+00:00","og_image":[{"url":"https:\/\/www.prijedordanas.com\/wp-content\/uploads\/2019\/05\/atv-kamion-rudnik-300x218.jpg"}],"author":"admin","twitter_card":"summary_large_image","twitter_misc":{"Written by":"admin","Est. reading time":"2 minutes"},"schema":{"@context":"https:\/\/schema.org","@graph":[{"@type":"Article","@id":"https:\/\/www.prijedordanas.com\/?p=264071#article","isPartOf":{"@id":"https:\/\/www.prijedordanas.com\/?p=264071"},"author":{"name":"admin","@id":"https:\/\/www.prijedordanas.com\/#\/schema\/person\/4e08ccf29b506ca916ff86d46bb700e6"},"headline":"Gasi se rudarska proizvodnja u Prijedoru, 600 radnika ide na Biro","datePublished":"2026-03-03T09:38:05+00:00","dateModified":"2026-03-03T09:38:05+00:00","mainEntityOfPage":{"@id":"https:\/\/www.prijedordanas.com\/?p=264071"},"wordCount":428,"publisher":{"@id":"https:\/\/www.prijedordanas.com\/#organization"},"articleSection":["Dru\u0161tvo"],"inLanguage":"en-US"},{"@type":"WebPage","@id":"https:\/\/www.prijedordanas.com\/?p=264071","url":"https:\/\/www.prijedordanas.com\/?p=264071","name":"Gasi se rudarska proizvodnja u Prijedoru, 600 radnika ide na Biro - PrijedorDanas.com - Prijedorski gradski portal","isPartOf":{"@id":"https:\/\/www.prijedordanas.com\/#website"},"datePublished":"2026-03-03T09:38:05+00:00","dateModified":"2026-03-03T09:38:05+00:00","breadcrumb":{"@id":"https:\/\/www.prijedordanas.com\/?p=264071#breadcrumb"},"inLanguage":"en-US","potentialAction":[{"@type":"ReadAction","target":["https:\/\/www.prijedordanas.com\/?p=264071"]}]},{"@type":"BreadcrumbList","@id":"https:\/\/www.prijedordanas.com\/?p=264071#breadcrumb","itemListElement":[{"@type":"ListItem","position":1,"name":"Home","item":"https:\/\/www.prijedordanas.com\/"},{"@type":"ListItem","position":2,"name":"Gasi se rudarska proizvodnja u Prijedoru, 600 radnika ide na Biro"}]},{"@type":"WebSite","@id":"https:\/\/www.prijedordanas.com\/#website","url":"https:\/\/www.prijedordanas.com\/","name":"PrijedorDanas.com - Prijedorski gradski portal","description":"Portal o doga\u0111anjima u gradu Prijedoru","publisher":{"@id":"https:\/\/www.prijedordanas.com\/#organization"},"potentialAction":[{"@type":"SearchAction","target":{"@type":"EntryPoint","urlTemplate":"https:\/\/www.prijedordanas.com\/?s={search_term_string}"},"query-input":"required name=search_term_string"}],"inLanguage":"en-US"},{"@type":"Organization","@id":"https:\/\/www.prijedordanas.com\/#organization","name":"PrijedorDanas.com","url":"https:\/\/www.prijedordanas.com\/","logo":{"@type":"ImageObject","inLanguage":"en-US","@id":"https:\/\/www.prijedordanas.com\/#\/schema\/logo\/image\/","url":"http:\/\/www.prijedordanas.com\/wp-content\/uploads\/2021\/12\/logopng.png","contentUrl":"http:\/\/www.prijedordanas.com\/wp-content\/uploads\/2021\/12\/logopng.png","width":1019,"height":776,"caption":"PrijedorDanas.com"},"image":{"@id":"https:\/\/www.prijedordanas.com\/#\/schema\/logo\/image\/"},"sameAs":["https:\/\/www.facebook.com\/PrijedorDanasCom\/"]},{"@type":"Person","@id":"https:\/\/www.prijedordanas.com\/#\/schema\/person\/4e08ccf29b506ca916ff86d46bb700e6","name":"admin","image":{"@type":"ImageObject","inLanguage":"en-US","@id":"https:\/\/www.prijedordanas.com\/#\/schema\/person\/image\/","url":"https:\/\/secure.gravatar.com\/avatar\/1d3fc949d550f0b53a5f0d51e06dfd79?s=96&d=mm&r=g","contentUrl":"https:\/\/secure.gravatar.com\/avatar\/1d3fc949d550f0b53a5f0d51e06dfd79?s=96&d=mm&r=g","caption":"admin"},"url":"https:\/\/www.prijedordanas.com\/?author=1"}]}},"_links":{"self":[{"href":"https:\/\/www.prijedordanas.com\/index.php?rest_route=\/wp\/v2\/posts\/264071"}],"collection":[{"href":"https:\/\/www.prijedordanas.com\/index.php?rest_route=\/wp\/v2\/posts"}],"about":[{"href":"https:\/\/www.prijedordanas.com\/index.php?rest_route=\/wp\/v2\/types\/post"}],"author":[{"embeddable":true,"href":"https:\/\/www.prijedordanas.com\/index.php?rest_route=\/wp\/v2\/users\/1"}],"replies":[{"embeddable":true,"href":"https:\/\/www.prijedordanas.com\/index.php?rest_route=%2Fwp%2Fv2%2Fcomments&post=264071"}],"version-history":[{"count":1,"href":"https:\/\/www.prijedordanas.com\/index.php?rest_route=\/wp\/v2\/posts\/264071\/revisions"}],"predecessor-version":[{"id":264073,"href":"https:\/\/www.prijedordanas.com\/index.php?rest_route=\/wp\/v2\/posts\/264071\/revisions\/264073"}],"wp:attachment":[{"href":"https:\/\/www.prijedordanas.com\/index.php?rest_route=%2Fwp%2Fv2%2Fmedia&parent=264071"}],"wp:term":[{"taxonomy":"category","embeddable":true,"href":"https:\/\/www.prijedordanas.com\/index.php?rest_route=%2Fwp%2Fv2%2Fcategories&post=264071"},{"taxonomy":"post_tag","embeddable":true,"href":"https:\/\/www.prijedordanas.com\/index.php?rest_route=%2Fwp%2Fv2%2Ftags&post=264071"}],"curies":[{"name":"wp","href":"https:\/\/api.w.org\/{rel}","templated":true}]}}