{"id":264001,"date":"2026-03-02T11:10:41","date_gmt":"2026-03-02T10:10:41","guid":{"rendered":"https:\/\/www.prijedordanas.com\/?p=264001"},"modified":"2026-03-02T11:10:41","modified_gmt":"2026-03-02T10:10:41","slug":"obustavljen-prevoz-zeljezne-rude-od-omarske-do-zenice","status":"publish","type":"post","link":"https:\/\/www.prijedordanas.com\/?p=264001","title":{"rendered":"Obustavljen prevoz \u017eeljezne rude od Omarske do Zenice"},"content":{"rendered":"<p><a href=\"https:\/\/www.prijedordanas.com\/wp-content\/uploads\/2020\/05\/zeljeznica-prevoz-rude.jpg\"><img loading=\"lazy\" decoding=\"async\" src=\"https:\/\/www.prijedordanas.com\/wp-content\/uploads\/2020\/05\/zeljeznica-prevoz-rude-243x300.jpg\" alt=\"\" width=\"243\" height=\"300\" class=\"alignleft size-medium wp-image-147874\" srcset=\"https:\/\/www.prijedordanas.com\/wp-content\/uploads\/2020\/05\/zeljeznica-prevoz-rude-243x300.jpg 243w, https:\/\/www.prijedordanas.com\/wp-content\/uploads\/2020\/05\/zeljeznica-prevoz-rude.jpg 486w\" sizes=\"(max-width: 243px) 100vw, 243px\" \/><\/a>\u201c\u017deljeznice Republike Srpske\u201d \/\u017dRS\/ obustavile su od danas transport \u017eeljezne rude na relaciji Omarska-Zenica zbog poslovnih problema najve\u0107eg komitenta ove kompanije \u201cNove LJubije\u201d iz Prijedora sa \u201cNovom \u017eeljezarom\u201d iz Zenice.<\/p>\n<p>Vr\u0161ilac du\u017enosti generalnog direktora \u017dRS Dragan Zelenkovi\u0107 je u otvorenom pismu naveo da su \u017dRS na godi\u0161njem nivou za \u201cNovu \u017eeljezaru\u201d prevozile 1.400.000 tona \u017eeljezne rude, sekundarnog \u017eeljeza i ostalog repromaterijala, ostvaruju\u0107i prihod od oko 19.000.000 KM, \u0161to je \u010dinilo oko 60 odsto ukupnih prihoda prevoza robe.<\/p>\n<p>\u201cU petak, 27. februara, dobili smo obavje\u0161tenje od `Nove LJubije` iz Prijedora da se zbog problema u poslovnim aktivnostima `Nove \u017eeljezare` Zenica, obustavlja transport \u017eeljezne rude na relaciji Omarska-Zenica. O potencijalnom nastavku transporta, kolege iz `Nove LJubije` u kratkom dopisu isti\u010du da \u0107e nas blagovremeno informisati\u201d, naveo je Zelenkovi\u0107.<\/p>\n<p>On je podsjetio da je nedavno uga\u0161ena i \u201cKoksara\u201d u Lukavcu, te da su po tom osnovu \u017dRS ostale bez 5.000.000 KM prihoda na godi\u0161njem nivou.<\/p>\n<p>Zelenkovi\u0107 je upozorio da takav privredni ambijent negativno uti\u010de na budu\u0107nost \u017dRS i egzistenciju njenih 1.700 radnika.<\/p>\n<p>\u201cNemamo alternativu, jer tradicionalna roba i ostali tereti koji bi trebalo da se prevoze prugom, idu drumom. Povoljniji smo, prihvatljiviji i ekolo\u0161ki i finansijski, no nemilo doba i odre\u0111ene lo\u0161e zakonske odluke ve\u0107 decenijama, na\u017ealost, idu na \u0161tetu \u017eeljezni\u010dkom sektoru u BiH\u201d, istakao je Zelenkovi\u0107.<\/p>\n<p>On je podsjetio da su \u017dRS sa \u201cNovom \u017eeljezarom\u201d nastavili uspje\u0161nu saradnju nakon \u0161to je kompanija \u201cArcelor Mital\u201d krajem oktobra 2025. godine zavr\u0161ila prodaju svojih \u010deli\u010danskih i rudarskih pogona u Zenici i Prijedoru.<\/p>\n<p>Zelenkovi\u0107 je ocijenio da su \u017dRS, kao i \u201c\u017deljeznice Federacije BiH\u201d \/FBiH\/ od su\u0161tinskog zna\u010daja u oba entiteta za ekonomiju, industriju i privredu, te da, uprkos tome \u0161to su male, pru\u017eaju usluge transporta tereta i robe i predstavljaju klju\u010dni faktor u odr\u017eavanju privredne stabilnosti.<\/p>\n<p>\u201cSmatramo da u trenutku kada se suo\u010davamo sa najrazli\u010ditijim izazovima na tr\u017ei\u0161tu, kao i ekonomskim previranjima, svaka dodatna kriza mo\u017ee imati negativan domino efekat\u201d, istakao je Zelenkovi\u0107.<\/p>\n<p>On je upozorio da bi prestanak rada \u201cNove \u017eeljezare\u201d zna\u010dio gubitak zna\u010dajnog broja radnih mjesta, \u0161to bi dodatno opteretilo ekonomiju i pove\u0107alo nezaposlenost, te da smanjenje proizvodnje \u010delika i drugih metala dovodi do smanjenja potra\u017enje za transportnim uslugama koje pru\u017eaju \u017eeljeznice oba operatora u BiH.<\/p>\n<p>Zelenkovi\u0107 smatra da su potrebne hitne odluke u \u017eeljezni\u010dkom sektoru, koje \u0107e omogu\u0107iti opstanak, djelovanje i budu\u0107i razvoj, a ne ga\u0161enje i prestanak rada, kako \u017dRS i \u201c\u017deljeznica FBiH\u201d, tako i \u201cNove \u017eeljezare\u201d, jer su one me\u0111usobno povezane i zavise jedna od druge.<\/p>\n<p>On je u otvorenom pismu naveo da je pred svima klju\u010dni period za stabilizaciju sistema i sprovo\u0111enje hitnih reformi u zakonskim okvirima, koje moraju obezbijediti dugoro\u010dnu odr\u017eivost \u017eeljezni\u010dkog sistema.<\/p>\n<p>Ga\u0161enje \u201cKoksare\u201d Lukavac, kao i neizvesnost nastavka rada \u201cNove \u017eeljezare\u201d iz Zenice, predstavlja svojevrstan okida\u010d koji opominje da sistem, koji je decenijama bio nepravedno zapu\u0161ten, mora biti hitno transformisan u odr\u017eiv servis gra\u0111ana, radnika i privrede.<\/p>\n<p>\u201c\u017delimo da radimo, doprinosimo, unapre\u0111ujemo, sara\u0111ujemo. Ne \u017eelimo na\u0161e radnike na ulicama. \u017delimo socijalni mir, a ne nemir koji je \u010dini se sve bli\u017ei, \u017eelimo da opstanemo. Ne uzimajte nam poslove, ujedinimo se u zajedni\u010dkoj borbi za o\u010duvanje radnih mesta, privredne stabilnosti i budu\u0107nosti kompletne zajednice na na\u0161im prostorima. Budu\u0107e odluke najvi\u0161ih organa vlasti nisu vi\u0161e stvar izbora, ve\u0107 jedini put ka odr\u017eivosti\u201d, izjavio je Zelenkovi\u0107.<\/p>\n<p>SRNA<br \/>\nFoto &#8211; ilustracija<\/p>\n","protected":false},"excerpt":{"rendered":"<p>\u201c\u017deljeznice Republike Srpske\u201d \/\u017dRS\/ obustavile su od danas transport \u017eeljezne rude na relaciji Omarska-Zenica zbog poslovnih problema najve\u0107eg komitenta ove kompanije \u201cNove LJubije\u201d iz Prijedora sa \u201cNovom \u017eeljezarom\u201d iz Zenice. [&hellip;]<\/p>\n","protected":false},"author":1,"featured_media":0,"comment_status":"closed","ping_status":"open","sticky":false,"template":"","format":"standard","meta":{"_monsterinsights_skip_tracking":false,"_monsterinsights_sitenote_active":false,"_monsterinsights_sitenote_note":"","_monsterinsights_sitenote_category":0,"footnotes":""},"categories":[8],"tags":[],"yoast_head":"<!-- This site is optimized with the Yoast SEO plugin v21.6 - https:\/\/yoast.com\/wordpress\/plugins\/seo\/ -->\n<title>Obustavljen prevoz \u017eeljezne rude od Omarske do Zenice - PrijedorDanas.com - Prijedorski gradski portal<\/title>\n<meta name=\"robots\" content=\"index, follow, max-snippet:-1, max-image-preview:large, max-video-preview:-1\" \/>\n<link rel=\"canonical\" href=\"https:\/\/www.prijedordanas.com\/?p=264001\" \/>\n<meta property=\"og:locale\" content=\"en_US\" \/>\n<meta property=\"og:type\" content=\"article\" \/>\n<meta property=\"og:title\" content=\"Obustavljen prevoz \u017eeljezne rude od Omarske do Zenice - PrijedorDanas.com - Prijedorski gradski portal\" \/>\n<meta property=\"og:description\" content=\"\u201c\u017deljeznice Republike Srpske\u201d \/\u017dRS\/ obustavile su od danas transport \u017eeljezne rude na relaciji Omarska-Zenica zbog poslovnih problema najve\u0107eg komitenta ove kompanije \u201cNove LJubije\u201d iz Prijedora sa \u201cNovom \u017eeljezarom\u201d iz Zenice. [&hellip;]\" \/>\n<meta property=\"og:url\" content=\"https:\/\/www.prijedordanas.com\/?p=264001\" \/>\n<meta property=\"og:site_name\" content=\"PrijedorDanas.com - Prijedorski gradski portal\" \/>\n<meta property=\"article:publisher\" content=\"https:\/\/www.facebook.com\/PrijedorDanasCom\/\" \/>\n<meta property=\"article:published_time\" content=\"2026-03-02T10:10:41+00:00\" \/>\n<meta property=\"og:image\" content=\"https:\/\/www.prijedordanas.com\/wp-content\/uploads\/2020\/05\/zeljeznica-prevoz-rude-243x300.jpg\" \/>\n<meta name=\"author\" content=\"admin\" \/>\n<meta name=\"twitter:card\" content=\"summary_large_image\" \/>\n<meta name=\"twitter:label1\" content=\"Written by\" \/>\n\t<meta name=\"twitter:data1\" content=\"admin\" \/>\n<script type=\"application\/ld+json\" class=\"yoast-schema-graph\">{\"@context\":\"https:\/\/schema.org\",\"@graph\":[{\"@type\":\"Article\",\"@id\":\"https:\/\/www.prijedordanas.com\/?p=264001#article\",\"isPartOf\":{\"@id\":\"https:\/\/www.prijedordanas.com\/?p=264001\"},\"author\":{\"name\":\"admin\",\"@id\":\"https:\/\/www.prijedordanas.com\/#\/schema\/person\/4e08ccf29b506ca916ff86d46bb700e6\"},\"headline\":\"Obustavljen prevoz \u017eeljezne rude od Omarske do Zenice\",\"datePublished\":\"2026-03-02T10:10:41+00:00\",\"dateModified\":\"2026-03-02T10:10:41+00:00\",\"mainEntityOfPage\":{\"@id\":\"https:\/\/www.prijedordanas.com\/?p=264001\"},\"wordCount\":602,\"publisher\":{\"@id\":\"https:\/\/www.prijedordanas.com\/#organization\"},\"articleSection\":[\"Svakodnevno\"],\"inLanguage\":\"en-US\"},{\"@type\":\"WebPage\",\"@id\":\"https:\/\/www.prijedordanas.com\/?p=264001\",\"url\":\"https:\/\/www.prijedordanas.com\/?p=264001\",\"name\":\"Obustavljen prevoz \u017eeljezne rude od Omarske do Zenice - PrijedorDanas.com - Prijedorski gradski portal\",\"isPartOf\":{\"@id\":\"https:\/\/www.prijedordanas.com\/#website\"},\"datePublished\":\"2026-03-02T10:10:41+00:00\",\"dateModified\":\"2026-03-02T10:10:41+00:00\",\"breadcrumb\":{\"@id\":\"https:\/\/www.prijedordanas.com\/?p=264001#breadcrumb\"},\"inLanguage\":\"en-US\",\"potentialAction\":[{\"@type\":\"ReadAction\",\"target\":[\"https:\/\/www.prijedordanas.com\/?p=264001\"]}]},{\"@type\":\"BreadcrumbList\",\"@id\":\"https:\/\/www.prijedordanas.com\/?p=264001#breadcrumb\",\"itemListElement\":[{\"@type\":\"ListItem\",\"position\":1,\"name\":\"Home\",\"item\":\"https:\/\/www.prijedordanas.com\/\"},{\"@type\":\"ListItem\",\"position\":2,\"name\":\"Obustavljen prevoz \u017eeljezne rude od Omarske do Zenice\"}]},{\"@type\":\"WebSite\",\"@id\":\"https:\/\/www.prijedordanas.com\/#website\",\"url\":\"https:\/\/www.prijedordanas.com\/\",\"name\":\"PrijedorDanas.com - Prijedorski gradski portal\",\"description\":\"Portal o doga\u0111anjima u gradu Prijedoru\",\"publisher\":{\"@id\":\"https:\/\/www.prijedordanas.com\/#organization\"},\"potentialAction\":[{\"@type\":\"SearchAction\",\"target\":{\"@type\":\"EntryPoint\",\"urlTemplate\":\"https:\/\/www.prijedordanas.com\/?s={search_term_string}\"},\"query-input\":\"required name=search_term_string\"}],\"inLanguage\":\"en-US\"},{\"@type\":\"Organization\",\"@id\":\"https:\/\/www.prijedordanas.com\/#organization\",\"name\":\"PrijedorDanas.com\",\"url\":\"https:\/\/www.prijedordanas.com\/\",\"logo\":{\"@type\":\"ImageObject\",\"inLanguage\":\"en-US\",\"@id\":\"https:\/\/www.prijedordanas.com\/#\/schema\/logo\/image\/\",\"url\":\"http:\/\/www.prijedordanas.com\/wp-content\/uploads\/2021\/12\/logopng.png\",\"contentUrl\":\"http:\/\/www.prijedordanas.com\/wp-content\/uploads\/2021\/12\/logopng.png\",\"width\":1019,\"height\":776,\"caption\":\"PrijedorDanas.com\"},\"image\":{\"@id\":\"https:\/\/www.prijedordanas.com\/#\/schema\/logo\/image\/\"},\"sameAs\":[\"https:\/\/www.facebook.com\/PrijedorDanasCom\/\"]},{\"@type\":\"Person\",\"@id\":\"https:\/\/www.prijedordanas.com\/#\/schema\/person\/4e08ccf29b506ca916ff86d46bb700e6\",\"name\":\"admin\",\"image\":{\"@type\":\"ImageObject\",\"inLanguage\":\"en-US\",\"@id\":\"https:\/\/www.prijedordanas.com\/#\/schema\/person\/image\/\",\"url\":\"https:\/\/secure.gravatar.com\/avatar\/1d3fc949d550f0b53a5f0d51e06dfd79?s=96&d=mm&r=g\",\"contentUrl\":\"https:\/\/secure.gravatar.com\/avatar\/1d3fc949d550f0b53a5f0d51e06dfd79?s=96&d=mm&r=g\",\"caption\":\"admin\"},\"url\":\"https:\/\/www.prijedordanas.com\/?author=1\"}]}<\/script>\n<!-- \/ Yoast SEO plugin. -->","yoast_head_json":{"title":"Obustavljen prevoz \u017eeljezne rude od Omarske do Zenice - PrijedorDanas.com - Prijedorski gradski portal","robots":{"index":"index","follow":"follow","max-snippet":"max-snippet:-1","max-image-preview":"max-image-preview:large","max-video-preview":"max-video-preview:-1"},"canonical":"https:\/\/www.prijedordanas.com\/?p=264001","og_locale":"en_US","og_type":"article","og_title":"Obustavljen prevoz \u017eeljezne rude od Omarske do Zenice - PrijedorDanas.com - Prijedorski gradski portal","og_description":"\u201c\u017deljeznice Republike Srpske\u201d \/\u017dRS\/ obustavile su od danas transport \u017eeljezne rude na relaciji Omarska-Zenica zbog poslovnih problema najve\u0107eg komitenta ove kompanije \u201cNove LJubije\u201d iz Prijedora sa \u201cNovom \u017eeljezarom\u201d iz Zenice. [&hellip;]","og_url":"https:\/\/www.prijedordanas.com\/?p=264001","og_site_name":"PrijedorDanas.com - Prijedorski gradski portal","article_publisher":"https:\/\/www.facebook.com\/PrijedorDanasCom\/","article_published_time":"2026-03-02T10:10:41+00:00","og_image":[{"url":"https:\/\/www.prijedordanas.com\/wp-content\/uploads\/2020\/05\/zeljeznica-prevoz-rude-243x300.jpg"}],"author":"admin","twitter_card":"summary_large_image","twitter_misc":{"Written by":"admin"},"schema":{"@context":"https:\/\/schema.org","@graph":[{"@type":"Article","@id":"https:\/\/www.prijedordanas.com\/?p=264001#article","isPartOf":{"@id":"https:\/\/www.prijedordanas.com\/?p=264001"},"author":{"name":"admin","@id":"https:\/\/www.prijedordanas.com\/#\/schema\/person\/4e08ccf29b506ca916ff86d46bb700e6"},"headline":"Obustavljen prevoz \u017eeljezne rude od Omarske do Zenice","datePublished":"2026-03-02T10:10:41+00:00","dateModified":"2026-03-02T10:10:41+00:00","mainEntityOfPage":{"@id":"https:\/\/www.prijedordanas.com\/?p=264001"},"wordCount":602,"publisher":{"@id":"https:\/\/www.prijedordanas.com\/#organization"},"articleSection":["Svakodnevno"],"inLanguage":"en-US"},{"@type":"WebPage","@id":"https:\/\/www.prijedordanas.com\/?p=264001","url":"https:\/\/www.prijedordanas.com\/?p=264001","name":"Obustavljen prevoz \u017eeljezne rude od Omarske do Zenice - PrijedorDanas.com - Prijedorski gradski portal","isPartOf":{"@id":"https:\/\/www.prijedordanas.com\/#website"},"datePublished":"2026-03-02T10:10:41+00:00","dateModified":"2026-03-02T10:10:41+00:00","breadcrumb":{"@id":"https:\/\/www.prijedordanas.com\/?p=264001#breadcrumb"},"inLanguage":"en-US","potentialAction":[{"@type":"ReadAction","target":["https:\/\/www.prijedordanas.com\/?p=264001"]}]},{"@type":"BreadcrumbList","@id":"https:\/\/www.prijedordanas.com\/?p=264001#breadcrumb","itemListElement":[{"@type":"ListItem","position":1,"name":"Home","item":"https:\/\/www.prijedordanas.com\/"},{"@type":"ListItem","position":2,"name":"Obustavljen prevoz \u017eeljezne rude od Omarske do Zenice"}]},{"@type":"WebSite","@id":"https:\/\/www.prijedordanas.com\/#website","url":"https:\/\/www.prijedordanas.com\/","name":"PrijedorDanas.com - Prijedorski gradski portal","description":"Portal o doga\u0111anjima u gradu Prijedoru","publisher":{"@id":"https:\/\/www.prijedordanas.com\/#organization"},"potentialAction":[{"@type":"SearchAction","target":{"@type":"EntryPoint","urlTemplate":"https:\/\/www.prijedordanas.com\/?s={search_term_string}"},"query-input":"required name=search_term_string"}],"inLanguage":"en-US"},{"@type":"Organization","@id":"https:\/\/www.prijedordanas.com\/#organization","name":"PrijedorDanas.com","url":"https:\/\/www.prijedordanas.com\/","logo":{"@type":"ImageObject","inLanguage":"en-US","@id":"https:\/\/www.prijedordanas.com\/#\/schema\/logo\/image\/","url":"http:\/\/www.prijedordanas.com\/wp-content\/uploads\/2021\/12\/logopng.png","contentUrl":"http:\/\/www.prijedordanas.com\/wp-content\/uploads\/2021\/12\/logopng.png","width":1019,"height":776,"caption":"PrijedorDanas.com"},"image":{"@id":"https:\/\/www.prijedordanas.com\/#\/schema\/logo\/image\/"},"sameAs":["https:\/\/www.facebook.com\/PrijedorDanasCom\/"]},{"@type":"Person","@id":"https:\/\/www.prijedordanas.com\/#\/schema\/person\/4e08ccf29b506ca916ff86d46bb700e6","name":"admin","image":{"@type":"ImageObject","inLanguage":"en-US","@id":"https:\/\/www.prijedordanas.com\/#\/schema\/person\/image\/","url":"https:\/\/secure.gravatar.com\/avatar\/1d3fc949d550f0b53a5f0d51e06dfd79?s=96&d=mm&r=g","contentUrl":"https:\/\/secure.gravatar.com\/avatar\/1d3fc949d550f0b53a5f0d51e06dfd79?s=96&d=mm&r=g","caption":"admin"},"url":"https:\/\/www.prijedordanas.com\/?author=1"}]}},"_links":{"self":[{"href":"https:\/\/www.prijedordanas.com\/index.php?rest_route=\/wp\/v2\/posts\/264001"}],"collection":[{"href":"https:\/\/www.prijedordanas.com\/index.php?rest_route=\/wp\/v2\/posts"}],"about":[{"href":"https:\/\/www.prijedordanas.com\/index.php?rest_route=\/wp\/v2\/types\/post"}],"author":[{"embeddable":true,"href":"https:\/\/www.prijedordanas.com\/index.php?rest_route=\/wp\/v2\/users\/1"}],"replies":[{"embeddable":true,"href":"https:\/\/www.prijedordanas.com\/index.php?rest_route=%2Fwp%2Fv2%2Fcomments&post=264001"}],"version-history":[{"count":1,"href":"https:\/\/www.prijedordanas.com\/index.php?rest_route=\/wp\/v2\/posts\/264001\/revisions"}],"predecessor-version":[{"id":264002,"href":"https:\/\/www.prijedordanas.com\/index.php?rest_route=\/wp\/v2\/posts\/264001\/revisions\/264002"}],"wp:attachment":[{"href":"https:\/\/www.prijedordanas.com\/index.php?rest_route=%2Fwp%2Fv2%2Fmedia&parent=264001"}],"wp:term":[{"taxonomy":"category","embeddable":true,"href":"https:\/\/www.prijedordanas.com\/index.php?rest_route=%2Fwp%2Fv2%2Fcategories&post=264001"},{"taxonomy":"post_tag","embeddable":true,"href":"https:\/\/www.prijedordanas.com\/index.php?rest_route=%2Fwp%2Fv2%2Ftags&post=264001"}],"curies":[{"name":"wp","href":"https:\/\/api.w.org\/{rel}","templated":true}]}}