{"id":263982,"date":"2026-03-01T22:05:36","date_gmt":"2026-03-01T21:05:36","guid":{"rendered":"https:\/\/www.prijedordanas.com\/?p=263982"},"modified":"2026-03-01T22:05:36","modified_gmt":"2026-03-01T21:05:36","slug":"izabrani-da-govore-placeni-da-cute-sest-narodnih-poslanika-se-nikad-nije-javilo-za-rijec","status":"publish","type":"post","link":"https:\/\/www.prijedordanas.com\/?p=263982","title":{"rendered":"Izabrani da govore, pla\u0107eni da \u0107ute: \u0160est narodnih poslanika se nikad nije javilo za rije\u010d"},"content":{"rendered":"<p><a href=\"https:\/\/www.prijedordanas.com\/wp-content\/uploads\/2026\/03\/capital-poslanici-cutolozi.jpg\"><img loading=\"lazy\" decoding=\"async\" class=\"alignleft size-medium wp-image-263978\" src=\"https:\/\/www.prijedordanas.com\/wp-content\/uploads\/2026\/03\/capital-poslanici-cutolozi-300x222.jpg\" alt=\"\" width=\"300\" height=\"222\" srcset=\"https:\/\/www.prijedordanas.com\/wp-content\/uploads\/2026\/03\/capital-poslanici-cutolozi-300x222.jpg 300w, https:\/\/www.prijedordanas.com\/wp-content\/uploads\/2026\/03\/capital-poslanici-cutolozi.jpg 675w\" sizes=\"(max-width: 300px) 100vw, 300px\" \/><\/a>Narodni poslanici aktuelnog saziva Narodne skup\u0161tine Republike Srpske (NS RS) izabrani su da bi \u0161titili interese gra\u0111ana RS i govorili u ime njih, ali neki od njih to nisu ozbiljno shvatili, te su platu od \u010dak 3.374 marke tri i po godine primali za \u0107utanje.<\/p>\n<p>Prema podacima Narodne skup\u0161tine \u0161est narodnih poslanika progovorilo je samo kada su u Skup\u0161tini polagali zakletvu, dok u diskusijama uop\u0161te nisu u\u010destvovali, iako je ve\u0107ina njih u skup\u0161tinske klupe sjela jo\u0161 2022. godine.<\/p>\n<p>Predrag Ne\u0161i\u0107, poslanik Demokratskog narodnog saveza (DNS) i brat poznatijeg Nenada Ne\u0161i\u0107a je putem kompenzacijskog mandata u Skup\u0161tinu u\u0161ao jo\u0161 2022. godine, ali se do sada, prema zvani\u010dnim podacima, nikad nije javio za rije\u010d.<\/p>\n<p>Ne\u0161i\u0107 je profesionalni poslanik u NS RS, \u0161to zna\u010di da za svoj (ne) rad prima mjese\u010dnu platu u iznosu od \u010dak 3.374 KM.<\/p>\n<p>Za rije\u010d se nikad nije javio ni Radojica Vidovi\u0107, poslanik Saveza nezavisnih socijaldemokrata (SNSD) koji je u Skup\u0161tinu tako\u0111e u\u0161ao 2022. godine i to putem regularnog mandata.<\/p>\n<p>Vidovi\u0107 je tako\u0111e profesionalni poslanik, \u0161to zna\u010di da i on prima platu u iznosu od 3.374 marke.<\/p>\n<p><a href=\"https:\/\/www.prijedordanas.com\/wp-content\/uploads\/2026\/03\/capital-profesionalni-poslanici.jpg\"><img loading=\"lazy\" decoding=\"async\" src=\"https:\/\/www.prijedordanas.com\/wp-content\/uploads\/2026\/03\/capital-profesionalni-poslanici-285x300.jpg\" alt=\"\" width=\"285\" height=\"300\" class=\"alignleft size-medium wp-image-263979\" srcset=\"https:\/\/www.prijedordanas.com\/wp-content\/uploads\/2026\/03\/capital-profesionalni-poslanici-285x300.jpg 285w, https:\/\/www.prijedordanas.com\/wp-content\/uploads\/2026\/03\/capital-profesionalni-poslanici.jpg 569w\" sizes=\"(max-width: 285px) 100vw, 285px\" \/><\/a>Milan Daki\u0107, biv\u0161i direktor Puteva Republike Srpske, tako\u0111e je profesionalni poslanik i prima istu platu kao i Vidovi\u0107 i Ne\u0161i\u0107, ali od 2022. godine, otkada sjedi u skup\u0161tinskim klupama, nije se javio za rije\u010d.<\/p>\n<p>Daki\u0107 je u Skup\u0161tinu u\u0161ao kao poslanik Demokratskog saveza DEMOS i to regularnim mandatom, da bi kasnije napustio ovu stranku i sada je samostalni poslanik.<\/p>\n<p>Za rije\u010d se nikada nije javila ni Nikolina \u0160ljivi\u0107, koja je tako\u0111e samostalni poslanik, a pored toga obavlja i funkciju zamjenika direktora Republi\u010dke uprave za geodetske i imovinsko-pravne poslove.<\/p>\n<p>\u0160ljivi\u0107eva je u Skup\u0161tinu tako\u0111e u\u0161la jo\u0161 2022. godine putem kompenzacijskog mandata i to kao poslanik DNS-a, da bi kasnije napustila ovu stranku i postala samostalni poslanik.<\/p>\n<p>\u0160ljivi\u0107, za razliku od mu\u0161kih kolega, nije profesionalni poslanik, te za \u0107utanje prima naknadu u iznosu od 2.269 KM.<\/p>\n<p>U Skup\u0161tini ve\u0107 gotovo godinu dana \u0107uti i Miodrag Mi\u0161i\u0107, poslanik SNSD-a koji je mandat zapo\u010deo 25. februara 2025. godine.<\/p>\n<p>Mi\u0161i\u0107 nije profesionalni poslanik, te za neu\u010destvovanje u diskusijama kao i \u0160ljivi\u0107eva, redovno prima naknadu.<\/p>\n<p>Pored nabrojanih poslanika, za rije\u010d se nikad nije javila ni Sandra Erki\u0107, mada je ona, dodu\u0161e, u Skup\u0161tinu u\u0161la tek sredinom oktobra 2025. godine.<\/p>\n<p>Erki\u0107eva tako\u0111e nije profesionalni poslanik.<\/p>\n<p>Za rije\u010d se javili jednom ili dva puta<\/p>\n<p>Na spisku poslanika koji su se za rije\u010d javili jednom ili dva puta nalazi se i aktuelna potpredsjednica NS RS Nina Bukejlovi\u0107, koja je u Skup\u0161tinu u\u0161la 2022. godine kao poslanik SNSD-a, regularnim mandatom.<\/p>\n<p>Bukejlovi\u0107eva se tako\u0111e nalazi na spisku profesionalnih poslanika \u0161to zna\u010di da prima platu u iznosu od 3.374 KM.<\/p>\n<p>Milan Milakovi\u0107 poslanik Socijalisti\u010dke partije Srpske \u2013 Goran Selak se tako\u0111e za rije\u010d javio jednom ili dva puta, a kao i Bukejlovi\u0107eva, profesionalni je poslanik.<\/p>\n<p>Profesionalni poslanik je i Zoran Kokanovi\u0107 koji je u Skup\u0161tinu u\u0161ao 2022. godine i to kao kadar Socijalisti\u010dke partije.<\/p>\n<p>Iako je u skup\u0161tinskim klupama ve\u0107 gotovo tri i po godine Kokanovi\u0107 se za rije\u010d javio jednom ili dva puta.<\/p>\n<p>Sini\u0161a Mijatovi\u0107 je u Skup\u0161tinu tako\u0111e u\u0161ao 2022. godine kao poslanik DEMOS-a i to regularnim mandatom, tako\u0111e je profesionalni poslanik, ali gotovo nikad ne u\u010destvuje u diskusijama.<\/p>\n<p>Profesionalni poslanik i biv\u0161a ministarka Suzana Ga\u0161i\u0107 tako\u0111e se za rije\u010d javila jednom ili dva puta iako je u Skup\u0161tini ve\u0107 gotovo tri i po godine, a za to prima platu od 3.374 KM.<\/p>\n<p>Za rije\u010d su se jednom ili dva puta, kada je u pitanju aktuelni saziv javljali jo\u0161 i Milan Radovi\u0107 koji je poslanik bio gotovo godinu dana, kao i Aleksandar Suboti\u0107 koji je u skup\u0161tinu u\u0161ao sredinom novembra 2022. kao poslanik SNSD-a, a napustio je 17. decembra 2024. godine.<\/p>\n<p>Tamara Ev\u0111i\u0107 je regularnim mandatom u Skup\u0161tinu u\u0161la kao poslanik SDS-a u novembru 2022. godine, a napustila je krajem marta 2023. i u tom periodu se za rije\u010d javila jednom ili dva puta.<\/p>\n<p>Dragoslav Kabi\u0107 je u NS RS bio ne\u0161to vi\u0161e od mjesec dana kao poslanik SNSD-a i u tom periodu se za rije\u010d javio jednom ili dva puta.<\/p>\n<p>Ko zara\u0111uje najvi\u0161e?<br \/>\nPored plate od 3.374 KM koju primaju profesionalni poslanici, oni koji vr\u0161e funkcije predsjednika Kluba poslanika primaju na tu platu jo\u0161 i naknadu od 495 KM, dok poslanici koji su ujedno i zamjenici klubova dobijaju naknadu 330 maraka.<\/p>\n<p>Poslanicima koji su predsjednici odre\u0111enih radnih tijela plata se uve\u0107ava za 165 maraka.<\/p>\n<p>Bobana Marelj, predsjednik Kluba poslanika NPS Darko Banjac \u2013 DNS Nenad Ne\u0161i\u0107 profesionalni je poslanik, ali i predsjednik Odbora za lokalnu samoupravu NS RS, \u0161to zna\u010di da za svoj rad mjese\u010dno prima \u010dak 4.034 marke.<\/p>\n<p>Ognjen Bodiroga je profesionalni poslanik, ali i predsjednik Kluba poslanika SDS-a \u0161to zna\u010di da mjese\u010dno za svoj rad prima 3.869 KM.<\/p>\n<p>Mirjana Ora\u0161anin kao zamjenik predsjednika Kluba poslanika SDS-a prima naknadu od 330 maraka, dok kao predsjednik Odbora za reviziju dobija 165 KM neto \u0161to zna\u010di da mjese\u010dno prima tako\u0111e 3.869 maraka.<\/p>\n<p>Isti ovaj iznos prima i Igor Crnadak kao predsjednik kluba poslanika PDP-a i profesionalni poslanik.<\/p>\n<p>Iznos od 3.869 KM mjese\u010dno primaju jo\u0161 i Spomenka Stevanovi\u0107, predsjednica Kluba poslanika DEMOS-SPS, kao i Neboj\u0161a Vukanovi\u0107, predsjednik Kluba poslanika \u201eZa pravdu i red\u201c.<\/p>\n<p><a href=\"https:\/\/capital.ba\/izabrani-da-govore-placeni-da-cute-sest-narodnih-poslanika-se-nikad-nije-javilo-za-rijec\/\" target=\"_blank\" rel=\"noopener\">capital.ba<\/a><\/p>\n","protected":false},"excerpt":{"rendered":"<p>Narodni poslanici aktuelnog saziva Narodne skup\u0161tine Republike Srpske (NS RS) izabrani su da bi \u0161titili interese gra\u0111ana RS i govorili u ime njih, ali neki od njih to nisu ozbiljno [&hellip;]<\/p>\n","protected":false},"author":1,"featured_media":0,"comment_status":"closed","ping_status":"open","sticky":false,"template":"","format":"standard","meta":{"_monsterinsights_skip_tracking":false,"_monsterinsights_sitenote_active":false,"_monsterinsights_sitenote_note":"","_monsterinsights_sitenote_category":0,"footnotes":""},"categories":[3],"tags":[],"yoast_head":"<!-- This site is optimized with the Yoast SEO plugin v21.6 - https:\/\/yoast.com\/wordpress\/plugins\/seo\/ -->\n<title>Izabrani da govore, pla\u0107eni da \u0107ute: \u0160est narodnih poslanika se nikad nije javilo za rije\u010d - PrijedorDanas.com - Prijedorski gradski portal<\/title>\n<meta name=\"robots\" content=\"index, follow, max-snippet:-1, max-image-preview:large, max-video-preview:-1\" \/>\n<link rel=\"canonical\" href=\"https:\/\/www.prijedordanas.com\/?p=263982\" \/>\n<meta property=\"og:locale\" content=\"en_US\" \/>\n<meta property=\"og:type\" content=\"article\" \/>\n<meta property=\"og:title\" content=\"Izabrani da govore, pla\u0107eni da \u0107ute: \u0160est narodnih poslanika se nikad nije javilo za rije\u010d - PrijedorDanas.com - Prijedorski gradski portal\" \/>\n<meta property=\"og:description\" content=\"Narodni poslanici aktuelnog saziva Narodne skup\u0161tine Republike Srpske (NS RS) izabrani su da bi \u0161titili interese gra\u0111ana RS i govorili u ime njih, ali neki od njih to nisu ozbiljno [&hellip;]\" \/>\n<meta property=\"og:url\" content=\"https:\/\/www.prijedordanas.com\/?p=263982\" \/>\n<meta property=\"og:site_name\" content=\"PrijedorDanas.com - Prijedorski gradski portal\" \/>\n<meta property=\"article:publisher\" content=\"https:\/\/www.facebook.com\/PrijedorDanasCom\/\" \/>\n<meta property=\"article:published_time\" content=\"2026-03-01T21:05:36+00:00\" \/>\n<meta property=\"og:image\" content=\"https:\/\/www.prijedordanas.com\/wp-content\/uploads\/2026\/03\/capital-poslanici-cutolozi-300x222.jpg\" \/>\n<meta name=\"author\" content=\"admin\" \/>\n<meta name=\"twitter:card\" content=\"summary_large_image\" \/>\n<meta name=\"twitter:label1\" content=\"Written by\" \/>\n\t<meta name=\"twitter:data1\" content=\"admin\" \/>\n<script type=\"application\/ld+json\" class=\"yoast-schema-graph\">{\"@context\":\"https:\/\/schema.org\",\"@graph\":[{\"@type\":\"Article\",\"@id\":\"https:\/\/www.prijedordanas.com\/?p=263982#article\",\"isPartOf\":{\"@id\":\"https:\/\/www.prijedordanas.com\/?p=263982\"},\"author\":{\"name\":\"admin\",\"@id\":\"https:\/\/www.prijedordanas.com\/#\/schema\/person\/4e08ccf29b506ca916ff86d46bb700e6\"},\"headline\":\"Izabrani da govore, pla\u0107eni da \u0107ute: \u0160est narodnih poslanika se nikad nije javilo za rije\u010d\",\"datePublished\":\"2026-03-01T21:05:36+00:00\",\"dateModified\":\"2026-03-01T21:05:36+00:00\",\"mainEntityOfPage\":{\"@id\":\"https:\/\/www.prijedordanas.com\/?p=263982\"},\"wordCount\":926,\"publisher\":{\"@id\":\"https:\/\/www.prijedordanas.com\/#organization\"},\"articleSection\":[\"\u017divot\"],\"inLanguage\":\"en-US\"},{\"@type\":\"WebPage\",\"@id\":\"https:\/\/www.prijedordanas.com\/?p=263982\",\"url\":\"https:\/\/www.prijedordanas.com\/?p=263982\",\"name\":\"Izabrani da govore, pla\u0107eni da \u0107ute: \u0160est narodnih poslanika se nikad nije javilo za rije\u010d - PrijedorDanas.com - Prijedorski gradski portal\",\"isPartOf\":{\"@id\":\"https:\/\/www.prijedordanas.com\/#website\"},\"datePublished\":\"2026-03-01T21:05:36+00:00\",\"dateModified\":\"2026-03-01T21:05:36+00:00\",\"breadcrumb\":{\"@id\":\"https:\/\/www.prijedordanas.com\/?p=263982#breadcrumb\"},\"inLanguage\":\"en-US\",\"potentialAction\":[{\"@type\":\"ReadAction\",\"target\":[\"https:\/\/www.prijedordanas.com\/?p=263982\"]}]},{\"@type\":\"BreadcrumbList\",\"@id\":\"https:\/\/www.prijedordanas.com\/?p=263982#breadcrumb\",\"itemListElement\":[{\"@type\":\"ListItem\",\"position\":1,\"name\":\"Home\",\"item\":\"https:\/\/www.prijedordanas.com\/\"},{\"@type\":\"ListItem\",\"position\":2,\"name\":\"Izabrani da govore, pla\u0107eni da \u0107ute: \u0160est narodnih poslanika se nikad nije javilo za rije\u010d\"}]},{\"@type\":\"WebSite\",\"@id\":\"https:\/\/www.prijedordanas.com\/#website\",\"url\":\"https:\/\/www.prijedordanas.com\/\",\"name\":\"PrijedorDanas.com - Prijedorski gradski portal\",\"description\":\"Portal o doga\u0111anjima u gradu Prijedoru\",\"publisher\":{\"@id\":\"https:\/\/www.prijedordanas.com\/#organization\"},\"potentialAction\":[{\"@type\":\"SearchAction\",\"target\":{\"@type\":\"EntryPoint\",\"urlTemplate\":\"https:\/\/www.prijedordanas.com\/?s={search_term_string}\"},\"query-input\":\"required name=search_term_string\"}],\"inLanguage\":\"en-US\"},{\"@type\":\"Organization\",\"@id\":\"https:\/\/www.prijedordanas.com\/#organization\",\"name\":\"PrijedorDanas.com\",\"url\":\"https:\/\/www.prijedordanas.com\/\",\"logo\":{\"@type\":\"ImageObject\",\"inLanguage\":\"en-US\",\"@id\":\"https:\/\/www.prijedordanas.com\/#\/schema\/logo\/image\/\",\"url\":\"http:\/\/www.prijedordanas.com\/wp-content\/uploads\/2021\/12\/logopng.png\",\"contentUrl\":\"http:\/\/www.prijedordanas.com\/wp-content\/uploads\/2021\/12\/logopng.png\",\"width\":1019,\"height\":776,\"caption\":\"PrijedorDanas.com\"},\"image\":{\"@id\":\"https:\/\/www.prijedordanas.com\/#\/schema\/logo\/image\/\"},\"sameAs\":[\"https:\/\/www.facebook.com\/PrijedorDanasCom\/\"]},{\"@type\":\"Person\",\"@id\":\"https:\/\/www.prijedordanas.com\/#\/schema\/person\/4e08ccf29b506ca916ff86d46bb700e6\",\"name\":\"admin\",\"image\":{\"@type\":\"ImageObject\",\"inLanguage\":\"en-US\",\"@id\":\"https:\/\/www.prijedordanas.com\/#\/schema\/person\/image\/\",\"url\":\"https:\/\/secure.gravatar.com\/avatar\/1d3fc949d550f0b53a5f0d51e06dfd79?s=96&d=mm&r=g\",\"contentUrl\":\"https:\/\/secure.gravatar.com\/avatar\/1d3fc949d550f0b53a5f0d51e06dfd79?s=96&d=mm&r=g\",\"caption\":\"admin\"},\"url\":\"https:\/\/www.prijedordanas.com\/?author=1\"}]}<\/script>\n<!-- \/ Yoast SEO plugin. -->","yoast_head_json":{"title":"Izabrani da govore, pla\u0107eni da \u0107ute: \u0160est narodnih poslanika se nikad nije javilo za rije\u010d - PrijedorDanas.com - Prijedorski gradski portal","robots":{"index":"index","follow":"follow","max-snippet":"max-snippet:-1","max-image-preview":"max-image-preview:large","max-video-preview":"max-video-preview:-1"},"canonical":"https:\/\/www.prijedordanas.com\/?p=263982","og_locale":"en_US","og_type":"article","og_title":"Izabrani da govore, pla\u0107eni da \u0107ute: \u0160est narodnih poslanika se nikad nije javilo za rije\u010d - PrijedorDanas.com - Prijedorski gradski portal","og_description":"Narodni poslanici aktuelnog saziva Narodne skup\u0161tine Republike Srpske (NS RS) izabrani su da bi \u0161titili interese gra\u0111ana RS i govorili u ime njih, ali neki od njih to nisu ozbiljno [&hellip;]","og_url":"https:\/\/www.prijedordanas.com\/?p=263982","og_site_name":"PrijedorDanas.com - Prijedorski gradski portal","article_publisher":"https:\/\/www.facebook.com\/PrijedorDanasCom\/","article_published_time":"2026-03-01T21:05:36+00:00","og_image":[{"url":"https:\/\/www.prijedordanas.com\/wp-content\/uploads\/2026\/03\/capital-poslanici-cutolozi-300x222.jpg"}],"author":"admin","twitter_card":"summary_large_image","twitter_misc":{"Written by":"admin"},"schema":{"@context":"https:\/\/schema.org","@graph":[{"@type":"Article","@id":"https:\/\/www.prijedordanas.com\/?p=263982#article","isPartOf":{"@id":"https:\/\/www.prijedordanas.com\/?p=263982"},"author":{"name":"admin","@id":"https:\/\/www.prijedordanas.com\/#\/schema\/person\/4e08ccf29b506ca916ff86d46bb700e6"},"headline":"Izabrani da govore, pla\u0107eni da \u0107ute: \u0160est narodnih poslanika se nikad nije javilo za rije\u010d","datePublished":"2026-03-01T21:05:36+00:00","dateModified":"2026-03-01T21:05:36+00:00","mainEntityOfPage":{"@id":"https:\/\/www.prijedordanas.com\/?p=263982"},"wordCount":926,"publisher":{"@id":"https:\/\/www.prijedordanas.com\/#organization"},"articleSection":["\u017divot"],"inLanguage":"en-US"},{"@type":"WebPage","@id":"https:\/\/www.prijedordanas.com\/?p=263982","url":"https:\/\/www.prijedordanas.com\/?p=263982","name":"Izabrani da govore, pla\u0107eni da \u0107ute: \u0160est narodnih poslanika se nikad nije javilo za rije\u010d - PrijedorDanas.com - Prijedorski gradski portal","isPartOf":{"@id":"https:\/\/www.prijedordanas.com\/#website"},"datePublished":"2026-03-01T21:05:36+00:00","dateModified":"2026-03-01T21:05:36+00:00","breadcrumb":{"@id":"https:\/\/www.prijedordanas.com\/?p=263982#breadcrumb"},"inLanguage":"en-US","potentialAction":[{"@type":"ReadAction","target":["https:\/\/www.prijedordanas.com\/?p=263982"]}]},{"@type":"BreadcrumbList","@id":"https:\/\/www.prijedordanas.com\/?p=263982#breadcrumb","itemListElement":[{"@type":"ListItem","position":1,"name":"Home","item":"https:\/\/www.prijedordanas.com\/"},{"@type":"ListItem","position":2,"name":"Izabrani da govore, pla\u0107eni da \u0107ute: \u0160est narodnih poslanika se nikad nije javilo za rije\u010d"}]},{"@type":"WebSite","@id":"https:\/\/www.prijedordanas.com\/#website","url":"https:\/\/www.prijedordanas.com\/","name":"PrijedorDanas.com - Prijedorski gradski portal","description":"Portal o doga\u0111anjima u gradu Prijedoru","publisher":{"@id":"https:\/\/www.prijedordanas.com\/#organization"},"potentialAction":[{"@type":"SearchAction","target":{"@type":"EntryPoint","urlTemplate":"https:\/\/www.prijedordanas.com\/?s={search_term_string}"},"query-input":"required name=search_term_string"}],"inLanguage":"en-US"},{"@type":"Organization","@id":"https:\/\/www.prijedordanas.com\/#organization","name":"PrijedorDanas.com","url":"https:\/\/www.prijedordanas.com\/","logo":{"@type":"ImageObject","inLanguage":"en-US","@id":"https:\/\/www.prijedordanas.com\/#\/schema\/logo\/image\/","url":"http:\/\/www.prijedordanas.com\/wp-content\/uploads\/2021\/12\/logopng.png","contentUrl":"http:\/\/www.prijedordanas.com\/wp-content\/uploads\/2021\/12\/logopng.png","width":1019,"height":776,"caption":"PrijedorDanas.com"},"image":{"@id":"https:\/\/www.prijedordanas.com\/#\/schema\/logo\/image\/"},"sameAs":["https:\/\/www.facebook.com\/PrijedorDanasCom\/"]},{"@type":"Person","@id":"https:\/\/www.prijedordanas.com\/#\/schema\/person\/4e08ccf29b506ca916ff86d46bb700e6","name":"admin","image":{"@type":"ImageObject","inLanguage":"en-US","@id":"https:\/\/www.prijedordanas.com\/#\/schema\/person\/image\/","url":"https:\/\/secure.gravatar.com\/avatar\/1d3fc949d550f0b53a5f0d51e06dfd79?s=96&d=mm&r=g","contentUrl":"https:\/\/secure.gravatar.com\/avatar\/1d3fc949d550f0b53a5f0d51e06dfd79?s=96&d=mm&r=g","caption":"admin"},"url":"https:\/\/www.prijedordanas.com\/?author=1"}]}},"_links":{"self":[{"href":"https:\/\/www.prijedordanas.com\/index.php?rest_route=\/wp\/v2\/posts\/263982"}],"collection":[{"href":"https:\/\/www.prijedordanas.com\/index.php?rest_route=\/wp\/v2\/posts"}],"about":[{"href":"https:\/\/www.prijedordanas.com\/index.php?rest_route=\/wp\/v2\/types\/post"}],"author":[{"embeddable":true,"href":"https:\/\/www.prijedordanas.com\/index.php?rest_route=\/wp\/v2\/users\/1"}],"replies":[{"embeddable":true,"href":"https:\/\/www.prijedordanas.com\/index.php?rest_route=%2Fwp%2Fv2%2Fcomments&post=263982"}],"version-history":[{"count":1,"href":"https:\/\/www.prijedordanas.com\/index.php?rest_route=\/wp\/v2\/posts\/263982\/revisions"}],"predecessor-version":[{"id":263983,"href":"https:\/\/www.prijedordanas.com\/index.php?rest_route=\/wp\/v2\/posts\/263982\/revisions\/263983"}],"wp:attachment":[{"href":"https:\/\/www.prijedordanas.com\/index.php?rest_route=%2Fwp%2Fv2%2Fmedia&parent=263982"}],"wp:term":[{"taxonomy":"category","embeddable":true,"href":"https:\/\/www.prijedordanas.com\/index.php?rest_route=%2Fwp%2Fv2%2Fcategories&post=263982"},{"taxonomy":"post_tag","embeddable":true,"href":"https:\/\/www.prijedordanas.com\/index.php?rest_route=%2Fwp%2Fv2%2Ftags&post=263982"}],"curies":[{"name":"wp","href":"https:\/\/api.w.org\/{rel}","templated":true}]}}