{"id":263956,"date":"2026-03-01T12:54:06","date_gmt":"2026-03-01T11:54:06","guid":{"rendered":"https:\/\/www.prijedordanas.com\/?p=263956"},"modified":"2026-03-01T12:54:06","modified_gmt":"2026-03-01T11:54:06","slug":"odsjek-za-inspekcijske-poslove-grada-prijedora-potreban-poseban-zakon-o-zastiti-od-buke","status":"publish","type":"post","link":"https:\/\/www.prijedordanas.com\/?p=263956","title":{"rendered":"Odsjek za inspekcijske poslove grada Prijedora: Potreban poseban zakon o za\u0161titi od buke"},"content":{"rendered":"<p><a href=\"https:\/\/www.prijedordanas.com\/wp-content\/uploads\/2026\/03\/pd-trg-28februar.jpg\"><img loading=\"lazy\" decoding=\"async\" src=\"https:\/\/www.prijedordanas.com\/wp-content\/uploads\/2026\/03\/pd-trg-28februar-300x225.jpg\" alt=\"\" width=\"300\" height=\"225\" class=\"alignleft size-medium wp-image-263957\" srcset=\"https:\/\/www.prijedordanas.com\/wp-content\/uploads\/2026\/03\/pd-trg-28februar-300x225.jpg 300w, https:\/\/www.prijedordanas.com\/wp-content\/uploads\/2026\/03\/pd-trg-28februar-640x480.jpg 640w, https:\/\/www.prijedordanas.com\/wp-content\/uploads\/2026\/03\/pd-trg-28februar.jpg 667w\" sizes=\"(max-width: 300px) 100vw, 300px\" \/><\/a>Odsjek za inspekcijske poslove grada Prijedora ukazao je na to da u Republici Srpskoj ne postoji poseban zakona o za\u0161titi od buke i da to predstavlja sistemski normativni nedostatak koji doprinosi pravnoj nejasno\u0107i, neujedna\u010denoj praksi i instituciopalnim nedoumicama u primjeni propisa. <\/p>\n<p>\u0160ef Odsjeka Aleksandar Bradi\u0107 izjavio je da je taj zakon potreban radi pravne sigurnosti, jasne podjele nadle\u017enosti i efikasnog institucionalnog djelovanja.<\/p>\n<p>\u201cS ciljem efikasnijeg rje\u0161avanja problema buke, neophodan je sistemski pristup koji podrazumijeva dono\u0161enje posebnog zakona koji bi sveobuhvatno uredio oblast za\u0161tite od buke, a s ciljem uspostavljanja funkcionalnog sistema za\u0161tite gra\u0111ana od prekomjerne buke\u201d, rekao je Bradi\u0107 Srni.<\/p>\n<p>On je podsjetio da je Pravilnik o grani\u010dnim vrijednostima intenziteta buke, koji je na snazi od januara 2023. godine, donesen na osnovu Zakona o za\u0161titi \u017eivotne sredine radi ure\u0111ivanja grani\u010dnih vrijednosti intenziteta buke, na\u010dina mjerenja i prostornog zoniranja podru\u010dja u prirodnoj i izgra\u0111enoj \u017eivotnoj sredini.<\/p>\n<p>\u201cMe\u0111utim, \u010dlanom 2 Pravilnika izri\u010dito je propisano da se njegove odredbe ne primjenjuju na buku u ugostiteljskim objektima, kao ni na buku u stambenim prostorima, na radnim mjestima, u prevoznim sredstvima i druge zakonom definisane izvore buke. Shodno tome, ekolo\u0161ka inspekcija nema zakonska ovla\u0161\u0107enja za postupanje u slu\u010dajevima koji se odnose na glasnu muziku i buku u ugostiteljskim objektima\u201d, naveo je Bradi\u0107.<\/p>\n<p>On je naglasio da pitanje buke u ugostiteljskim objektima, prema va\u017ee\u0107im propisima, pripada oblasti javnog reda i mira i komunalnog reda, te je u nadle\u017enosti policijskih organa, u skladu sa Zakonom o javnom redu i miru u Republici Srpskoj, i komunalne policije, u skladu sa Zakonom o komunalioj policiji i lokalnim odlukama jedinice lokalne samouprave o radnom vremenu i izvo\u0111enju muzi\u010dkih sadr\u017eaja.<\/p>\n<p>\u201cEkolo\u0161ka inspekcija, po va\u017ee\u0107iim propisima, nema ovla\u0161\u0107enja za mjerenje buke u ugostiteljskim objektima, niti za nalaganje tehni\u010dkih mjera kao \u0161to je ugradanja limitera zvuka, niti za izricanje mjera u vezi sa muzi\u010dkim sadr\u017eajima u ovim objektima\u201d, dodao je Bradi\u0107.<\/p>\n<p>Pripadnici Policijske uprave Prijedor postupaju po prijavama gra\u0111ana za naru\u0161avanje javnog reda i mira glasnom muzikom u ugostiteljskim objektima, potvrdila je portparol ove uprave Zvezdana Alendarevi\u0107.<\/p>\n<p>\u201cU slu\u010dajevima kada se utvrdi postojanje prekr\u0161aja iz \u010dlana 15 Zakona o javnom redu i miru, vlasniku odnosno odgovornom licu ugostiteljskog objekta uru\u010duje se prekr\u0161ajni nalog ili se nadle\u017enom sudu dostavlja zahtjev za pokretanje prekr\u0161ajnog postupka\u201d, rekla je Alendarevi\u0107eva danas Srni.<\/p>\n<p>\u0160ef Odsjeka komunalne policije Gradske uprave Prijedor Nemanja Kos rekao je da na osnovu Zakona o komunalnoj policiji ovaj odsjek nije nadle\u017ean za postupanje po prijavama u vezi s \u010dujno\u0161\u0107u muzike iz ugostiteljskih objekata.<\/p>\n<p>SRNA<br \/>\nFoto &#8211; ilustracija<\/p>\n","protected":false},"excerpt":{"rendered":"<p>Odsjek za inspekcijske poslove grada Prijedora ukazao je na to da u Republici Srpskoj ne postoji poseban zakona o za\u0161titi od buke i da to predstavlja sistemski normativni nedostatak koji [&hellip;]<\/p>\n","protected":false},"author":1,"featured_media":0,"comment_status":"closed","ping_status":"open","sticky":false,"template":"","format":"standard","meta":{"_monsterinsights_skip_tracking":false,"_monsterinsights_sitenote_active":false,"_monsterinsights_sitenote_note":"","_monsterinsights_sitenote_category":0,"footnotes":""},"categories":[8],"tags":[],"yoast_head":"<!-- This site is optimized with the Yoast SEO plugin v21.6 - https:\/\/yoast.com\/wordpress\/plugins\/seo\/ -->\n<title>Odsjek za inspekcijske poslove grada Prijedora: Potreban poseban zakon o za\u0161titi od buke - PrijedorDanas.com - Prijedorski gradski portal<\/title>\n<meta name=\"robots\" content=\"index, follow, max-snippet:-1, max-image-preview:large, max-video-preview:-1\" \/>\n<link rel=\"canonical\" href=\"https:\/\/www.prijedordanas.com\/?p=263956\" \/>\n<meta property=\"og:locale\" content=\"en_US\" \/>\n<meta property=\"og:type\" content=\"article\" \/>\n<meta property=\"og:title\" content=\"Odsjek za inspekcijske poslove grada Prijedora: Potreban poseban zakon o za\u0161titi od buke - PrijedorDanas.com - Prijedorski gradski portal\" \/>\n<meta property=\"og:description\" content=\"Odsjek za inspekcijske poslove grada Prijedora ukazao je na to da u Republici Srpskoj ne postoji poseban zakona o za\u0161titi od buke i da to predstavlja sistemski normativni nedostatak koji [&hellip;]\" \/>\n<meta property=\"og:url\" content=\"https:\/\/www.prijedordanas.com\/?p=263956\" \/>\n<meta property=\"og:site_name\" content=\"PrijedorDanas.com - Prijedorski gradski portal\" \/>\n<meta property=\"article:publisher\" content=\"https:\/\/www.facebook.com\/PrijedorDanasCom\/\" \/>\n<meta property=\"article:published_time\" content=\"2026-03-01T11:54:06+00:00\" \/>\n<meta property=\"og:image\" content=\"https:\/\/www.prijedordanas.com\/wp-content\/uploads\/2026\/03\/pd-trg-28februar-300x225.jpg\" \/>\n<meta name=\"author\" content=\"admin\" \/>\n<meta name=\"twitter:card\" content=\"summary_large_image\" \/>\n<meta name=\"twitter:label1\" content=\"Written by\" \/>\n\t<meta name=\"twitter:data1\" content=\"admin\" \/>\n<script type=\"application\/ld+json\" class=\"yoast-schema-graph\">{\"@context\":\"https:\/\/schema.org\",\"@graph\":[{\"@type\":\"Article\",\"@id\":\"https:\/\/www.prijedordanas.com\/?p=263956#article\",\"isPartOf\":{\"@id\":\"https:\/\/www.prijedordanas.com\/?p=263956\"},\"author\":{\"name\":\"admin\",\"@id\":\"https:\/\/www.prijedordanas.com\/#\/schema\/person\/4e08ccf29b506ca916ff86d46bb700e6\"},\"headline\":\"Odsjek za inspekcijske poslove grada Prijedora: Potreban poseban zakon o za\u0161titi od buke\",\"datePublished\":\"2026-03-01T11:54:06+00:00\",\"dateModified\":\"2026-03-01T11:54:06+00:00\",\"mainEntityOfPage\":{\"@id\":\"https:\/\/www.prijedordanas.com\/?p=263956\"},\"wordCount\":469,\"publisher\":{\"@id\":\"https:\/\/www.prijedordanas.com\/#organization\"},\"articleSection\":[\"Svakodnevno\"],\"inLanguage\":\"en-US\"},{\"@type\":\"WebPage\",\"@id\":\"https:\/\/www.prijedordanas.com\/?p=263956\",\"url\":\"https:\/\/www.prijedordanas.com\/?p=263956\",\"name\":\"Odsjek za inspekcijske poslove grada Prijedora: Potreban poseban zakon o za\u0161titi od buke - PrijedorDanas.com - Prijedorski gradski portal\",\"isPartOf\":{\"@id\":\"https:\/\/www.prijedordanas.com\/#website\"},\"datePublished\":\"2026-03-01T11:54:06+00:00\",\"dateModified\":\"2026-03-01T11:54:06+00:00\",\"breadcrumb\":{\"@id\":\"https:\/\/www.prijedordanas.com\/?p=263956#breadcrumb\"},\"inLanguage\":\"en-US\",\"potentialAction\":[{\"@type\":\"ReadAction\",\"target\":[\"https:\/\/www.prijedordanas.com\/?p=263956\"]}]},{\"@type\":\"BreadcrumbList\",\"@id\":\"https:\/\/www.prijedordanas.com\/?p=263956#breadcrumb\",\"itemListElement\":[{\"@type\":\"ListItem\",\"position\":1,\"name\":\"Home\",\"item\":\"https:\/\/www.prijedordanas.com\/\"},{\"@type\":\"ListItem\",\"position\":2,\"name\":\"Odsjek za inspekcijske poslove grada Prijedora: Potreban poseban zakon o za\u0161titi od buke\"}]},{\"@type\":\"WebSite\",\"@id\":\"https:\/\/www.prijedordanas.com\/#website\",\"url\":\"https:\/\/www.prijedordanas.com\/\",\"name\":\"PrijedorDanas.com - Prijedorski gradski portal\",\"description\":\"Portal o doga\u0111anjima u gradu Prijedoru\",\"publisher\":{\"@id\":\"https:\/\/www.prijedordanas.com\/#organization\"},\"potentialAction\":[{\"@type\":\"SearchAction\",\"target\":{\"@type\":\"EntryPoint\",\"urlTemplate\":\"https:\/\/www.prijedordanas.com\/?s={search_term_string}\"},\"query-input\":\"required name=search_term_string\"}],\"inLanguage\":\"en-US\"},{\"@type\":\"Organization\",\"@id\":\"https:\/\/www.prijedordanas.com\/#organization\",\"name\":\"PrijedorDanas.com\",\"url\":\"https:\/\/www.prijedordanas.com\/\",\"logo\":{\"@type\":\"ImageObject\",\"inLanguage\":\"en-US\",\"@id\":\"https:\/\/www.prijedordanas.com\/#\/schema\/logo\/image\/\",\"url\":\"http:\/\/www.prijedordanas.com\/wp-content\/uploads\/2021\/12\/logopng.png\",\"contentUrl\":\"http:\/\/www.prijedordanas.com\/wp-content\/uploads\/2021\/12\/logopng.png\",\"width\":1019,\"height\":776,\"caption\":\"PrijedorDanas.com\"},\"image\":{\"@id\":\"https:\/\/www.prijedordanas.com\/#\/schema\/logo\/image\/\"},\"sameAs\":[\"https:\/\/www.facebook.com\/PrijedorDanasCom\/\"]},{\"@type\":\"Person\",\"@id\":\"https:\/\/www.prijedordanas.com\/#\/schema\/person\/4e08ccf29b506ca916ff86d46bb700e6\",\"name\":\"admin\",\"image\":{\"@type\":\"ImageObject\",\"inLanguage\":\"en-US\",\"@id\":\"https:\/\/www.prijedordanas.com\/#\/schema\/person\/image\/\",\"url\":\"https:\/\/secure.gravatar.com\/avatar\/1d3fc949d550f0b53a5f0d51e06dfd79?s=96&d=mm&r=g\",\"contentUrl\":\"https:\/\/secure.gravatar.com\/avatar\/1d3fc949d550f0b53a5f0d51e06dfd79?s=96&d=mm&r=g\",\"caption\":\"admin\"},\"url\":\"https:\/\/www.prijedordanas.com\/?author=1\"}]}<\/script>\n<!-- \/ Yoast SEO plugin. -->","yoast_head_json":{"title":"Odsjek za inspekcijske poslove grada Prijedora: Potreban poseban zakon o za\u0161titi od buke - PrijedorDanas.com - Prijedorski gradski portal","robots":{"index":"index","follow":"follow","max-snippet":"max-snippet:-1","max-image-preview":"max-image-preview:large","max-video-preview":"max-video-preview:-1"},"canonical":"https:\/\/www.prijedordanas.com\/?p=263956","og_locale":"en_US","og_type":"article","og_title":"Odsjek za inspekcijske poslove grada Prijedora: Potreban poseban zakon o za\u0161titi od buke - PrijedorDanas.com - Prijedorski gradski portal","og_description":"Odsjek za inspekcijske poslove grada Prijedora ukazao je na to da u Republici Srpskoj ne postoji poseban zakona o za\u0161titi od buke i da to predstavlja sistemski normativni nedostatak koji [&hellip;]","og_url":"https:\/\/www.prijedordanas.com\/?p=263956","og_site_name":"PrijedorDanas.com - Prijedorski gradski portal","article_publisher":"https:\/\/www.facebook.com\/PrijedorDanasCom\/","article_published_time":"2026-03-01T11:54:06+00:00","og_image":[{"url":"https:\/\/www.prijedordanas.com\/wp-content\/uploads\/2026\/03\/pd-trg-28februar-300x225.jpg"}],"author":"admin","twitter_card":"summary_large_image","twitter_misc":{"Written by":"admin"},"schema":{"@context":"https:\/\/schema.org","@graph":[{"@type":"Article","@id":"https:\/\/www.prijedordanas.com\/?p=263956#article","isPartOf":{"@id":"https:\/\/www.prijedordanas.com\/?p=263956"},"author":{"name":"admin","@id":"https:\/\/www.prijedordanas.com\/#\/schema\/person\/4e08ccf29b506ca916ff86d46bb700e6"},"headline":"Odsjek za inspekcijske poslove grada Prijedora: Potreban poseban zakon o za\u0161titi od buke","datePublished":"2026-03-01T11:54:06+00:00","dateModified":"2026-03-01T11:54:06+00:00","mainEntityOfPage":{"@id":"https:\/\/www.prijedordanas.com\/?p=263956"},"wordCount":469,"publisher":{"@id":"https:\/\/www.prijedordanas.com\/#organization"},"articleSection":["Svakodnevno"],"inLanguage":"en-US"},{"@type":"WebPage","@id":"https:\/\/www.prijedordanas.com\/?p=263956","url":"https:\/\/www.prijedordanas.com\/?p=263956","name":"Odsjek za inspekcijske poslove grada Prijedora: Potreban poseban zakon o za\u0161titi od buke - PrijedorDanas.com - Prijedorski gradski portal","isPartOf":{"@id":"https:\/\/www.prijedordanas.com\/#website"},"datePublished":"2026-03-01T11:54:06+00:00","dateModified":"2026-03-01T11:54:06+00:00","breadcrumb":{"@id":"https:\/\/www.prijedordanas.com\/?p=263956#breadcrumb"},"inLanguage":"en-US","potentialAction":[{"@type":"ReadAction","target":["https:\/\/www.prijedordanas.com\/?p=263956"]}]},{"@type":"BreadcrumbList","@id":"https:\/\/www.prijedordanas.com\/?p=263956#breadcrumb","itemListElement":[{"@type":"ListItem","position":1,"name":"Home","item":"https:\/\/www.prijedordanas.com\/"},{"@type":"ListItem","position":2,"name":"Odsjek za inspekcijske poslove grada Prijedora: Potreban poseban zakon o za\u0161titi od buke"}]},{"@type":"WebSite","@id":"https:\/\/www.prijedordanas.com\/#website","url":"https:\/\/www.prijedordanas.com\/","name":"PrijedorDanas.com - Prijedorski gradski portal","description":"Portal o doga\u0111anjima u gradu Prijedoru","publisher":{"@id":"https:\/\/www.prijedordanas.com\/#organization"},"potentialAction":[{"@type":"SearchAction","target":{"@type":"EntryPoint","urlTemplate":"https:\/\/www.prijedordanas.com\/?s={search_term_string}"},"query-input":"required name=search_term_string"}],"inLanguage":"en-US"},{"@type":"Organization","@id":"https:\/\/www.prijedordanas.com\/#organization","name":"PrijedorDanas.com","url":"https:\/\/www.prijedordanas.com\/","logo":{"@type":"ImageObject","inLanguage":"en-US","@id":"https:\/\/www.prijedordanas.com\/#\/schema\/logo\/image\/","url":"http:\/\/www.prijedordanas.com\/wp-content\/uploads\/2021\/12\/logopng.png","contentUrl":"http:\/\/www.prijedordanas.com\/wp-content\/uploads\/2021\/12\/logopng.png","width":1019,"height":776,"caption":"PrijedorDanas.com"},"image":{"@id":"https:\/\/www.prijedordanas.com\/#\/schema\/logo\/image\/"},"sameAs":["https:\/\/www.facebook.com\/PrijedorDanasCom\/"]},{"@type":"Person","@id":"https:\/\/www.prijedordanas.com\/#\/schema\/person\/4e08ccf29b506ca916ff86d46bb700e6","name":"admin","image":{"@type":"ImageObject","inLanguage":"en-US","@id":"https:\/\/www.prijedordanas.com\/#\/schema\/person\/image\/","url":"https:\/\/secure.gravatar.com\/avatar\/1d3fc949d550f0b53a5f0d51e06dfd79?s=96&d=mm&r=g","contentUrl":"https:\/\/secure.gravatar.com\/avatar\/1d3fc949d550f0b53a5f0d51e06dfd79?s=96&d=mm&r=g","caption":"admin"},"url":"https:\/\/www.prijedordanas.com\/?author=1"}]}},"_links":{"self":[{"href":"https:\/\/www.prijedordanas.com\/index.php?rest_route=\/wp\/v2\/posts\/263956"}],"collection":[{"href":"https:\/\/www.prijedordanas.com\/index.php?rest_route=\/wp\/v2\/posts"}],"about":[{"href":"https:\/\/www.prijedordanas.com\/index.php?rest_route=\/wp\/v2\/types\/post"}],"author":[{"embeddable":true,"href":"https:\/\/www.prijedordanas.com\/index.php?rest_route=\/wp\/v2\/users\/1"}],"replies":[{"embeddable":true,"href":"https:\/\/www.prijedordanas.com\/index.php?rest_route=%2Fwp%2Fv2%2Fcomments&post=263956"}],"version-history":[{"count":1,"href":"https:\/\/www.prijedordanas.com\/index.php?rest_route=\/wp\/v2\/posts\/263956\/revisions"}],"predecessor-version":[{"id":263958,"href":"https:\/\/www.prijedordanas.com\/index.php?rest_route=\/wp\/v2\/posts\/263956\/revisions\/263958"}],"wp:attachment":[{"href":"https:\/\/www.prijedordanas.com\/index.php?rest_route=%2Fwp%2Fv2%2Fmedia&parent=263956"}],"wp:term":[{"taxonomy":"category","embeddable":true,"href":"https:\/\/www.prijedordanas.com\/index.php?rest_route=%2Fwp%2Fv2%2Fcategories&post=263956"},{"taxonomy":"post_tag","embeddable":true,"href":"https:\/\/www.prijedordanas.com\/index.php?rest_route=%2Fwp%2Fv2%2Ftags&post=263956"}],"curies":[{"name":"wp","href":"https:\/\/api.w.org\/{rel}","templated":true}]}}