{"id":263938,"date":"2026-02-28T20:53:48","date_gmt":"2026-02-28T19:53:48","guid":{"rendered":"https:\/\/www.prijedordanas.com\/?p=263938"},"modified":"2026-02-28T20:53:48","modified_gmt":"2026-02-28T19:53:48","slug":"u-nedjelju-dan-zalosti-u-republici-srpskoj","status":"publish","type":"post","link":"https:\/\/www.prijedordanas.com\/?p=263938","title":{"rendered":"U nedjelju Dan \u017ealosti u Republici Srpskoj"},"content":{"rendered":"<p><a href=\"https:\/\/www.prijedordanas.com\/wp-content\/uploads\/2023\/08\/rtrs-vlada-rs-dan-zalosti.jpg\"><img loading=\"lazy\" decoding=\"async\" src=\"https:\/\/www.prijedordanas.com\/wp-content\/uploads\/2023\/08\/rtrs-vlada-rs-dan-zalosti-300x225.jpg\" alt=\"\" width=\"300\" height=\"225\" class=\"alignleft size-medium wp-image-210059\" srcset=\"https:\/\/www.prijedordanas.com\/wp-content\/uploads\/2023\/08\/rtrs-vlada-rs-dan-zalosti-300x225.jpg 300w, https:\/\/www.prijedordanas.com\/wp-content\/uploads\/2023\/08\/rtrs-vlada-rs-dan-zalosti-640x480.jpg 640w, https:\/\/www.prijedordanas.com\/wp-content\/uploads\/2023\/08\/rtrs-vlada-rs-dan-zalosti.jpg 667w\" sizes=\"(max-width: 300px) 100vw, 300px\" \/><\/a>U Republici Srpskoj sutra je Dan \u017ealosti povodom 34 godine od po\u010detka tragi\u010dnog sukoba u BiH, izjavio je ministar rada i bora\u010dko-invalidske za\u0161tVlada Republike Srpske proglasila je 1. mart Danom \u017ealosti povodom tragi\u010dnih doga\u0111aja koji su se desili tog datuma 1992. godine, a koji su bili povod za otpo\u010dinjanje tragi\u010dnog sukoba u BiH, izjavio je ministar rada i bora\u010dko-invalidske za\u0161tite Radan Ostoji\u0107.<\/p>\n<p>Ova odluka donesena je na dana\u0161njoj telefonskoj sjednici Vlade.<\/p>\n<p>Povodom Dana \u017ealosti sutra \u0107e na svim institucijama Republike Srpske zastave \u0107e biti spu\u0161tene na pola koplja, sve kulturne manifestacije \u0107e biti otkazane, a sportski doga\u0111aji prilago\u0111eni Danu \u017ealosti, saop\u0161teno je iz Biroa Vlade Republike Srpske.<\/p>\n<p>U dijelu FBiH sa ve\u0107inskim bo\u0161nja\u010dkim stanovni\u0161tvom 1. mart se obilje\u017eava kao dan nezavisnosti BiH, jer je tada prije 34 godine odr\u017ean referendum o nezavisnosti i otcjepljenju BiH od SFRJ.<\/p>\n<p>Srbi u Republici Srpskoj 1. mart pamte po ubistvu srpskog svata u Sarajevu, \u0161to je bio i okida\u010d za po\u010detak ratnih sukoba.<\/p>\n<p>Ovaj tragi\u010dni datum u Republici Srpskoj se ne praznuje, ve\u0107 21. novembar &#8211; dan kada je u ameri\u010dkoj vazduhopolovnoj bazi &#8220;Rajt-Peterson&#8221; kod Dejtona parafiran Op\u0161ti okvirni sporazum za mir u BiH, koji je obilje\u017eio kraj gra\u0111anskog rata u BiH.<\/p>\n<p>RTRS<\/p>\n","protected":false},"excerpt":{"rendered":"<p>U Republici Srpskoj sutra je Dan \u017ealosti povodom 34 godine od po\u010detka tragi\u010dnog sukoba u BiH, izjavio je ministar rada i bora\u010dko-invalidske za\u0161tVlada Republike Srpske proglasila je 1. mart Danom [&hellip;]<\/p>\n","protected":false},"author":1,"featured_media":0,"comment_status":"closed","ping_status":"open","sticky":false,"template":"","format":"standard","meta":{"_monsterinsights_skip_tracking":false,"_monsterinsights_sitenote_active":false,"_monsterinsights_sitenote_note":"","_monsterinsights_sitenote_category":0,"footnotes":""},"categories":[3],"tags":[],"yoast_head":"<!-- This site is optimized with the Yoast SEO plugin v21.6 - https:\/\/yoast.com\/wordpress\/plugins\/seo\/ -->\n<title>U nedjelju Dan \u017ealosti u Republici Srpskoj - PrijedorDanas.com - Prijedorski gradski portal<\/title>\n<meta name=\"robots\" content=\"index, follow, max-snippet:-1, max-image-preview:large, max-video-preview:-1\" \/>\n<link rel=\"canonical\" href=\"https:\/\/www.prijedordanas.com\/?p=263938\" \/>\n<meta property=\"og:locale\" content=\"en_US\" \/>\n<meta property=\"og:type\" content=\"article\" \/>\n<meta property=\"og:title\" content=\"U nedjelju Dan \u017ealosti u Republici Srpskoj - PrijedorDanas.com - Prijedorski gradski portal\" \/>\n<meta property=\"og:description\" content=\"U Republici Srpskoj sutra je Dan \u017ealosti povodom 34 godine od po\u010detka tragi\u010dnog sukoba u BiH, izjavio je ministar rada i bora\u010dko-invalidske za\u0161tVlada Republike Srpske proglasila je 1. mart Danom [&hellip;]\" \/>\n<meta property=\"og:url\" content=\"https:\/\/www.prijedordanas.com\/?p=263938\" \/>\n<meta property=\"og:site_name\" content=\"PrijedorDanas.com - Prijedorski gradski portal\" \/>\n<meta property=\"article:publisher\" content=\"https:\/\/www.facebook.com\/PrijedorDanasCom\/\" \/>\n<meta property=\"article:published_time\" content=\"2026-02-28T19:53:48+00:00\" \/>\n<meta property=\"og:image\" content=\"https:\/\/www.prijedordanas.com\/wp-content\/uploads\/2023\/08\/rtrs-vlada-rs-dan-zalosti-300x225.jpg\" \/>\n<meta name=\"author\" content=\"admin\" \/>\n<meta name=\"twitter:card\" content=\"summary_large_image\" \/>\n<meta name=\"twitter:label1\" content=\"Written by\" \/>\n\t<meta name=\"twitter:data1\" content=\"admin\" \/>\n<script type=\"application\/ld+json\" class=\"yoast-schema-graph\">{\"@context\":\"https:\/\/schema.org\",\"@graph\":[{\"@type\":\"Article\",\"@id\":\"https:\/\/www.prijedordanas.com\/?p=263938#article\",\"isPartOf\":{\"@id\":\"https:\/\/www.prijedordanas.com\/?p=263938\"},\"author\":{\"name\":\"admin\",\"@id\":\"https:\/\/www.prijedordanas.com\/#\/schema\/person\/4e08ccf29b506ca916ff86d46bb700e6\"},\"headline\":\"U nedjelju Dan \u017ealosti u Republici Srpskoj\",\"datePublished\":\"2026-02-28T19:53:48+00:00\",\"dateModified\":\"2026-02-28T19:53:48+00:00\",\"mainEntityOfPage\":{\"@id\":\"https:\/\/www.prijedordanas.com\/?p=263938\"},\"wordCount\":226,\"publisher\":{\"@id\":\"https:\/\/www.prijedordanas.com\/#organization\"},\"articleSection\":[\"\u017divot\"],\"inLanguage\":\"en-US\"},{\"@type\":\"WebPage\",\"@id\":\"https:\/\/www.prijedordanas.com\/?p=263938\",\"url\":\"https:\/\/www.prijedordanas.com\/?p=263938\",\"name\":\"U nedjelju Dan \u017ealosti u Republici Srpskoj - PrijedorDanas.com - Prijedorski gradski portal\",\"isPartOf\":{\"@id\":\"https:\/\/www.prijedordanas.com\/#website\"},\"datePublished\":\"2026-02-28T19:53:48+00:00\",\"dateModified\":\"2026-02-28T19:53:48+00:00\",\"breadcrumb\":{\"@id\":\"https:\/\/www.prijedordanas.com\/?p=263938#breadcrumb\"},\"inLanguage\":\"en-US\",\"potentialAction\":[{\"@type\":\"ReadAction\",\"target\":[\"https:\/\/www.prijedordanas.com\/?p=263938\"]}]},{\"@type\":\"BreadcrumbList\",\"@id\":\"https:\/\/www.prijedordanas.com\/?p=263938#breadcrumb\",\"itemListElement\":[{\"@type\":\"ListItem\",\"position\":1,\"name\":\"Home\",\"item\":\"https:\/\/www.prijedordanas.com\/\"},{\"@type\":\"ListItem\",\"position\":2,\"name\":\"U nedjelju Dan \u017ealosti u Republici Srpskoj\"}]},{\"@type\":\"WebSite\",\"@id\":\"https:\/\/www.prijedordanas.com\/#website\",\"url\":\"https:\/\/www.prijedordanas.com\/\",\"name\":\"PrijedorDanas.com - Prijedorski gradski portal\",\"description\":\"Portal o doga\u0111anjima u gradu Prijedoru\",\"publisher\":{\"@id\":\"https:\/\/www.prijedordanas.com\/#organization\"},\"potentialAction\":[{\"@type\":\"SearchAction\",\"target\":{\"@type\":\"EntryPoint\",\"urlTemplate\":\"https:\/\/www.prijedordanas.com\/?s={search_term_string}\"},\"query-input\":\"required name=search_term_string\"}],\"inLanguage\":\"en-US\"},{\"@type\":\"Organization\",\"@id\":\"https:\/\/www.prijedordanas.com\/#organization\",\"name\":\"PrijedorDanas.com\",\"url\":\"https:\/\/www.prijedordanas.com\/\",\"logo\":{\"@type\":\"ImageObject\",\"inLanguage\":\"en-US\",\"@id\":\"https:\/\/www.prijedordanas.com\/#\/schema\/logo\/image\/\",\"url\":\"http:\/\/www.prijedordanas.com\/wp-content\/uploads\/2021\/12\/logopng.png\",\"contentUrl\":\"http:\/\/www.prijedordanas.com\/wp-content\/uploads\/2021\/12\/logopng.png\",\"width\":1019,\"height\":776,\"caption\":\"PrijedorDanas.com\"},\"image\":{\"@id\":\"https:\/\/www.prijedordanas.com\/#\/schema\/logo\/image\/\"},\"sameAs\":[\"https:\/\/www.facebook.com\/PrijedorDanasCom\/\"]},{\"@type\":\"Person\",\"@id\":\"https:\/\/www.prijedordanas.com\/#\/schema\/person\/4e08ccf29b506ca916ff86d46bb700e6\",\"name\":\"admin\",\"image\":{\"@type\":\"ImageObject\",\"inLanguage\":\"en-US\",\"@id\":\"https:\/\/www.prijedordanas.com\/#\/schema\/person\/image\/\",\"url\":\"https:\/\/secure.gravatar.com\/avatar\/1d3fc949d550f0b53a5f0d51e06dfd79?s=96&d=mm&r=g\",\"contentUrl\":\"https:\/\/secure.gravatar.com\/avatar\/1d3fc949d550f0b53a5f0d51e06dfd79?s=96&d=mm&r=g\",\"caption\":\"admin\"},\"url\":\"https:\/\/www.prijedordanas.com\/?author=1\"}]}<\/script>\n<!-- \/ Yoast SEO plugin. -->","yoast_head_json":{"title":"U nedjelju Dan \u017ealosti u Republici Srpskoj - PrijedorDanas.com - Prijedorski gradski portal","robots":{"index":"index","follow":"follow","max-snippet":"max-snippet:-1","max-image-preview":"max-image-preview:large","max-video-preview":"max-video-preview:-1"},"canonical":"https:\/\/www.prijedordanas.com\/?p=263938","og_locale":"en_US","og_type":"article","og_title":"U nedjelju Dan \u017ealosti u Republici Srpskoj - PrijedorDanas.com - Prijedorski gradski portal","og_description":"U Republici Srpskoj sutra je Dan \u017ealosti povodom 34 godine od po\u010detka tragi\u010dnog sukoba u BiH, izjavio je ministar rada i bora\u010dko-invalidske za\u0161tVlada Republike Srpske proglasila je 1. mart Danom [&hellip;]","og_url":"https:\/\/www.prijedordanas.com\/?p=263938","og_site_name":"PrijedorDanas.com - Prijedorski gradski portal","article_publisher":"https:\/\/www.facebook.com\/PrijedorDanasCom\/","article_published_time":"2026-02-28T19:53:48+00:00","og_image":[{"url":"https:\/\/www.prijedordanas.com\/wp-content\/uploads\/2023\/08\/rtrs-vlada-rs-dan-zalosti-300x225.jpg"}],"author":"admin","twitter_card":"summary_large_image","twitter_misc":{"Written by":"admin"},"schema":{"@context":"https:\/\/schema.org","@graph":[{"@type":"Article","@id":"https:\/\/www.prijedordanas.com\/?p=263938#article","isPartOf":{"@id":"https:\/\/www.prijedordanas.com\/?p=263938"},"author":{"name":"admin","@id":"https:\/\/www.prijedordanas.com\/#\/schema\/person\/4e08ccf29b506ca916ff86d46bb700e6"},"headline":"U nedjelju Dan \u017ealosti u Republici Srpskoj","datePublished":"2026-02-28T19:53:48+00:00","dateModified":"2026-02-28T19:53:48+00:00","mainEntityOfPage":{"@id":"https:\/\/www.prijedordanas.com\/?p=263938"},"wordCount":226,"publisher":{"@id":"https:\/\/www.prijedordanas.com\/#organization"},"articleSection":["\u017divot"],"inLanguage":"en-US"},{"@type":"WebPage","@id":"https:\/\/www.prijedordanas.com\/?p=263938","url":"https:\/\/www.prijedordanas.com\/?p=263938","name":"U nedjelju Dan \u017ealosti u Republici Srpskoj - PrijedorDanas.com - Prijedorski gradski portal","isPartOf":{"@id":"https:\/\/www.prijedordanas.com\/#website"},"datePublished":"2026-02-28T19:53:48+00:00","dateModified":"2026-02-28T19:53:48+00:00","breadcrumb":{"@id":"https:\/\/www.prijedordanas.com\/?p=263938#breadcrumb"},"inLanguage":"en-US","potentialAction":[{"@type":"ReadAction","target":["https:\/\/www.prijedordanas.com\/?p=263938"]}]},{"@type":"BreadcrumbList","@id":"https:\/\/www.prijedordanas.com\/?p=263938#breadcrumb","itemListElement":[{"@type":"ListItem","position":1,"name":"Home","item":"https:\/\/www.prijedordanas.com\/"},{"@type":"ListItem","position":2,"name":"U nedjelju Dan \u017ealosti u Republici Srpskoj"}]},{"@type":"WebSite","@id":"https:\/\/www.prijedordanas.com\/#website","url":"https:\/\/www.prijedordanas.com\/","name":"PrijedorDanas.com - Prijedorski gradski portal","description":"Portal o doga\u0111anjima u gradu Prijedoru","publisher":{"@id":"https:\/\/www.prijedordanas.com\/#organization"},"potentialAction":[{"@type":"SearchAction","target":{"@type":"EntryPoint","urlTemplate":"https:\/\/www.prijedordanas.com\/?s={search_term_string}"},"query-input":"required name=search_term_string"}],"inLanguage":"en-US"},{"@type":"Organization","@id":"https:\/\/www.prijedordanas.com\/#organization","name":"PrijedorDanas.com","url":"https:\/\/www.prijedordanas.com\/","logo":{"@type":"ImageObject","inLanguage":"en-US","@id":"https:\/\/www.prijedordanas.com\/#\/schema\/logo\/image\/","url":"http:\/\/www.prijedordanas.com\/wp-content\/uploads\/2021\/12\/logopng.png","contentUrl":"http:\/\/www.prijedordanas.com\/wp-content\/uploads\/2021\/12\/logopng.png","width":1019,"height":776,"caption":"PrijedorDanas.com"},"image":{"@id":"https:\/\/www.prijedordanas.com\/#\/schema\/logo\/image\/"},"sameAs":["https:\/\/www.facebook.com\/PrijedorDanasCom\/"]},{"@type":"Person","@id":"https:\/\/www.prijedordanas.com\/#\/schema\/person\/4e08ccf29b506ca916ff86d46bb700e6","name":"admin","image":{"@type":"ImageObject","inLanguage":"en-US","@id":"https:\/\/www.prijedordanas.com\/#\/schema\/person\/image\/","url":"https:\/\/secure.gravatar.com\/avatar\/1d3fc949d550f0b53a5f0d51e06dfd79?s=96&d=mm&r=g","contentUrl":"https:\/\/secure.gravatar.com\/avatar\/1d3fc949d550f0b53a5f0d51e06dfd79?s=96&d=mm&r=g","caption":"admin"},"url":"https:\/\/www.prijedordanas.com\/?author=1"}]}},"_links":{"self":[{"href":"https:\/\/www.prijedordanas.com\/index.php?rest_route=\/wp\/v2\/posts\/263938"}],"collection":[{"href":"https:\/\/www.prijedordanas.com\/index.php?rest_route=\/wp\/v2\/posts"}],"about":[{"href":"https:\/\/www.prijedordanas.com\/index.php?rest_route=\/wp\/v2\/types\/post"}],"author":[{"embeddable":true,"href":"https:\/\/www.prijedordanas.com\/index.php?rest_route=\/wp\/v2\/users\/1"}],"replies":[{"embeddable":true,"href":"https:\/\/www.prijedordanas.com\/index.php?rest_route=%2Fwp%2Fv2%2Fcomments&post=263938"}],"version-history":[{"count":1,"href":"https:\/\/www.prijedordanas.com\/index.php?rest_route=\/wp\/v2\/posts\/263938\/revisions"}],"predecessor-version":[{"id":263939,"href":"https:\/\/www.prijedordanas.com\/index.php?rest_route=\/wp\/v2\/posts\/263938\/revisions\/263939"}],"wp:attachment":[{"href":"https:\/\/www.prijedordanas.com\/index.php?rest_route=%2Fwp%2Fv2%2Fmedia&parent=263938"}],"wp:term":[{"taxonomy":"category","embeddable":true,"href":"https:\/\/www.prijedordanas.com\/index.php?rest_route=%2Fwp%2Fv2%2Fcategories&post=263938"},{"taxonomy":"post_tag","embeddable":true,"href":"https:\/\/www.prijedordanas.com\/index.php?rest_route=%2Fwp%2Fv2%2Ftags&post=263938"}],"curies":[{"name":"wp","href":"https:\/\/api.w.org\/{rel}","templated":true}]}}