{"id":263875,"date":"2026-02-28T11:23:35","date_gmt":"2026-02-28T10:23:35","guid":{"rendered":"https:\/\/www.prijedordanas.com\/?p=263875"},"modified":"2026-02-28T11:23:35","modified_gmt":"2026-02-28T10:23:35","slug":"nema-zapreka-za-izvlacenje-uglja-u-srbiju-bukova-kosa-kod-prijedora-kao-iz-scena-apokalipse-foto","status":"publish","type":"post","link":"https:\/\/www.prijedordanas.com\/?p=263875","title":{"rendered":"Nema zapreka za izvla\u010denje uglja u Srbiju: Bukova Kosa kod Prijedora kao iz scena apokalipse! &#8211; FOTO"},"content":{"rendered":"<p><a href=\"https:\/\/www.prijedordanas.com\/wp-content\/uploads\/2026\/02\/valter-bukova-kosa-rudnik-iz-vazduha-1.jpg\"><img loading=\"lazy\" decoding=\"async\" class=\"alignleft size-medium wp-image-263877\" src=\"https:\/\/www.prijedordanas.com\/wp-content\/uploads\/2026\/02\/valter-bukova-kosa-rudnik-iz-vazduha-1-300x225.jpg\" alt=\"\" width=\"300\" height=\"225\" srcset=\"https:\/\/www.prijedordanas.com\/wp-content\/uploads\/2026\/02\/valter-bukova-kosa-rudnik-iz-vazduha-1-300x225.jpg 300w, https:\/\/www.prijedordanas.com\/wp-content\/uploads\/2026\/02\/valter-bukova-kosa-rudnik-iz-vazduha-1-640x480.jpg 640w, https:\/\/www.prijedordanas.com\/wp-content\/uploads\/2026\/02\/valter-bukova-kosa-rudnik-iz-vazduha-1.jpg 667w\" sizes=\"(max-width: 300px) 100vw, 300px\" \/><\/a>Iz vazduha selo izgleda kao postapokalipti\u010dno podru\u010dje, a nekada\u0161nje njive, vo\u0107njaci i \u0161umarci pretvoreni su u crne ponore. Miroslav Staki\u0107, \u010dija ku\u0107a se nalazi neposredno uz kop rudnika, u razgovoru sa novinarom Valtera otkriva kako se ve\u0107 dvije godine poku\u0161ava institucionalno boriti protiv uni\u0161tavanja njegovog imanja ali i sela. Reakcije institucija izostaju. Institucije na svim nivoima, ali i \u010delni ljudi grada Prijedora, prave se gluvi i slijepi kada je problem rudnika u Bukovoj Kosi u pitanju<\/p>\n<p>Ministarstvo za prostorno ure\u0111enje, gra\u0111evinarstvo i ekologiju Republike Srpske po\u010detkom februara izdalo je novu ekolo\u0161ku dozvolu za rudnik uglja u Bukovoj Kosi kod Prijedora, potvrdili iz ovog ministarstva.<\/p>\n<p>Sve se de\u0161ava nakon \u0161to je Okru\u017eni sud u Banjaluci poni\u0161tio prethodnu, u decembru pro\u0161le godine.<\/p>\n<p>Na ovaj na\u010din ponovo su uga\u0161ene nade mje\u0161tana ovog prijedorskog sela da bi rudnik uglja, koji je razorio selo i ve\u0107 sada ostavio nesagledive posljedice po \u017eivote ljudi u tom mjestu, kona\u010dno mogao biti zatvoren.<\/p>\n<p><a href=\"https:\/\/www.prijedordanas.com\/wp-content\/uploads\/2026\/02\/pd-iz-vazduha-by-dejan-rakita-pixsell.jpg\"><img loading=\"lazy\" decoding=\"async\" class=\"alignleft size-medium wp-image-263878\" src=\"https:\/\/www.prijedordanas.com\/wp-content\/uploads\/2026\/02\/pd-iz-vazduha-by-dejan-rakita-pixsell-300x200.jpg\" alt=\"\" width=\"300\" height=\"200\" srcset=\"https:\/\/www.prijedordanas.com\/wp-content\/uploads\/2026\/02\/pd-iz-vazduha-by-dejan-rakita-pixsell-300x200.jpg 300w, https:\/\/www.prijedordanas.com\/wp-content\/uploads\/2026\/02\/pd-iz-vazduha-by-dejan-rakita-pixsell-480x320.jpg 480w, https:\/\/www.prijedordanas.com\/wp-content\/uploads\/2026\/02\/pd-iz-vazduha-by-dejan-rakita-pixsell.jpg 600w\" sizes=\"(max-width: 300px) 100vw, 300px\" \/><\/a>ISKOPAVANJE PO\u010cELO PRIJE DOBIJENIH DOZVOLA<\/p>\n<p>Podsje\u0107amo da je Ministarstvo prvu ekolo\u0161ku dozvolu preduze\u0107u Drvoexport iz Tesli\u0107a za eksploataciju mrkog uglja na le\u017ei\u0161tu Bukova kosa \u2013 Prijedor izdalo u maju pro\u0161le godine.<\/p>\n<p>\u201eMinistarstvo za prostorno ure\u0111enje, gra\u0111evinarstvo i ekologiju je 4.2.2026. godine, postupaju\u0107i po presudi Okru\u017enog suda u Banjoj Luci broj: 11 0 U 038984 25 U od 11.12.2025. godine, izdalo ekolo\u0161ku dozvolu za eksploataciju mrkog uglja na le\u017ei\u0161tu \u2018Bukova kosa \u2013 Prijedor\u2019 kod Prijedora, prva faza rudarskih radova, povr\u0161ine eksploatacionog polja od 9,15 ha, odgovornom licu \u201eDRVO-EXPORT\u201c d.o.o. Tesli\u0107. Ministarstvo nije zvani\u010dnim putem obavije\u0161teno o navedenim zahtjevima mje\u0161tana Bukove Kose\u201c, potvrdili su iz Ministarstva za prostorno ure\u0111enje, gra\u0111evinarstvo i ekologiju RS izdavanje nove dozvole.<\/p>\n<p><a href=\"https:\/\/www.prijedordanas.com\/wp-content\/uploads\/2026\/02\/valter-bukova-kosa-rudnik-iz-vazduha-2.jpg\"><img loading=\"lazy\" decoding=\"async\" class=\"alignleft size-medium wp-image-263879\" src=\"https:\/\/www.prijedordanas.com\/wp-content\/uploads\/2026\/02\/valter-bukova-kosa-rudnik-iz-vazduha-2-300x169.jpg\" alt=\"\" width=\"300\" height=\"169\" srcset=\"https:\/\/www.prijedordanas.com\/wp-content\/uploads\/2026\/02\/valter-bukova-kosa-rudnik-iz-vazduha-2-300x169.jpg 300w, https:\/\/www.prijedordanas.com\/wp-content\/uploads\/2026\/02\/valter-bukova-kosa-rudnik-iz-vazduha-2.jpg 600w\" sizes=\"(max-width: 300px) 100vw, 300px\" \/><\/a>Kompanija Drvoexport iz Tesli\u0107a, koja se dovodi u vezu sa odbornikom SNSD-a u tom gradu Sr\u0111anom Klje\u010daninom Rufijem, iskopavanje na lokalitetu Bukove Kose po\u010dela je 2024. godine bez potrebnih dozvola i dobijene koncesije. Postupak dodjeljivanja koncesije pokrenut je tek polovinom jula. 2024. a koncesiju je Drvoexport dobio u septembru te godine. Iskopavanje uglja u Bukovoj Kosi po\u010delo je u martu, pola godine prije dodjeljivanja koncesije.<\/p>\n<p>Ta \u010dinjenica je nevjerovatna \u010dak i za Republiku Srpsku, ali postaje donekle razumljivija kada se u pri\u010du uklju\u010de informacije da je posao kopanja uglja u Bukovoj Kosi ali i Bistrici (selu izme\u0111u Prijedora i Banjaluke) dogovoren izme\u0111u Milorada Dodika i Aleksandra Vu\u010di\u0107a, a da su u posao oko uglja u Republici Srpskoj upletene kompanije Zvonka Veselinovi\u0107a i Milana Radoji\u010di\u0107a, dvojca uticajnih Vu\u010di\u0107evih \u201ebiznismena\u201c.<\/p>\n<p><a href=\"https:\/\/www.prijedordanas.com\/wp-content\/uploads\/2026\/02\/valter-bukova-kosa-rudnik-iz-vazduha-3.jpg\"><img loading=\"lazy\" decoding=\"async\" class=\"alignleft size-medium wp-image-263880\" src=\"https:\/\/www.prijedordanas.com\/wp-content\/uploads\/2026\/02\/valter-bukova-kosa-rudnik-iz-vazduha-3-300x169.jpg\" alt=\"\" width=\"300\" height=\"169\" srcset=\"https:\/\/www.prijedordanas.com\/wp-content\/uploads\/2026\/02\/valter-bukova-kosa-rudnik-iz-vazduha-3-300x169.jpg 300w, https:\/\/www.prijedordanas.com\/wp-content\/uploads\/2026\/02\/valter-bukova-kosa-rudnik-iz-vazduha-3.jpg 600w\" sizes=\"(max-width: 300px) 100vw, 300px\" \/><\/a>Ugalj iz Bukove Kose u potpunosti se izvozi u Srbiju.<\/p>\n<p>Klje\u010danin je \u0161iroj javnosti poznat i kao neko ko je za ne\u0161to vi\u0161e od 40 miliona maraka kupio parcele na Jahorini. On je, me\u0111utim, prije petnaest dana pristao na sporazumni raskid ugovora sa Vladom RS zbog pritisaka Ustavnog suda BiH i pitanja dr\u017eavne imovine. Niko nije postavljao pitanje odakle Klje\u010daninuuop\u0161te toliki novac.<\/p>\n<p>Iz kabineta Aleksandra Vu\u010di\u0107a nikada nisu odgovorili na pitanja u vezi rudnika u Bukovoj Kosi i Bistrici i tvrdnji da posao vode njegovi ljudi, a da su i Klje\u010danin i Drvoexport samo paravan. Ista reakcija je godinama i iz kabineta Milorada Dodika (dok je imao funkciju).<\/p>\n<p>NJIVE I VO\u0106NJACI PRETVORENI U CRNE PONORE<\/p>\n<p>U me\u0111uvremenu, kako iskopavanja u Bukovoj Kosi traju ve\u0107 ta\u010dno dvije godine, selo je pretvoreno u predvorje pakla i neprepoznatljivo je. Kop se nalazi u srcu sela, od najbli\u017eih ku\u0107a udaljen manje od stotinu metara. Iz kopa, budu\u0107i da je ugalj koji se kopa jako lo\u0161eg kvaliteta i sadr\u017ei deset procenata sumpora, isparava ovaj hemijski element, zbog \u010dega su u nekoliko navrata, bez efekta, protestovali i gra\u0111ani Prijedora, koji je udaljen osam kilometara. Iz vazduha selo izgleda kao postapokalipti\u010dno podru\u010dje, a nekada\u0161nje njive, vo\u0107njaci i \u0161umarci pretvoreni su u crne ponore.<\/p>\n<p><a href=\"https:\/\/www.prijedordanas.com\/wp-content\/uploads\/2026\/02\/valter-miroslav-stakic.jpg\"><img loading=\"lazy\" decoding=\"async\" class=\"alignleft size-medium wp-image-263881\" src=\"https:\/\/www.prijedordanas.com\/wp-content\/uploads\/2026\/02\/valter-miroslav-stakic-300x225.jpg\" alt=\"\" width=\"300\" height=\"225\" srcset=\"https:\/\/www.prijedordanas.com\/wp-content\/uploads\/2026\/02\/valter-miroslav-stakic-300x225.jpg 300w, https:\/\/www.prijedordanas.com\/wp-content\/uploads\/2026\/02\/valter-miroslav-stakic-640x480.jpg 640w, https:\/\/www.prijedordanas.com\/wp-content\/uploads\/2026\/02\/valter-miroslav-stakic.jpg 667w\" sizes=\"(max-width: 300px) 100vw, 300px\" \/><\/a>Miroslav Staki\u0107, \u010dija ku\u0107a se nalazi neposredno uz kop rudnika, u razgovoru sa novinarom Valtera otkriva kako se ve\u0107 dvije godine poku\u0161ava institucionalno boriti protiv uni\u0161tavanja njegovog imanja ali i sela. Reakcije institucija izostaju. Institucije na svim nivoima, ali i \u010delni ljudi grada Prijedora, prave se gluvi i slijepi kada je problem rudnika u Bukovoj Kosi u pitanju.<\/p>\n<p>Ina\u010de, iz kabineta gradona\u010delnika Prijedora Slobodana Javora nisu odgovorili na na\u0161a pitanja u vezi Bukove Kose. Javor, koji je i \u010dlan Dodikovog SNSD-a, ni ranije nije odgovarao na pitanja u vezi ovog rudnika. Generalno i on i kompletna prijedorska vlast pona\u0161aju se kao da se i Bukova Kosa i Bistrica de\u0161avaju negdje stotinama kilometara daleko od ovog grada.<\/p>\n<p>Miroslav Staki\u0107 pri\u010da kako se nada pojavila kada je Okru\u017eni sud u Banjaluci poni\u0161tio ekolo\u0161ku dozvolu.<\/p>\n<p>\u201ePoni\u0161tenje ekolo\u0161ke dozvole je izuzetno zna\u010dajno, jer formalno zna\u010di da je dovedena u pitanje zakonitost eksploatacije u tom periodu, ali na terenu od oktobra 2023. nisu stali radovi. Svakodnevno su izvo\u0111ene rudarske aktivnosti. Za mje\u0161tane poni\u0161tenje ekolo\u0161ke dozvole predstavlja nadu da institucije makar ne\u0161to rade. Me\u0111utim, stvarni efekat zavisi od daljih koraka institucija, te da li \u0107e biti obustave radova, sanacije terena i utvr\u0111ivanja odgovornosti. Samo poni\u0161tenje bez konkretnih mjera ne rje\u0161ava posljedice koje su ve\u0107 nastale\u201c, ka\u017ee Staki\u0107.<\/p>\n<p><a href=\"https:\/\/www.prijedordanas.com\/wp-content\/uploads\/2026\/02\/stakic-prijava-rudarska-inspekcija.jpg\"><img loading=\"lazy\" decoding=\"async\" class=\"alignleft size-medium wp-image-263882\" src=\"https:\/\/www.prijedordanas.com\/wp-content\/uploads\/2026\/02\/stakic-prijava-rudarska-inspekcija-190x300.jpg\" alt=\"\" width=\"190\" height=\"300\" srcset=\"https:\/\/www.prijedordanas.com\/wp-content\/uploads\/2026\/02\/stakic-prijava-rudarska-inspekcija-190x300.jpg 190w, https:\/\/www.prijedordanas.com\/wp-content\/uploads\/2026\/02\/stakic-prijava-rudarska-inspekcija.jpg 633w\" sizes=\"(max-width: 190px) 100vw, 190px\" \/><\/a>MJE\u0160TANIN STAKI\u0106 PODNIO VI\u0160E PRIJAVA<\/p>\n<p>Kako je resorno ministarstvo prije nekoliko dana izdalo novu ekolo\u0161ku dozvolu, tako su se i pokazale namjere institucija. Problem je vra\u0107en na po\u010detak. Staki\u0107 je u posljednjih 12 mjeseci na stalnoj vezi sa gotovo sve i jednom relevantnom institucijom u RS. Tra\u017ei reakciju i za\u0161titu, budu\u0107i da mu je opstanak u rodnom selu ugro\u017een.<\/p>\n<p>\u201eNa mom imanju evidentirana su ogromna fizi\u010dka o\u0161te\u0107enja i degradacija zemlji\u0161ta, uklju\u010duju\u0107i naru\u0161avanje infrastrukture i \u0161tetu na vi\u0161egodi\u0161njim zasadima vo\u0107a, mahom stabala oraha. Posljedice su i ekolo\u0161ke prirode, pra\u0161ina, buka i promjene u re\u017eimu voda, generalno re\u010deno promjena \u017eivota u potpunosti. \u0160teta je zna\u010dajna, kompleksna i ne mo\u017ee se svesti isklju\u010divo na finansijski iznos. Ona ima vi\u0161e dimenzija: materijalnu, ekolo\u0161ku i dugoro\u010dnu. Materijalna \u0161teta obuhvata o\u0161te\u0107enja zemlji\u0161ta, infrastrukture i vi\u0161egodi\u0161njih zasada. Ekolo\u0161ka \u0161teta odnosi se na degradaciju prostora, uticaj pra\u0161ine, buke i promjene u re\u017eimu povr\u0161inskih i podzemnih voda. Dugoro\u010dna \u0161teta je mo\u017eda i najte\u017ea, jer podrazumijeva trajno naru\u0161avanje kvaliteta \u017eivota, smanjenje upotrebne i tr\u017ei\u0161ne vrijednosti imovine, kao i potencijalne posljedice koje \u0107e se tek manifestovati kroz vrijeme\u201c, govori Staki\u0107.<\/p>\n<p>On je, zbog nezakonite eksploatacije mineralnih sirovina, prekora\u010denja koncesionog polja, rada bez va\u017ee\u0107e ekolo\u0161ke dozvole i ugro\u017eavanja \u017eivota, imovine i prostora, podnio prijavu Rudarskoj inspekciji Republike Srpske.<\/p>\n<p><a href=\"https:\/\/www.prijedordanas.com\/wp-content\/uploads\/2026\/02\/stakic-prijava-republicka-inspekcija.jpg\"><img loading=\"lazy\" decoding=\"async\" src=\"https:\/\/www.prijedordanas.com\/wp-content\/uploads\/2026\/02\/stakic-prijava-republicka-inspekcija-187x300.jpg\" alt=\"\" width=\"187\" height=\"300\" class=\"alignleft size-medium wp-image-263883\" srcset=\"https:\/\/www.prijedordanas.com\/wp-content\/uploads\/2026\/02\/stakic-prijava-republicka-inspekcija-187x300.jpg 187w, https:\/\/www.prijedordanas.com\/wp-content\/uploads\/2026\/02\/stakic-prijava-republicka-inspekcija.jpg 624w\" sizes=\"(max-width: 187px) 100vw, 187px\" \/><\/a>Staki\u0107 navodi da kompanija Drvoexport ima dozvolu za eksploataciju na povr\u0161ini od oko devet hektara, a da se u praksi na terenu kopa na povr\u0161ini od oko 30 hektara. U prijavi navodi i da su radovi po\u010deli prije pribavljanja potrebnih dozvola (radovi po\u010deli 2023. dok je dozvola za eksploataciju izdata tek u januaru 2025). U prijavi navodi i da se jalovina odla\u017ee nepropisno, u neposrednoj blizini naseljenog podru\u010dja.<\/p>\n<p>Zbog ugro\u017eavanja imovine i bezbjednosti i aktivnog klizi\u0161ta na odlagali\u0161tu jalovine Staki\u0107 je prijavu podnio i Republi\u010dkoj upravi za inspekcijske poslove.<\/p>\n<p>Prijave su redom podno\u0161ene i vodnoj, rudarsko-geolo\u0161koj, ekolo\u0161koj i saobra\u0107ajnoj inspekciji Republike Srpske. Od svih je tra\u017eeno inspekcijsko postupanje i zaustavljanje nezakonitih radova.<\/p>\n<p>Republi\u010dka uprava za inspekcijske poslove RS prije tri dana izvr\u0161ila je vanrednu inspekciju na lokalitetu rudnika. U njihovoj slu\u017ebenoj zabilje\u0161ci konstatovano je da su evidentirane promjene na terenu, da je do\u0161lo do pomjeranja humusnog sloja, da je registrovan odron mase sa odlagali\u0161ta, da je utvr\u0111ena \u0161teta na parcelama u vlasni\u0161tvu Miroslava Staki\u0107a, da su subjektu nadzora izre\u010dene mjere zabrane i dati rokovi za otklanjanje nepravilnosti, kao i da je nalo\u017eena izrada projektno-tehni\u010dke dokumentacije za sanaciju privremenog odlagali\u0161ta.<\/p>\n<p><a href=\"https:\/\/www.prijedordanas.com\/wp-content\/uploads\/2026\/02\/valter-bukova-kosa-partizanski-spomenik.jpg\"><img loading=\"lazy\" decoding=\"async\" src=\"https:\/\/www.prijedordanas.com\/wp-content\/uploads\/2026\/02\/valter-bukova-kosa-partizanski-spomenik-300x169.jpg\" alt=\"\" width=\"300\" height=\"169\" class=\"alignleft size-medium wp-image-263884\" srcset=\"https:\/\/www.prijedordanas.com\/wp-content\/uploads\/2026\/02\/valter-bukova-kosa-partizanski-spomenik-300x169.jpg 300w, https:\/\/www.prijedordanas.com\/wp-content\/uploads\/2026\/02\/valter-bukova-kosa-partizanski-spomenik.jpg 600w\" sizes=\"(max-width: 300px) 100vw, 300px\" \/><\/a>PRIJEDORSKI ODBORNICI U STRAHU OD DODIKA<\/p>\n<p>Staki\u0107 napominje da je iskopavanje uglja ugrozilo i spomen podru\u010dje iz Drugog Svjetskog rata, a da ni zbog toga apsolutno niko ne reaguje.<\/p>\n<p>\u201eO ovom pitanju govorim sa dubokim li\u010dnim bolom. Rije\u010d je o lokalitetu Jezerine, mjestu stradanja 103 civila, od \u010dega vi\u0161e od 80 djece. Ta \u010dinjenica sama po sebi nosi te\u017einu koju je te\u0161ko izraziti rije\u010dima. To nije samo istorijski podatak, to je trajna opomena i mjesto kolektivnog pijeteta. Takvi lokaliteti moraju bi biti izvan svakog ugro\u017eavanja, izvan svake ekonomske ra\u010dunice i interesa, a ipak, ono \u0161to posebno boli jeste gotovo potpuna ti\u0161ina u javnom prostoru Republike Srpske. \u010cini mi se kao da sje\u0107anje na postradale, naro\u010dito na djecu, ne dobija prostor koji zaslu\u017euje. Kada dru\u0161tvo i institucije pre\u0107ute ovakve teme, tada se ne potiskuje samo rasprava, potiskuje se i osnovni osje\u0107aj po\u0161tovanja prema \u017ertvama, potiskuje se ljudskost. Stvara se utisak da su mo\u0107 i novac va\u017eniji od dostojanstva mrtvih i od granica koje bi morale biti neprikosnovene\u201c, ogor\u010den je Staki\u0107.<\/p>\n<p>Iz Centra za \u017eivotnu sredinu Banjaluka upozoravaju na ekolo\u0161ku katastrofu koja ne da prijeti, nego se ve\u0107 de\u0161ava na lokalitetu Bukove Kose.<\/p>\n<p>\u201eBitna stvar kada je u pitanju Bukova kosa jeste da se prilikom prethodnog ispitivanja pokazalo da je procenat sumpora u uglju koji se tu nalazi oko nekih deset odsto. Prvenstveno iz tog razloga se nikad prije nije ni rudarilo na tom podru\u010dju, zato \u0161to je to ugalj izuzetno lo\u0161eg kvaliteta. Investitor je rekao da \u0107e vr\u0161iti probne radove, a ne istra\u017eivanje terena. U tom trenutku vidjeli smo da velik broj kamiona odlazi sa rudnika i vr\u0161i se eksploatacija. Mi smo se tada prvi put susreli sa tim terminom. Zabrinjavaju\u0107e je da neko mo\u017ee do\u0107i na neki teren i raditi \u0161ta ho\u0107e, bez ikakvih posljedica\u201c, obja\u0161njava Dragan Osti\u0107 iz ove organizacije.<\/p>\n<p>Ina\u010de prijedorski odbornici su prije dvije godine digli ruke protiv davanja saglasnosti za otvaranje rudnika u Bukovoj Kosi. Njihovo protivljenje kratko je trajalo, a prestalo je nakon \u0161to im je zbog pobune stigla opomena iz Banjaluke.<\/p>\n<p>Od tada se iz ove lokalne zajednice vi\u0161e niko ne ogla\u0161ava.<\/p>\n<p><a href=\"https:\/\/valterportal.ba\/nema-zapreka-za-izvlacenje-uglja-u-srbiju-bukova-kosa-kod-prijedora-kao-iz-scena-apokalipse\/\" target=\"_blank\" rel=\"noopener\">valterportal.ba<\/a><\/p>\n","protected":false},"excerpt":{"rendered":"<p>Iz vazduha selo izgleda kao postapokalipti\u010dno podru\u010dje, a nekada\u0161nje njive, vo\u0107njaci i \u0161umarci pretvoreni su u crne ponore. Miroslav Staki\u0107, \u010dija ku\u0107a se nalazi neposredno uz kop rudnika, u razgovoru [&hellip;]<\/p>\n","protected":false},"author":1,"featured_media":0,"comment_status":"closed","ping_status":"open","sticky":false,"template":"","format":"standard","meta":{"_monsterinsights_skip_tracking":false,"_monsterinsights_sitenote_active":false,"_monsterinsights_sitenote_note":"","_monsterinsights_sitenote_category":0,"footnotes":""},"categories":[4],"tags":[],"yoast_head":"<!-- This site is optimized with the Yoast SEO plugin v21.6 - https:\/\/yoast.com\/wordpress\/plugins\/seo\/ -->\n<title>Nema zapreka za izvla\u010denje uglja u Srbiju: Bukova Kosa kod Prijedora kao iz scena apokalipse! - FOTO - PrijedorDanas.com - Prijedorski gradski portal<\/title>\n<meta name=\"robots\" content=\"index, follow, max-snippet:-1, max-image-preview:large, max-video-preview:-1\" \/>\n<link rel=\"canonical\" href=\"https:\/\/www.prijedordanas.com\/?p=263875\" \/>\n<meta property=\"og:locale\" content=\"en_US\" \/>\n<meta property=\"og:type\" content=\"article\" \/>\n<meta property=\"og:title\" content=\"Nema zapreka za izvla\u010denje uglja u Srbiju: Bukova Kosa kod Prijedora kao iz scena apokalipse! - FOTO - PrijedorDanas.com - Prijedorski gradski portal\" \/>\n<meta property=\"og:description\" content=\"Iz vazduha selo izgleda kao postapokalipti\u010dno podru\u010dje, a nekada\u0161nje njive, vo\u0107njaci i \u0161umarci pretvoreni su u crne ponore. Miroslav Staki\u0107, \u010dija ku\u0107a se nalazi neposredno uz kop rudnika, u razgovoru [&hellip;]\" \/>\n<meta property=\"og:url\" content=\"https:\/\/www.prijedordanas.com\/?p=263875\" \/>\n<meta property=\"og:site_name\" content=\"PrijedorDanas.com - Prijedorski gradski portal\" \/>\n<meta property=\"article:publisher\" content=\"https:\/\/www.facebook.com\/PrijedorDanasCom\/\" \/>\n<meta property=\"article:published_time\" content=\"2026-02-28T10:23:35+00:00\" \/>\n<meta property=\"og:image\" content=\"https:\/\/www.prijedordanas.com\/wp-content\/uploads\/2026\/02\/valter-bukova-kosa-rudnik-iz-vazduha-1-300x225.jpg\" \/>\n<meta name=\"author\" content=\"admin\" \/>\n<meta name=\"twitter:card\" content=\"summary_large_image\" \/>\n<meta name=\"twitter:label1\" content=\"Written by\" \/>\n\t<meta name=\"twitter:data1\" content=\"admin\" \/>\n\t<meta name=\"twitter:label2\" content=\"Est. reading time\" \/>\n\t<meta name=\"twitter:data2\" content=\"9 minutes\" \/>\n<script type=\"application\/ld+json\" class=\"yoast-schema-graph\">{\"@context\":\"https:\/\/schema.org\",\"@graph\":[{\"@type\":\"Article\",\"@id\":\"https:\/\/www.prijedordanas.com\/?p=263875#article\",\"isPartOf\":{\"@id\":\"https:\/\/www.prijedordanas.com\/?p=263875\"},\"author\":{\"name\":\"admin\",\"@id\":\"https:\/\/www.prijedordanas.com\/#\/schema\/person\/4e08ccf29b506ca916ff86d46bb700e6\"},\"headline\":\"Nema zapreka za izvla\u010denje uglja u Srbiju: Bukova Kosa kod Prijedora kao iz scena apokalipse! &#8211; FOTO\",\"datePublished\":\"2026-02-28T10:23:35+00:00\",\"dateModified\":\"2026-02-28T10:23:35+00:00\",\"mainEntityOfPage\":{\"@id\":\"https:\/\/www.prijedordanas.com\/?p=263875\"},\"wordCount\":1775,\"publisher\":{\"@id\":\"https:\/\/www.prijedordanas.com\/#organization\"},\"articleSection\":[\"Dru\u0161tvo\"],\"inLanguage\":\"en-US\"},{\"@type\":\"WebPage\",\"@id\":\"https:\/\/www.prijedordanas.com\/?p=263875\",\"url\":\"https:\/\/www.prijedordanas.com\/?p=263875\",\"name\":\"Nema zapreka za izvla\u010denje uglja u Srbiju: Bukova Kosa kod Prijedora kao iz scena apokalipse! - FOTO - PrijedorDanas.com - Prijedorski gradski portal\",\"isPartOf\":{\"@id\":\"https:\/\/www.prijedordanas.com\/#website\"},\"datePublished\":\"2026-02-28T10:23:35+00:00\",\"dateModified\":\"2026-02-28T10:23:35+00:00\",\"breadcrumb\":{\"@id\":\"https:\/\/www.prijedordanas.com\/?p=263875#breadcrumb\"},\"inLanguage\":\"en-US\",\"potentialAction\":[{\"@type\":\"ReadAction\",\"target\":[\"https:\/\/www.prijedordanas.com\/?p=263875\"]}]},{\"@type\":\"BreadcrumbList\",\"@id\":\"https:\/\/www.prijedordanas.com\/?p=263875#breadcrumb\",\"itemListElement\":[{\"@type\":\"ListItem\",\"position\":1,\"name\":\"Home\",\"item\":\"https:\/\/www.prijedordanas.com\/\"},{\"@type\":\"ListItem\",\"position\":2,\"name\":\"Nema zapreka za izvla\u010denje uglja u Srbiju: Bukova Kosa kod Prijedora kao iz scena apokalipse! &#8211; FOTO\"}]},{\"@type\":\"WebSite\",\"@id\":\"https:\/\/www.prijedordanas.com\/#website\",\"url\":\"https:\/\/www.prijedordanas.com\/\",\"name\":\"PrijedorDanas.com - Prijedorski gradski portal\",\"description\":\"Portal o doga\u0111anjima u gradu Prijedoru\",\"publisher\":{\"@id\":\"https:\/\/www.prijedordanas.com\/#organization\"},\"potentialAction\":[{\"@type\":\"SearchAction\",\"target\":{\"@type\":\"EntryPoint\",\"urlTemplate\":\"https:\/\/www.prijedordanas.com\/?s={search_term_string}\"},\"query-input\":\"required name=search_term_string\"}],\"inLanguage\":\"en-US\"},{\"@type\":\"Organization\",\"@id\":\"https:\/\/www.prijedordanas.com\/#organization\",\"name\":\"PrijedorDanas.com\",\"url\":\"https:\/\/www.prijedordanas.com\/\",\"logo\":{\"@type\":\"ImageObject\",\"inLanguage\":\"en-US\",\"@id\":\"https:\/\/www.prijedordanas.com\/#\/schema\/logo\/image\/\",\"url\":\"http:\/\/www.prijedordanas.com\/wp-content\/uploads\/2021\/12\/logopng.png\",\"contentUrl\":\"http:\/\/www.prijedordanas.com\/wp-content\/uploads\/2021\/12\/logopng.png\",\"width\":1019,\"height\":776,\"caption\":\"PrijedorDanas.com\"},\"image\":{\"@id\":\"https:\/\/www.prijedordanas.com\/#\/schema\/logo\/image\/\"},\"sameAs\":[\"https:\/\/www.facebook.com\/PrijedorDanasCom\/\"]},{\"@type\":\"Person\",\"@id\":\"https:\/\/www.prijedordanas.com\/#\/schema\/person\/4e08ccf29b506ca916ff86d46bb700e6\",\"name\":\"admin\",\"image\":{\"@type\":\"ImageObject\",\"inLanguage\":\"en-US\",\"@id\":\"https:\/\/www.prijedordanas.com\/#\/schema\/person\/image\/\",\"url\":\"https:\/\/secure.gravatar.com\/avatar\/1d3fc949d550f0b53a5f0d51e06dfd79?s=96&d=mm&r=g\",\"contentUrl\":\"https:\/\/secure.gravatar.com\/avatar\/1d3fc949d550f0b53a5f0d51e06dfd79?s=96&d=mm&r=g\",\"caption\":\"admin\"},\"url\":\"https:\/\/www.prijedordanas.com\/?author=1\"}]}<\/script>\n<!-- \/ Yoast SEO plugin. -->","yoast_head_json":{"title":"Nema zapreka za izvla\u010denje uglja u Srbiju: Bukova Kosa kod Prijedora kao iz scena apokalipse! - FOTO - PrijedorDanas.com - Prijedorski gradski portal","robots":{"index":"index","follow":"follow","max-snippet":"max-snippet:-1","max-image-preview":"max-image-preview:large","max-video-preview":"max-video-preview:-1"},"canonical":"https:\/\/www.prijedordanas.com\/?p=263875","og_locale":"en_US","og_type":"article","og_title":"Nema zapreka za izvla\u010denje uglja u Srbiju: Bukova Kosa kod Prijedora kao iz scena apokalipse! - FOTO - PrijedorDanas.com - Prijedorski gradski portal","og_description":"Iz vazduha selo izgleda kao postapokalipti\u010dno podru\u010dje, a nekada\u0161nje njive, vo\u0107njaci i \u0161umarci pretvoreni su u crne ponore. Miroslav Staki\u0107, \u010dija ku\u0107a se nalazi neposredno uz kop rudnika, u razgovoru [&hellip;]","og_url":"https:\/\/www.prijedordanas.com\/?p=263875","og_site_name":"PrijedorDanas.com - Prijedorski gradski portal","article_publisher":"https:\/\/www.facebook.com\/PrijedorDanasCom\/","article_published_time":"2026-02-28T10:23:35+00:00","og_image":[{"url":"https:\/\/www.prijedordanas.com\/wp-content\/uploads\/2026\/02\/valter-bukova-kosa-rudnik-iz-vazduha-1-300x225.jpg"}],"author":"admin","twitter_card":"summary_large_image","twitter_misc":{"Written by":"admin","Est. reading time":"9 minutes"},"schema":{"@context":"https:\/\/schema.org","@graph":[{"@type":"Article","@id":"https:\/\/www.prijedordanas.com\/?p=263875#article","isPartOf":{"@id":"https:\/\/www.prijedordanas.com\/?p=263875"},"author":{"name":"admin","@id":"https:\/\/www.prijedordanas.com\/#\/schema\/person\/4e08ccf29b506ca916ff86d46bb700e6"},"headline":"Nema zapreka za izvla\u010denje uglja u Srbiju: Bukova Kosa kod Prijedora kao iz scena apokalipse! &#8211; FOTO","datePublished":"2026-02-28T10:23:35+00:00","dateModified":"2026-02-28T10:23:35+00:00","mainEntityOfPage":{"@id":"https:\/\/www.prijedordanas.com\/?p=263875"},"wordCount":1775,"publisher":{"@id":"https:\/\/www.prijedordanas.com\/#organization"},"articleSection":["Dru\u0161tvo"],"inLanguage":"en-US"},{"@type":"WebPage","@id":"https:\/\/www.prijedordanas.com\/?p=263875","url":"https:\/\/www.prijedordanas.com\/?p=263875","name":"Nema zapreka za izvla\u010denje uglja u Srbiju: Bukova Kosa kod Prijedora kao iz scena apokalipse! - FOTO - PrijedorDanas.com - Prijedorski gradski portal","isPartOf":{"@id":"https:\/\/www.prijedordanas.com\/#website"},"datePublished":"2026-02-28T10:23:35+00:00","dateModified":"2026-02-28T10:23:35+00:00","breadcrumb":{"@id":"https:\/\/www.prijedordanas.com\/?p=263875#breadcrumb"},"inLanguage":"en-US","potentialAction":[{"@type":"ReadAction","target":["https:\/\/www.prijedordanas.com\/?p=263875"]}]},{"@type":"BreadcrumbList","@id":"https:\/\/www.prijedordanas.com\/?p=263875#breadcrumb","itemListElement":[{"@type":"ListItem","position":1,"name":"Home","item":"https:\/\/www.prijedordanas.com\/"},{"@type":"ListItem","position":2,"name":"Nema zapreka za izvla\u010denje uglja u Srbiju: Bukova Kosa kod Prijedora kao iz scena apokalipse! &#8211; FOTO"}]},{"@type":"WebSite","@id":"https:\/\/www.prijedordanas.com\/#website","url":"https:\/\/www.prijedordanas.com\/","name":"PrijedorDanas.com - Prijedorski gradski portal","description":"Portal o doga\u0111anjima u gradu Prijedoru","publisher":{"@id":"https:\/\/www.prijedordanas.com\/#organization"},"potentialAction":[{"@type":"SearchAction","target":{"@type":"EntryPoint","urlTemplate":"https:\/\/www.prijedordanas.com\/?s={search_term_string}"},"query-input":"required name=search_term_string"}],"inLanguage":"en-US"},{"@type":"Organization","@id":"https:\/\/www.prijedordanas.com\/#organization","name":"PrijedorDanas.com","url":"https:\/\/www.prijedordanas.com\/","logo":{"@type":"ImageObject","inLanguage":"en-US","@id":"https:\/\/www.prijedordanas.com\/#\/schema\/logo\/image\/","url":"http:\/\/www.prijedordanas.com\/wp-content\/uploads\/2021\/12\/logopng.png","contentUrl":"http:\/\/www.prijedordanas.com\/wp-content\/uploads\/2021\/12\/logopng.png","width":1019,"height":776,"caption":"PrijedorDanas.com"},"image":{"@id":"https:\/\/www.prijedordanas.com\/#\/schema\/logo\/image\/"},"sameAs":["https:\/\/www.facebook.com\/PrijedorDanasCom\/"]},{"@type":"Person","@id":"https:\/\/www.prijedordanas.com\/#\/schema\/person\/4e08ccf29b506ca916ff86d46bb700e6","name":"admin","image":{"@type":"ImageObject","inLanguage":"en-US","@id":"https:\/\/www.prijedordanas.com\/#\/schema\/person\/image\/","url":"https:\/\/secure.gravatar.com\/avatar\/1d3fc949d550f0b53a5f0d51e06dfd79?s=96&d=mm&r=g","contentUrl":"https:\/\/secure.gravatar.com\/avatar\/1d3fc949d550f0b53a5f0d51e06dfd79?s=96&d=mm&r=g","caption":"admin"},"url":"https:\/\/www.prijedordanas.com\/?author=1"}]}},"_links":{"self":[{"href":"https:\/\/www.prijedordanas.com\/index.php?rest_route=\/wp\/v2\/posts\/263875"}],"collection":[{"href":"https:\/\/www.prijedordanas.com\/index.php?rest_route=\/wp\/v2\/posts"}],"about":[{"href":"https:\/\/www.prijedordanas.com\/index.php?rest_route=\/wp\/v2\/types\/post"}],"author":[{"embeddable":true,"href":"https:\/\/www.prijedordanas.com\/index.php?rest_route=\/wp\/v2\/users\/1"}],"replies":[{"embeddable":true,"href":"https:\/\/www.prijedordanas.com\/index.php?rest_route=%2Fwp%2Fv2%2Fcomments&post=263875"}],"version-history":[{"count":2,"href":"https:\/\/www.prijedordanas.com\/index.php?rest_route=\/wp\/v2\/posts\/263875\/revisions"}],"predecessor-version":[{"id":263885,"href":"https:\/\/www.prijedordanas.com\/index.php?rest_route=\/wp\/v2\/posts\/263875\/revisions\/263885"}],"wp:attachment":[{"href":"https:\/\/www.prijedordanas.com\/index.php?rest_route=%2Fwp%2Fv2%2Fmedia&parent=263875"}],"wp:term":[{"taxonomy":"category","embeddable":true,"href":"https:\/\/www.prijedordanas.com\/index.php?rest_route=%2Fwp%2Fv2%2Fcategories&post=263875"},{"taxonomy":"post_tag","embeddable":true,"href":"https:\/\/www.prijedordanas.com\/index.php?rest_route=%2Fwp%2Fv2%2Ftags&post=263875"}],"curies":[{"name":"wp","href":"https:\/\/api.w.org\/{rel}","templated":true}]}}