{"id":263869,"date":"2026-02-28T08:46:32","date_gmt":"2026-02-28T07:46:32","guid":{"rendered":"https:\/\/www.prijedordanas.com\/?p=263869"},"modified":"2026-02-28T08:46:32","modified_gmt":"2026-02-28T07:46:32","slug":"unaprijediti-polozaj-asistenta-u-nastavi-za-bolju-inkluziju-djece-sa-poteskocama-u-razvoju","status":"publish","type":"post","link":"https:\/\/www.prijedordanas.com\/?p=263869","title":{"rendered":"Unaprijediti polo\u017eaj asistenta u nastavi za bolju inkluziju djece sa pote\u0161ko\u0107ama u razvoju"},"content":{"rendered":"<p><a href=\"https:\/\/www.prijedordanas.com\/wp-content\/uploads\/2026\/02\/ilustracija-asistent-u-nastavi.jpg\"><img loading=\"lazy\" decoding=\"async\" class=\"alignleft size-medium wp-image-263870\" src=\"https:\/\/www.prijedordanas.com\/wp-content\/uploads\/2026\/02\/ilustracija-asistent-u-nastavi-300x225.jpg\" alt=\"\" width=\"300\" height=\"225\" srcset=\"https:\/\/www.prijedordanas.com\/wp-content\/uploads\/2026\/02\/ilustracija-asistent-u-nastavi-300x225.jpg 300w, https:\/\/www.prijedordanas.com\/wp-content\/uploads\/2026\/02\/ilustracija-asistent-u-nastavi-640x480.jpg 640w, https:\/\/www.prijedordanas.com\/wp-content\/uploads\/2026\/02\/ilustracija-asistent-u-nastavi.jpg 667w\" sizes=\"(max-width: 300px) 100vw, 300px\" \/><\/a>Udru\u017eenje \u201cDjeca svjetlosti\u201d iz Banjaluke pokrenulo je projekat \u201cUnapre\u0111enje socijalne i obrazovne inkluzije djece sa pote\u0161ko\u0107ama u razvoju\u201d. Cilj je unapre\u0111enje inkluzije djece sa pote\u0161ko\u0107ama u razvoju, prvenstveno iz autisti\u010dnog spektra, koja poha\u0111aju redovne \u0161kole uz podr\u0161ku asistenta u nastavi, ali i podizanje svijesti javnosti o stvarnoj ulozi i zna\u010daju asistenata. Projekat se realizuje u partnerstvu sa udru\u017eenjima \u201cPlavi balon\u201d iz Prijedora i \u201cDuga\u201d iz Gradi\u0161ke.<\/p>\n<p>Asistenti u nastavi prisutni su u obrazovnom sistemu od 2010. godine. Iako se ova tema godinama povremeno otvara u javnosti i medijima, konkretna sistemska rje\u0161enja i dalje izostaju. Projektom se \u017eeli napraviti iskorak, od ukazivanja na probleme ka konkretnim prijedlozima i rezultatima.<\/p>\n<p>U okviru projekta planirane su javne tribine, a prva \u0107e biti odr\u017eana 20. marta u Domu omladine u Banjaluci. Na tribini \u0107e, pored predstavnika partnerskih udru\u017eenja, govoriti i roditelj djeteta koje poha\u0111a nastavu uz asistenta, jedan asistent u nastavi, kao i pravnica Daniela Vi\u0161nji\u0107, koja \u0107e ovu tematiku sagledati iz pravnog ugla. Tribina \u0107e u aprilu biti odr\u017eana i u Prijedoru.<\/p>\n<p>Problemi sa kojima se asistenti suo\u010davaju su vi\u0161estruki. Iako zakon asistenta u nastavi defini\u0161e kao tehni\u010dku podr\u0161ku djetetu, praksa pokazuje da je njegova uloga mnogo \u0161ira i zna\u010dajnija. Asistent je klju\u010dna spona izme\u0111u djeteta i vr\u0161njaka, nastavnika i roditelja. On olak\u0161ava komunikaciju, poma\u017ee u savladavanju gradiva i doprinosi socijalnoj integraciji djeteta sa pote\u0161ko\u0107ama u razvoju u \u0161kolsko okru\u017eenje.<\/p>\n<p><a href=\"https:\/\/www.prijedordanas.com\/wp-content\/uploads\/2026\/02\/nikolina-klepic-strucni-saradnik-udruzenje-djeca-svjetlosti.jpg\"><img loading=\"lazy\" decoding=\"async\" class=\"alignleft size-medium wp-image-263871\" src=\"https:\/\/www.prijedordanas.com\/wp-content\/uploads\/2026\/02\/nikolina-klepic-strucni-saradnik-udruzenje-djeca-svjetlosti-300x236.jpg\" alt=\"\" width=\"300\" height=\"236\" srcset=\"https:\/\/www.prijedordanas.com\/wp-content\/uploads\/2026\/02\/nikolina-klepic-strucni-saradnik-udruzenje-djeca-svjetlosti-300x236.jpg 300w, https:\/\/www.prijedordanas.com\/wp-content\/uploads\/2026\/02\/nikolina-klepic-strucni-saradnik-udruzenje-djeca-svjetlosti.jpg 600w\" sizes=\"(max-width: 300px) 100vw, 300px\" \/><\/a>\u201cMe\u0111utim, zakonska \u201ctehni\u010dka podr\u0161ka\u201d podrazumijeva minimalne uslove, dovoljna je srednja stru\u010dna sprema, bez obavezne dodatne edukacije ili stru\u010dne obuke. Asistenti se \u010desto bez adekvatne pripreme uklju\u010duju u nastavni proces, a njihov rad zavisi od li\u010dnih sposobnosti, prethodnog znanja i individualne motivacije\u201d, istakla je Nikolina Klepi\u0107, stru\u010dni saradnik u Udru\u017eenju \u201cDjeca svjetlosti\u201d.<\/p>\n<p>Pored toga, asistenti su anga\u017eovani putem ugovora o djelu, ne na osnovu ugovora o radu i formalno rade \u010detiri sata dnevno.<\/p>\n<p>\u201cNjihova primanja su niska, obra\u010dunavaju se na pola radnog vremena, a svaki neradni dan, bilo da je rije\u010d o praznicima, raspustima ili bolesti djeteta umanjuje njihovu platu. Nemaju pravo na topli obrok, prevoz niti zdravstveno osiguranje. Zbog takvih uslova dolazi do \u010destih promjena asistenata. Kada prona\u0111u bolje radne prilike, asistenti napu\u0161taju posao, \u0161to dovodi do dodatnog stresa za dijete, roditelje i \u0161kolu. Dijete tada mora ponovo prolaziti kroz proces prilago\u0111avanja i uspostavljanja povjerenja sa novom osobom, dok nastavni proces traje\u201d, istakla je Klepi\u0107eva.<\/p>\n<p>Projektom se \u017eeli otvoriti pitanje jasnijeg definisanja uloge asistenta, obavezne stru\u010dne obuke i unapre\u0111enja radno-pravnog statusa.<\/p>\n<p><a href=\"https:\/\/www.prijedordanas.com\/wp-content\/uploads\/2025\/05\/kozarski-vojin-nisevic.jpg\"><img loading=\"lazy\" decoding=\"async\" src=\"https:\/\/www.prijedordanas.com\/wp-content\/uploads\/2025\/05\/kozarski-vojin-nisevic-300x225.jpg\" alt=\"\" width=\"300\" height=\"225\" class=\"alignleft size-medium wp-image-246819\" srcset=\"https:\/\/www.prijedordanas.com\/wp-content\/uploads\/2025\/05\/kozarski-vojin-nisevic-300x225.jpg 300w, https:\/\/www.prijedordanas.com\/wp-content\/uploads\/2025\/05\/kozarski-vojin-nisevic-640x480.jpg 640w, https:\/\/www.prijedordanas.com\/wp-content\/uploads\/2025\/05\/kozarski-vojin-nisevic.jpg 667w\" sizes=\"(max-width: 300px) 100vw, 300px\" \/><\/a>\u201cRadno vrijeme asistenta u nastavi je \u010detiri sata dnevno, a u su\u0161tini tako ne bi trebalo da bude. Smatramo da se asistent treba pripremiti za nastavu, ne kao nastavnik u punom smislu, ali treba da bude upu\u0107en u gradivo i da pomogne djetetu da ga razumije. \u0160to se ti\u010de obuke za asistenta i taj segment treba da se defini\u0161e, mislim da je to u Federaciji BiH ve\u0107 ura\u0111eno. Recimo, u prijedorskoj Visokoj medicinskoj \u0161koli se \u0161koluje kadar za smjer radna terapija, to bi odgovaralo ovom pozivu\u201d, istakao je Vojin Ni\u0161evi\u0107, predsjednik Udru\u017eenja \u201cPlavi balon\u201d iz Prijedora.<\/p>\n<p>Udru\u017eenja ukazuju na potrebu da se propi\u0161u precizniji kriterijumi za izbor asistenata, jer ovaj posao zahtijeva specifi\u010dna znanja i vje\u0161tine, posebno u radu sa djecom iz autisti\u010dnog spektra.<\/p>\n<p>\u201cJavnost jo\u0161 uvijek nije dovoljno upoznata sa izazovima sa kojima se suo\u010davaju djeca sa pote\u0161ko\u0107ama u razvoju i njihove porodice. Potrebna je kontinuirana edukacija \u0161ire zajednice, kako bi se razvilo razumijevanje, empatija i adekvatan pristup ovoj djeci. Kroz ovaj projekat \u017eeli se pokrenuti ozbiljan dijalog sa donosiocima odluka i javno\u0161\u0107u, sa ciljem da se obezbijede sistemska i dugoro\u010dna rje\u0161enja koja \u0107e unaprijediti kvalitet obrazovanja i \u017eivota djece sa pote\u0161ko\u0107ama u razvoju\u201d, dodao je Ni\u0161evi\u0107.<\/p>\n<p>Dnevni centar za punoljetna lica sa autizmom, jedini takve vrste u Republici Srpskoj, trenutno djeluje u Banjaluci. Ovaj centar predstavlja zna\u010dajnu podr\u0161ku djeci iz spektra autizma i njihovim porodicama, pru\u017eaju\u0107i stru\u010dni tretman, edukativne aktivnosti i svakodnevnu brigu prilago\u0111enu njihovim potrebama.<\/p>\n<p>Udru\u017eenje \u201cPlavi balon\u201d ve\u0107 du\u017ee vrijeme inicira otvaranje sli\u010dnog dnevnog centra i u Prijedoru, kako bi se i porodicama iz ove regije omogu\u0107ila adekvatna i dostupna podr\u0161ka bez potrebe za putovanjem u druge gradove.<\/p>\n<p>U Udru\u017eenju \u201cDjeca svjetlosti\u201d podsje\u0107aju da je roditeljima za sve informacije, savjete i pravnu podr\u0161ku na raspolaganju pravnica Daniela Vi\u0161nji\u0107, koju mogu kontaktirati putem broja telefona 051\/961-940 ili na mejl djecasvjetlosti@gmail.com.<\/p>\n<p><a href=\"https:\/\/kozarski.com\/unaprijediti-polozaj-asistenta-u-nastavi-za-bolju-inkluziju-djece-sa-poteskocama-u-razvoju\/\" target=\"_blank\" rel=\"noopener\">kozarski.com<\/a><\/p>\n","protected":false},"excerpt":{"rendered":"<p>Udru\u017eenje \u201cDjeca svjetlosti\u201d iz Banjaluke pokrenulo je projekat \u201cUnapre\u0111enje socijalne i obrazovne inkluzije djece sa pote\u0161ko\u0107ama u razvoju\u201d. Cilj je unapre\u0111enje inkluzije djece sa pote\u0161ko\u0107ama u razvoju, prvenstveno iz autisti\u010dnog [&hellip;]<\/p>\n","protected":false},"author":1,"featured_media":0,"comment_status":"closed","ping_status":"open","sticky":false,"template":"","format":"standard","meta":{"_monsterinsights_skip_tracking":false,"_monsterinsights_sitenote_active":false,"_monsterinsights_sitenote_note":"","_monsterinsights_sitenote_category":0,"footnotes":""},"categories":[3],"tags":[],"yoast_head":"<!-- This site is optimized with the Yoast SEO plugin v21.6 - https:\/\/yoast.com\/wordpress\/plugins\/seo\/ -->\n<title>Unaprijediti polo\u017eaj asistenta u nastavi za bolju inkluziju djece sa pote\u0161ko\u0107ama u razvoju - PrijedorDanas.com - Prijedorski gradski portal<\/title>\n<meta name=\"robots\" content=\"index, follow, max-snippet:-1, max-image-preview:large, max-video-preview:-1\" \/>\n<link rel=\"canonical\" href=\"https:\/\/www.prijedordanas.com\/?p=263869\" \/>\n<meta property=\"og:locale\" content=\"en_US\" \/>\n<meta property=\"og:type\" content=\"article\" \/>\n<meta property=\"og:title\" content=\"Unaprijediti polo\u017eaj asistenta u nastavi za bolju inkluziju djece sa pote\u0161ko\u0107ama u razvoju - PrijedorDanas.com - Prijedorski gradski portal\" \/>\n<meta property=\"og:description\" content=\"Udru\u017eenje \u201cDjeca svjetlosti\u201d iz Banjaluke pokrenulo je projekat \u201cUnapre\u0111enje socijalne i obrazovne inkluzije djece sa pote\u0161ko\u0107ama u razvoju\u201d. Cilj je unapre\u0111enje inkluzije djece sa pote\u0161ko\u0107ama u razvoju, prvenstveno iz autisti\u010dnog [&hellip;]\" \/>\n<meta property=\"og:url\" content=\"https:\/\/www.prijedordanas.com\/?p=263869\" \/>\n<meta property=\"og:site_name\" content=\"PrijedorDanas.com - Prijedorski gradski portal\" \/>\n<meta property=\"article:publisher\" content=\"https:\/\/www.facebook.com\/PrijedorDanasCom\/\" \/>\n<meta property=\"article:published_time\" content=\"2026-02-28T07:46:32+00:00\" \/>\n<meta property=\"og:image\" content=\"https:\/\/www.prijedordanas.com\/wp-content\/uploads\/2026\/02\/ilustracija-asistent-u-nastavi-300x225.jpg\" \/>\n<meta name=\"author\" content=\"admin\" \/>\n<meta name=\"twitter:card\" content=\"summary_large_image\" \/>\n<meta name=\"twitter:label1\" content=\"Written by\" \/>\n\t<meta name=\"twitter:data1\" content=\"admin\" \/>\n\t<meta name=\"twitter:label2\" content=\"Est. reading time\" \/>\n\t<meta name=\"twitter:data2\" content=\"4 minutes\" \/>\n<script type=\"application\/ld+json\" class=\"yoast-schema-graph\">{\"@context\":\"https:\/\/schema.org\",\"@graph\":[{\"@type\":\"Article\",\"@id\":\"https:\/\/www.prijedordanas.com\/?p=263869#article\",\"isPartOf\":{\"@id\":\"https:\/\/www.prijedordanas.com\/?p=263869\"},\"author\":{\"name\":\"admin\",\"@id\":\"https:\/\/www.prijedordanas.com\/#\/schema\/person\/4e08ccf29b506ca916ff86d46bb700e6\"},\"headline\":\"Unaprijediti polo\u017eaj asistenta u nastavi za bolju inkluziju djece sa pote\u0161ko\u0107ama u razvoju\",\"datePublished\":\"2026-02-28T07:46:32+00:00\",\"dateModified\":\"2026-02-28T07:46:32+00:00\",\"mainEntityOfPage\":{\"@id\":\"https:\/\/www.prijedordanas.com\/?p=263869\"},\"wordCount\":805,\"publisher\":{\"@id\":\"https:\/\/www.prijedordanas.com\/#organization\"},\"articleSection\":[\"\u017divot\"],\"inLanguage\":\"en-US\"},{\"@type\":\"WebPage\",\"@id\":\"https:\/\/www.prijedordanas.com\/?p=263869\",\"url\":\"https:\/\/www.prijedordanas.com\/?p=263869\",\"name\":\"Unaprijediti polo\u017eaj asistenta u nastavi za bolju inkluziju djece sa pote\u0161ko\u0107ama u razvoju - PrijedorDanas.com - Prijedorski gradski portal\",\"isPartOf\":{\"@id\":\"https:\/\/www.prijedordanas.com\/#website\"},\"datePublished\":\"2026-02-28T07:46:32+00:00\",\"dateModified\":\"2026-02-28T07:46:32+00:00\",\"breadcrumb\":{\"@id\":\"https:\/\/www.prijedordanas.com\/?p=263869#breadcrumb\"},\"inLanguage\":\"en-US\",\"potentialAction\":[{\"@type\":\"ReadAction\",\"target\":[\"https:\/\/www.prijedordanas.com\/?p=263869\"]}]},{\"@type\":\"BreadcrumbList\",\"@id\":\"https:\/\/www.prijedordanas.com\/?p=263869#breadcrumb\",\"itemListElement\":[{\"@type\":\"ListItem\",\"position\":1,\"name\":\"Home\",\"item\":\"https:\/\/www.prijedordanas.com\/\"},{\"@type\":\"ListItem\",\"position\":2,\"name\":\"Unaprijediti polo\u017eaj asistenta u nastavi za bolju inkluziju djece sa pote\u0161ko\u0107ama u razvoju\"}]},{\"@type\":\"WebSite\",\"@id\":\"https:\/\/www.prijedordanas.com\/#website\",\"url\":\"https:\/\/www.prijedordanas.com\/\",\"name\":\"PrijedorDanas.com - Prijedorski gradski portal\",\"description\":\"Portal o doga\u0111anjima u gradu Prijedoru\",\"publisher\":{\"@id\":\"https:\/\/www.prijedordanas.com\/#organization\"},\"potentialAction\":[{\"@type\":\"SearchAction\",\"target\":{\"@type\":\"EntryPoint\",\"urlTemplate\":\"https:\/\/www.prijedordanas.com\/?s={search_term_string}\"},\"query-input\":\"required name=search_term_string\"}],\"inLanguage\":\"en-US\"},{\"@type\":\"Organization\",\"@id\":\"https:\/\/www.prijedordanas.com\/#organization\",\"name\":\"PrijedorDanas.com\",\"url\":\"https:\/\/www.prijedordanas.com\/\",\"logo\":{\"@type\":\"ImageObject\",\"inLanguage\":\"en-US\",\"@id\":\"https:\/\/www.prijedordanas.com\/#\/schema\/logo\/image\/\",\"url\":\"http:\/\/www.prijedordanas.com\/wp-content\/uploads\/2021\/12\/logopng.png\",\"contentUrl\":\"http:\/\/www.prijedordanas.com\/wp-content\/uploads\/2021\/12\/logopng.png\",\"width\":1019,\"height\":776,\"caption\":\"PrijedorDanas.com\"},\"image\":{\"@id\":\"https:\/\/www.prijedordanas.com\/#\/schema\/logo\/image\/\"},\"sameAs\":[\"https:\/\/www.facebook.com\/PrijedorDanasCom\/\"]},{\"@type\":\"Person\",\"@id\":\"https:\/\/www.prijedordanas.com\/#\/schema\/person\/4e08ccf29b506ca916ff86d46bb700e6\",\"name\":\"admin\",\"image\":{\"@type\":\"ImageObject\",\"inLanguage\":\"en-US\",\"@id\":\"https:\/\/www.prijedordanas.com\/#\/schema\/person\/image\/\",\"url\":\"https:\/\/secure.gravatar.com\/avatar\/1d3fc949d550f0b53a5f0d51e06dfd79?s=96&d=mm&r=g\",\"contentUrl\":\"https:\/\/secure.gravatar.com\/avatar\/1d3fc949d550f0b53a5f0d51e06dfd79?s=96&d=mm&r=g\",\"caption\":\"admin\"},\"url\":\"https:\/\/www.prijedordanas.com\/?author=1\"}]}<\/script>\n<!-- \/ Yoast SEO plugin. -->","yoast_head_json":{"title":"Unaprijediti polo\u017eaj asistenta u nastavi za bolju inkluziju djece sa pote\u0161ko\u0107ama u razvoju - PrijedorDanas.com - Prijedorski gradski portal","robots":{"index":"index","follow":"follow","max-snippet":"max-snippet:-1","max-image-preview":"max-image-preview:large","max-video-preview":"max-video-preview:-1"},"canonical":"https:\/\/www.prijedordanas.com\/?p=263869","og_locale":"en_US","og_type":"article","og_title":"Unaprijediti polo\u017eaj asistenta u nastavi za bolju inkluziju djece sa pote\u0161ko\u0107ama u razvoju - PrijedorDanas.com - Prijedorski gradski portal","og_description":"Udru\u017eenje \u201cDjeca svjetlosti\u201d iz Banjaluke pokrenulo je projekat \u201cUnapre\u0111enje socijalne i obrazovne inkluzije djece sa pote\u0161ko\u0107ama u razvoju\u201d. Cilj je unapre\u0111enje inkluzije djece sa pote\u0161ko\u0107ama u razvoju, prvenstveno iz autisti\u010dnog [&hellip;]","og_url":"https:\/\/www.prijedordanas.com\/?p=263869","og_site_name":"PrijedorDanas.com - Prijedorski gradski portal","article_publisher":"https:\/\/www.facebook.com\/PrijedorDanasCom\/","article_published_time":"2026-02-28T07:46:32+00:00","og_image":[{"url":"https:\/\/www.prijedordanas.com\/wp-content\/uploads\/2026\/02\/ilustracija-asistent-u-nastavi-300x225.jpg"}],"author":"admin","twitter_card":"summary_large_image","twitter_misc":{"Written by":"admin","Est. reading time":"4 minutes"},"schema":{"@context":"https:\/\/schema.org","@graph":[{"@type":"Article","@id":"https:\/\/www.prijedordanas.com\/?p=263869#article","isPartOf":{"@id":"https:\/\/www.prijedordanas.com\/?p=263869"},"author":{"name":"admin","@id":"https:\/\/www.prijedordanas.com\/#\/schema\/person\/4e08ccf29b506ca916ff86d46bb700e6"},"headline":"Unaprijediti polo\u017eaj asistenta u nastavi za bolju inkluziju djece sa pote\u0161ko\u0107ama u razvoju","datePublished":"2026-02-28T07:46:32+00:00","dateModified":"2026-02-28T07:46:32+00:00","mainEntityOfPage":{"@id":"https:\/\/www.prijedordanas.com\/?p=263869"},"wordCount":805,"publisher":{"@id":"https:\/\/www.prijedordanas.com\/#organization"},"articleSection":["\u017divot"],"inLanguage":"en-US"},{"@type":"WebPage","@id":"https:\/\/www.prijedordanas.com\/?p=263869","url":"https:\/\/www.prijedordanas.com\/?p=263869","name":"Unaprijediti polo\u017eaj asistenta u nastavi za bolju inkluziju djece sa pote\u0161ko\u0107ama u razvoju - PrijedorDanas.com - Prijedorski gradski portal","isPartOf":{"@id":"https:\/\/www.prijedordanas.com\/#website"},"datePublished":"2026-02-28T07:46:32+00:00","dateModified":"2026-02-28T07:46:32+00:00","breadcrumb":{"@id":"https:\/\/www.prijedordanas.com\/?p=263869#breadcrumb"},"inLanguage":"en-US","potentialAction":[{"@type":"ReadAction","target":["https:\/\/www.prijedordanas.com\/?p=263869"]}]},{"@type":"BreadcrumbList","@id":"https:\/\/www.prijedordanas.com\/?p=263869#breadcrumb","itemListElement":[{"@type":"ListItem","position":1,"name":"Home","item":"https:\/\/www.prijedordanas.com\/"},{"@type":"ListItem","position":2,"name":"Unaprijediti polo\u017eaj asistenta u nastavi za bolju inkluziju djece sa pote\u0161ko\u0107ama u razvoju"}]},{"@type":"WebSite","@id":"https:\/\/www.prijedordanas.com\/#website","url":"https:\/\/www.prijedordanas.com\/","name":"PrijedorDanas.com - Prijedorski gradski portal","description":"Portal o doga\u0111anjima u gradu Prijedoru","publisher":{"@id":"https:\/\/www.prijedordanas.com\/#organization"},"potentialAction":[{"@type":"SearchAction","target":{"@type":"EntryPoint","urlTemplate":"https:\/\/www.prijedordanas.com\/?s={search_term_string}"},"query-input":"required name=search_term_string"}],"inLanguage":"en-US"},{"@type":"Organization","@id":"https:\/\/www.prijedordanas.com\/#organization","name":"PrijedorDanas.com","url":"https:\/\/www.prijedordanas.com\/","logo":{"@type":"ImageObject","inLanguage":"en-US","@id":"https:\/\/www.prijedordanas.com\/#\/schema\/logo\/image\/","url":"http:\/\/www.prijedordanas.com\/wp-content\/uploads\/2021\/12\/logopng.png","contentUrl":"http:\/\/www.prijedordanas.com\/wp-content\/uploads\/2021\/12\/logopng.png","width":1019,"height":776,"caption":"PrijedorDanas.com"},"image":{"@id":"https:\/\/www.prijedordanas.com\/#\/schema\/logo\/image\/"},"sameAs":["https:\/\/www.facebook.com\/PrijedorDanasCom\/"]},{"@type":"Person","@id":"https:\/\/www.prijedordanas.com\/#\/schema\/person\/4e08ccf29b506ca916ff86d46bb700e6","name":"admin","image":{"@type":"ImageObject","inLanguage":"en-US","@id":"https:\/\/www.prijedordanas.com\/#\/schema\/person\/image\/","url":"https:\/\/secure.gravatar.com\/avatar\/1d3fc949d550f0b53a5f0d51e06dfd79?s=96&d=mm&r=g","contentUrl":"https:\/\/secure.gravatar.com\/avatar\/1d3fc949d550f0b53a5f0d51e06dfd79?s=96&d=mm&r=g","caption":"admin"},"url":"https:\/\/www.prijedordanas.com\/?author=1"}]}},"_links":{"self":[{"href":"https:\/\/www.prijedordanas.com\/index.php?rest_route=\/wp\/v2\/posts\/263869"}],"collection":[{"href":"https:\/\/www.prijedordanas.com\/index.php?rest_route=\/wp\/v2\/posts"}],"about":[{"href":"https:\/\/www.prijedordanas.com\/index.php?rest_route=\/wp\/v2\/types\/post"}],"author":[{"embeddable":true,"href":"https:\/\/www.prijedordanas.com\/index.php?rest_route=\/wp\/v2\/users\/1"}],"replies":[{"embeddable":true,"href":"https:\/\/www.prijedordanas.com\/index.php?rest_route=%2Fwp%2Fv2%2Fcomments&post=263869"}],"version-history":[{"count":1,"href":"https:\/\/www.prijedordanas.com\/index.php?rest_route=\/wp\/v2\/posts\/263869\/revisions"}],"predecessor-version":[{"id":263872,"href":"https:\/\/www.prijedordanas.com\/index.php?rest_route=\/wp\/v2\/posts\/263869\/revisions\/263872"}],"wp:attachment":[{"href":"https:\/\/www.prijedordanas.com\/index.php?rest_route=%2Fwp%2Fv2%2Fmedia&parent=263869"}],"wp:term":[{"taxonomy":"category","embeddable":true,"href":"https:\/\/www.prijedordanas.com\/index.php?rest_route=%2Fwp%2Fv2%2Fcategories&post=263869"},{"taxonomy":"post_tag","embeddable":true,"href":"https:\/\/www.prijedordanas.com\/index.php?rest_route=%2Fwp%2Fv2%2Ftags&post=263869"}],"curies":[{"name":"wp","href":"https:\/\/api.w.org\/{rel}","templated":true}]}}