{"id":263793,"date":"2026-02-26T20:54:35","date_gmt":"2026-02-26T19:54:35","guid":{"rendered":"https:\/\/www.prijedordanas.com\/?p=263793"},"modified":"2026-02-26T20:54:35","modified_gmt":"2026-02-26T19:54:35","slug":"odrzano-predavanje-za-pcelare-prioritet-zdrava-i-jaka-pcelinja-drustva","status":"publish","type":"post","link":"https:\/\/www.prijedordanas.com\/?p=263793","title":{"rendered":"Odr\u017eano predavanje za p\u010delare: Prioritet zdrava i jaka p\u010delinja dru\u0161tva"},"content":{"rendered":"<p><a href=\"https:\/\/www.prijedordanas.com\/wp-content\/uploads\/2026\/02\/kozarski-predavanje-pcelari-1.jpg\"><img loading=\"lazy\" decoding=\"async\" src=\"https:\/\/www.prijedordanas.com\/wp-content\/uploads\/2026\/02\/kozarski-predavanje-pcelari-1-300x225.jpg\" alt=\"\" width=\"300\" height=\"225\" class=\"alignleft size-medium wp-image-263794\" srcset=\"https:\/\/www.prijedordanas.com\/wp-content\/uploads\/2026\/02\/kozarski-predavanje-pcelari-1-300x225.jpg 300w, https:\/\/www.prijedordanas.com\/wp-content\/uploads\/2026\/02\/kozarski-predavanje-pcelari-1-640x480.jpg 640w, https:\/\/www.prijedordanas.com\/wp-content\/uploads\/2026\/02\/kozarski-predavanje-pcelari-1.jpg 667w\" sizes=\"(max-width: 300px) 100vw, 300px\" \/><\/a>U organizaciji Udru\u017eenja p\u010delara \u201cPrva p\u010dela\u201d, u Prijedoru je odr\u017eano predavanje za p\u010delare na temu izimljavanja i razvoja p\u010delinjih dru\u0161tava s akcentom na klimatske uslove. <\/p>\n<p>Predava\u010d je bio iskusni p\u010delar iz Bu\u017eima Rasim Pori\u0107. <\/p>\n<p>Nekada se znala ustaljena praksa kako i na koji na\u010din raditi s p\u010delinjim dru\u0161tvima, me\u0111utim posljednjih godina to vi\u0161e nije slu\u010daj i p\u010delari se maltene moraju prilago\u0111avati dnevnim vremenskim uslovima, isti\u010de Pori\u0107 i savjetuje p\u010delare da prvenstveno vode ra\u010duna o samoj p\u010deli.<\/p>\n<p>\u201cPreporu\u010dio bih im da ne \u017eure puno i da ne forsiraju p\u010delinja dru\u0161tva u brzom nekom razvoju, jer mogu posti\u0107i kontraefekat. Umjesto da dobiju kvalitetnu, dugo\u017eivu\u0107u p\u010delu, koja mo\u017ee da iskoristi pa\u0161u, mogu dobiti p\u010delu kratkog \u017eivotnog vijeka, slabog imuniteta i  podlo\u017enu bolestima. Takva p\u010dela ne mo\u017ee da napravi vi\u0161kove u ko\u0161nici\u201d, rekao je Pori\u0107.<\/p>\n<p><a href=\"https:\/\/www.prijedordanas.com\/wp-content\/uploads\/2026\/02\/kozarski-predavanje-pcelari-2.jpg\"><img loading=\"lazy\" decoding=\"async\" src=\"https:\/\/www.prijedordanas.com\/wp-content\/uploads\/2026\/02\/kozarski-predavanje-pcelari-2-300x225.jpg\" alt=\"\" width=\"300\" height=\"225\" class=\"alignleft size-medium wp-image-263795\" srcset=\"https:\/\/www.prijedordanas.com\/wp-content\/uploads\/2026\/02\/kozarski-predavanje-pcelari-2-300x225.jpg 300w, https:\/\/www.prijedordanas.com\/wp-content\/uploads\/2026\/02\/kozarski-predavanje-pcelari-2-640x480.jpg 640w, https:\/\/www.prijedordanas.com\/wp-content\/uploads\/2026\/02\/kozarski-predavanje-pcelari-2.jpg 666w\" sizes=\"(max-width: 300px) 100vw, 300px\" \/><\/a>Mile Kne\u017eevi\u0107 iz Omarske p\u010delari 15-ak godina i trenutno ima 110 izimljenih dru\u0161tava. Iako nije imao gubitaka, smatra da se samo od p\u010delarstva ne mo\u017ee \u017eivjeti bez dodatnog zanimanja.<\/p>\n<p>\u201cOd p\u010delarstva \u0161kolovati djecu, izdr\u017eavati stare i bolesne roditelje i porodicu \u2013 mislim da je to ve\u0107 pro\u0161lo vrijeme. Ako se nekad moglo, sada u eri uvoznog patvorenog meda i svega \u0161to se pojavljuje na tr\u017ei\u0161tu, nemogu\u0107e je opstati. Me\u0111utim uz neku penzijicu, uz neku platicu ko ima dodatnog vremena i mo\u017ee se baviti p\u010delarstvom, taj mo\u017ee upotpuniti ku\u0107ni bud\u017eet\u201d, navodi Kne\u017eevi\u0107.<\/p>\n<p>Organizatori smatraju da su ovakve edukacije zna\u010dajne, pogotovo za mlade p\u010delare.<\/p>\n<p>\u201cPredavanja su zna\u010dajna sama po sebi i edukacija po svim segmetnima p\u010delarenja, pogotovo za mlade ljude, a i za nas starije da se usavr\u0161avamo, jer p\u010delarstvo je do\u0161lo na takve grane da, usljed klimatskih promjena i svih ostalih okolnosti, vi\u0161e ne vrijede one stare knjige\u201d, isti\u010de \u0110uro Kuni\u0107, predsjednik Udru\u017eenja p\u010delara \u201cPrva p\u010dela\u201d, Prijedor.<\/p>\n<p>U p\u010delarstvu nije bitan kvantitet nego kvalitet, poru\u010deno je s predavanja u Prijedoru, uz preporuku p\u010delarima da u kontinuitetu rade na tome da imaju jaka i prije svega zdrava p\u010delinja dru\u0161tva.<\/p>\n<p><a href=\"https:\/\/kozarski.com\/odrzano-predavanje-za-pcelare-prioritet-zdrava-i-jaka-pcelinja-drustva\/\" rel=\"noopener\" target=\"_blank\">kozarski.com<\/a><\/p>\n","protected":false},"excerpt":{"rendered":"<p>U organizaciji Udru\u017eenja p\u010delara \u201cPrva p\u010dela\u201d, u Prijedoru je odr\u017eano predavanje za p\u010delare na temu izimljavanja i razvoja p\u010delinjih dru\u0161tava s akcentom na klimatske uslove. Predava\u010d je bio iskusni p\u010delar [&hellip;]<\/p>\n","protected":false},"author":1,"featured_media":0,"comment_status":"closed","ping_status":"open","sticky":false,"template":"","format":"standard","meta":{"_monsterinsights_skip_tracking":false,"_monsterinsights_sitenote_active":false,"_monsterinsights_sitenote_note":"","_monsterinsights_sitenote_category":0,"footnotes":""},"categories":[8],"tags":[],"yoast_head":"<!-- This site is optimized with the Yoast SEO plugin v21.6 - https:\/\/yoast.com\/wordpress\/plugins\/seo\/ -->\n<title>Odr\u017eano predavanje za p\u010delare: Prioritet zdrava i jaka p\u010delinja dru\u0161tva - PrijedorDanas.com - Prijedorski gradski portal<\/title>\n<meta name=\"robots\" content=\"index, follow, max-snippet:-1, max-image-preview:large, max-video-preview:-1\" \/>\n<link rel=\"canonical\" href=\"https:\/\/www.prijedordanas.com\/?p=263793\" \/>\n<meta property=\"og:locale\" content=\"en_US\" \/>\n<meta property=\"og:type\" content=\"article\" \/>\n<meta property=\"og:title\" content=\"Odr\u017eano predavanje za p\u010delare: Prioritet zdrava i jaka p\u010delinja dru\u0161tva - PrijedorDanas.com - Prijedorski gradski portal\" \/>\n<meta property=\"og:description\" content=\"U organizaciji Udru\u017eenja p\u010delara \u201cPrva p\u010dela\u201d, u Prijedoru je odr\u017eano predavanje za p\u010delare na temu izimljavanja i razvoja p\u010delinjih dru\u0161tava s akcentom na klimatske uslove. Predava\u010d je bio iskusni p\u010delar [&hellip;]\" \/>\n<meta property=\"og:url\" content=\"https:\/\/www.prijedordanas.com\/?p=263793\" \/>\n<meta property=\"og:site_name\" content=\"PrijedorDanas.com - Prijedorski gradski portal\" \/>\n<meta property=\"article:publisher\" content=\"https:\/\/www.facebook.com\/PrijedorDanasCom\/\" \/>\n<meta property=\"article:published_time\" content=\"2026-02-26T19:54:35+00:00\" \/>\n<meta property=\"og:image\" content=\"https:\/\/www.prijedordanas.com\/wp-content\/uploads\/2026\/02\/kozarski-predavanje-pcelari-1-300x225.jpg\" \/>\n<meta name=\"author\" content=\"admin\" \/>\n<meta name=\"twitter:card\" content=\"summary_large_image\" \/>\n<meta name=\"twitter:label1\" content=\"Written by\" \/>\n\t<meta name=\"twitter:data1\" content=\"admin\" \/>\n<script type=\"application\/ld+json\" class=\"yoast-schema-graph\">{\"@context\":\"https:\/\/schema.org\",\"@graph\":[{\"@type\":\"Article\",\"@id\":\"https:\/\/www.prijedordanas.com\/?p=263793#article\",\"isPartOf\":{\"@id\":\"https:\/\/www.prijedordanas.com\/?p=263793\"},\"author\":{\"name\":\"admin\",\"@id\":\"https:\/\/www.prijedordanas.com\/#\/schema\/person\/4e08ccf29b506ca916ff86d46bb700e6\"},\"headline\":\"Odr\u017eano predavanje za p\u010delare: Prioritet zdrava i jaka p\u010delinja dru\u0161tva\",\"datePublished\":\"2026-02-26T19:54:35+00:00\",\"dateModified\":\"2026-02-26T19:54:35+00:00\",\"mainEntityOfPage\":{\"@id\":\"https:\/\/www.prijedordanas.com\/?p=263793\"},\"wordCount\":403,\"publisher\":{\"@id\":\"https:\/\/www.prijedordanas.com\/#organization\"},\"articleSection\":[\"Svakodnevno\"],\"inLanguage\":\"en-US\"},{\"@type\":\"WebPage\",\"@id\":\"https:\/\/www.prijedordanas.com\/?p=263793\",\"url\":\"https:\/\/www.prijedordanas.com\/?p=263793\",\"name\":\"Odr\u017eano predavanje za p\u010delare: Prioritet zdrava i jaka p\u010delinja dru\u0161tva - PrijedorDanas.com - Prijedorski gradski portal\",\"isPartOf\":{\"@id\":\"https:\/\/www.prijedordanas.com\/#website\"},\"datePublished\":\"2026-02-26T19:54:35+00:00\",\"dateModified\":\"2026-02-26T19:54:35+00:00\",\"breadcrumb\":{\"@id\":\"https:\/\/www.prijedordanas.com\/?p=263793#breadcrumb\"},\"inLanguage\":\"en-US\",\"potentialAction\":[{\"@type\":\"ReadAction\",\"target\":[\"https:\/\/www.prijedordanas.com\/?p=263793\"]}]},{\"@type\":\"BreadcrumbList\",\"@id\":\"https:\/\/www.prijedordanas.com\/?p=263793#breadcrumb\",\"itemListElement\":[{\"@type\":\"ListItem\",\"position\":1,\"name\":\"Home\",\"item\":\"https:\/\/www.prijedordanas.com\/\"},{\"@type\":\"ListItem\",\"position\":2,\"name\":\"Odr\u017eano predavanje za p\u010delare: Prioritet zdrava i jaka p\u010delinja dru\u0161tva\"}]},{\"@type\":\"WebSite\",\"@id\":\"https:\/\/www.prijedordanas.com\/#website\",\"url\":\"https:\/\/www.prijedordanas.com\/\",\"name\":\"PrijedorDanas.com - Prijedorski gradski portal\",\"description\":\"Portal o doga\u0111anjima u gradu Prijedoru\",\"publisher\":{\"@id\":\"https:\/\/www.prijedordanas.com\/#organization\"},\"potentialAction\":[{\"@type\":\"SearchAction\",\"target\":{\"@type\":\"EntryPoint\",\"urlTemplate\":\"https:\/\/www.prijedordanas.com\/?s={search_term_string}\"},\"query-input\":\"required name=search_term_string\"}],\"inLanguage\":\"en-US\"},{\"@type\":\"Organization\",\"@id\":\"https:\/\/www.prijedordanas.com\/#organization\",\"name\":\"PrijedorDanas.com\",\"url\":\"https:\/\/www.prijedordanas.com\/\",\"logo\":{\"@type\":\"ImageObject\",\"inLanguage\":\"en-US\",\"@id\":\"https:\/\/www.prijedordanas.com\/#\/schema\/logo\/image\/\",\"url\":\"http:\/\/www.prijedordanas.com\/wp-content\/uploads\/2021\/12\/logopng.png\",\"contentUrl\":\"http:\/\/www.prijedordanas.com\/wp-content\/uploads\/2021\/12\/logopng.png\",\"width\":1019,\"height\":776,\"caption\":\"PrijedorDanas.com\"},\"image\":{\"@id\":\"https:\/\/www.prijedordanas.com\/#\/schema\/logo\/image\/\"},\"sameAs\":[\"https:\/\/www.facebook.com\/PrijedorDanasCom\/\"]},{\"@type\":\"Person\",\"@id\":\"https:\/\/www.prijedordanas.com\/#\/schema\/person\/4e08ccf29b506ca916ff86d46bb700e6\",\"name\":\"admin\",\"image\":{\"@type\":\"ImageObject\",\"inLanguage\":\"en-US\",\"@id\":\"https:\/\/www.prijedordanas.com\/#\/schema\/person\/image\/\",\"url\":\"https:\/\/secure.gravatar.com\/avatar\/1d3fc949d550f0b53a5f0d51e06dfd79?s=96&d=mm&r=g\",\"contentUrl\":\"https:\/\/secure.gravatar.com\/avatar\/1d3fc949d550f0b53a5f0d51e06dfd79?s=96&d=mm&r=g\",\"caption\":\"admin\"},\"url\":\"https:\/\/www.prijedordanas.com\/?author=1\"}]}<\/script>\n<!-- \/ Yoast SEO plugin. -->","yoast_head_json":{"title":"Odr\u017eano predavanje za p\u010delare: Prioritet zdrava i jaka p\u010delinja dru\u0161tva - PrijedorDanas.com - Prijedorski gradski portal","robots":{"index":"index","follow":"follow","max-snippet":"max-snippet:-1","max-image-preview":"max-image-preview:large","max-video-preview":"max-video-preview:-1"},"canonical":"https:\/\/www.prijedordanas.com\/?p=263793","og_locale":"en_US","og_type":"article","og_title":"Odr\u017eano predavanje za p\u010delare: Prioritet zdrava i jaka p\u010delinja dru\u0161tva - PrijedorDanas.com - Prijedorski gradski portal","og_description":"U organizaciji Udru\u017eenja p\u010delara \u201cPrva p\u010dela\u201d, u Prijedoru je odr\u017eano predavanje za p\u010delare na temu izimljavanja i razvoja p\u010delinjih dru\u0161tava s akcentom na klimatske uslove. Predava\u010d je bio iskusni p\u010delar [&hellip;]","og_url":"https:\/\/www.prijedordanas.com\/?p=263793","og_site_name":"PrijedorDanas.com - Prijedorski gradski portal","article_publisher":"https:\/\/www.facebook.com\/PrijedorDanasCom\/","article_published_time":"2026-02-26T19:54:35+00:00","og_image":[{"url":"https:\/\/www.prijedordanas.com\/wp-content\/uploads\/2026\/02\/kozarski-predavanje-pcelari-1-300x225.jpg"}],"author":"admin","twitter_card":"summary_large_image","twitter_misc":{"Written by":"admin"},"schema":{"@context":"https:\/\/schema.org","@graph":[{"@type":"Article","@id":"https:\/\/www.prijedordanas.com\/?p=263793#article","isPartOf":{"@id":"https:\/\/www.prijedordanas.com\/?p=263793"},"author":{"name":"admin","@id":"https:\/\/www.prijedordanas.com\/#\/schema\/person\/4e08ccf29b506ca916ff86d46bb700e6"},"headline":"Odr\u017eano predavanje za p\u010delare: Prioritet zdrava i jaka p\u010delinja dru\u0161tva","datePublished":"2026-02-26T19:54:35+00:00","dateModified":"2026-02-26T19:54:35+00:00","mainEntityOfPage":{"@id":"https:\/\/www.prijedordanas.com\/?p=263793"},"wordCount":403,"publisher":{"@id":"https:\/\/www.prijedordanas.com\/#organization"},"articleSection":["Svakodnevno"],"inLanguage":"en-US"},{"@type":"WebPage","@id":"https:\/\/www.prijedordanas.com\/?p=263793","url":"https:\/\/www.prijedordanas.com\/?p=263793","name":"Odr\u017eano predavanje za p\u010delare: Prioritet zdrava i jaka p\u010delinja dru\u0161tva - PrijedorDanas.com - Prijedorski gradski portal","isPartOf":{"@id":"https:\/\/www.prijedordanas.com\/#website"},"datePublished":"2026-02-26T19:54:35+00:00","dateModified":"2026-02-26T19:54:35+00:00","breadcrumb":{"@id":"https:\/\/www.prijedordanas.com\/?p=263793#breadcrumb"},"inLanguage":"en-US","potentialAction":[{"@type":"ReadAction","target":["https:\/\/www.prijedordanas.com\/?p=263793"]}]},{"@type":"BreadcrumbList","@id":"https:\/\/www.prijedordanas.com\/?p=263793#breadcrumb","itemListElement":[{"@type":"ListItem","position":1,"name":"Home","item":"https:\/\/www.prijedordanas.com\/"},{"@type":"ListItem","position":2,"name":"Odr\u017eano predavanje za p\u010delare: Prioritet zdrava i jaka p\u010delinja dru\u0161tva"}]},{"@type":"WebSite","@id":"https:\/\/www.prijedordanas.com\/#website","url":"https:\/\/www.prijedordanas.com\/","name":"PrijedorDanas.com - Prijedorski gradski portal","description":"Portal o doga\u0111anjima u gradu Prijedoru","publisher":{"@id":"https:\/\/www.prijedordanas.com\/#organization"},"potentialAction":[{"@type":"SearchAction","target":{"@type":"EntryPoint","urlTemplate":"https:\/\/www.prijedordanas.com\/?s={search_term_string}"},"query-input":"required name=search_term_string"}],"inLanguage":"en-US"},{"@type":"Organization","@id":"https:\/\/www.prijedordanas.com\/#organization","name":"PrijedorDanas.com","url":"https:\/\/www.prijedordanas.com\/","logo":{"@type":"ImageObject","inLanguage":"en-US","@id":"https:\/\/www.prijedordanas.com\/#\/schema\/logo\/image\/","url":"http:\/\/www.prijedordanas.com\/wp-content\/uploads\/2021\/12\/logopng.png","contentUrl":"http:\/\/www.prijedordanas.com\/wp-content\/uploads\/2021\/12\/logopng.png","width":1019,"height":776,"caption":"PrijedorDanas.com"},"image":{"@id":"https:\/\/www.prijedordanas.com\/#\/schema\/logo\/image\/"},"sameAs":["https:\/\/www.facebook.com\/PrijedorDanasCom\/"]},{"@type":"Person","@id":"https:\/\/www.prijedordanas.com\/#\/schema\/person\/4e08ccf29b506ca916ff86d46bb700e6","name":"admin","image":{"@type":"ImageObject","inLanguage":"en-US","@id":"https:\/\/www.prijedordanas.com\/#\/schema\/person\/image\/","url":"https:\/\/secure.gravatar.com\/avatar\/1d3fc949d550f0b53a5f0d51e06dfd79?s=96&d=mm&r=g","contentUrl":"https:\/\/secure.gravatar.com\/avatar\/1d3fc949d550f0b53a5f0d51e06dfd79?s=96&d=mm&r=g","caption":"admin"},"url":"https:\/\/www.prijedordanas.com\/?author=1"}]}},"_links":{"self":[{"href":"https:\/\/www.prijedordanas.com\/index.php?rest_route=\/wp\/v2\/posts\/263793"}],"collection":[{"href":"https:\/\/www.prijedordanas.com\/index.php?rest_route=\/wp\/v2\/posts"}],"about":[{"href":"https:\/\/www.prijedordanas.com\/index.php?rest_route=\/wp\/v2\/types\/post"}],"author":[{"embeddable":true,"href":"https:\/\/www.prijedordanas.com\/index.php?rest_route=\/wp\/v2\/users\/1"}],"replies":[{"embeddable":true,"href":"https:\/\/www.prijedordanas.com\/index.php?rest_route=%2Fwp%2Fv2%2Fcomments&post=263793"}],"version-history":[{"count":1,"href":"https:\/\/www.prijedordanas.com\/index.php?rest_route=\/wp\/v2\/posts\/263793\/revisions"}],"predecessor-version":[{"id":263796,"href":"https:\/\/www.prijedordanas.com\/index.php?rest_route=\/wp\/v2\/posts\/263793\/revisions\/263796"}],"wp:attachment":[{"href":"https:\/\/www.prijedordanas.com\/index.php?rest_route=%2Fwp%2Fv2%2Fmedia&parent=263793"}],"wp:term":[{"taxonomy":"category","embeddable":true,"href":"https:\/\/www.prijedordanas.com\/index.php?rest_route=%2Fwp%2Fv2%2Fcategories&post=263793"},{"taxonomy":"post_tag","embeddable":true,"href":"https:\/\/www.prijedordanas.com\/index.php?rest_route=%2Fwp%2Fv2%2Ftags&post=263793"}],"curies":[{"name":"wp","href":"https:\/\/api.w.org\/{rel}","templated":true}]}}