{"id":263646,"date":"2026-02-24T15:58:10","date_gmt":"2026-02-24T14:58:10","guid":{"rendered":"https:\/\/www.prijedordanas.com\/?p=263646"},"modified":"2026-02-24T15:58:10","modified_gmt":"2026-02-24T14:58:10","slug":"gradonacelnik-prijedora-organizovao-prijem-za-mlade-clanice-dzudo-kluba-kozara-zeljeznicar-foto","status":"publish","type":"post","link":"https:\/\/www.prijedordanas.com\/?p=263646","title":{"rendered":"Gradona\u010delnik Prijedora organizovao prijem za mlade \u010dlanice D\u017dudo kluba &#8220;Kozara-\u017deljezni\u010dar&#8221; &#8211; FOTO"},"content":{"rendered":"<p><a href=\"https:\/\/www.prijedordanas.com\/wp-content\/uploads\/2026\/02\/prijedorgradorg-prijem-dzk-kozara-zeljeznicar-1.jpg\"><img loading=\"lazy\" decoding=\"async\" class=\"alignleft size-medium wp-image-263647\" src=\"https:\/\/www.prijedordanas.com\/wp-content\/uploads\/2026\/02\/prijedorgradorg-prijem-dzk-kozara-zeljeznicar-1-300x225.jpg\" alt=\"\" width=\"300\" height=\"225\" srcset=\"https:\/\/www.prijedordanas.com\/wp-content\/uploads\/2026\/02\/prijedorgradorg-prijem-dzk-kozara-zeljeznicar-1-300x225.jpg 300w, https:\/\/www.prijedordanas.com\/wp-content\/uploads\/2026\/02\/prijedorgradorg-prijem-dzk-kozara-zeljeznicar-1-640x480.jpg 640w, https:\/\/www.prijedordanas.com\/wp-content\/uploads\/2026\/02\/prijedorgradorg-prijem-dzk-kozara-zeljeznicar-1.jpg 667w\" sizes=\"(max-width: 300px) 100vw, 300px\" \/><\/a>U Gradskoj upravi Prijedor uprili\u010den je prijem za predstavnike D\u017dudo kluba &#8220;Kozara-\u017deljezni\u010dar&#8221;, povodom zna\u010dajnih rezultata koje su takmi\u010darke ovog kluba ostvarile na prvenstvima Republike Srpske i Bosne i Hercegovine.<\/p>\n<p>Povod za prijem je plasman pet takmi\u010darki na zvani\u010dna balkanska prvenstva koja \u0107e biti odr\u017eana u narednim mjesecima.<\/p>\n<p>To su:<br \/>\nMilica Ra\u0111enovi\u0107 &#8211; poletarka<br \/>\nMarija Pand\u017ea &#8211; poletarka<br \/>\nMartina Jovani\u0107 &#8211; poletarka<br \/>\nLana Pavkovi\u0107 &#8211; seniorka<br \/>\nMihaela Rodi\u0107 &#8211; poletarka<\/p>\n<p><a href=\"https:\/\/www.prijedordanas.com\/wp-content\/uploads\/2026\/02\/prijedorgradorg-prijem-dzk-kozara-zeljeznicar-2.jpg\"><img loading=\"lazy\" decoding=\"async\" class=\"alignleft size-medium wp-image-263648\" src=\"https:\/\/www.prijedordanas.com\/wp-content\/uploads\/2026\/02\/prijedorgradorg-prijem-dzk-kozara-zeljeznicar-2-300x225.jpg\" alt=\"\" width=\"300\" height=\"225\" srcset=\"https:\/\/www.prijedordanas.com\/wp-content\/uploads\/2026\/02\/prijedorgradorg-prijem-dzk-kozara-zeljeznicar-2-300x225.jpg 300w, https:\/\/www.prijedordanas.com\/wp-content\/uploads\/2026\/02\/prijedorgradorg-prijem-dzk-kozara-zeljeznicar-2-640x480.jpg 640w, https:\/\/www.prijedordanas.com\/wp-content\/uploads\/2026\/02\/prijedorgradorg-prijem-dzk-kozara-zeljeznicar-2.jpg 667w\" sizes=\"(max-width: 300px) 100vw, 300px\" \/><\/a>Posebno se isti\u010de Lana Pavkovi\u0107, koja je osvajala medalje na seniorskim prvenstvima Republike Srpske i Bosne i Hercegovine, \u0161to predstavlja visok nivo takmi\u010darskog i trena\u017enog rada.<\/p>\n<p>Gradona\u010delnik Prijedora Slobodan Javor \u010destitao je mladim d\u017eudistkinjama na izuzetnim rezultatima, isti\u010du\u0107i da one na najljep\u0161i na\u010din predstavljaju svoj klub i grad.<\/p>\n<p>&#8220;NJihovi uspjesi su dokaz da se rad, disciplina i ljubav prema sportu uvijek isplate. Oni su ponos Prijedora i primjer svojim vr\u0161njacima. Grad \u0107e nastaviti da stoji uz njih i da podr\u017eava njihov sportski razvoj i ambicije&#8221;, poru\u010dio je Javor.<\/p>\n<p>On je naglasio da je D\u017dudo klub &#8220;Kozara &#8211; \u017deljezni\u010dar&#8221; jedan od najuspje\u0161nijih sportskih kolektiva u Prijedoru, s dugom tradicijom i ozubiljnim rezultatima.<\/p>\n<p><a href=\"https:\/\/www.prijedordanas.com\/wp-content\/uploads\/2026\/02\/prijedorgradorg-prijem-dzk-kozara-zeljeznicar-4.jpg\"><img loading=\"lazy\" decoding=\"async\" class=\"alignleft size-medium wp-image-263649\" src=\"https:\/\/www.prijedordanas.com\/wp-content\/uploads\/2026\/02\/prijedorgradorg-prijem-dzk-kozara-zeljeznicar-4-300x200.jpg\" alt=\"\" width=\"300\" height=\"200\" srcset=\"https:\/\/www.prijedordanas.com\/wp-content\/uploads\/2026\/02\/prijedorgradorg-prijem-dzk-kozara-zeljeznicar-4-300x200.jpg 300w, https:\/\/www.prijedordanas.com\/wp-content\/uploads\/2026\/02\/prijedorgradorg-prijem-dzk-kozara-zeljeznicar-4-480x320.jpg 480w, https:\/\/www.prijedordanas.com\/wp-content\/uploads\/2026\/02\/prijedorgradorg-prijem-dzk-kozara-zeljeznicar-4.jpg 600w\" sizes=\"(max-width: 300px) 100vw, 300px\" \/><\/a>&#8220;Grad Prijedor kontinuirano ula\u017ee u sport i sportsku infrastrukturu, jer \u017eelimo da svi na\u0161i mladi sportisti imaju najbolje mogu\u0107e uslove za rad i napredak. Ulaganjem u sportske objekte, terene i sale ula\u017eemo u budu\u0107nost na\u0161e djece. Kada stvorite dobre uslove i kada imate posve\u0107ene trenere i talentovanu djecu, dobri rezultati ne mogu izostati. Zato \u0107emo i u narednom periodu nastaviti da podr\u017eavamo sve prijedorske sportskie kolektive&#8221;, istakao je Javor.<\/p>\n<p>Predsjednik D\u017dudo kluba &#8220;Kozara &#8211; \u017deljezni\u010dar&#8221; Zoran Dragojevi\u0107 zahvalio je gradona\u010delniku Javoru na podr\u0161ci i istakao je da su ovi rezultati plod dugogodi\u0161njeg sistemati\u010dnog rada, discipline i posve\u0107enosti kako takmi\u010darki, tako i trenerskog kadra.<\/p>\n<p><a href=\"https:\/\/www.prijedordanas.com\/wp-content\/uploads\/2026\/02\/prijedorgradorg-prijem-dzk-kozara-zeljeznicar-3.jpg\"><img loading=\"lazy\" decoding=\"async\" src=\"https:\/\/www.prijedordanas.com\/wp-content\/uploads\/2026\/02\/prijedorgradorg-prijem-dzk-kozara-zeljeznicar-3-300x200.jpg\" alt=\"\" width=\"300\" height=\"200\" class=\"alignleft size-medium wp-image-263650\" srcset=\"https:\/\/www.prijedordanas.com\/wp-content\/uploads\/2026\/02\/prijedorgradorg-prijem-dzk-kozara-zeljeznicar-3-300x200.jpg 300w, https:\/\/www.prijedordanas.com\/wp-content\/uploads\/2026\/02\/prijedorgradorg-prijem-dzk-kozara-zeljeznicar-3-480x320.jpg 480w, https:\/\/www.prijedordanas.com\/wp-content\/uploads\/2026\/02\/prijedorgradorg-prijem-dzk-kozara-zeljeznicar-3.jpg 600w\" sizes=\"(max-width: 300px) 100vw, 300px\" \/><\/a>&#8220;D\u017dudo klub Kozara &#8211; \u017deljezni\u010dar vi\u0161e od pet decenija radi u kontinuitetu i predstavlja jedan od sportskih stubova na\u0161eg grada. Kroz klub je pro\u0161lo vi\u0161e od 2.500 mladih ljudi, a posebno smo ponosni na \u010dinjenicu da imamo oko 50 nosilaca majstorskih zvanja. Na\u0161 cilj nije samo osvajanje medalja, ve\u0107 vaspitavanje zdravih, odgovornih i disciplinovanih mladih ljudi. Plasman na balkanska prvenstva za nas je potvrda da radimo u dobrom pravcu&#8221;, naglasio je Dragojevi\u0107.<\/p>\n<p>On je dodao da klub funkcioni\u0161e bez zna\u010dajnijih sponzorskih sredstava, te da je svaka podr\u0161ka od izuzetnog zna\u010daja, posebno kada je rije\u010d o unapre\u0111enju uslova rada i sanaciji sale u kojoj treniraju.<\/p>\n<p>Na sastanku je poru\u010deno da su mladi sportisti najbolji ambasadori Prijedora i da \u0107e Grad nastaviti da podr\u017eava njihov rad i uspjehe na doma\u0107oj i me\u0111unarodnoj sceni.<\/p>\n<p><a href=\"https:\/\/prijedorgrad.org\/sr-EU\/vijesti-sadrzaj.html?vid=23474\" target=\"_blank\" rel=\"noopener\">prijedorgrad.org<\/a><\/p>\n","protected":false},"excerpt":{"rendered":"<p>U Gradskoj upravi Prijedor uprili\u010den je prijem za predstavnike D\u017dudo kluba &#8220;Kozara-\u017deljezni\u010dar&#8221;, povodom zna\u010dajnih rezultata koje su takmi\u010darke ovog kluba ostvarile na prvenstvima Republike Srpske i Bosne i Hercegovine. Povod [&hellip;]<\/p>\n","protected":false},"author":1,"featured_media":0,"comment_status":"closed","ping_status":"open","sticky":false,"template":"","format":"standard","meta":{"_monsterinsights_skip_tracking":false,"_monsterinsights_sitenote_active":false,"_monsterinsights_sitenote_note":"","_monsterinsights_sitenote_category":0,"footnotes":""},"categories":[7],"tags":[],"yoast_head":"<!-- This site is optimized with the Yoast SEO plugin v21.6 - https:\/\/yoast.com\/wordpress\/plugins\/seo\/ -->\n<title>Gradona\u010delnik Prijedora organizovao prijem za mlade \u010dlanice D\u017dudo kluba &quot;Kozara-\u017deljezni\u010dar&quot; - FOTO - PrijedorDanas.com - Prijedorski gradski portal<\/title>\n<meta name=\"robots\" content=\"index, follow, max-snippet:-1, max-image-preview:large, max-video-preview:-1\" \/>\n<link rel=\"canonical\" href=\"https:\/\/www.prijedordanas.com\/?p=263646\" \/>\n<meta property=\"og:locale\" content=\"en_US\" \/>\n<meta property=\"og:type\" content=\"article\" \/>\n<meta property=\"og:title\" content=\"Gradona\u010delnik Prijedora organizovao prijem za mlade \u010dlanice D\u017dudo kluba &quot;Kozara-\u017deljezni\u010dar&quot; - FOTO - PrijedorDanas.com - Prijedorski gradski portal\" \/>\n<meta property=\"og:description\" content=\"U Gradskoj upravi Prijedor uprili\u010den je prijem za predstavnike D\u017dudo kluba &#8220;Kozara-\u017deljezni\u010dar&#8221;, povodom zna\u010dajnih rezultata koje su takmi\u010darke ovog kluba ostvarile na prvenstvima Republike Srpske i Bosne i Hercegovine. Povod [&hellip;]\" \/>\n<meta property=\"og:url\" content=\"https:\/\/www.prijedordanas.com\/?p=263646\" \/>\n<meta property=\"og:site_name\" content=\"PrijedorDanas.com - Prijedorski gradski portal\" \/>\n<meta property=\"article:publisher\" content=\"https:\/\/www.facebook.com\/PrijedorDanasCom\/\" \/>\n<meta property=\"article:published_time\" content=\"2026-02-24T14:58:10+00:00\" \/>\n<meta property=\"og:image\" content=\"https:\/\/www.prijedordanas.com\/wp-content\/uploads\/2026\/02\/prijedorgradorg-prijem-dzk-kozara-zeljeznicar-1-300x225.jpg\" \/>\n<meta name=\"author\" content=\"admin\" \/>\n<meta name=\"twitter:card\" content=\"summary_large_image\" \/>\n<meta name=\"twitter:label1\" content=\"Written by\" \/>\n\t<meta name=\"twitter:data1\" content=\"admin\" \/>\n\t<meta name=\"twitter:label2\" content=\"Est. reading time\" \/>\n\t<meta name=\"twitter:data2\" content=\"3 minutes\" \/>\n<script type=\"application\/ld+json\" class=\"yoast-schema-graph\">{\"@context\":\"https:\/\/schema.org\",\"@graph\":[{\"@type\":\"Article\",\"@id\":\"https:\/\/www.prijedordanas.com\/?p=263646#article\",\"isPartOf\":{\"@id\":\"https:\/\/www.prijedordanas.com\/?p=263646\"},\"author\":{\"name\":\"admin\",\"@id\":\"https:\/\/www.prijedordanas.com\/#\/schema\/person\/4e08ccf29b506ca916ff86d46bb700e6\"},\"headline\":\"Gradona\u010delnik Prijedora organizovao prijem za mlade \u010dlanice D\u017dudo kluba &#8220;Kozara-\u017deljezni\u010dar&#8221; &#8211; FOTO\",\"datePublished\":\"2026-02-24T14:58:10+00:00\",\"dateModified\":\"2026-02-24T14:58:10+00:00\",\"mainEntityOfPage\":{\"@id\":\"https:\/\/www.prijedordanas.com\/?p=263646\"},\"wordCount\":487,\"publisher\":{\"@id\":\"https:\/\/www.prijedordanas.com\/#organization\"},\"articleSection\":[\"Sport\"],\"inLanguage\":\"en-US\"},{\"@type\":\"WebPage\",\"@id\":\"https:\/\/www.prijedordanas.com\/?p=263646\",\"url\":\"https:\/\/www.prijedordanas.com\/?p=263646\",\"name\":\"Gradona\u010delnik Prijedora organizovao prijem za mlade \u010dlanice D\u017dudo kluba \\\"Kozara-\u017deljezni\u010dar\\\" - FOTO - PrijedorDanas.com - Prijedorski gradski portal\",\"isPartOf\":{\"@id\":\"https:\/\/www.prijedordanas.com\/#website\"},\"datePublished\":\"2026-02-24T14:58:10+00:00\",\"dateModified\":\"2026-02-24T14:58:10+00:00\",\"breadcrumb\":{\"@id\":\"https:\/\/www.prijedordanas.com\/?p=263646#breadcrumb\"},\"inLanguage\":\"en-US\",\"potentialAction\":[{\"@type\":\"ReadAction\",\"target\":[\"https:\/\/www.prijedordanas.com\/?p=263646\"]}]},{\"@type\":\"BreadcrumbList\",\"@id\":\"https:\/\/www.prijedordanas.com\/?p=263646#breadcrumb\",\"itemListElement\":[{\"@type\":\"ListItem\",\"position\":1,\"name\":\"Home\",\"item\":\"https:\/\/www.prijedordanas.com\/\"},{\"@type\":\"ListItem\",\"position\":2,\"name\":\"Gradona\u010delnik Prijedora organizovao prijem za mlade \u010dlanice D\u017dudo kluba &#8220;Kozara-\u017deljezni\u010dar&#8221; &#8211; FOTO\"}]},{\"@type\":\"WebSite\",\"@id\":\"https:\/\/www.prijedordanas.com\/#website\",\"url\":\"https:\/\/www.prijedordanas.com\/\",\"name\":\"PrijedorDanas.com - Prijedorski gradski portal\",\"description\":\"Portal o doga\u0111anjima u gradu Prijedoru\",\"publisher\":{\"@id\":\"https:\/\/www.prijedordanas.com\/#organization\"},\"potentialAction\":[{\"@type\":\"SearchAction\",\"target\":{\"@type\":\"EntryPoint\",\"urlTemplate\":\"https:\/\/www.prijedordanas.com\/?s={search_term_string}\"},\"query-input\":\"required name=search_term_string\"}],\"inLanguage\":\"en-US\"},{\"@type\":\"Organization\",\"@id\":\"https:\/\/www.prijedordanas.com\/#organization\",\"name\":\"PrijedorDanas.com\",\"url\":\"https:\/\/www.prijedordanas.com\/\",\"logo\":{\"@type\":\"ImageObject\",\"inLanguage\":\"en-US\",\"@id\":\"https:\/\/www.prijedordanas.com\/#\/schema\/logo\/image\/\",\"url\":\"http:\/\/www.prijedordanas.com\/wp-content\/uploads\/2021\/12\/logopng.png\",\"contentUrl\":\"http:\/\/www.prijedordanas.com\/wp-content\/uploads\/2021\/12\/logopng.png\",\"width\":1019,\"height\":776,\"caption\":\"PrijedorDanas.com\"},\"image\":{\"@id\":\"https:\/\/www.prijedordanas.com\/#\/schema\/logo\/image\/\"},\"sameAs\":[\"https:\/\/www.facebook.com\/PrijedorDanasCom\/\"]},{\"@type\":\"Person\",\"@id\":\"https:\/\/www.prijedordanas.com\/#\/schema\/person\/4e08ccf29b506ca916ff86d46bb700e6\",\"name\":\"admin\",\"image\":{\"@type\":\"ImageObject\",\"inLanguage\":\"en-US\",\"@id\":\"https:\/\/www.prijedordanas.com\/#\/schema\/person\/image\/\",\"url\":\"https:\/\/secure.gravatar.com\/avatar\/1d3fc949d550f0b53a5f0d51e06dfd79?s=96&d=mm&r=g\",\"contentUrl\":\"https:\/\/secure.gravatar.com\/avatar\/1d3fc949d550f0b53a5f0d51e06dfd79?s=96&d=mm&r=g\",\"caption\":\"admin\"},\"url\":\"https:\/\/www.prijedordanas.com\/?author=1\"}]}<\/script>\n<!-- \/ Yoast SEO plugin. -->","yoast_head_json":{"title":"Gradona\u010delnik Prijedora organizovao prijem za mlade \u010dlanice D\u017dudo kluba \"Kozara-\u017deljezni\u010dar\" - FOTO - PrijedorDanas.com - Prijedorski gradski portal","robots":{"index":"index","follow":"follow","max-snippet":"max-snippet:-1","max-image-preview":"max-image-preview:large","max-video-preview":"max-video-preview:-1"},"canonical":"https:\/\/www.prijedordanas.com\/?p=263646","og_locale":"en_US","og_type":"article","og_title":"Gradona\u010delnik Prijedora organizovao prijem za mlade \u010dlanice D\u017dudo kluba \"Kozara-\u017deljezni\u010dar\" - FOTO - PrijedorDanas.com - Prijedorski gradski portal","og_description":"U Gradskoj upravi Prijedor uprili\u010den je prijem za predstavnike D\u017dudo kluba &#8220;Kozara-\u017deljezni\u010dar&#8221;, povodom zna\u010dajnih rezultata koje su takmi\u010darke ovog kluba ostvarile na prvenstvima Republike Srpske i Bosne i Hercegovine. Povod [&hellip;]","og_url":"https:\/\/www.prijedordanas.com\/?p=263646","og_site_name":"PrijedorDanas.com - Prijedorski gradski portal","article_publisher":"https:\/\/www.facebook.com\/PrijedorDanasCom\/","article_published_time":"2026-02-24T14:58:10+00:00","og_image":[{"url":"https:\/\/www.prijedordanas.com\/wp-content\/uploads\/2026\/02\/prijedorgradorg-prijem-dzk-kozara-zeljeznicar-1-300x225.jpg"}],"author":"admin","twitter_card":"summary_large_image","twitter_misc":{"Written by":"admin","Est. reading time":"3 minutes"},"schema":{"@context":"https:\/\/schema.org","@graph":[{"@type":"Article","@id":"https:\/\/www.prijedordanas.com\/?p=263646#article","isPartOf":{"@id":"https:\/\/www.prijedordanas.com\/?p=263646"},"author":{"name":"admin","@id":"https:\/\/www.prijedordanas.com\/#\/schema\/person\/4e08ccf29b506ca916ff86d46bb700e6"},"headline":"Gradona\u010delnik Prijedora organizovao prijem za mlade \u010dlanice D\u017dudo kluba &#8220;Kozara-\u017deljezni\u010dar&#8221; &#8211; FOTO","datePublished":"2026-02-24T14:58:10+00:00","dateModified":"2026-02-24T14:58:10+00:00","mainEntityOfPage":{"@id":"https:\/\/www.prijedordanas.com\/?p=263646"},"wordCount":487,"publisher":{"@id":"https:\/\/www.prijedordanas.com\/#organization"},"articleSection":["Sport"],"inLanguage":"en-US"},{"@type":"WebPage","@id":"https:\/\/www.prijedordanas.com\/?p=263646","url":"https:\/\/www.prijedordanas.com\/?p=263646","name":"Gradona\u010delnik Prijedora organizovao prijem za mlade \u010dlanice D\u017dudo kluba \"Kozara-\u017deljezni\u010dar\" - FOTO - PrijedorDanas.com - Prijedorski gradski portal","isPartOf":{"@id":"https:\/\/www.prijedordanas.com\/#website"},"datePublished":"2026-02-24T14:58:10+00:00","dateModified":"2026-02-24T14:58:10+00:00","breadcrumb":{"@id":"https:\/\/www.prijedordanas.com\/?p=263646#breadcrumb"},"inLanguage":"en-US","potentialAction":[{"@type":"ReadAction","target":["https:\/\/www.prijedordanas.com\/?p=263646"]}]},{"@type":"BreadcrumbList","@id":"https:\/\/www.prijedordanas.com\/?p=263646#breadcrumb","itemListElement":[{"@type":"ListItem","position":1,"name":"Home","item":"https:\/\/www.prijedordanas.com\/"},{"@type":"ListItem","position":2,"name":"Gradona\u010delnik Prijedora organizovao prijem za mlade \u010dlanice D\u017dudo kluba &#8220;Kozara-\u017deljezni\u010dar&#8221; &#8211; FOTO"}]},{"@type":"WebSite","@id":"https:\/\/www.prijedordanas.com\/#website","url":"https:\/\/www.prijedordanas.com\/","name":"PrijedorDanas.com - Prijedorski gradski portal","description":"Portal o doga\u0111anjima u gradu Prijedoru","publisher":{"@id":"https:\/\/www.prijedordanas.com\/#organization"},"potentialAction":[{"@type":"SearchAction","target":{"@type":"EntryPoint","urlTemplate":"https:\/\/www.prijedordanas.com\/?s={search_term_string}"},"query-input":"required name=search_term_string"}],"inLanguage":"en-US"},{"@type":"Organization","@id":"https:\/\/www.prijedordanas.com\/#organization","name":"PrijedorDanas.com","url":"https:\/\/www.prijedordanas.com\/","logo":{"@type":"ImageObject","inLanguage":"en-US","@id":"https:\/\/www.prijedordanas.com\/#\/schema\/logo\/image\/","url":"http:\/\/www.prijedordanas.com\/wp-content\/uploads\/2021\/12\/logopng.png","contentUrl":"http:\/\/www.prijedordanas.com\/wp-content\/uploads\/2021\/12\/logopng.png","width":1019,"height":776,"caption":"PrijedorDanas.com"},"image":{"@id":"https:\/\/www.prijedordanas.com\/#\/schema\/logo\/image\/"},"sameAs":["https:\/\/www.facebook.com\/PrijedorDanasCom\/"]},{"@type":"Person","@id":"https:\/\/www.prijedordanas.com\/#\/schema\/person\/4e08ccf29b506ca916ff86d46bb700e6","name":"admin","image":{"@type":"ImageObject","inLanguage":"en-US","@id":"https:\/\/www.prijedordanas.com\/#\/schema\/person\/image\/","url":"https:\/\/secure.gravatar.com\/avatar\/1d3fc949d550f0b53a5f0d51e06dfd79?s=96&d=mm&r=g","contentUrl":"https:\/\/secure.gravatar.com\/avatar\/1d3fc949d550f0b53a5f0d51e06dfd79?s=96&d=mm&r=g","caption":"admin"},"url":"https:\/\/www.prijedordanas.com\/?author=1"}]}},"_links":{"self":[{"href":"https:\/\/www.prijedordanas.com\/index.php?rest_route=\/wp\/v2\/posts\/263646"}],"collection":[{"href":"https:\/\/www.prijedordanas.com\/index.php?rest_route=\/wp\/v2\/posts"}],"about":[{"href":"https:\/\/www.prijedordanas.com\/index.php?rest_route=\/wp\/v2\/types\/post"}],"author":[{"embeddable":true,"href":"https:\/\/www.prijedordanas.com\/index.php?rest_route=\/wp\/v2\/users\/1"}],"replies":[{"embeddable":true,"href":"https:\/\/www.prijedordanas.com\/index.php?rest_route=%2Fwp%2Fv2%2Fcomments&post=263646"}],"version-history":[{"count":1,"href":"https:\/\/www.prijedordanas.com\/index.php?rest_route=\/wp\/v2\/posts\/263646\/revisions"}],"predecessor-version":[{"id":263651,"href":"https:\/\/www.prijedordanas.com\/index.php?rest_route=\/wp\/v2\/posts\/263646\/revisions\/263651"}],"wp:attachment":[{"href":"https:\/\/www.prijedordanas.com\/index.php?rest_route=%2Fwp%2Fv2%2Fmedia&parent=263646"}],"wp:term":[{"taxonomy":"category","embeddable":true,"href":"https:\/\/www.prijedordanas.com\/index.php?rest_route=%2Fwp%2Fv2%2Fcategories&post=263646"},{"taxonomy":"post_tag","embeddable":true,"href":"https:\/\/www.prijedordanas.com\/index.php?rest_route=%2Fwp%2Fv2%2Ftags&post=263646"}],"curies":[{"name":"wp","href":"https:\/\/api.w.org\/{rel}","templated":true}]}}