{"id":263604,"date":"2026-02-23T21:44:23","date_gmt":"2026-02-23T20:44:23","guid":{"rendered":"https:\/\/www.prijedordanas.com\/?p=263604"},"modified":"2026-02-23T21:44:23","modified_gmt":"2026-02-23T20:44:23","slug":"prijedor-vrlo-nezdrav-vazduh-ove-veceri-u-gradu","status":"publish","type":"post","link":"https:\/\/www.prijedordanas.com\/?p=263604","title":{"rendered":"Prijedor: Vrlo nezdrav vazduh ove ve\u010deri u gradu"},"content":{"rendered":"<p><a href=\"https:\/\/www.prijedordanas.com\/wp-content\/uploads\/2026\/02\/pd-23februar-vece.jpg\"><img loading=\"lazy\" decoding=\"async\" class=\"alignleft size-medium wp-image-263605\" src=\"https:\/\/www.prijedordanas.com\/wp-content\/uploads\/2026\/02\/pd-23februar-vece-300x225.jpg\" alt=\"\" width=\"300\" height=\"225\" srcset=\"https:\/\/www.prijedordanas.com\/wp-content\/uploads\/2026\/02\/pd-23februar-vece-300x225.jpg 300w, https:\/\/www.prijedordanas.com\/wp-content\/uploads\/2026\/02\/pd-23februar-vece-640x480.jpg 640w, https:\/\/www.prijedordanas.com\/wp-content\/uploads\/2026\/02\/pd-23februar-vece.jpg 667w\" sizes=\"(max-width: 300px) 100vw, 300px\" \/><\/a>U Prijedoru je ovog ponedjeljka uve\u010de vazduh vrlo nezdrav za stanovni\u0161tvo.<\/p>\n<p>U 21 \u010das indeks kvaliteta vazduha je bio 219, objavljeno je na internet stranici zrak.ekoakcija.<\/p>\n<p>Najugro\u017eenije su trudnice, stariji i djeca, osobe sa respiratornim i sr\u010danim problemima.<\/p>\n<p>Vrijednost indeksa kvaliteta vazduha od nula do 50 je dobar, od 51 do 100 umjereno zaga\u0111en, od 101 do 150 nezdrav za osjetljive grupe stanovni\u0161tva, od 151 do 200 nezdrav, od 201 do 300 vrlo nezdrav, a vi\u0161e od 300 opasan po zdravlje.<\/p>\n<p>Tekst i foto ilustracija \u2013 Aleksandar Drakuli\u0107 &#8211; <a href=\"https:\/\/www.prijedordanas.com\" target=\"_blank\" rel=\"noopener noreferrer\">www.prijedordanas.com<\/a><\/p>\n","protected":false},"excerpt":{"rendered":"<p>U Prijedoru je ovog ponedjeljka uve\u010de vazduh vrlo nezdrav za stanovni\u0161tvo. U 21 \u010das indeks kvaliteta vazduha je bio 219, objavljeno je na internet stranici zrak.ekoakcija. Najugro\u017eenije su trudnice, stariji [&hellip;]<\/p>\n","protected":false},"author":1,"featured_media":0,"comment_status":"closed","ping_status":"open","sticky":false,"template":"","format":"standard","meta":{"_monsterinsights_skip_tracking":false,"_monsterinsights_sitenote_active":false,"_monsterinsights_sitenote_note":"","_monsterinsights_sitenote_category":0,"footnotes":""},"categories":[4],"tags":[],"yoast_head":"<!-- This site is optimized with the Yoast SEO plugin v21.6 - https:\/\/yoast.com\/wordpress\/plugins\/seo\/ -->\n<title>Prijedor: Vrlo nezdrav vazduh ove ve\u010deri u gradu - PrijedorDanas.com - Prijedorski gradski portal<\/title>\n<meta name=\"robots\" content=\"index, follow, max-snippet:-1, max-image-preview:large, max-video-preview:-1\" \/>\n<link rel=\"canonical\" href=\"https:\/\/www.prijedordanas.com\/?p=263604\" \/>\n<meta property=\"og:locale\" content=\"en_US\" \/>\n<meta property=\"og:type\" content=\"article\" \/>\n<meta property=\"og:title\" content=\"Prijedor: Vrlo nezdrav vazduh ove ve\u010deri u gradu - PrijedorDanas.com - Prijedorski gradski portal\" \/>\n<meta property=\"og:description\" content=\"U Prijedoru je ovog ponedjeljka uve\u010de vazduh vrlo nezdrav za stanovni\u0161tvo. U 21 \u010das indeks kvaliteta vazduha je bio 219, objavljeno je na internet stranici zrak.ekoakcija. Najugro\u017eenije su trudnice, stariji [&hellip;]\" \/>\n<meta property=\"og:url\" content=\"https:\/\/www.prijedordanas.com\/?p=263604\" \/>\n<meta property=\"og:site_name\" content=\"PrijedorDanas.com - Prijedorski gradski portal\" \/>\n<meta property=\"article:publisher\" content=\"https:\/\/www.facebook.com\/PrijedorDanasCom\/\" \/>\n<meta property=\"article:published_time\" content=\"2026-02-23T20:44:23+00:00\" \/>\n<meta property=\"og:image\" content=\"https:\/\/www.prijedordanas.com\/wp-content\/uploads\/2026\/02\/pd-23februar-vece-300x225.jpg\" \/>\n<meta name=\"author\" content=\"admin\" \/>\n<meta name=\"twitter:card\" content=\"summary_large_image\" \/>\n<meta name=\"twitter:label1\" content=\"Written by\" \/>\n\t<meta name=\"twitter:data1\" content=\"admin\" \/>\n\t<meta name=\"twitter:label2\" content=\"Est. reading time\" \/>\n\t<meta name=\"twitter:data2\" content=\"1 minute\" \/>\n<script type=\"application\/ld+json\" class=\"yoast-schema-graph\">{\"@context\":\"https:\/\/schema.org\",\"@graph\":[{\"@type\":\"Article\",\"@id\":\"https:\/\/www.prijedordanas.com\/?p=263604#article\",\"isPartOf\":{\"@id\":\"https:\/\/www.prijedordanas.com\/?p=263604\"},\"author\":{\"name\":\"admin\",\"@id\":\"https:\/\/www.prijedordanas.com\/#\/schema\/person\/4e08ccf29b506ca916ff86d46bb700e6\"},\"headline\":\"Prijedor: Vrlo nezdrav vazduh ove ve\u010deri u gradu\",\"datePublished\":\"2026-02-23T20:44:23+00:00\",\"dateModified\":\"2026-02-23T20:44:23+00:00\",\"mainEntityOfPage\":{\"@id\":\"https:\/\/www.prijedordanas.com\/?p=263604\"},\"wordCount\":96,\"publisher\":{\"@id\":\"https:\/\/www.prijedordanas.com\/#organization\"},\"articleSection\":[\"Dru\u0161tvo\"],\"inLanguage\":\"en-US\"},{\"@type\":\"WebPage\",\"@id\":\"https:\/\/www.prijedordanas.com\/?p=263604\",\"url\":\"https:\/\/www.prijedordanas.com\/?p=263604\",\"name\":\"Prijedor: Vrlo nezdrav vazduh ove ve\u010deri u gradu - PrijedorDanas.com - Prijedorski gradski portal\",\"isPartOf\":{\"@id\":\"https:\/\/www.prijedordanas.com\/#website\"},\"datePublished\":\"2026-02-23T20:44:23+00:00\",\"dateModified\":\"2026-02-23T20:44:23+00:00\",\"breadcrumb\":{\"@id\":\"https:\/\/www.prijedordanas.com\/?p=263604#breadcrumb\"},\"inLanguage\":\"en-US\",\"potentialAction\":[{\"@type\":\"ReadAction\",\"target\":[\"https:\/\/www.prijedordanas.com\/?p=263604\"]}]},{\"@type\":\"BreadcrumbList\",\"@id\":\"https:\/\/www.prijedordanas.com\/?p=263604#breadcrumb\",\"itemListElement\":[{\"@type\":\"ListItem\",\"position\":1,\"name\":\"Home\",\"item\":\"https:\/\/www.prijedordanas.com\/\"},{\"@type\":\"ListItem\",\"position\":2,\"name\":\"Prijedor: Vrlo nezdrav vazduh ove ve\u010deri u gradu\"}]},{\"@type\":\"WebSite\",\"@id\":\"https:\/\/www.prijedordanas.com\/#website\",\"url\":\"https:\/\/www.prijedordanas.com\/\",\"name\":\"PrijedorDanas.com - Prijedorski gradski portal\",\"description\":\"Portal o doga\u0111anjima u gradu Prijedoru\",\"publisher\":{\"@id\":\"https:\/\/www.prijedordanas.com\/#organization\"},\"potentialAction\":[{\"@type\":\"SearchAction\",\"target\":{\"@type\":\"EntryPoint\",\"urlTemplate\":\"https:\/\/www.prijedordanas.com\/?s={search_term_string}\"},\"query-input\":\"required name=search_term_string\"}],\"inLanguage\":\"en-US\"},{\"@type\":\"Organization\",\"@id\":\"https:\/\/www.prijedordanas.com\/#organization\",\"name\":\"PrijedorDanas.com\",\"url\":\"https:\/\/www.prijedordanas.com\/\",\"logo\":{\"@type\":\"ImageObject\",\"inLanguage\":\"en-US\",\"@id\":\"https:\/\/www.prijedordanas.com\/#\/schema\/logo\/image\/\",\"url\":\"http:\/\/www.prijedordanas.com\/wp-content\/uploads\/2021\/12\/logopng.png\",\"contentUrl\":\"http:\/\/www.prijedordanas.com\/wp-content\/uploads\/2021\/12\/logopng.png\",\"width\":1019,\"height\":776,\"caption\":\"PrijedorDanas.com\"},\"image\":{\"@id\":\"https:\/\/www.prijedordanas.com\/#\/schema\/logo\/image\/\"},\"sameAs\":[\"https:\/\/www.facebook.com\/PrijedorDanasCom\/\"]},{\"@type\":\"Person\",\"@id\":\"https:\/\/www.prijedordanas.com\/#\/schema\/person\/4e08ccf29b506ca916ff86d46bb700e6\",\"name\":\"admin\",\"image\":{\"@type\":\"ImageObject\",\"inLanguage\":\"en-US\",\"@id\":\"https:\/\/www.prijedordanas.com\/#\/schema\/person\/image\/\",\"url\":\"https:\/\/secure.gravatar.com\/avatar\/1d3fc949d550f0b53a5f0d51e06dfd79?s=96&d=mm&r=g\",\"contentUrl\":\"https:\/\/secure.gravatar.com\/avatar\/1d3fc949d550f0b53a5f0d51e06dfd79?s=96&d=mm&r=g\",\"caption\":\"admin\"},\"url\":\"https:\/\/www.prijedordanas.com\/?author=1\"}]}<\/script>\n<!-- \/ Yoast SEO plugin. -->","yoast_head_json":{"title":"Prijedor: Vrlo nezdrav vazduh ove ve\u010deri u gradu - PrijedorDanas.com - Prijedorski gradski portal","robots":{"index":"index","follow":"follow","max-snippet":"max-snippet:-1","max-image-preview":"max-image-preview:large","max-video-preview":"max-video-preview:-1"},"canonical":"https:\/\/www.prijedordanas.com\/?p=263604","og_locale":"en_US","og_type":"article","og_title":"Prijedor: Vrlo nezdrav vazduh ove ve\u010deri u gradu - PrijedorDanas.com - Prijedorski gradski portal","og_description":"U Prijedoru je ovog ponedjeljka uve\u010de vazduh vrlo nezdrav za stanovni\u0161tvo. U 21 \u010das indeks kvaliteta vazduha je bio 219, objavljeno je na internet stranici zrak.ekoakcija. Najugro\u017eenije su trudnice, stariji [&hellip;]","og_url":"https:\/\/www.prijedordanas.com\/?p=263604","og_site_name":"PrijedorDanas.com - Prijedorski gradski portal","article_publisher":"https:\/\/www.facebook.com\/PrijedorDanasCom\/","article_published_time":"2026-02-23T20:44:23+00:00","og_image":[{"url":"https:\/\/www.prijedordanas.com\/wp-content\/uploads\/2026\/02\/pd-23februar-vece-300x225.jpg"}],"author":"admin","twitter_card":"summary_large_image","twitter_misc":{"Written by":"admin","Est. reading time":"1 minute"},"schema":{"@context":"https:\/\/schema.org","@graph":[{"@type":"Article","@id":"https:\/\/www.prijedordanas.com\/?p=263604#article","isPartOf":{"@id":"https:\/\/www.prijedordanas.com\/?p=263604"},"author":{"name":"admin","@id":"https:\/\/www.prijedordanas.com\/#\/schema\/person\/4e08ccf29b506ca916ff86d46bb700e6"},"headline":"Prijedor: Vrlo nezdrav vazduh ove ve\u010deri u gradu","datePublished":"2026-02-23T20:44:23+00:00","dateModified":"2026-02-23T20:44:23+00:00","mainEntityOfPage":{"@id":"https:\/\/www.prijedordanas.com\/?p=263604"},"wordCount":96,"publisher":{"@id":"https:\/\/www.prijedordanas.com\/#organization"},"articleSection":["Dru\u0161tvo"],"inLanguage":"en-US"},{"@type":"WebPage","@id":"https:\/\/www.prijedordanas.com\/?p=263604","url":"https:\/\/www.prijedordanas.com\/?p=263604","name":"Prijedor: Vrlo nezdrav vazduh ove ve\u010deri u gradu - PrijedorDanas.com - Prijedorski gradski portal","isPartOf":{"@id":"https:\/\/www.prijedordanas.com\/#website"},"datePublished":"2026-02-23T20:44:23+00:00","dateModified":"2026-02-23T20:44:23+00:00","breadcrumb":{"@id":"https:\/\/www.prijedordanas.com\/?p=263604#breadcrumb"},"inLanguage":"en-US","potentialAction":[{"@type":"ReadAction","target":["https:\/\/www.prijedordanas.com\/?p=263604"]}]},{"@type":"BreadcrumbList","@id":"https:\/\/www.prijedordanas.com\/?p=263604#breadcrumb","itemListElement":[{"@type":"ListItem","position":1,"name":"Home","item":"https:\/\/www.prijedordanas.com\/"},{"@type":"ListItem","position":2,"name":"Prijedor: Vrlo nezdrav vazduh ove ve\u010deri u gradu"}]},{"@type":"WebSite","@id":"https:\/\/www.prijedordanas.com\/#website","url":"https:\/\/www.prijedordanas.com\/","name":"PrijedorDanas.com - Prijedorski gradski portal","description":"Portal o doga\u0111anjima u gradu Prijedoru","publisher":{"@id":"https:\/\/www.prijedordanas.com\/#organization"},"potentialAction":[{"@type":"SearchAction","target":{"@type":"EntryPoint","urlTemplate":"https:\/\/www.prijedordanas.com\/?s={search_term_string}"},"query-input":"required name=search_term_string"}],"inLanguage":"en-US"},{"@type":"Organization","@id":"https:\/\/www.prijedordanas.com\/#organization","name":"PrijedorDanas.com","url":"https:\/\/www.prijedordanas.com\/","logo":{"@type":"ImageObject","inLanguage":"en-US","@id":"https:\/\/www.prijedordanas.com\/#\/schema\/logo\/image\/","url":"http:\/\/www.prijedordanas.com\/wp-content\/uploads\/2021\/12\/logopng.png","contentUrl":"http:\/\/www.prijedordanas.com\/wp-content\/uploads\/2021\/12\/logopng.png","width":1019,"height":776,"caption":"PrijedorDanas.com"},"image":{"@id":"https:\/\/www.prijedordanas.com\/#\/schema\/logo\/image\/"},"sameAs":["https:\/\/www.facebook.com\/PrijedorDanasCom\/"]},{"@type":"Person","@id":"https:\/\/www.prijedordanas.com\/#\/schema\/person\/4e08ccf29b506ca916ff86d46bb700e6","name":"admin","image":{"@type":"ImageObject","inLanguage":"en-US","@id":"https:\/\/www.prijedordanas.com\/#\/schema\/person\/image\/","url":"https:\/\/secure.gravatar.com\/avatar\/1d3fc949d550f0b53a5f0d51e06dfd79?s=96&d=mm&r=g","contentUrl":"https:\/\/secure.gravatar.com\/avatar\/1d3fc949d550f0b53a5f0d51e06dfd79?s=96&d=mm&r=g","caption":"admin"},"url":"https:\/\/www.prijedordanas.com\/?author=1"}]}},"_links":{"self":[{"href":"https:\/\/www.prijedordanas.com\/index.php?rest_route=\/wp\/v2\/posts\/263604"}],"collection":[{"href":"https:\/\/www.prijedordanas.com\/index.php?rest_route=\/wp\/v2\/posts"}],"about":[{"href":"https:\/\/www.prijedordanas.com\/index.php?rest_route=\/wp\/v2\/types\/post"}],"author":[{"embeddable":true,"href":"https:\/\/www.prijedordanas.com\/index.php?rest_route=\/wp\/v2\/users\/1"}],"replies":[{"embeddable":true,"href":"https:\/\/www.prijedordanas.com\/index.php?rest_route=%2Fwp%2Fv2%2Fcomments&post=263604"}],"version-history":[{"count":1,"href":"https:\/\/www.prijedordanas.com\/index.php?rest_route=\/wp\/v2\/posts\/263604\/revisions"}],"predecessor-version":[{"id":263606,"href":"https:\/\/www.prijedordanas.com\/index.php?rest_route=\/wp\/v2\/posts\/263604\/revisions\/263606"}],"wp:attachment":[{"href":"https:\/\/www.prijedordanas.com\/index.php?rest_route=%2Fwp%2Fv2%2Fmedia&parent=263604"}],"wp:term":[{"taxonomy":"category","embeddable":true,"href":"https:\/\/www.prijedordanas.com\/index.php?rest_route=%2Fwp%2Fv2%2Fcategories&post=263604"},{"taxonomy":"post_tag","embeddable":true,"href":"https:\/\/www.prijedordanas.com\/index.php?rest_route=%2Fwp%2Fv2%2Ftags&post=263604"}],"curies":[{"name":"wp","href":"https:\/\/api.w.org\/{rel}","templated":true}]}}