{"id":263397,"date":"2026-02-20T18:47:40","date_gmt":"2026-02-20T17:47:40","guid":{"rendered":"https:\/\/www.prijedordanas.com\/?p=263397"},"modified":"2026-02-20T18:47:40","modified_gmt":"2026-02-20T17:47:40","slug":"pu-prijedor-muskarac-osumnjicen-za-prevaru-ostecenoj-zeni-sa-racuna-skinuo-2-100-km","status":"publish","type":"post","link":"https:\/\/www.prijedordanas.com\/?p=263397","title":{"rendered":"PU Prijedor: Mu\u0161karac osumnji\u010den za prevaru, o\u0161te\u0107enoj \u017eeni sa ra\u010duna skinuo 2.100 KM"},"content":{"rendered":"<p><a href=\"https:\/\/www.prijedordanas.com\/wp-content\/uploads\/2021\/01\/nezavisne-policija.jpg\"><img loading=\"lazy\" decoding=\"async\" src=\"https:\/\/www.prijedordanas.com\/wp-content\/uploads\/2021\/01\/nezavisne-policija-300x225.jpg\" alt=\"\" width=\"300\" height=\"225\" class=\"alignleft size-medium wp-image-162018\" srcset=\"https:\/\/www.prijedordanas.com\/wp-content\/uploads\/2021\/01\/nezavisne-policija-300x225.jpg 300w, https:\/\/www.prijedordanas.com\/wp-content\/uploads\/2021\/01\/nezavisne-policija-640x480.jpg 640w, https:\/\/www.prijedordanas.com\/wp-content\/uploads\/2021\/01\/nezavisne-policija.jpg 667w\" sizes=\"(max-width: 300px) 100vw, 300px\" \/><\/a>Policijski slu\u017ebenici Policijske stanice Novi Grad su 19.02.2026. godine izvr\u0161ili kriminalisti\u010dku obradu lica A.H. iz Bihac\u0301a, koje je prethodno u Bihac\u0301u li\u0161eno slobode, zbog postojanja osnova sumnje da je u decembru mjesecu pro\u0161le godine po\u010dinilo krivi\u010dno djelo \u201ePrevara\u201c. <\/p>\n<p>Navedeno lice se tereti da je dovodec\u0301i u zabludu o\u0161tec\u0301enu iz Novog Grada da putem viber aplikacije komunicira sa njoj poznatim licem, istu navelo da po\u0161alje fotografiju bankovne kartice i ustupi sigurnosni kod banke, nakon \u010dega joj je sa ra\u010duna u vi\u0161e navrata skinulo nov\u010dana sredstva u ukupnom iznosu od 2.100 KM. <\/p>\n<p>Osumnji\u010deno lice je potom novac prebacilo na svoj korisni\u010dki ra\u010dun otvoren u sportskoj kladionici. <\/p>\n<p>O navedenom je obavije\u0161ten tu\u017eilac Okru\u017enog javnog tu\u017eila\u0161tva Prijedor kojem c\u0301e se po kompletiranju predmeta protiv A.H. dostaviti izvje\u0161taj za po\u010dinjeno krivi\u010dno djelo \u201ePrevara\u201c. <\/p>\n<p>Policijska uprava Prijedor apeluje na gra\u0111ane da ne daju nepoznatim licima podatke od bankovnih kartica i ra\u010duna ili druge li\u010dne podatke koji se mogu zloupotrijebiti, odnosno da prije ustupanja tih podataka provjere da se radi o njima poznatim licima. <\/p>\n<p>Sve slu\u010dajeve prevara gra\u0111ani mogu prijaviti nadle\u017enoj policijskoj stanici, a vi\u0161e informacija o tome kako se za\u0161tititi od sajber kriminala i na koji na\u010din prijaviti sumnju u prevaru putem interneta gra\u0111ani mogu pronac\u0301i na internet stranici Ministarstva unutra\u0161njih poslova Republike Srpske https:\/\/mup.vladars.rs\/vtk-lat\/ .<\/p>\n<p>PU Prijedor<br \/>\nFoto &#8211; ilustracija<\/p>\n","protected":false},"excerpt":{"rendered":"<p>Policijski slu\u017ebenici Policijske stanice Novi Grad su 19.02.2026. godine izvr\u0161ili kriminalisti\u010dku obradu lica A.H. iz Bihac\u0301a, koje je prethodno u Bihac\u0301u li\u0161eno slobode, zbog postojanja osnova sumnje da je u [&hellip;]<\/p>\n","protected":false},"author":1,"featured_media":0,"comment_status":"closed","ping_status":"open","sticky":false,"template":"","format":"standard","meta":{"_monsterinsights_skip_tracking":false,"_monsterinsights_sitenote_active":false,"_monsterinsights_sitenote_note":"","_monsterinsights_sitenote_category":0,"footnotes":""},"categories":[5],"tags":[],"yoast_head":"<!-- This site is optimized with the Yoast SEO plugin v21.6 - https:\/\/yoast.com\/wordpress\/plugins\/seo\/ -->\n<title>PU Prijedor: Mu\u0161karac osumnji\u010den za prevaru, o\u0161te\u0107enoj \u017eeni sa ra\u010duna skinuo 2.100 KM - PrijedorDanas.com - Prijedorski gradski portal<\/title>\n<meta name=\"robots\" content=\"index, follow, max-snippet:-1, max-image-preview:large, max-video-preview:-1\" \/>\n<link rel=\"canonical\" href=\"https:\/\/www.prijedordanas.com\/?p=263397\" \/>\n<meta property=\"og:locale\" content=\"en_US\" \/>\n<meta property=\"og:type\" content=\"article\" \/>\n<meta property=\"og:title\" content=\"PU Prijedor: Mu\u0161karac osumnji\u010den za prevaru, o\u0161te\u0107enoj \u017eeni sa ra\u010duna skinuo 2.100 KM - PrijedorDanas.com - Prijedorski gradski portal\" \/>\n<meta property=\"og:description\" content=\"Policijski slu\u017ebenici Policijske stanice Novi Grad su 19.02.2026. godine izvr\u0161ili kriminalisti\u010dku obradu lica A.H. iz Bihac\u0301a, koje je prethodno u Bihac\u0301u li\u0161eno slobode, zbog postojanja osnova sumnje da je u [&hellip;]\" \/>\n<meta property=\"og:url\" content=\"https:\/\/www.prijedordanas.com\/?p=263397\" \/>\n<meta property=\"og:site_name\" content=\"PrijedorDanas.com - Prijedorski gradski portal\" \/>\n<meta property=\"article:publisher\" content=\"https:\/\/www.facebook.com\/PrijedorDanasCom\/\" \/>\n<meta property=\"article:published_time\" content=\"2026-02-20T17:47:40+00:00\" \/>\n<meta property=\"og:image\" content=\"https:\/\/www.prijedordanas.com\/wp-content\/uploads\/2021\/01\/nezavisne-policija-300x225.jpg\" \/>\n<meta name=\"author\" content=\"admin\" \/>\n<meta name=\"twitter:card\" content=\"summary_large_image\" \/>\n<meta name=\"twitter:label1\" content=\"Written by\" \/>\n\t<meta name=\"twitter:data1\" content=\"admin\" \/>\n<script type=\"application\/ld+json\" class=\"yoast-schema-graph\">{\"@context\":\"https:\/\/schema.org\",\"@graph\":[{\"@type\":\"Article\",\"@id\":\"https:\/\/www.prijedordanas.com\/?p=263397#article\",\"isPartOf\":{\"@id\":\"https:\/\/www.prijedordanas.com\/?p=263397\"},\"author\":{\"name\":\"admin\",\"@id\":\"https:\/\/www.prijedordanas.com\/#\/schema\/person\/4e08ccf29b506ca916ff86d46bb700e6\"},\"headline\":\"PU Prijedor: Mu\u0161karac osumnji\u010den za prevaru, o\u0161te\u0107enoj \u017eeni sa ra\u010duna skinuo 2.100 KM\",\"datePublished\":\"2026-02-20T17:47:40+00:00\",\"dateModified\":\"2026-02-20T17:47:40+00:00\",\"mainEntityOfPage\":{\"@id\":\"https:\/\/www.prijedordanas.com\/?p=263397\"},\"wordCount\":275,\"publisher\":{\"@id\":\"https:\/\/www.prijedordanas.com\/#organization\"},\"articleSection\":[\"Hronika\"],\"inLanguage\":\"en-US\"},{\"@type\":\"WebPage\",\"@id\":\"https:\/\/www.prijedordanas.com\/?p=263397\",\"url\":\"https:\/\/www.prijedordanas.com\/?p=263397\",\"name\":\"PU Prijedor: Mu\u0161karac osumnji\u010den za prevaru, o\u0161te\u0107enoj \u017eeni sa ra\u010duna skinuo 2.100 KM - PrijedorDanas.com - Prijedorski gradski portal\",\"isPartOf\":{\"@id\":\"https:\/\/www.prijedordanas.com\/#website\"},\"datePublished\":\"2026-02-20T17:47:40+00:00\",\"dateModified\":\"2026-02-20T17:47:40+00:00\",\"breadcrumb\":{\"@id\":\"https:\/\/www.prijedordanas.com\/?p=263397#breadcrumb\"},\"inLanguage\":\"en-US\",\"potentialAction\":[{\"@type\":\"ReadAction\",\"target\":[\"https:\/\/www.prijedordanas.com\/?p=263397\"]}]},{\"@type\":\"BreadcrumbList\",\"@id\":\"https:\/\/www.prijedordanas.com\/?p=263397#breadcrumb\",\"itemListElement\":[{\"@type\":\"ListItem\",\"position\":1,\"name\":\"Home\",\"item\":\"https:\/\/www.prijedordanas.com\/\"},{\"@type\":\"ListItem\",\"position\":2,\"name\":\"PU Prijedor: Mu\u0161karac osumnji\u010den za prevaru, o\u0161te\u0107enoj \u017eeni sa ra\u010duna skinuo 2.100 KM\"}]},{\"@type\":\"WebSite\",\"@id\":\"https:\/\/www.prijedordanas.com\/#website\",\"url\":\"https:\/\/www.prijedordanas.com\/\",\"name\":\"PrijedorDanas.com - Prijedorski gradski portal\",\"description\":\"Portal o doga\u0111anjima u gradu Prijedoru\",\"publisher\":{\"@id\":\"https:\/\/www.prijedordanas.com\/#organization\"},\"potentialAction\":[{\"@type\":\"SearchAction\",\"target\":{\"@type\":\"EntryPoint\",\"urlTemplate\":\"https:\/\/www.prijedordanas.com\/?s={search_term_string}\"},\"query-input\":\"required name=search_term_string\"}],\"inLanguage\":\"en-US\"},{\"@type\":\"Organization\",\"@id\":\"https:\/\/www.prijedordanas.com\/#organization\",\"name\":\"PrijedorDanas.com\",\"url\":\"https:\/\/www.prijedordanas.com\/\",\"logo\":{\"@type\":\"ImageObject\",\"inLanguage\":\"en-US\",\"@id\":\"https:\/\/www.prijedordanas.com\/#\/schema\/logo\/image\/\",\"url\":\"http:\/\/www.prijedordanas.com\/wp-content\/uploads\/2021\/12\/logopng.png\",\"contentUrl\":\"http:\/\/www.prijedordanas.com\/wp-content\/uploads\/2021\/12\/logopng.png\",\"width\":1019,\"height\":776,\"caption\":\"PrijedorDanas.com\"},\"image\":{\"@id\":\"https:\/\/www.prijedordanas.com\/#\/schema\/logo\/image\/\"},\"sameAs\":[\"https:\/\/www.facebook.com\/PrijedorDanasCom\/\"]},{\"@type\":\"Person\",\"@id\":\"https:\/\/www.prijedordanas.com\/#\/schema\/person\/4e08ccf29b506ca916ff86d46bb700e6\",\"name\":\"admin\",\"image\":{\"@type\":\"ImageObject\",\"inLanguage\":\"en-US\",\"@id\":\"https:\/\/www.prijedordanas.com\/#\/schema\/person\/image\/\",\"url\":\"https:\/\/secure.gravatar.com\/avatar\/1d3fc949d550f0b53a5f0d51e06dfd79?s=96&d=mm&r=g\",\"contentUrl\":\"https:\/\/secure.gravatar.com\/avatar\/1d3fc949d550f0b53a5f0d51e06dfd79?s=96&d=mm&r=g\",\"caption\":\"admin\"},\"url\":\"https:\/\/www.prijedordanas.com\/?author=1\"}]}<\/script>\n<!-- \/ Yoast SEO plugin. -->","yoast_head_json":{"title":"PU Prijedor: Mu\u0161karac osumnji\u010den za prevaru, o\u0161te\u0107enoj \u017eeni sa ra\u010duna skinuo 2.100 KM - PrijedorDanas.com - Prijedorski gradski portal","robots":{"index":"index","follow":"follow","max-snippet":"max-snippet:-1","max-image-preview":"max-image-preview:large","max-video-preview":"max-video-preview:-1"},"canonical":"https:\/\/www.prijedordanas.com\/?p=263397","og_locale":"en_US","og_type":"article","og_title":"PU Prijedor: Mu\u0161karac osumnji\u010den za prevaru, o\u0161te\u0107enoj \u017eeni sa ra\u010duna skinuo 2.100 KM - PrijedorDanas.com - Prijedorski gradski portal","og_description":"Policijski slu\u017ebenici Policijske stanice Novi Grad su 19.02.2026. godine izvr\u0161ili kriminalisti\u010dku obradu lica A.H. iz Bihac\u0301a, koje je prethodno u Bihac\u0301u li\u0161eno slobode, zbog postojanja osnova sumnje da je u [&hellip;]","og_url":"https:\/\/www.prijedordanas.com\/?p=263397","og_site_name":"PrijedorDanas.com - Prijedorski gradski portal","article_publisher":"https:\/\/www.facebook.com\/PrijedorDanasCom\/","article_published_time":"2026-02-20T17:47:40+00:00","og_image":[{"url":"https:\/\/www.prijedordanas.com\/wp-content\/uploads\/2021\/01\/nezavisne-policija-300x225.jpg"}],"author":"admin","twitter_card":"summary_large_image","twitter_misc":{"Written by":"admin"},"schema":{"@context":"https:\/\/schema.org","@graph":[{"@type":"Article","@id":"https:\/\/www.prijedordanas.com\/?p=263397#article","isPartOf":{"@id":"https:\/\/www.prijedordanas.com\/?p=263397"},"author":{"name":"admin","@id":"https:\/\/www.prijedordanas.com\/#\/schema\/person\/4e08ccf29b506ca916ff86d46bb700e6"},"headline":"PU Prijedor: Mu\u0161karac osumnji\u010den za prevaru, o\u0161te\u0107enoj \u017eeni sa ra\u010duna skinuo 2.100 KM","datePublished":"2026-02-20T17:47:40+00:00","dateModified":"2026-02-20T17:47:40+00:00","mainEntityOfPage":{"@id":"https:\/\/www.prijedordanas.com\/?p=263397"},"wordCount":275,"publisher":{"@id":"https:\/\/www.prijedordanas.com\/#organization"},"articleSection":["Hronika"],"inLanguage":"en-US"},{"@type":"WebPage","@id":"https:\/\/www.prijedordanas.com\/?p=263397","url":"https:\/\/www.prijedordanas.com\/?p=263397","name":"PU Prijedor: Mu\u0161karac osumnji\u010den za prevaru, o\u0161te\u0107enoj \u017eeni sa ra\u010duna skinuo 2.100 KM - PrijedorDanas.com - Prijedorski gradski portal","isPartOf":{"@id":"https:\/\/www.prijedordanas.com\/#website"},"datePublished":"2026-02-20T17:47:40+00:00","dateModified":"2026-02-20T17:47:40+00:00","breadcrumb":{"@id":"https:\/\/www.prijedordanas.com\/?p=263397#breadcrumb"},"inLanguage":"en-US","potentialAction":[{"@type":"ReadAction","target":["https:\/\/www.prijedordanas.com\/?p=263397"]}]},{"@type":"BreadcrumbList","@id":"https:\/\/www.prijedordanas.com\/?p=263397#breadcrumb","itemListElement":[{"@type":"ListItem","position":1,"name":"Home","item":"https:\/\/www.prijedordanas.com\/"},{"@type":"ListItem","position":2,"name":"PU Prijedor: Mu\u0161karac osumnji\u010den za prevaru, o\u0161te\u0107enoj \u017eeni sa ra\u010duna skinuo 2.100 KM"}]},{"@type":"WebSite","@id":"https:\/\/www.prijedordanas.com\/#website","url":"https:\/\/www.prijedordanas.com\/","name":"PrijedorDanas.com - Prijedorski gradski portal","description":"Portal o doga\u0111anjima u gradu Prijedoru","publisher":{"@id":"https:\/\/www.prijedordanas.com\/#organization"},"potentialAction":[{"@type":"SearchAction","target":{"@type":"EntryPoint","urlTemplate":"https:\/\/www.prijedordanas.com\/?s={search_term_string}"},"query-input":"required name=search_term_string"}],"inLanguage":"en-US"},{"@type":"Organization","@id":"https:\/\/www.prijedordanas.com\/#organization","name":"PrijedorDanas.com","url":"https:\/\/www.prijedordanas.com\/","logo":{"@type":"ImageObject","inLanguage":"en-US","@id":"https:\/\/www.prijedordanas.com\/#\/schema\/logo\/image\/","url":"http:\/\/www.prijedordanas.com\/wp-content\/uploads\/2021\/12\/logopng.png","contentUrl":"http:\/\/www.prijedordanas.com\/wp-content\/uploads\/2021\/12\/logopng.png","width":1019,"height":776,"caption":"PrijedorDanas.com"},"image":{"@id":"https:\/\/www.prijedordanas.com\/#\/schema\/logo\/image\/"},"sameAs":["https:\/\/www.facebook.com\/PrijedorDanasCom\/"]},{"@type":"Person","@id":"https:\/\/www.prijedordanas.com\/#\/schema\/person\/4e08ccf29b506ca916ff86d46bb700e6","name":"admin","image":{"@type":"ImageObject","inLanguage":"en-US","@id":"https:\/\/www.prijedordanas.com\/#\/schema\/person\/image\/","url":"https:\/\/secure.gravatar.com\/avatar\/1d3fc949d550f0b53a5f0d51e06dfd79?s=96&d=mm&r=g","contentUrl":"https:\/\/secure.gravatar.com\/avatar\/1d3fc949d550f0b53a5f0d51e06dfd79?s=96&d=mm&r=g","caption":"admin"},"url":"https:\/\/www.prijedordanas.com\/?author=1"}]}},"_links":{"self":[{"href":"https:\/\/www.prijedordanas.com\/index.php?rest_route=\/wp\/v2\/posts\/263397"}],"collection":[{"href":"https:\/\/www.prijedordanas.com\/index.php?rest_route=\/wp\/v2\/posts"}],"about":[{"href":"https:\/\/www.prijedordanas.com\/index.php?rest_route=\/wp\/v2\/types\/post"}],"author":[{"embeddable":true,"href":"https:\/\/www.prijedordanas.com\/index.php?rest_route=\/wp\/v2\/users\/1"}],"replies":[{"embeddable":true,"href":"https:\/\/www.prijedordanas.com\/index.php?rest_route=%2Fwp%2Fv2%2Fcomments&post=263397"}],"version-history":[{"count":1,"href":"https:\/\/www.prijedordanas.com\/index.php?rest_route=\/wp\/v2\/posts\/263397\/revisions"}],"predecessor-version":[{"id":263400,"href":"https:\/\/www.prijedordanas.com\/index.php?rest_route=\/wp\/v2\/posts\/263397\/revisions\/263400"}],"wp:attachment":[{"href":"https:\/\/www.prijedordanas.com\/index.php?rest_route=%2Fwp%2Fv2%2Fmedia&parent=263397"}],"wp:term":[{"taxonomy":"category","embeddable":true,"href":"https:\/\/www.prijedordanas.com\/index.php?rest_route=%2Fwp%2Fv2%2Fcategories&post=263397"},{"taxonomy":"post_tag","embeddable":true,"href":"https:\/\/www.prijedordanas.com\/index.php?rest_route=%2Fwp%2Fv2%2Ftags&post=263397"}],"curies":[{"name":"wp","href":"https:\/\/api.w.org\/{rel}","templated":true}]}}