{"id":26334,"date":"2015-07-21T18:42:52","date_gmt":"2015-07-21T17:42:52","guid":{"rendered":"https:\/\/www.prijedordanas.com\/?p=26334"},"modified":"2015-07-21T18:42:52","modified_gmt":"2015-07-21T17:42:52","slug":"rudar-prijedor-nista-od-povratka-sase-stevica","status":"publish","type":"post","link":"https:\/\/www.prijedordanas.com\/?p=26334","title":{"rendered":"RUDAR-PRIJEDOR: NI\u0160TA OD POVRATKA SA\u0160E STEVI\u0106A"},"content":{"rendered":"<p><a href=\"https:\/\/www.prijedordanas.com\/wp-content\/uploads\/2015\/07\/sasa-stevic.jpg\"><img loading=\"lazy\" decoding=\"async\" src=\"https:\/\/www.prijedordanas.com\/wp-content\/uploads\/2015\/07\/sasa-stevic-300x200.jpg\" alt=\"sasa stevic\" width=\"300\" height=\"200\" class=\"alignleft size-medium wp-image-26335\" srcset=\"https:\/\/www.prijedordanas.com\/wp-content\/uploads\/2015\/07\/sasa-stevic-300x200.jpg 300w, https:\/\/www.prijedordanas.com\/wp-content\/uploads\/2015\/07\/sasa-stevic-150x100.jpg 150w, https:\/\/www.prijedordanas.com\/wp-content\/uploads\/2015\/07\/sasa-stevic-200x133.jpg 200w, https:\/\/www.prijedordanas.com\/wp-content\/uploads\/2015\/07\/sasa-stevic-250x166.jpg 250w, https:\/\/www.prijedordanas.com\/wp-content\/uploads\/2015\/07\/sasa-stevic-480x320.jpg 480w, https:\/\/www.prijedordanas.com\/wp-content\/uploads\/2015\/07\/sasa-stevic.jpg 600w\" sizes=\"(max-width: 300px) 100vw, 300px\" \/><\/a>Svakog prelaznog roka ljubitelji fudbala u gradu na Sani pri\u010daju o povratku Sa\u0161e Stevi\u0107a u redove mati\u010dnog Rudar-Prijedora, novog-starog \u010dlana Premijer lige BiH. <\/p>\n<p>Tako je bilo i ovoga ljeta, ali se iskusni 34-godi\u0161nji igra\u010d, zapa\u017een svojevremeno u defanzivnim zadacima, koji je karijeru gradio u srpskim klubovima \u010da\u010danskom Borcu i zrenjaninskom Banatu, kao i u Finskoj, Rumuniji i Ukrajini, ipak ne\u0107e vratiti na Gradski stadion.<\/p>\n<p>-\u0160ef stru\u010dnog \u0161taba Boris Gavran zaklju\u010dio je spisak od 26 kandidata za prvi tim. Sa Stevi\u0107em uop\u0161te nije ni bilo razgovora o eventualnom anga\u017eovanju, pa od toga nema ni\u0161ta &#8211; kratko je obrazlo\u017eio sekretar Prijedor\u010dana Zijad \u010cani\u0107.<\/p>\n<p>Na\u017ealost, ne tako davno, me\u0111u \u201ezeleno-crne\u201c vra\u0107ali su se takvi istinski asovi poput Borislava Topi\u0107a i Zorana Milutinovi\u0107a, me\u0111utim, nisu se dugo zadr\u017eavali i ne ba\u0161 sa previ\u0161e volje tada\u0161njih \u010delnika da ih zadr\u017ee, Rudar Prijedor im je bio prolazna stanica. Dolazili su neki njima ni blizu ravni, ali \u201ecijena je pla\u0107ena\u201c ispadanjem iz elitnog ranga u koji je, poslije sezone provedene u Prvoj ligi Republike Srpske, izboren povratak.          <\/p>\n<p>Tekst  \u2013 Nenad \u0110eri\u0107\/Aleksandar Drakuli\u0107 \u2013 <a href=\"www.prijedordanas.com\" target=\"_blank\">www.prijedordanas.com<\/a><br \/>\nFoto \u2013 FC Volyn<\/p>\n","protected":false},"excerpt":{"rendered":"<p>Svakog prelaznog roka ljubitelji fudbala u gradu na Sani pri\u010daju o povratku Sa\u0161e Stevi\u0107a u redove mati\u010dnog Rudar-Prijedora, novog-starog \u010dlana Premijer lige BiH. Tako je bilo i ovoga ljeta, ali [&hellip;]<\/p>\n","protected":false},"author":1,"featured_media":0,"comment_status":"closed","ping_status":"open","sticky":false,"template":"","format":"standard","meta":{"_monsterinsights_skip_tracking":false,"_monsterinsights_sitenote_active":false,"_monsterinsights_sitenote_note":"","_monsterinsights_sitenote_category":0,"footnotes":""},"categories":[7],"tags":[221,4364],"yoast_head":"<!-- This site is optimized with the Yoast SEO plugin v21.6 - https:\/\/yoast.com\/wordpress\/plugins\/seo\/ -->\n<title>RUDAR-PRIJEDOR: NI\u0160TA OD POVRATKA SA\u0160E STEVI\u0106A - PrijedorDanas.com - Prijedorski gradski portal<\/title>\n<meta name=\"robots\" content=\"index, follow, max-snippet:-1, max-image-preview:large, max-video-preview:-1\" \/>\n<link rel=\"canonical\" href=\"https:\/\/www.prijedordanas.com\/?p=26334\" \/>\n<meta property=\"og:locale\" content=\"en_US\" \/>\n<meta property=\"og:type\" content=\"article\" \/>\n<meta property=\"og:title\" content=\"RUDAR-PRIJEDOR: NI\u0160TA OD POVRATKA SA\u0160E STEVI\u0106A - PrijedorDanas.com - Prijedorski gradski portal\" \/>\n<meta property=\"og:description\" content=\"Svakog prelaznog roka ljubitelji fudbala u gradu na Sani pri\u010daju o povratku Sa\u0161e Stevi\u0107a u redove mati\u010dnog Rudar-Prijedora, novog-starog \u010dlana Premijer lige BiH. Tako je bilo i ovoga ljeta, ali [&hellip;]\" \/>\n<meta property=\"og:url\" content=\"https:\/\/www.prijedordanas.com\/?p=26334\" \/>\n<meta property=\"og:site_name\" content=\"PrijedorDanas.com - Prijedorski gradski portal\" \/>\n<meta property=\"article:publisher\" content=\"https:\/\/www.facebook.com\/PrijedorDanasCom\/\" \/>\n<meta property=\"article:published_time\" content=\"2015-07-21T17:42:52+00:00\" \/>\n<meta property=\"og:image\" content=\"https:\/\/www.prijedordanas.com\/wp-content\/uploads\/2015\/07\/sasa-stevic-300x200.jpg\" \/>\n<meta name=\"author\" content=\"admin\" \/>\n<meta name=\"twitter:card\" content=\"summary_large_image\" \/>\n<meta name=\"twitter:label1\" content=\"Written by\" \/>\n\t<meta name=\"twitter:data1\" content=\"admin\" \/>\n\t<meta name=\"twitter:label2\" content=\"Est. reading time\" \/>\n\t<meta name=\"twitter:data2\" content=\"1 minute\" \/>\n<script type=\"application\/ld+json\" class=\"yoast-schema-graph\">{\"@context\":\"https:\/\/schema.org\",\"@graph\":[{\"@type\":\"Article\",\"@id\":\"https:\/\/www.prijedordanas.com\/?p=26334#article\",\"isPartOf\":{\"@id\":\"https:\/\/www.prijedordanas.com\/?p=26334\"},\"author\":{\"name\":\"admin\",\"@id\":\"https:\/\/www.prijedordanas.com\/#\/schema\/person\/4e08ccf29b506ca916ff86d46bb700e6\"},\"headline\":\"RUDAR-PRIJEDOR: NI\u0160TA OD POVRATKA SA\u0160E STEVI\u0106A\",\"datePublished\":\"2015-07-21T17:42:52+00:00\",\"dateModified\":\"2015-07-21T17:42:52+00:00\",\"mainEntityOfPage\":{\"@id\":\"https:\/\/www.prijedordanas.com\/?p=26334\"},\"wordCount\":217,\"publisher\":{\"@id\":\"https:\/\/www.prijedordanas.com\/#organization\"},\"keywords\":[\"Rudar-Prijedor\",\"Sa\u0161a Stevi\u0107\"],\"articleSection\":[\"Sport\"],\"inLanguage\":\"en-US\"},{\"@type\":\"WebPage\",\"@id\":\"https:\/\/www.prijedordanas.com\/?p=26334\",\"url\":\"https:\/\/www.prijedordanas.com\/?p=26334\",\"name\":\"RUDAR-PRIJEDOR: NI\u0160TA OD POVRATKA SA\u0160E STEVI\u0106A - PrijedorDanas.com - Prijedorski gradski portal\",\"isPartOf\":{\"@id\":\"https:\/\/www.prijedordanas.com\/#website\"},\"datePublished\":\"2015-07-21T17:42:52+00:00\",\"dateModified\":\"2015-07-21T17:42:52+00:00\",\"breadcrumb\":{\"@id\":\"https:\/\/www.prijedordanas.com\/?p=26334#breadcrumb\"},\"inLanguage\":\"en-US\",\"potentialAction\":[{\"@type\":\"ReadAction\",\"target\":[\"https:\/\/www.prijedordanas.com\/?p=26334\"]}]},{\"@type\":\"BreadcrumbList\",\"@id\":\"https:\/\/www.prijedordanas.com\/?p=26334#breadcrumb\",\"itemListElement\":[{\"@type\":\"ListItem\",\"position\":1,\"name\":\"Home\",\"item\":\"https:\/\/www.prijedordanas.com\/\"},{\"@type\":\"ListItem\",\"position\":2,\"name\":\"RUDAR-PRIJEDOR: NI\u0160TA OD POVRATKA SA\u0160E STEVI\u0106A\"}]},{\"@type\":\"WebSite\",\"@id\":\"https:\/\/www.prijedordanas.com\/#website\",\"url\":\"https:\/\/www.prijedordanas.com\/\",\"name\":\"PrijedorDanas.com - Prijedorski gradski portal\",\"description\":\"Portal o doga\u0111anjima u gradu Prijedoru\",\"publisher\":{\"@id\":\"https:\/\/www.prijedordanas.com\/#organization\"},\"potentialAction\":[{\"@type\":\"SearchAction\",\"target\":{\"@type\":\"EntryPoint\",\"urlTemplate\":\"https:\/\/www.prijedordanas.com\/?s={search_term_string}\"},\"query-input\":\"required name=search_term_string\"}],\"inLanguage\":\"en-US\"},{\"@type\":\"Organization\",\"@id\":\"https:\/\/www.prijedordanas.com\/#organization\",\"name\":\"PrijedorDanas.com\",\"url\":\"https:\/\/www.prijedordanas.com\/\",\"logo\":{\"@type\":\"ImageObject\",\"inLanguage\":\"en-US\",\"@id\":\"https:\/\/www.prijedordanas.com\/#\/schema\/logo\/image\/\",\"url\":\"http:\/\/www.prijedordanas.com\/wp-content\/uploads\/2021\/12\/logopng.png\",\"contentUrl\":\"http:\/\/www.prijedordanas.com\/wp-content\/uploads\/2021\/12\/logopng.png\",\"width\":1019,\"height\":776,\"caption\":\"PrijedorDanas.com\"},\"image\":{\"@id\":\"https:\/\/www.prijedordanas.com\/#\/schema\/logo\/image\/\"},\"sameAs\":[\"https:\/\/www.facebook.com\/PrijedorDanasCom\/\"]},{\"@type\":\"Person\",\"@id\":\"https:\/\/www.prijedordanas.com\/#\/schema\/person\/4e08ccf29b506ca916ff86d46bb700e6\",\"name\":\"admin\",\"image\":{\"@type\":\"ImageObject\",\"inLanguage\":\"en-US\",\"@id\":\"https:\/\/www.prijedordanas.com\/#\/schema\/person\/image\/\",\"url\":\"https:\/\/secure.gravatar.com\/avatar\/1d3fc949d550f0b53a5f0d51e06dfd79?s=96&d=mm&r=g\",\"contentUrl\":\"https:\/\/secure.gravatar.com\/avatar\/1d3fc949d550f0b53a5f0d51e06dfd79?s=96&d=mm&r=g\",\"caption\":\"admin\"},\"url\":\"https:\/\/www.prijedordanas.com\/?author=1\"}]}<\/script>\n<!-- \/ Yoast SEO plugin. -->","yoast_head_json":{"title":"RUDAR-PRIJEDOR: NI\u0160TA OD POVRATKA SA\u0160E STEVI\u0106A - PrijedorDanas.com - Prijedorski gradski portal","robots":{"index":"index","follow":"follow","max-snippet":"max-snippet:-1","max-image-preview":"max-image-preview:large","max-video-preview":"max-video-preview:-1"},"canonical":"https:\/\/www.prijedordanas.com\/?p=26334","og_locale":"en_US","og_type":"article","og_title":"RUDAR-PRIJEDOR: NI\u0160TA OD POVRATKA SA\u0160E STEVI\u0106A - PrijedorDanas.com - Prijedorski gradski portal","og_description":"Svakog prelaznog roka ljubitelji fudbala u gradu na Sani pri\u010daju o povratku Sa\u0161e Stevi\u0107a u redove mati\u010dnog Rudar-Prijedora, novog-starog \u010dlana Premijer lige BiH. Tako je bilo i ovoga ljeta, ali [&hellip;]","og_url":"https:\/\/www.prijedordanas.com\/?p=26334","og_site_name":"PrijedorDanas.com - Prijedorski gradski portal","article_publisher":"https:\/\/www.facebook.com\/PrijedorDanasCom\/","article_published_time":"2015-07-21T17:42:52+00:00","og_image":[{"url":"https:\/\/www.prijedordanas.com\/wp-content\/uploads\/2015\/07\/sasa-stevic-300x200.jpg"}],"author":"admin","twitter_card":"summary_large_image","twitter_misc":{"Written by":"admin","Est. reading time":"1 minute"},"schema":{"@context":"https:\/\/schema.org","@graph":[{"@type":"Article","@id":"https:\/\/www.prijedordanas.com\/?p=26334#article","isPartOf":{"@id":"https:\/\/www.prijedordanas.com\/?p=26334"},"author":{"name":"admin","@id":"https:\/\/www.prijedordanas.com\/#\/schema\/person\/4e08ccf29b506ca916ff86d46bb700e6"},"headline":"RUDAR-PRIJEDOR: NI\u0160TA OD POVRATKA SA\u0160E STEVI\u0106A","datePublished":"2015-07-21T17:42:52+00:00","dateModified":"2015-07-21T17:42:52+00:00","mainEntityOfPage":{"@id":"https:\/\/www.prijedordanas.com\/?p=26334"},"wordCount":217,"publisher":{"@id":"https:\/\/www.prijedordanas.com\/#organization"},"keywords":["Rudar-Prijedor","Sa\u0161a Stevi\u0107"],"articleSection":["Sport"],"inLanguage":"en-US"},{"@type":"WebPage","@id":"https:\/\/www.prijedordanas.com\/?p=26334","url":"https:\/\/www.prijedordanas.com\/?p=26334","name":"RUDAR-PRIJEDOR: NI\u0160TA OD POVRATKA SA\u0160E STEVI\u0106A - PrijedorDanas.com - Prijedorski gradski portal","isPartOf":{"@id":"https:\/\/www.prijedordanas.com\/#website"},"datePublished":"2015-07-21T17:42:52+00:00","dateModified":"2015-07-21T17:42:52+00:00","breadcrumb":{"@id":"https:\/\/www.prijedordanas.com\/?p=26334#breadcrumb"},"inLanguage":"en-US","potentialAction":[{"@type":"ReadAction","target":["https:\/\/www.prijedordanas.com\/?p=26334"]}]},{"@type":"BreadcrumbList","@id":"https:\/\/www.prijedordanas.com\/?p=26334#breadcrumb","itemListElement":[{"@type":"ListItem","position":1,"name":"Home","item":"https:\/\/www.prijedordanas.com\/"},{"@type":"ListItem","position":2,"name":"RUDAR-PRIJEDOR: NI\u0160TA OD POVRATKA SA\u0160E STEVI\u0106A"}]},{"@type":"WebSite","@id":"https:\/\/www.prijedordanas.com\/#website","url":"https:\/\/www.prijedordanas.com\/","name":"PrijedorDanas.com - Prijedorski gradski portal","description":"Portal o doga\u0111anjima u gradu Prijedoru","publisher":{"@id":"https:\/\/www.prijedordanas.com\/#organization"},"potentialAction":[{"@type":"SearchAction","target":{"@type":"EntryPoint","urlTemplate":"https:\/\/www.prijedordanas.com\/?s={search_term_string}"},"query-input":"required name=search_term_string"}],"inLanguage":"en-US"},{"@type":"Organization","@id":"https:\/\/www.prijedordanas.com\/#organization","name":"PrijedorDanas.com","url":"https:\/\/www.prijedordanas.com\/","logo":{"@type":"ImageObject","inLanguage":"en-US","@id":"https:\/\/www.prijedordanas.com\/#\/schema\/logo\/image\/","url":"http:\/\/www.prijedordanas.com\/wp-content\/uploads\/2021\/12\/logopng.png","contentUrl":"http:\/\/www.prijedordanas.com\/wp-content\/uploads\/2021\/12\/logopng.png","width":1019,"height":776,"caption":"PrijedorDanas.com"},"image":{"@id":"https:\/\/www.prijedordanas.com\/#\/schema\/logo\/image\/"},"sameAs":["https:\/\/www.facebook.com\/PrijedorDanasCom\/"]},{"@type":"Person","@id":"https:\/\/www.prijedordanas.com\/#\/schema\/person\/4e08ccf29b506ca916ff86d46bb700e6","name":"admin","image":{"@type":"ImageObject","inLanguage":"en-US","@id":"https:\/\/www.prijedordanas.com\/#\/schema\/person\/image\/","url":"https:\/\/secure.gravatar.com\/avatar\/1d3fc949d550f0b53a5f0d51e06dfd79?s=96&d=mm&r=g","contentUrl":"https:\/\/secure.gravatar.com\/avatar\/1d3fc949d550f0b53a5f0d51e06dfd79?s=96&d=mm&r=g","caption":"admin"},"url":"https:\/\/www.prijedordanas.com\/?author=1"}]}},"_links":{"self":[{"href":"https:\/\/www.prijedordanas.com\/index.php?rest_route=\/wp\/v2\/posts\/26334"}],"collection":[{"href":"https:\/\/www.prijedordanas.com\/index.php?rest_route=\/wp\/v2\/posts"}],"about":[{"href":"https:\/\/www.prijedordanas.com\/index.php?rest_route=\/wp\/v2\/types\/post"}],"author":[{"embeddable":true,"href":"https:\/\/www.prijedordanas.com\/index.php?rest_route=\/wp\/v2\/users\/1"}],"replies":[{"embeddable":true,"href":"https:\/\/www.prijedordanas.com\/index.php?rest_route=%2Fwp%2Fv2%2Fcomments&post=26334"}],"version-history":[{"count":1,"href":"https:\/\/www.prijedordanas.com\/index.php?rest_route=\/wp\/v2\/posts\/26334\/revisions"}],"predecessor-version":[{"id":26336,"href":"https:\/\/www.prijedordanas.com\/index.php?rest_route=\/wp\/v2\/posts\/26334\/revisions\/26336"}],"wp:attachment":[{"href":"https:\/\/www.prijedordanas.com\/index.php?rest_route=%2Fwp%2Fv2%2Fmedia&parent=26334"}],"wp:term":[{"taxonomy":"category","embeddable":true,"href":"https:\/\/www.prijedordanas.com\/index.php?rest_route=%2Fwp%2Fv2%2Fcategories&post=26334"},{"taxonomy":"post_tag","embeddable":true,"href":"https:\/\/www.prijedordanas.com\/index.php?rest_route=%2Fwp%2Fv2%2Ftags&post=26334"}],"curies":[{"name":"wp","href":"https:\/\/api.w.org\/{rel}","templated":true}]}}