{"id":262984,"date":"2026-02-14T11:33:50","date_gmt":"2026-02-14T10:33:50","guid":{"rendered":"https:\/\/www.prijedordanas.com\/?p=262984"},"modified":"2026-02-14T11:33:50","modified_gmt":"2026-02-14T10:33:50","slug":"derbi-u-prijedoru-kuglasi-rudara-docekuju-posusje","status":"publish","type":"post","link":"https:\/\/www.prijedordanas.com\/?p=262984","title":{"rendered":"Derbi u Prijedoru: Kugla\u0161i \u201cRudara\u201d do\u010dekuju \u201cPosu\u0161je\u201d"},"content":{"rendered":"<p><a href=\"https:\/\/www.prijedordanas.com\/wp-content\/uploads\/2026\/02\/rudar-zrinjski-6-2-7.jpg\"><img loading=\"lazy\" decoding=\"async\" src=\"https:\/\/www.prijedordanas.com\/wp-content\/uploads\/2026\/02\/rudar-zrinjski-6-2-7-300x225.jpg\" alt=\"\" width=\"300\" height=\"225\" class=\"alignleft size-medium wp-image-262230\" srcset=\"https:\/\/www.prijedordanas.com\/wp-content\/uploads\/2026\/02\/rudar-zrinjski-6-2-7-300x225.jpg 300w, https:\/\/www.prijedordanas.com\/wp-content\/uploads\/2026\/02\/rudar-zrinjski-6-2-7-640x480.jpg 640w, https:\/\/www.prijedordanas.com\/wp-content\/uploads\/2026\/02\/rudar-zrinjski-6-2-7.jpg 667w\" sizes=\"(max-width: 300px) 100vw, 300px\" \/><\/a>Izuzetno zanimljiva kugla\u0161ka sezona u Premijer ligi BiH.<\/p>\n<p>Za titulu se bore &#8220;Rudar&#8221; iz Kaknja, &#8220;Posu\u0161je&#8221; i &#8220;Rad&#8221; iz Br\u010dkog dok svoju \u0161ansu vreba i banjalu\u010dka &#8220;Ada&#8221;.<\/p>\n<p>Odlu\u010di\u0107e nijanse, mo\u017eda i poen koli\u010dnik, a za vode\u0107e ekipe zna\u010dajni su i dueli sa ostalim protivnicima.<\/p>\n<p>Ovog vikenda igraju se susreti 15. kola prvenstva.<\/p>\n<p>Jedan od derbija igra se i u Prijedoru.<\/p>\n<p>Na kuglani \u201cUrije\u201d u na\u0161em gradu, petoplasirani \u201cRudar\u201d \u0107e do\u010dekati aktuelnog \u0161ampiona, ekipu \u201cPosu\u0161ja\u201d.<\/p>\n<p>Doma\u0107a ekipa igra dobro ovog prolje\u0107a i ostvarila je tri pobjede.<\/p>\n<p>Sa druge strane protivnik je dugogodi\u0161nji \u0161ampion BiH koji predvode bra\u0107a Petric.<\/p>\n<p>Prijedor\u010dani se nadaju da mogu pomrsiti ra\u010dune ekipi &#8220;Posu\u0161ja&#8221; ali treba\u0107e im odli\u010dni nastupi svih prvotimaca.<\/p>\n<p>Susret se igra od 16 \u010dasova.<\/p>\n<p>Nadamo se dobrom me\u010du i pobjedi &#8220;Rudara&#8221;.<\/p>\n<p>Tekst i foto arhiva &#8211; Aleksandar Drakuli\u0107 &#8211; <a href=\"https:\/\/www.prijedordanas.com\" target=\"_blank\" rel=\"noopener noreferrer\">www.prijedordanas.com<\/a><\/p>\n","protected":false},"excerpt":{"rendered":"<p>Izuzetno zanimljiva kugla\u0161ka sezona u Premijer ligi BiH. Za titulu se bore &#8220;Rudar&#8221; iz Kaknja, &#8220;Posu\u0161je&#8221; i &#8220;Rad&#8221; iz Br\u010dkog dok svoju \u0161ansu vreba i banjalu\u010dka &#8220;Ada&#8221;. Odlu\u010di\u0107e nijanse, mo\u017eda [&hellip;]<\/p>\n","protected":false},"author":1,"featured_media":0,"comment_status":"closed","ping_status":"open","sticky":false,"template":"","format":"standard","meta":{"_monsterinsights_skip_tracking":false,"_monsterinsights_sitenote_active":false,"_monsterinsights_sitenote_note":"","_monsterinsights_sitenote_category":0,"footnotes":""},"categories":[7],"tags":[],"yoast_head":"<!-- This site is optimized with the Yoast SEO plugin v21.6 - https:\/\/yoast.com\/wordpress\/plugins\/seo\/ -->\n<title>Derbi u Prijedoru: Kugla\u0161i \u201cRudara\u201d do\u010dekuju \u201cPosu\u0161je\u201d - PrijedorDanas.com - Prijedorski gradski portal<\/title>\n<meta name=\"robots\" content=\"index, follow, max-snippet:-1, max-image-preview:large, max-video-preview:-1\" \/>\n<link rel=\"canonical\" href=\"https:\/\/www.prijedordanas.com\/?p=262984\" \/>\n<meta property=\"og:locale\" content=\"en_US\" \/>\n<meta property=\"og:type\" content=\"article\" \/>\n<meta property=\"og:title\" content=\"Derbi u Prijedoru: Kugla\u0161i \u201cRudara\u201d do\u010dekuju \u201cPosu\u0161je\u201d - PrijedorDanas.com - Prijedorski gradski portal\" \/>\n<meta property=\"og:description\" content=\"Izuzetno zanimljiva kugla\u0161ka sezona u Premijer ligi BiH. Za titulu se bore &#8220;Rudar&#8221; iz Kaknja, &#8220;Posu\u0161je&#8221; i &#8220;Rad&#8221; iz Br\u010dkog dok svoju \u0161ansu vreba i banjalu\u010dka &#8220;Ada&#8221;. Odlu\u010di\u0107e nijanse, mo\u017eda [&hellip;]\" \/>\n<meta property=\"og:url\" content=\"https:\/\/www.prijedordanas.com\/?p=262984\" \/>\n<meta property=\"og:site_name\" content=\"PrijedorDanas.com - Prijedorski gradski portal\" \/>\n<meta property=\"article:publisher\" content=\"https:\/\/www.facebook.com\/PrijedorDanasCom\/\" \/>\n<meta property=\"article:published_time\" content=\"2026-02-14T10:33:50+00:00\" \/>\n<meta property=\"og:image\" content=\"https:\/\/www.prijedordanas.com\/wp-content\/uploads\/2026\/02\/rudar-zrinjski-6-2-7-300x225.jpg\" \/>\n<meta name=\"author\" content=\"admin\" \/>\n<meta name=\"twitter:card\" content=\"summary_large_image\" \/>\n<meta name=\"twitter:label1\" content=\"Written by\" \/>\n\t<meta name=\"twitter:data1\" content=\"admin\" \/>\n<script type=\"application\/ld+json\" class=\"yoast-schema-graph\">{\"@context\":\"https:\/\/schema.org\",\"@graph\":[{\"@type\":\"Article\",\"@id\":\"https:\/\/www.prijedordanas.com\/?p=262984#article\",\"isPartOf\":{\"@id\":\"https:\/\/www.prijedordanas.com\/?p=262984\"},\"author\":{\"name\":\"admin\",\"@id\":\"https:\/\/www.prijedordanas.com\/#\/schema\/person\/4e08ccf29b506ca916ff86d46bb700e6\"},\"headline\":\"Derbi u Prijedoru: Kugla\u0161i \u201cRudara\u201d do\u010dekuju \u201cPosu\u0161je\u201d\",\"datePublished\":\"2026-02-14T10:33:50+00:00\",\"dateModified\":\"2026-02-14T10:33:50+00:00\",\"mainEntityOfPage\":{\"@id\":\"https:\/\/www.prijedordanas.com\/?p=262984\"},\"wordCount\":168,\"publisher\":{\"@id\":\"https:\/\/www.prijedordanas.com\/#organization\"},\"articleSection\":[\"Sport\"],\"inLanguage\":\"en-US\"},{\"@type\":\"WebPage\",\"@id\":\"https:\/\/www.prijedordanas.com\/?p=262984\",\"url\":\"https:\/\/www.prijedordanas.com\/?p=262984\",\"name\":\"Derbi u Prijedoru: Kugla\u0161i \u201cRudara\u201d do\u010dekuju \u201cPosu\u0161je\u201d - PrijedorDanas.com - Prijedorski gradski portal\",\"isPartOf\":{\"@id\":\"https:\/\/www.prijedordanas.com\/#website\"},\"datePublished\":\"2026-02-14T10:33:50+00:00\",\"dateModified\":\"2026-02-14T10:33:50+00:00\",\"breadcrumb\":{\"@id\":\"https:\/\/www.prijedordanas.com\/?p=262984#breadcrumb\"},\"inLanguage\":\"en-US\",\"potentialAction\":[{\"@type\":\"ReadAction\",\"target\":[\"https:\/\/www.prijedordanas.com\/?p=262984\"]}]},{\"@type\":\"BreadcrumbList\",\"@id\":\"https:\/\/www.prijedordanas.com\/?p=262984#breadcrumb\",\"itemListElement\":[{\"@type\":\"ListItem\",\"position\":1,\"name\":\"Home\",\"item\":\"https:\/\/www.prijedordanas.com\/\"},{\"@type\":\"ListItem\",\"position\":2,\"name\":\"Derbi u Prijedoru: Kugla\u0161i \u201cRudara\u201d do\u010dekuju \u201cPosu\u0161je\u201d\"}]},{\"@type\":\"WebSite\",\"@id\":\"https:\/\/www.prijedordanas.com\/#website\",\"url\":\"https:\/\/www.prijedordanas.com\/\",\"name\":\"PrijedorDanas.com - Prijedorski gradski portal\",\"description\":\"Portal o doga\u0111anjima u gradu Prijedoru\",\"publisher\":{\"@id\":\"https:\/\/www.prijedordanas.com\/#organization\"},\"potentialAction\":[{\"@type\":\"SearchAction\",\"target\":{\"@type\":\"EntryPoint\",\"urlTemplate\":\"https:\/\/www.prijedordanas.com\/?s={search_term_string}\"},\"query-input\":\"required name=search_term_string\"}],\"inLanguage\":\"en-US\"},{\"@type\":\"Organization\",\"@id\":\"https:\/\/www.prijedordanas.com\/#organization\",\"name\":\"PrijedorDanas.com\",\"url\":\"https:\/\/www.prijedordanas.com\/\",\"logo\":{\"@type\":\"ImageObject\",\"inLanguage\":\"en-US\",\"@id\":\"https:\/\/www.prijedordanas.com\/#\/schema\/logo\/image\/\",\"url\":\"http:\/\/www.prijedordanas.com\/wp-content\/uploads\/2021\/12\/logopng.png\",\"contentUrl\":\"http:\/\/www.prijedordanas.com\/wp-content\/uploads\/2021\/12\/logopng.png\",\"width\":1019,\"height\":776,\"caption\":\"PrijedorDanas.com\"},\"image\":{\"@id\":\"https:\/\/www.prijedordanas.com\/#\/schema\/logo\/image\/\"},\"sameAs\":[\"https:\/\/www.facebook.com\/PrijedorDanasCom\/\"]},{\"@type\":\"Person\",\"@id\":\"https:\/\/www.prijedordanas.com\/#\/schema\/person\/4e08ccf29b506ca916ff86d46bb700e6\",\"name\":\"admin\",\"image\":{\"@type\":\"ImageObject\",\"inLanguage\":\"en-US\",\"@id\":\"https:\/\/www.prijedordanas.com\/#\/schema\/person\/image\/\",\"url\":\"https:\/\/secure.gravatar.com\/avatar\/1d3fc949d550f0b53a5f0d51e06dfd79?s=96&d=mm&r=g\",\"contentUrl\":\"https:\/\/secure.gravatar.com\/avatar\/1d3fc949d550f0b53a5f0d51e06dfd79?s=96&d=mm&r=g\",\"caption\":\"admin\"},\"url\":\"https:\/\/www.prijedordanas.com\/?author=1\"}]}<\/script>\n<!-- \/ Yoast SEO plugin. -->","yoast_head_json":{"title":"Derbi u Prijedoru: Kugla\u0161i \u201cRudara\u201d do\u010dekuju \u201cPosu\u0161je\u201d - PrijedorDanas.com - Prijedorski gradski portal","robots":{"index":"index","follow":"follow","max-snippet":"max-snippet:-1","max-image-preview":"max-image-preview:large","max-video-preview":"max-video-preview:-1"},"canonical":"https:\/\/www.prijedordanas.com\/?p=262984","og_locale":"en_US","og_type":"article","og_title":"Derbi u Prijedoru: Kugla\u0161i \u201cRudara\u201d do\u010dekuju \u201cPosu\u0161je\u201d - PrijedorDanas.com - Prijedorski gradski portal","og_description":"Izuzetno zanimljiva kugla\u0161ka sezona u Premijer ligi BiH. Za titulu se bore &#8220;Rudar&#8221; iz Kaknja, &#8220;Posu\u0161je&#8221; i &#8220;Rad&#8221; iz Br\u010dkog dok svoju \u0161ansu vreba i banjalu\u010dka &#8220;Ada&#8221;. Odlu\u010di\u0107e nijanse, mo\u017eda [&hellip;]","og_url":"https:\/\/www.prijedordanas.com\/?p=262984","og_site_name":"PrijedorDanas.com - Prijedorski gradski portal","article_publisher":"https:\/\/www.facebook.com\/PrijedorDanasCom\/","article_published_time":"2026-02-14T10:33:50+00:00","og_image":[{"url":"https:\/\/www.prijedordanas.com\/wp-content\/uploads\/2026\/02\/rudar-zrinjski-6-2-7-300x225.jpg"}],"author":"admin","twitter_card":"summary_large_image","twitter_misc":{"Written by":"admin"},"schema":{"@context":"https:\/\/schema.org","@graph":[{"@type":"Article","@id":"https:\/\/www.prijedordanas.com\/?p=262984#article","isPartOf":{"@id":"https:\/\/www.prijedordanas.com\/?p=262984"},"author":{"name":"admin","@id":"https:\/\/www.prijedordanas.com\/#\/schema\/person\/4e08ccf29b506ca916ff86d46bb700e6"},"headline":"Derbi u Prijedoru: Kugla\u0161i \u201cRudara\u201d do\u010dekuju \u201cPosu\u0161je\u201d","datePublished":"2026-02-14T10:33:50+00:00","dateModified":"2026-02-14T10:33:50+00:00","mainEntityOfPage":{"@id":"https:\/\/www.prijedordanas.com\/?p=262984"},"wordCount":168,"publisher":{"@id":"https:\/\/www.prijedordanas.com\/#organization"},"articleSection":["Sport"],"inLanguage":"en-US"},{"@type":"WebPage","@id":"https:\/\/www.prijedordanas.com\/?p=262984","url":"https:\/\/www.prijedordanas.com\/?p=262984","name":"Derbi u Prijedoru: Kugla\u0161i \u201cRudara\u201d do\u010dekuju \u201cPosu\u0161je\u201d - PrijedorDanas.com - Prijedorski gradski portal","isPartOf":{"@id":"https:\/\/www.prijedordanas.com\/#website"},"datePublished":"2026-02-14T10:33:50+00:00","dateModified":"2026-02-14T10:33:50+00:00","breadcrumb":{"@id":"https:\/\/www.prijedordanas.com\/?p=262984#breadcrumb"},"inLanguage":"en-US","potentialAction":[{"@type":"ReadAction","target":["https:\/\/www.prijedordanas.com\/?p=262984"]}]},{"@type":"BreadcrumbList","@id":"https:\/\/www.prijedordanas.com\/?p=262984#breadcrumb","itemListElement":[{"@type":"ListItem","position":1,"name":"Home","item":"https:\/\/www.prijedordanas.com\/"},{"@type":"ListItem","position":2,"name":"Derbi u Prijedoru: Kugla\u0161i \u201cRudara\u201d do\u010dekuju \u201cPosu\u0161je\u201d"}]},{"@type":"WebSite","@id":"https:\/\/www.prijedordanas.com\/#website","url":"https:\/\/www.prijedordanas.com\/","name":"PrijedorDanas.com - Prijedorski gradski portal","description":"Portal o doga\u0111anjima u gradu Prijedoru","publisher":{"@id":"https:\/\/www.prijedordanas.com\/#organization"},"potentialAction":[{"@type":"SearchAction","target":{"@type":"EntryPoint","urlTemplate":"https:\/\/www.prijedordanas.com\/?s={search_term_string}"},"query-input":"required name=search_term_string"}],"inLanguage":"en-US"},{"@type":"Organization","@id":"https:\/\/www.prijedordanas.com\/#organization","name":"PrijedorDanas.com","url":"https:\/\/www.prijedordanas.com\/","logo":{"@type":"ImageObject","inLanguage":"en-US","@id":"https:\/\/www.prijedordanas.com\/#\/schema\/logo\/image\/","url":"http:\/\/www.prijedordanas.com\/wp-content\/uploads\/2021\/12\/logopng.png","contentUrl":"http:\/\/www.prijedordanas.com\/wp-content\/uploads\/2021\/12\/logopng.png","width":1019,"height":776,"caption":"PrijedorDanas.com"},"image":{"@id":"https:\/\/www.prijedordanas.com\/#\/schema\/logo\/image\/"},"sameAs":["https:\/\/www.facebook.com\/PrijedorDanasCom\/"]},{"@type":"Person","@id":"https:\/\/www.prijedordanas.com\/#\/schema\/person\/4e08ccf29b506ca916ff86d46bb700e6","name":"admin","image":{"@type":"ImageObject","inLanguage":"en-US","@id":"https:\/\/www.prijedordanas.com\/#\/schema\/person\/image\/","url":"https:\/\/secure.gravatar.com\/avatar\/1d3fc949d550f0b53a5f0d51e06dfd79?s=96&d=mm&r=g","contentUrl":"https:\/\/secure.gravatar.com\/avatar\/1d3fc949d550f0b53a5f0d51e06dfd79?s=96&d=mm&r=g","caption":"admin"},"url":"https:\/\/www.prijedordanas.com\/?author=1"}]}},"_links":{"self":[{"href":"https:\/\/www.prijedordanas.com\/index.php?rest_route=\/wp\/v2\/posts\/262984"}],"collection":[{"href":"https:\/\/www.prijedordanas.com\/index.php?rest_route=\/wp\/v2\/posts"}],"about":[{"href":"https:\/\/www.prijedordanas.com\/index.php?rest_route=\/wp\/v2\/types\/post"}],"author":[{"embeddable":true,"href":"https:\/\/www.prijedordanas.com\/index.php?rest_route=\/wp\/v2\/users\/1"}],"replies":[{"embeddable":true,"href":"https:\/\/www.prijedordanas.com\/index.php?rest_route=%2Fwp%2Fv2%2Fcomments&post=262984"}],"version-history":[{"count":1,"href":"https:\/\/www.prijedordanas.com\/index.php?rest_route=\/wp\/v2\/posts\/262984\/revisions"}],"predecessor-version":[{"id":262985,"href":"https:\/\/www.prijedordanas.com\/index.php?rest_route=\/wp\/v2\/posts\/262984\/revisions\/262985"}],"wp:attachment":[{"href":"https:\/\/www.prijedordanas.com\/index.php?rest_route=%2Fwp%2Fv2%2Fmedia&parent=262984"}],"wp:term":[{"taxonomy":"category","embeddable":true,"href":"https:\/\/www.prijedordanas.com\/index.php?rest_route=%2Fwp%2Fv2%2Fcategories&post=262984"},{"taxonomy":"post_tag","embeddable":true,"href":"https:\/\/www.prijedordanas.com\/index.php?rest_route=%2Fwp%2Fv2%2Ftags&post=262984"}],"curies":[{"name":"wp","href":"https:\/\/api.w.org\/{rel}","templated":true}]}}