{"id":262684,"date":"2026-02-09T12:23:59","date_gmt":"2026-02-09T11:23:59","guid":{"rendered":"https:\/\/www.prijedordanas.com\/?p=262684"},"modified":"2026-02-09T12:23:59","modified_gmt":"2026-02-09T11:23:59","slug":"treci-vezani-trijumf-kuglasa-rudara-prijedorcani-slavili-protiv-hercegovca-video","status":"publish","type":"post","link":"https:\/\/www.prijedordanas.com\/?p=262684","title":{"rendered":"Tre\u0107i vezani trijumf kugla\u0161a &#8220;Rudara&#8221;: Prijedor\u010dani slavili protiv &#8220;Hercegovca&#8221; &#8211; VIDEO"},"content":{"rendered":"<p><a href=\"https:\/\/www.prijedordanas.com\/wp-content\/uploads\/2026\/02\/hercegovac-rudar-3-5-1.jpg\"><img loading=\"lazy\" decoding=\"async\" class=\"alignleft size-medium wp-image-262685\" src=\"https:\/\/www.prijedordanas.com\/wp-content\/uploads\/2026\/02\/hercegovac-rudar-3-5-1-300x225.jpg\" alt=\"\" width=\"300\" height=\"225\" srcset=\"https:\/\/www.prijedordanas.com\/wp-content\/uploads\/2026\/02\/hercegovac-rudar-3-5-1-300x225.jpg 300w, https:\/\/www.prijedordanas.com\/wp-content\/uploads\/2026\/02\/hercegovac-rudar-3-5-1-640x480.jpg 640w, https:\/\/www.prijedordanas.com\/wp-content\/uploads\/2026\/02\/hercegovac-rudar-3-5-1.jpg 667w\" sizes=\"(max-width: 300px) 100vw, 300px\" \/><\/a>Kugla\u0161i prijedorskog \u201cRudara\u201d ostvarili su i tre\u0107u uzastopnu pobjedu u 14. kolu Premijer lige BiH gostuju\u0107i u Mostaru ekipi \u201cHercegovca\u201d iz Bile\u0107e.<\/p>\n<p>Rezultat od 5:3 u korist \u201cRudara\u201d, ili u \u010dunjevima 3392:3305, ne govori koliko je &#8220;Rudar&#8221; prili\u010dno sigurno kontrolisao utakmicu.<\/p>\n<p>Eventualnu neizvjesnost oko krajnjeg ishoda otklonili su najbolja dva pojedinca susreta, ponovo najbolji Sini\u0161a Kne\u017eevi\u0107 (623), te prvi do njega Sini\u0161a Miljatovi\u0107 (592) koji lagano pobe\u0111uju svoje protivnike i prave na startu, ispostavi\u0107e se, nedosti\u017enu razliku.<\/p>\n<p>U drugom bloku \u201cRudareva\u201d kombinacija Miodrag Trklja \/Mirza Dedi\u0107 (529) osvajaju tre\u0107i me\u010d poen i tako fakti\u010dki stavljaju ta\u010dku na i.<\/p>\n<p><a href=\"https:\/\/www.prijedordanas.com\/wp-content\/uploads\/2026\/02\/hercegovac-rudar-3-5-2.jpg\"><img loading=\"lazy\" decoding=\"async\" src=\"https:\/\/www.prijedordanas.com\/wp-content\/uploads\/2026\/02\/hercegovac-rudar-3-5-2-300x225.jpg\" alt=\"\" width=\"300\" height=\"225\" class=\"alignleft size-medium wp-image-262686\" srcset=\"https:\/\/www.prijedordanas.com\/wp-content\/uploads\/2026\/02\/hercegovac-rudar-3-5-2-300x225.jpg 300w, https:\/\/www.prijedordanas.com\/wp-content\/uploads\/2026\/02\/hercegovac-rudar-3-5-2-640x480.jpg 640w, https:\/\/www.prijedordanas.com\/wp-content\/uploads\/2026\/02\/hercegovac-rudar-3-5-2.jpg 667w\" sizes=\"(max-width: 300px) 100vw, 300px\" \/><\/a>Ni tri odli\u010dna izdanja \u201cHecegovca\u201d u pobjedi Petra Kozjaka (584) protiv Marka Majki\u0107a (556), Samard\u017ei\u0107 Branka (584), protiv kombinacije Marko Trklja \/Zvjezdan Babi\u0107 (527) i najboljeg u njihovim redovima Vojnovi\u0107 Predraga (588) protiv Sr\u0111ana Stojan\u010di\u0107a (565) nisu dovoljni za ne\u0161to vi\u0161e od \u010dasnog poraza.<\/p>\n<p>Sa 16 osvojenih bodova \u201cRudar\u201d je i dalje na petom mjestu prvenstve tabele.<\/p>\n<p>\u201cRudar\u201d u narednom kolu do\u010dekuje ekipu \u201cPosu\u0161ja\u201d, vi\u0161estrukog prvaka BiH.<\/p>\n<p><a href=\"https:\/\/kozarski.com\/treci-vezani-trijumf-kuglasa-rudara\/\" target=\"_blank\" rel=\"noopener\">kozarski.com<\/a><\/p>\n<p><iframe loading=\"lazy\" title=\"KK  HERCEGOVAC VS KK RUDAR PRIJEDOR\" width=\"500\" height=\"281\" src=\"https:\/\/www.youtube.com\/embed\/aJY3MrHzqBA?feature=oembed\" frameborder=\"0\" allow=\"accelerometer; autoplay; clipboard-write; encrypted-media; gyroscope; picture-in-picture; web-share\" referrerpolicy=\"strict-origin-when-cross-origin\" allowfullscreen><\/iframe><\/p>\n","protected":false},"excerpt":{"rendered":"<p>Kugla\u0161i prijedorskog \u201cRudara\u201d ostvarili su i tre\u0107u uzastopnu pobjedu u 14. kolu Premijer lige BiH gostuju\u0107i u Mostaru ekipi \u201cHercegovca\u201d iz Bile\u0107e. Rezultat od 5:3 u korist \u201cRudara\u201d, ili u [&hellip;]<\/p>\n","protected":false},"author":1,"featured_media":0,"comment_status":"closed","ping_status":"open","sticky":false,"template":"","format":"standard","meta":{"_monsterinsights_skip_tracking":false,"_monsterinsights_sitenote_active":false,"_monsterinsights_sitenote_note":"","_monsterinsights_sitenote_category":0,"footnotes":""},"categories":[7],"tags":[],"yoast_head":"<!-- This site is optimized with the Yoast SEO plugin v21.6 - https:\/\/yoast.com\/wordpress\/plugins\/seo\/ -->\n<title>Tre\u0107i vezani trijumf kugla\u0161a &quot;Rudara&quot;: Prijedor\u010dani slavili protiv &quot;Hercegovca&quot; - VIDEO - PrijedorDanas.com - Prijedorski gradski portal<\/title>\n<meta name=\"robots\" content=\"index, follow, max-snippet:-1, max-image-preview:large, max-video-preview:-1\" \/>\n<link rel=\"canonical\" href=\"https:\/\/www.prijedordanas.com\/?p=262684\" \/>\n<meta property=\"og:locale\" content=\"en_US\" \/>\n<meta property=\"og:type\" content=\"article\" \/>\n<meta property=\"og:title\" content=\"Tre\u0107i vezani trijumf kugla\u0161a &quot;Rudara&quot;: Prijedor\u010dani slavili protiv &quot;Hercegovca&quot; - VIDEO - PrijedorDanas.com - Prijedorski gradski portal\" \/>\n<meta property=\"og:description\" content=\"Kugla\u0161i prijedorskog \u201cRudara\u201d ostvarili su i tre\u0107u uzastopnu pobjedu u 14. kolu Premijer lige BiH gostuju\u0107i u Mostaru ekipi \u201cHercegovca\u201d iz Bile\u0107e. Rezultat od 5:3 u korist \u201cRudara\u201d, ili u [&hellip;]\" \/>\n<meta property=\"og:url\" content=\"https:\/\/www.prijedordanas.com\/?p=262684\" \/>\n<meta property=\"og:site_name\" content=\"PrijedorDanas.com - Prijedorski gradski portal\" \/>\n<meta property=\"article:publisher\" content=\"https:\/\/www.facebook.com\/PrijedorDanasCom\/\" \/>\n<meta property=\"article:published_time\" content=\"2026-02-09T11:23:59+00:00\" \/>\n<meta property=\"og:image\" content=\"https:\/\/www.prijedordanas.com\/wp-content\/uploads\/2026\/02\/hercegovac-rudar-3-5-1-300x225.jpg\" \/>\n<meta name=\"author\" content=\"admin\" \/>\n<meta name=\"twitter:card\" content=\"summary_large_image\" \/>\n<meta name=\"twitter:label1\" content=\"Written by\" \/>\n\t<meta name=\"twitter:data1\" content=\"admin\" \/>\n\t<meta name=\"twitter:label2\" content=\"Est. reading time\" \/>\n\t<meta name=\"twitter:data2\" content=\"1 minute\" \/>\n<script type=\"application\/ld+json\" class=\"yoast-schema-graph\">{\"@context\":\"https:\/\/schema.org\",\"@graph\":[{\"@type\":\"Article\",\"@id\":\"https:\/\/www.prijedordanas.com\/?p=262684#article\",\"isPartOf\":{\"@id\":\"https:\/\/www.prijedordanas.com\/?p=262684\"},\"author\":{\"name\":\"admin\",\"@id\":\"https:\/\/www.prijedordanas.com\/#\/schema\/person\/4e08ccf29b506ca916ff86d46bb700e6\"},\"headline\":\"Tre\u0107i vezani trijumf kugla\u0161a &#8220;Rudara&#8221;: Prijedor\u010dani slavili protiv &#8220;Hercegovca&#8221; &#8211; VIDEO\",\"datePublished\":\"2026-02-09T11:23:59+00:00\",\"dateModified\":\"2026-02-09T11:23:59+00:00\",\"mainEntityOfPage\":{\"@id\":\"https:\/\/www.prijedordanas.com\/?p=262684\"},\"wordCount\":203,\"publisher\":{\"@id\":\"https:\/\/www.prijedordanas.com\/#organization\"},\"articleSection\":[\"Sport\"],\"inLanguage\":\"en-US\"},{\"@type\":\"WebPage\",\"@id\":\"https:\/\/www.prijedordanas.com\/?p=262684\",\"url\":\"https:\/\/www.prijedordanas.com\/?p=262684\",\"name\":\"Tre\u0107i vezani trijumf kugla\u0161a \\\"Rudara\\\": Prijedor\u010dani slavili protiv \\\"Hercegovca\\\" - VIDEO - PrijedorDanas.com - Prijedorski gradski portal\",\"isPartOf\":{\"@id\":\"https:\/\/www.prijedordanas.com\/#website\"},\"datePublished\":\"2026-02-09T11:23:59+00:00\",\"dateModified\":\"2026-02-09T11:23:59+00:00\",\"breadcrumb\":{\"@id\":\"https:\/\/www.prijedordanas.com\/?p=262684#breadcrumb\"},\"inLanguage\":\"en-US\",\"potentialAction\":[{\"@type\":\"ReadAction\",\"target\":[\"https:\/\/www.prijedordanas.com\/?p=262684\"]}]},{\"@type\":\"BreadcrumbList\",\"@id\":\"https:\/\/www.prijedordanas.com\/?p=262684#breadcrumb\",\"itemListElement\":[{\"@type\":\"ListItem\",\"position\":1,\"name\":\"Home\",\"item\":\"https:\/\/www.prijedordanas.com\/\"},{\"@type\":\"ListItem\",\"position\":2,\"name\":\"Tre\u0107i vezani trijumf kugla\u0161a &#8220;Rudara&#8221;: Prijedor\u010dani slavili protiv &#8220;Hercegovca&#8221; &#8211; VIDEO\"}]},{\"@type\":\"WebSite\",\"@id\":\"https:\/\/www.prijedordanas.com\/#website\",\"url\":\"https:\/\/www.prijedordanas.com\/\",\"name\":\"PrijedorDanas.com - Prijedorski gradski portal\",\"description\":\"Portal o doga\u0111anjima u gradu Prijedoru\",\"publisher\":{\"@id\":\"https:\/\/www.prijedordanas.com\/#organization\"},\"potentialAction\":[{\"@type\":\"SearchAction\",\"target\":{\"@type\":\"EntryPoint\",\"urlTemplate\":\"https:\/\/www.prijedordanas.com\/?s={search_term_string}\"},\"query-input\":\"required name=search_term_string\"}],\"inLanguage\":\"en-US\"},{\"@type\":\"Organization\",\"@id\":\"https:\/\/www.prijedordanas.com\/#organization\",\"name\":\"PrijedorDanas.com\",\"url\":\"https:\/\/www.prijedordanas.com\/\",\"logo\":{\"@type\":\"ImageObject\",\"inLanguage\":\"en-US\",\"@id\":\"https:\/\/www.prijedordanas.com\/#\/schema\/logo\/image\/\",\"url\":\"http:\/\/www.prijedordanas.com\/wp-content\/uploads\/2021\/12\/logopng.png\",\"contentUrl\":\"http:\/\/www.prijedordanas.com\/wp-content\/uploads\/2021\/12\/logopng.png\",\"width\":1019,\"height\":776,\"caption\":\"PrijedorDanas.com\"},\"image\":{\"@id\":\"https:\/\/www.prijedordanas.com\/#\/schema\/logo\/image\/\"},\"sameAs\":[\"https:\/\/www.facebook.com\/PrijedorDanasCom\/\"]},{\"@type\":\"Person\",\"@id\":\"https:\/\/www.prijedordanas.com\/#\/schema\/person\/4e08ccf29b506ca916ff86d46bb700e6\",\"name\":\"admin\",\"image\":{\"@type\":\"ImageObject\",\"inLanguage\":\"en-US\",\"@id\":\"https:\/\/www.prijedordanas.com\/#\/schema\/person\/image\/\",\"url\":\"https:\/\/secure.gravatar.com\/avatar\/1d3fc949d550f0b53a5f0d51e06dfd79?s=96&d=mm&r=g\",\"contentUrl\":\"https:\/\/secure.gravatar.com\/avatar\/1d3fc949d550f0b53a5f0d51e06dfd79?s=96&d=mm&r=g\",\"caption\":\"admin\"},\"url\":\"https:\/\/www.prijedordanas.com\/?author=1\"}]}<\/script>\n<!-- \/ Yoast SEO plugin. -->","yoast_head_json":{"title":"Tre\u0107i vezani trijumf kugla\u0161a \"Rudara\": Prijedor\u010dani slavili protiv \"Hercegovca\" - VIDEO - PrijedorDanas.com - Prijedorski gradski portal","robots":{"index":"index","follow":"follow","max-snippet":"max-snippet:-1","max-image-preview":"max-image-preview:large","max-video-preview":"max-video-preview:-1"},"canonical":"https:\/\/www.prijedordanas.com\/?p=262684","og_locale":"en_US","og_type":"article","og_title":"Tre\u0107i vezani trijumf kugla\u0161a \"Rudara\": Prijedor\u010dani slavili protiv \"Hercegovca\" - VIDEO - PrijedorDanas.com - Prijedorski gradski portal","og_description":"Kugla\u0161i prijedorskog \u201cRudara\u201d ostvarili su i tre\u0107u uzastopnu pobjedu u 14. kolu Premijer lige BiH gostuju\u0107i u Mostaru ekipi \u201cHercegovca\u201d iz Bile\u0107e. Rezultat od 5:3 u korist \u201cRudara\u201d, ili u [&hellip;]","og_url":"https:\/\/www.prijedordanas.com\/?p=262684","og_site_name":"PrijedorDanas.com - Prijedorski gradski portal","article_publisher":"https:\/\/www.facebook.com\/PrijedorDanasCom\/","article_published_time":"2026-02-09T11:23:59+00:00","og_image":[{"url":"https:\/\/www.prijedordanas.com\/wp-content\/uploads\/2026\/02\/hercegovac-rudar-3-5-1-300x225.jpg"}],"author":"admin","twitter_card":"summary_large_image","twitter_misc":{"Written by":"admin","Est. reading time":"1 minute"},"schema":{"@context":"https:\/\/schema.org","@graph":[{"@type":"Article","@id":"https:\/\/www.prijedordanas.com\/?p=262684#article","isPartOf":{"@id":"https:\/\/www.prijedordanas.com\/?p=262684"},"author":{"name":"admin","@id":"https:\/\/www.prijedordanas.com\/#\/schema\/person\/4e08ccf29b506ca916ff86d46bb700e6"},"headline":"Tre\u0107i vezani trijumf kugla\u0161a &#8220;Rudara&#8221;: Prijedor\u010dani slavili protiv &#8220;Hercegovca&#8221; &#8211; VIDEO","datePublished":"2026-02-09T11:23:59+00:00","dateModified":"2026-02-09T11:23:59+00:00","mainEntityOfPage":{"@id":"https:\/\/www.prijedordanas.com\/?p=262684"},"wordCount":203,"publisher":{"@id":"https:\/\/www.prijedordanas.com\/#organization"},"articleSection":["Sport"],"inLanguage":"en-US"},{"@type":"WebPage","@id":"https:\/\/www.prijedordanas.com\/?p=262684","url":"https:\/\/www.prijedordanas.com\/?p=262684","name":"Tre\u0107i vezani trijumf kugla\u0161a \"Rudara\": Prijedor\u010dani slavili protiv \"Hercegovca\" - VIDEO - PrijedorDanas.com - Prijedorski gradski portal","isPartOf":{"@id":"https:\/\/www.prijedordanas.com\/#website"},"datePublished":"2026-02-09T11:23:59+00:00","dateModified":"2026-02-09T11:23:59+00:00","breadcrumb":{"@id":"https:\/\/www.prijedordanas.com\/?p=262684#breadcrumb"},"inLanguage":"en-US","potentialAction":[{"@type":"ReadAction","target":["https:\/\/www.prijedordanas.com\/?p=262684"]}]},{"@type":"BreadcrumbList","@id":"https:\/\/www.prijedordanas.com\/?p=262684#breadcrumb","itemListElement":[{"@type":"ListItem","position":1,"name":"Home","item":"https:\/\/www.prijedordanas.com\/"},{"@type":"ListItem","position":2,"name":"Tre\u0107i vezani trijumf kugla\u0161a &#8220;Rudara&#8221;: Prijedor\u010dani slavili protiv &#8220;Hercegovca&#8221; &#8211; VIDEO"}]},{"@type":"WebSite","@id":"https:\/\/www.prijedordanas.com\/#website","url":"https:\/\/www.prijedordanas.com\/","name":"PrijedorDanas.com - Prijedorski gradski portal","description":"Portal o doga\u0111anjima u gradu Prijedoru","publisher":{"@id":"https:\/\/www.prijedordanas.com\/#organization"},"potentialAction":[{"@type":"SearchAction","target":{"@type":"EntryPoint","urlTemplate":"https:\/\/www.prijedordanas.com\/?s={search_term_string}"},"query-input":"required name=search_term_string"}],"inLanguage":"en-US"},{"@type":"Organization","@id":"https:\/\/www.prijedordanas.com\/#organization","name":"PrijedorDanas.com","url":"https:\/\/www.prijedordanas.com\/","logo":{"@type":"ImageObject","inLanguage":"en-US","@id":"https:\/\/www.prijedordanas.com\/#\/schema\/logo\/image\/","url":"http:\/\/www.prijedordanas.com\/wp-content\/uploads\/2021\/12\/logopng.png","contentUrl":"http:\/\/www.prijedordanas.com\/wp-content\/uploads\/2021\/12\/logopng.png","width":1019,"height":776,"caption":"PrijedorDanas.com"},"image":{"@id":"https:\/\/www.prijedordanas.com\/#\/schema\/logo\/image\/"},"sameAs":["https:\/\/www.facebook.com\/PrijedorDanasCom\/"]},{"@type":"Person","@id":"https:\/\/www.prijedordanas.com\/#\/schema\/person\/4e08ccf29b506ca916ff86d46bb700e6","name":"admin","image":{"@type":"ImageObject","inLanguage":"en-US","@id":"https:\/\/www.prijedordanas.com\/#\/schema\/person\/image\/","url":"https:\/\/secure.gravatar.com\/avatar\/1d3fc949d550f0b53a5f0d51e06dfd79?s=96&d=mm&r=g","contentUrl":"https:\/\/secure.gravatar.com\/avatar\/1d3fc949d550f0b53a5f0d51e06dfd79?s=96&d=mm&r=g","caption":"admin"},"url":"https:\/\/www.prijedordanas.com\/?author=1"}]}},"_links":{"self":[{"href":"https:\/\/www.prijedordanas.com\/index.php?rest_route=\/wp\/v2\/posts\/262684"}],"collection":[{"href":"https:\/\/www.prijedordanas.com\/index.php?rest_route=\/wp\/v2\/posts"}],"about":[{"href":"https:\/\/www.prijedordanas.com\/index.php?rest_route=\/wp\/v2\/types\/post"}],"author":[{"embeddable":true,"href":"https:\/\/www.prijedordanas.com\/index.php?rest_route=\/wp\/v2\/users\/1"}],"replies":[{"embeddable":true,"href":"https:\/\/www.prijedordanas.com\/index.php?rest_route=%2Fwp%2Fv2%2Fcomments&post=262684"}],"version-history":[{"count":1,"href":"https:\/\/www.prijedordanas.com\/index.php?rest_route=\/wp\/v2\/posts\/262684\/revisions"}],"predecessor-version":[{"id":262687,"href":"https:\/\/www.prijedordanas.com\/index.php?rest_route=\/wp\/v2\/posts\/262684\/revisions\/262687"}],"wp:attachment":[{"href":"https:\/\/www.prijedordanas.com\/index.php?rest_route=%2Fwp%2Fv2%2Fmedia&parent=262684"}],"wp:term":[{"taxonomy":"category","embeddable":true,"href":"https:\/\/www.prijedordanas.com\/index.php?rest_route=%2Fwp%2Fv2%2Fcategories&post=262684"},{"taxonomy":"post_tag","embeddable":true,"href":"https:\/\/www.prijedordanas.com\/index.php?rest_route=%2Fwp%2Fv2%2Ftags&post=262684"}],"curies":[{"name":"wp","href":"https:\/\/api.w.org\/{rel}","templated":true}]}}