{"id":262095,"date":"2026-01-30T19:01:58","date_gmt":"2026-01-30T18:01:58","guid":{"rendered":"https:\/\/www.prijedordanas.com\/?p=262095"},"modified":"2026-01-30T19:01:58","modified_gmt":"2026-01-30T18:01:58","slug":"cijene-neumoljivo-rastu-kolika-je-inflacija-bila-krajem-prosle-godine-u-bih","status":"publish","type":"post","link":"https:\/\/www.prijedordanas.com\/?p=262095","title":{"rendered":"Cijene neumoljivo rastu &#8211; Kolika je inflacija bila krajem pro\u0161le godine u BiH?"},"content":{"rendered":"<p><a href=\"https:\/\/www.prijedordanas.com\/wp-content\/uploads\/2023\/01\/ilustracija-novac.jpg\"><img loading=\"lazy\" decoding=\"async\" src=\"https:\/\/www.prijedordanas.com\/wp-content\/uploads\/2023\/01\/ilustracija-novac-300x225.jpg\" alt=\"\" width=\"300\" height=\"225\" class=\"alignleft size-medium wp-image-198137\" srcset=\"https:\/\/www.prijedordanas.com\/wp-content\/uploads\/2023\/01\/ilustracija-novac-300x225.jpg 300w, https:\/\/www.prijedordanas.com\/wp-content\/uploads\/2023\/01\/ilustracija-novac-640x480.jpg 640w, https:\/\/www.prijedordanas.com\/wp-content\/uploads\/2023\/01\/ilustracija-novac.jpg 667w\" sizes=\"(max-width: 300px) 100vw, 300px\" \/><\/a>U decembru pro\u0161le godine, porede\u0107i sa istim mjesecom 2024. godine, zabilje\u017een je rast nivoa cijena od 4,1 odsto, pokazuju podaci Agencije za statistiku BiH.<\/p>\n<p>Kako se navodi u ovim podacima, prosje\u010dni rast cijena zabilje\u017een je u odjeljcima hrana i bezalkoholni napici za 5,3%, alkoholna pi\u0107a i duvan za 4,1%, stanovanje i re\u017eijski izdaci za 7,3%, namje\u0161taj, ku\u0107anski ure\u0111aji i redovno odr\u017eavanje ku\u0107e za 2,4%, zdravstvo za 4,7%, komunikacije za 1,5%, rekreacija i kultura za 4,9%, obrazovanje za 3,1%, restorani i hoteli za 7,8% te ostala dobra i usluge za 3,3%.<\/p>\n<p>&#8220;Prosje\u010dni pad cijena je zabilje\u017een u odjeljku odje\u0107a i obu\u0107a za 7,8% i prevoz za 0,2%&#8221;, pi\u0161e u podacima Agencije za statistiku BiH.<\/p>\n<p>Cijene hrane<br \/>\nDodaje se da je u decembru pro\u0161le godine zabilje\u017een rast nivoa cijena.<\/p>\n<p>&#8220;Cijene proizvoda i usluga koji se koriste za li\u010dnu potro\u0161nju u Bosni i Hercegovini, mjerene indeksom potro\u0161a\u010dkih cijena, u decembru 2025. godine u odnosu na prethodni mjesec u prosjeku su vi\u0161e za 0,1%. Posmatrano po odjeljcima prema namjeni potro\u0161nje (COICOP), u decembru 2025. godine u odnosu na prethodni mjesec u prosjeku je zabilje\u017een rast cijena u odjeljcima hrana i bezalkoholna pi\u0107a za 0,2%, alkoholna pi\u0107a i duvan za 0,3%, stanovanje i re\u017eijski izdaci za 0,7%, restorani i hoteli za 0,4% i ostala dobra i usluge za 0,4%&#8221;, stoji u podacima.<\/p>\n<p>Dalje pi\u0161e da su ni\u017ee cijene zabilje\u017eene u odjeljcima odje\u0107a i obu\u0107a za 2% i prevoz za 0,6%.<\/p>\n<p>Predrag Mlinarevi\u0107, profesor na Ekonomskom fakultetu Univerziteta u Isto\u010dnom Sarajevu, rekao je za &#8220;Nezavisne novine&#8221; da, kada govorimo o inflaciji, treba razdvojiti kretanja bazi\u010dne inflacije od ukupne inflacije.<\/p>\n<p>Bazi\u010dna i ukupna inflacija<br \/>\n&#8220;Bazi\u010dna inflacija predstavlja porast cijena u koji nije uklju\u010den rast cijena hrane i energenata. Ukupna inflacija pored bazi\u010dne inflacije obuhvata i cjenovno najvolatilnije kategorije dobara: hranu i energente. Imaju\u0107i u vidu da bazi\u010dnu inflaciju strukturi\u0161u cijene usluga i efekti monetarne i fiskalne politike, ona je kao takva relevantan reper doma\u0107ih kretanja. Ako izuzmemo efekte monetarne politike koji zbog monetarnog re\u017eima u BiH nemaju uticaj na bazi\u010dnu inflaciju, i uticaj fiskalne politike ograni\u010dimo na rast javne potro\u0161nje, ispostavlja se da je bazi\u010dna inflacija najve\u0107im dijelom pod uticajem rasta tro\u0161kova rada i nivoa tr\u017ei\u0161ne konkurencije&#8221;, obja\u0161njava Mlinarevi\u0107.<\/p>\n<p>Prema njegovim rije\u010dima, ako znamo da su usluge dominantno radno intenzivne djelatnosti, rast zarada mo\u017ee imati uticaj na rast cijena.<\/p>\n<p>&#8220;Me\u0111utim, u slu\u010daju da imate sna\u017enu konkurenciju, prenos rasta zarada na rast cijena bi bio manji i time bi se sprije\u010dilo sticanje ekstraprofita.<\/p>\n<p>Kada pak govorimo o cijenama hrane i energije, tu dolazimo do fenomena uvezene inflacije. Uzimaju\u0107i u obzir da najve\u0107i dio ovih dobara uvozimo, o\u010dekivano je da globalna cjenovna kretanja uti\u010du i na cijene na doma\u0107em tr\u017ei\u0161tu. I ovdje se kao problemati\u010dna stvar javlja odsustvo konkurencije i potencijalni dosluh izme\u0111u trgovaca. Visoke mar\u017ee i skoro pa uskla\u0111ene cijene upu\u0107uju na mogu\u0107i oblik neprihvatljivog sporazumijevanja. Stoga bi aktivniji pristup Komisije za za\u0161titu konkurencije uz dolazak diskontera koji bi poja\u010dali konkurenciju mogli rezultirati opadanjem cijena. Sa druge strane, uspostavljanjem indeksa cijena hrane i energije i odre\u0111ivanjem dohodnih pragova mogla bi se ustanoviti socijalna politika u vidu jednokratnih pomo\u0107i gra\u0111anima kojima je pomo\u0107 zaista potrebna&#8221;, zaklju\u010dio je Mlinarevi\u0107.<\/p>\n<p><a href=\"https:\/\/www.nezavisne.com\/ekonomija\/analize\/Kolika-je-inflacija-bila-krajem-prosle-godine-u-BiH\/948709\" rel=\"noopener\" target=\"_blank\">nezavisne.com<\/a><\/p>\n","protected":false},"excerpt":{"rendered":"<p>U decembru pro\u0161le godine, porede\u0107i sa istim mjesecom 2024. godine, zabilje\u017een je rast nivoa cijena od 4,1 odsto, pokazuju podaci Agencije za statistiku BiH. Kako se navodi u ovim podacima, [&hellip;]<\/p>\n","protected":false},"author":1,"featured_media":0,"comment_status":"closed","ping_status":"open","sticky":false,"template":"","format":"standard","meta":{"_monsterinsights_skip_tracking":false,"_monsterinsights_sitenote_active":false,"_monsterinsights_sitenote_note":"","_monsterinsights_sitenote_category":0,"footnotes":""},"categories":[3],"tags":[],"yoast_head":"<!-- This site is optimized with the Yoast SEO plugin v21.6 - https:\/\/yoast.com\/wordpress\/plugins\/seo\/ -->\n<title>Cijene neumoljivo rastu - Kolika je inflacija bila krajem pro\u0161le godine u BiH? - PrijedorDanas.com - Prijedorski gradski portal<\/title>\n<meta name=\"robots\" content=\"index, follow, max-snippet:-1, max-image-preview:large, max-video-preview:-1\" \/>\n<link rel=\"canonical\" href=\"https:\/\/www.prijedordanas.com\/?p=262095\" \/>\n<meta property=\"og:locale\" content=\"en_US\" \/>\n<meta property=\"og:type\" content=\"article\" \/>\n<meta property=\"og:title\" content=\"Cijene neumoljivo rastu - Kolika je inflacija bila krajem pro\u0161le godine u BiH? - PrijedorDanas.com - Prijedorski gradski portal\" \/>\n<meta property=\"og:description\" content=\"U decembru pro\u0161le godine, porede\u0107i sa istim mjesecom 2024. godine, zabilje\u017een je rast nivoa cijena od 4,1 odsto, pokazuju podaci Agencije za statistiku BiH. Kako se navodi u ovim podacima, [&hellip;]\" \/>\n<meta property=\"og:url\" content=\"https:\/\/www.prijedordanas.com\/?p=262095\" \/>\n<meta property=\"og:site_name\" content=\"PrijedorDanas.com - Prijedorski gradski portal\" \/>\n<meta property=\"article:publisher\" content=\"https:\/\/www.facebook.com\/PrijedorDanasCom\/\" \/>\n<meta property=\"article:published_time\" content=\"2026-01-30T18:01:58+00:00\" \/>\n<meta property=\"og:image\" content=\"https:\/\/www.prijedordanas.com\/wp-content\/uploads\/2023\/01\/ilustracija-novac-300x225.jpg\" \/>\n<meta name=\"author\" content=\"admin\" \/>\n<meta name=\"twitter:card\" content=\"summary_large_image\" \/>\n<meta name=\"twitter:label1\" content=\"Written by\" \/>\n\t<meta name=\"twitter:data1\" content=\"admin\" \/>\n\t<meta name=\"twitter:label2\" content=\"Est. reading time\" \/>\n\t<meta name=\"twitter:data2\" content=\"3 minutes\" \/>\n<script type=\"application\/ld+json\" class=\"yoast-schema-graph\">{\"@context\":\"https:\/\/schema.org\",\"@graph\":[{\"@type\":\"Article\",\"@id\":\"https:\/\/www.prijedordanas.com\/?p=262095#article\",\"isPartOf\":{\"@id\":\"https:\/\/www.prijedordanas.com\/?p=262095\"},\"author\":{\"name\":\"admin\",\"@id\":\"https:\/\/www.prijedordanas.com\/#\/schema\/person\/4e08ccf29b506ca916ff86d46bb700e6\"},\"headline\":\"Cijene neumoljivo rastu &#8211; Kolika je inflacija bila krajem pro\u0161le godine u BiH?\",\"datePublished\":\"2026-01-30T18:01:58+00:00\",\"dateModified\":\"2026-01-30T18:01:58+00:00\",\"mainEntityOfPage\":{\"@id\":\"https:\/\/www.prijedordanas.com\/?p=262095\"},\"wordCount\":590,\"publisher\":{\"@id\":\"https:\/\/www.prijedordanas.com\/#organization\"},\"articleSection\":[\"\u017divot\"],\"inLanguage\":\"en-US\"},{\"@type\":\"WebPage\",\"@id\":\"https:\/\/www.prijedordanas.com\/?p=262095\",\"url\":\"https:\/\/www.prijedordanas.com\/?p=262095\",\"name\":\"Cijene neumoljivo rastu - Kolika je inflacija bila krajem pro\u0161le godine u BiH? - PrijedorDanas.com - Prijedorski gradski portal\",\"isPartOf\":{\"@id\":\"https:\/\/www.prijedordanas.com\/#website\"},\"datePublished\":\"2026-01-30T18:01:58+00:00\",\"dateModified\":\"2026-01-30T18:01:58+00:00\",\"breadcrumb\":{\"@id\":\"https:\/\/www.prijedordanas.com\/?p=262095#breadcrumb\"},\"inLanguage\":\"en-US\",\"potentialAction\":[{\"@type\":\"ReadAction\",\"target\":[\"https:\/\/www.prijedordanas.com\/?p=262095\"]}]},{\"@type\":\"BreadcrumbList\",\"@id\":\"https:\/\/www.prijedordanas.com\/?p=262095#breadcrumb\",\"itemListElement\":[{\"@type\":\"ListItem\",\"position\":1,\"name\":\"Home\",\"item\":\"https:\/\/www.prijedordanas.com\/\"},{\"@type\":\"ListItem\",\"position\":2,\"name\":\"Cijene neumoljivo rastu &#8211; Kolika je inflacija bila krajem pro\u0161le godine u BiH?\"}]},{\"@type\":\"WebSite\",\"@id\":\"https:\/\/www.prijedordanas.com\/#website\",\"url\":\"https:\/\/www.prijedordanas.com\/\",\"name\":\"PrijedorDanas.com - Prijedorski gradski portal\",\"description\":\"Portal o doga\u0111anjima u gradu Prijedoru\",\"publisher\":{\"@id\":\"https:\/\/www.prijedordanas.com\/#organization\"},\"potentialAction\":[{\"@type\":\"SearchAction\",\"target\":{\"@type\":\"EntryPoint\",\"urlTemplate\":\"https:\/\/www.prijedordanas.com\/?s={search_term_string}\"},\"query-input\":\"required name=search_term_string\"}],\"inLanguage\":\"en-US\"},{\"@type\":\"Organization\",\"@id\":\"https:\/\/www.prijedordanas.com\/#organization\",\"name\":\"PrijedorDanas.com\",\"url\":\"https:\/\/www.prijedordanas.com\/\",\"logo\":{\"@type\":\"ImageObject\",\"inLanguage\":\"en-US\",\"@id\":\"https:\/\/www.prijedordanas.com\/#\/schema\/logo\/image\/\",\"url\":\"http:\/\/www.prijedordanas.com\/wp-content\/uploads\/2021\/12\/logopng.png\",\"contentUrl\":\"http:\/\/www.prijedordanas.com\/wp-content\/uploads\/2021\/12\/logopng.png\",\"width\":1019,\"height\":776,\"caption\":\"PrijedorDanas.com\"},\"image\":{\"@id\":\"https:\/\/www.prijedordanas.com\/#\/schema\/logo\/image\/\"},\"sameAs\":[\"https:\/\/www.facebook.com\/PrijedorDanasCom\/\"]},{\"@type\":\"Person\",\"@id\":\"https:\/\/www.prijedordanas.com\/#\/schema\/person\/4e08ccf29b506ca916ff86d46bb700e6\",\"name\":\"admin\",\"image\":{\"@type\":\"ImageObject\",\"inLanguage\":\"en-US\",\"@id\":\"https:\/\/www.prijedordanas.com\/#\/schema\/person\/image\/\",\"url\":\"https:\/\/secure.gravatar.com\/avatar\/1d3fc949d550f0b53a5f0d51e06dfd79?s=96&d=mm&r=g\",\"contentUrl\":\"https:\/\/secure.gravatar.com\/avatar\/1d3fc949d550f0b53a5f0d51e06dfd79?s=96&d=mm&r=g\",\"caption\":\"admin\"},\"url\":\"https:\/\/www.prijedordanas.com\/?author=1\"}]}<\/script>\n<!-- \/ Yoast SEO plugin. -->","yoast_head_json":{"title":"Cijene neumoljivo rastu - Kolika je inflacija bila krajem pro\u0161le godine u BiH? - PrijedorDanas.com - Prijedorski gradski portal","robots":{"index":"index","follow":"follow","max-snippet":"max-snippet:-1","max-image-preview":"max-image-preview:large","max-video-preview":"max-video-preview:-1"},"canonical":"https:\/\/www.prijedordanas.com\/?p=262095","og_locale":"en_US","og_type":"article","og_title":"Cijene neumoljivo rastu - Kolika je inflacija bila krajem pro\u0161le godine u BiH? - PrijedorDanas.com - Prijedorski gradski portal","og_description":"U decembru pro\u0161le godine, porede\u0107i sa istim mjesecom 2024. godine, zabilje\u017een je rast nivoa cijena od 4,1 odsto, pokazuju podaci Agencije za statistiku BiH. Kako se navodi u ovim podacima, [&hellip;]","og_url":"https:\/\/www.prijedordanas.com\/?p=262095","og_site_name":"PrijedorDanas.com - Prijedorski gradski portal","article_publisher":"https:\/\/www.facebook.com\/PrijedorDanasCom\/","article_published_time":"2026-01-30T18:01:58+00:00","og_image":[{"url":"https:\/\/www.prijedordanas.com\/wp-content\/uploads\/2023\/01\/ilustracija-novac-300x225.jpg"}],"author":"admin","twitter_card":"summary_large_image","twitter_misc":{"Written by":"admin","Est. reading time":"3 minutes"},"schema":{"@context":"https:\/\/schema.org","@graph":[{"@type":"Article","@id":"https:\/\/www.prijedordanas.com\/?p=262095#article","isPartOf":{"@id":"https:\/\/www.prijedordanas.com\/?p=262095"},"author":{"name":"admin","@id":"https:\/\/www.prijedordanas.com\/#\/schema\/person\/4e08ccf29b506ca916ff86d46bb700e6"},"headline":"Cijene neumoljivo rastu &#8211; Kolika je inflacija bila krajem pro\u0161le godine u BiH?","datePublished":"2026-01-30T18:01:58+00:00","dateModified":"2026-01-30T18:01:58+00:00","mainEntityOfPage":{"@id":"https:\/\/www.prijedordanas.com\/?p=262095"},"wordCount":590,"publisher":{"@id":"https:\/\/www.prijedordanas.com\/#organization"},"articleSection":["\u017divot"],"inLanguage":"en-US"},{"@type":"WebPage","@id":"https:\/\/www.prijedordanas.com\/?p=262095","url":"https:\/\/www.prijedordanas.com\/?p=262095","name":"Cijene neumoljivo rastu - Kolika je inflacija bila krajem pro\u0161le godine u BiH? - PrijedorDanas.com - Prijedorski gradski portal","isPartOf":{"@id":"https:\/\/www.prijedordanas.com\/#website"},"datePublished":"2026-01-30T18:01:58+00:00","dateModified":"2026-01-30T18:01:58+00:00","breadcrumb":{"@id":"https:\/\/www.prijedordanas.com\/?p=262095#breadcrumb"},"inLanguage":"en-US","potentialAction":[{"@type":"ReadAction","target":["https:\/\/www.prijedordanas.com\/?p=262095"]}]},{"@type":"BreadcrumbList","@id":"https:\/\/www.prijedordanas.com\/?p=262095#breadcrumb","itemListElement":[{"@type":"ListItem","position":1,"name":"Home","item":"https:\/\/www.prijedordanas.com\/"},{"@type":"ListItem","position":2,"name":"Cijene neumoljivo rastu &#8211; Kolika je inflacija bila krajem pro\u0161le godine u BiH?"}]},{"@type":"WebSite","@id":"https:\/\/www.prijedordanas.com\/#website","url":"https:\/\/www.prijedordanas.com\/","name":"PrijedorDanas.com - Prijedorski gradski portal","description":"Portal o doga\u0111anjima u gradu Prijedoru","publisher":{"@id":"https:\/\/www.prijedordanas.com\/#organization"},"potentialAction":[{"@type":"SearchAction","target":{"@type":"EntryPoint","urlTemplate":"https:\/\/www.prijedordanas.com\/?s={search_term_string}"},"query-input":"required name=search_term_string"}],"inLanguage":"en-US"},{"@type":"Organization","@id":"https:\/\/www.prijedordanas.com\/#organization","name":"PrijedorDanas.com","url":"https:\/\/www.prijedordanas.com\/","logo":{"@type":"ImageObject","inLanguage":"en-US","@id":"https:\/\/www.prijedordanas.com\/#\/schema\/logo\/image\/","url":"http:\/\/www.prijedordanas.com\/wp-content\/uploads\/2021\/12\/logopng.png","contentUrl":"http:\/\/www.prijedordanas.com\/wp-content\/uploads\/2021\/12\/logopng.png","width":1019,"height":776,"caption":"PrijedorDanas.com"},"image":{"@id":"https:\/\/www.prijedordanas.com\/#\/schema\/logo\/image\/"},"sameAs":["https:\/\/www.facebook.com\/PrijedorDanasCom\/"]},{"@type":"Person","@id":"https:\/\/www.prijedordanas.com\/#\/schema\/person\/4e08ccf29b506ca916ff86d46bb700e6","name":"admin","image":{"@type":"ImageObject","inLanguage":"en-US","@id":"https:\/\/www.prijedordanas.com\/#\/schema\/person\/image\/","url":"https:\/\/secure.gravatar.com\/avatar\/1d3fc949d550f0b53a5f0d51e06dfd79?s=96&d=mm&r=g","contentUrl":"https:\/\/secure.gravatar.com\/avatar\/1d3fc949d550f0b53a5f0d51e06dfd79?s=96&d=mm&r=g","caption":"admin"},"url":"https:\/\/www.prijedordanas.com\/?author=1"}]}},"_links":{"self":[{"href":"https:\/\/www.prijedordanas.com\/index.php?rest_route=\/wp\/v2\/posts\/262095"}],"collection":[{"href":"https:\/\/www.prijedordanas.com\/index.php?rest_route=\/wp\/v2\/posts"}],"about":[{"href":"https:\/\/www.prijedordanas.com\/index.php?rest_route=\/wp\/v2\/types\/post"}],"author":[{"embeddable":true,"href":"https:\/\/www.prijedordanas.com\/index.php?rest_route=\/wp\/v2\/users\/1"}],"replies":[{"embeddable":true,"href":"https:\/\/www.prijedordanas.com\/index.php?rest_route=%2Fwp%2Fv2%2Fcomments&post=262095"}],"version-history":[{"count":2,"href":"https:\/\/www.prijedordanas.com\/index.php?rest_route=\/wp\/v2\/posts\/262095\/revisions"}],"predecessor-version":[{"id":262097,"href":"https:\/\/www.prijedordanas.com\/index.php?rest_route=\/wp\/v2\/posts\/262095\/revisions\/262097"}],"wp:attachment":[{"href":"https:\/\/www.prijedordanas.com\/index.php?rest_route=%2Fwp%2Fv2%2Fmedia&parent=262095"}],"wp:term":[{"taxonomy":"category","embeddable":true,"href":"https:\/\/www.prijedordanas.com\/index.php?rest_route=%2Fwp%2Fv2%2Fcategories&post=262095"},{"taxonomy":"post_tag","embeddable":true,"href":"https:\/\/www.prijedordanas.com\/index.php?rest_route=%2Fwp%2Fv2%2Ftags&post=262095"}],"curies":[{"name":"wp","href":"https:\/\/api.w.org\/{rel}","templated":true}]}}