{"id":261908,"date":"2026-01-29T01:57:59","date_gmt":"2026-01-29T00:57:59","guid":{"rendered":"https:\/\/www.prijedordanas.com\/?p=261908"},"modified":"2026-01-29T01:57:59","modified_gmt":"2026-01-29T00:57:59","slug":"sudenje-glusac-i-ostali-sredinom-februara-zavrsna-rijec-tuzilastva-bih","status":"publish","type":"post","link":"https:\/\/www.prijedordanas.com\/?p=261908","title":{"rendered":"Su\u0111enje Glu\u0161ac i ostali: Sredinom februara zavr\u0161na rije\u010d Tu\u017eila\u0161tva BiH"},"content":{"rendered":"<p><a href=\"https:\/\/www.prijedordanas.com\/wp-content\/uploads\/2024\/02\/sud-bih-2.jpg\"><img loading=\"lazy\" decoding=\"async\" src=\"https:\/\/www.prijedordanas.com\/wp-content\/uploads\/2024\/02\/sud-bih-2-300x225.jpg\" alt=\"\" width=\"300\" height=\"225\" class=\"alignleft size-medium wp-image-219939\" srcset=\"https:\/\/www.prijedordanas.com\/wp-content\/uploads\/2024\/02\/sud-bih-2-300x225.jpg 300w, https:\/\/www.prijedordanas.com\/wp-content\/uploads\/2024\/02\/sud-bih-2-640x480.jpg 640w, https:\/\/www.prijedordanas.com\/wp-content\/uploads\/2024\/02\/sud-bih-2.jpg 666w\" sizes=\"(max-width: 300px) 100vw, 300px\" \/><\/a>Izno\u0161enje zavr\u0161ne rije\u010di Tu\u017eila\u0161tva Bosne i Hercegovine na su\u0111enju za zlo\u010dine po\u010dinjene 1992. na podru\u010dju Prijedora zakazano je za 16. fabruar nakon konstatacije da je okon\u010dan dokazni postupak.<\/p>\n<p>Predsjedavaju\u0107i Sudskog vije\u0107a Stani\u0161a Gluhaji\u0107 na po\u010detku ro\u010di\u0161ta je konstatovao kako su prijedloge dodatnih dokaza na izmijenjenu optu\u017enicu dostavile Odbrane Ranka Babi\u0107a i Milorada Obradovi\u0107a.<\/p>\n<p>\u201cJa sam podneskom od 16. januara tra\u017eila dopunu nalaza i mi\u0161ljenja vje\u0161taka vojne struke Martina Fran\u010de\u0161evi\u0107a, da on izvr\u0161i analizu i sadr\u017eaj izmijenjene optu\u017enice i pojasni odre\u0111ena pitanja\u201d, rekla je Babi\u0107eva braniteljica Mersiha Deli\u0107.<\/p>\n<p>Navela je kako su u izmijenjenoj optu\u017enici sporne funkcije i ovla\u0161tenja koja se pripisuju njenom branjeniku.<\/p>\n<p>Braniteljica Tanja Vasi\u0107 tra\u017eila je da se u spis uvrsti zapisnik o ispitivanju Obradovi\u0107a jer su mu izmijenjenom optu\u017enicom na teret stavljene odre\u0111ene inkriminacije s kojima nije bio upoznat tokom ispitivanja.<\/p>\n<p>Tu\u017eilac Izet Odoba\u0161i\u0107 se usprotivio prijedlozima, te obrazlo\u017eio kako je vje\u0161tak vojne struke sva pitanja detaljno objasnio u nalazu i mi\u0161ljenju, kao i unakrsnom ispitivanju. Za prigovore Odbrane Obradovi\u0107a, Odoba\u0161i\u0107 je naveo kako je u odnosu na ovog optu\u017eenog \u201cdo\u0161lo do umanjenja koli\u010dine zlo\u010dina\u201d u izmijenjenoj optu\u017enici.<\/p>\n<p>Sudija Gluhaji\u0107 je naveo kako Vije\u0107e prihvata prijedlog Odbrane Obradovi\u0107a, dok je prijedlog Odbrane Babi\u0107a odbijen.<\/p>\n<p>Miodrag Glu\u0161ac, Ranko Babi\u0107, Ranko Do\u0161enovi\u0107, Zdravko Pani\u0107, Trivo i Milan Vuki\u0107, Slobodan Kne\u017eevi\u0107 i Milorad Obradovi\u0107 su optu\u017eeni za u\u010de\u0161\u0107e u nezakonitom zarobljavanju i zatvaranju 120 mu\u0161karaca \u2013 u Domu u Miskoj Glavi, a potom i na stadionu u Ljubiji \u2013 te njihovom mu\u010denju i ubistvima po\u010dinjenim krajem jula 1992. godine.<\/p>\n<p>Optu\u017enica je ranije prilago\u0111ena objektivnim okolnostima nakon razdvajanja postupka protiv prvooptu\u017eenog Slobodana Taranjca zbog bolesti, kao i ranije zbog smrti optu\u017eenih Radeta Zekanovi\u0107a i Marinka Pra\u0161tala.<\/p>\n<p>Sudija Gluhaji\u0107 je konstatovao da je dokazni postupak u ovom predmetu okon\u010dan, te je za 16. februar zakazao ro\u010di\u0161te za izno\u0161enje zavr\u0161ne rije\u010di Tu\u017eila\u0161tva. Nakon toga, kako je kazano, svako naredno ro\u010di\u0161te po dvije Odbrane \u0107e iznositi svoje zavr\u0161ne rije\u010di.<\/p>\n<p><a href=\"https:\/\/detektor.ba\/2026\/01\/26\/glusac-i-ostali-sredinom-februara-zavrsna-rijec-tuzilastva-bih\/\" rel=\"noopener\" target=\"_blank\">detektor.ba<\/a><\/p>\n","protected":false},"excerpt":{"rendered":"<p>Izno\u0161enje zavr\u0161ne rije\u010di Tu\u017eila\u0161tva Bosne i Hercegovine na su\u0111enju za zlo\u010dine po\u010dinjene 1992. na podru\u010dju Prijedora zakazano je za 16. fabruar nakon konstatacije da je okon\u010dan dokazni postupak. Predsjedavaju\u0107i Sudskog [&hellip;]<\/p>\n","protected":false},"author":1,"featured_media":0,"comment_status":"closed","ping_status":"open","sticky":false,"template":"","format":"standard","meta":{"_monsterinsights_skip_tracking":false,"_monsterinsights_sitenote_active":false,"_monsterinsights_sitenote_note":"","_monsterinsights_sitenote_category":0,"footnotes":""},"categories":[5],"tags":[],"yoast_head":"<!-- This site is optimized with the Yoast SEO plugin v21.6 - https:\/\/yoast.com\/wordpress\/plugins\/seo\/ -->\n<title>Su\u0111enje Glu\u0161ac i ostali: Sredinom februara zavr\u0161na rije\u010d Tu\u017eila\u0161tva BiH - PrijedorDanas.com - Prijedorski gradski portal<\/title>\n<meta name=\"robots\" content=\"index, follow, max-snippet:-1, max-image-preview:large, max-video-preview:-1\" \/>\n<link rel=\"canonical\" href=\"https:\/\/www.prijedordanas.com\/?p=261908\" \/>\n<meta property=\"og:locale\" content=\"en_US\" \/>\n<meta property=\"og:type\" content=\"article\" \/>\n<meta property=\"og:title\" content=\"Su\u0111enje Glu\u0161ac i ostali: Sredinom februara zavr\u0161na rije\u010d Tu\u017eila\u0161tva BiH - PrijedorDanas.com - Prijedorski gradski portal\" \/>\n<meta property=\"og:description\" content=\"Izno\u0161enje zavr\u0161ne rije\u010di Tu\u017eila\u0161tva Bosne i Hercegovine na su\u0111enju za zlo\u010dine po\u010dinjene 1992. na podru\u010dju Prijedora zakazano je za 16. fabruar nakon konstatacije da je okon\u010dan dokazni postupak. Predsjedavaju\u0107i Sudskog [&hellip;]\" \/>\n<meta property=\"og:url\" content=\"https:\/\/www.prijedordanas.com\/?p=261908\" \/>\n<meta property=\"og:site_name\" content=\"PrijedorDanas.com - Prijedorski gradski portal\" \/>\n<meta property=\"article:publisher\" content=\"https:\/\/www.facebook.com\/PrijedorDanasCom\/\" \/>\n<meta property=\"article:published_time\" content=\"2026-01-29T00:57:59+00:00\" \/>\n<meta property=\"og:image\" content=\"https:\/\/www.prijedordanas.com\/wp-content\/uploads\/2024\/02\/sud-bih-2-300x225.jpg\" \/>\n<meta name=\"author\" content=\"admin\" \/>\n<meta name=\"twitter:card\" content=\"summary_large_image\" \/>\n<meta name=\"twitter:label1\" content=\"Written by\" \/>\n\t<meta name=\"twitter:data1\" content=\"admin\" \/>\n\t<meta name=\"twitter:label2\" content=\"Est. reading time\" \/>\n\t<meta name=\"twitter:data2\" content=\"2 minutes\" \/>\n<script type=\"application\/ld+json\" class=\"yoast-schema-graph\">{\"@context\":\"https:\/\/schema.org\",\"@graph\":[{\"@type\":\"Article\",\"@id\":\"https:\/\/www.prijedordanas.com\/?p=261908#article\",\"isPartOf\":{\"@id\":\"https:\/\/www.prijedordanas.com\/?p=261908\"},\"author\":{\"name\":\"admin\",\"@id\":\"https:\/\/www.prijedordanas.com\/#\/schema\/person\/4e08ccf29b506ca916ff86d46bb700e6\"},\"headline\":\"Su\u0111enje Glu\u0161ac i ostali: Sredinom februara zavr\u0161na rije\u010d Tu\u017eila\u0161tva BiH\",\"datePublished\":\"2026-01-29T00:57:59+00:00\",\"dateModified\":\"2026-01-29T00:57:59+00:00\",\"mainEntityOfPage\":{\"@id\":\"https:\/\/www.prijedordanas.com\/?p=261908\"},\"wordCount\":402,\"publisher\":{\"@id\":\"https:\/\/www.prijedordanas.com\/#organization\"},\"articleSection\":[\"Hronika\"],\"inLanguage\":\"en-US\"},{\"@type\":\"WebPage\",\"@id\":\"https:\/\/www.prijedordanas.com\/?p=261908\",\"url\":\"https:\/\/www.prijedordanas.com\/?p=261908\",\"name\":\"Su\u0111enje Glu\u0161ac i ostali: Sredinom februara zavr\u0161na rije\u010d Tu\u017eila\u0161tva BiH - PrijedorDanas.com - Prijedorski gradski portal\",\"isPartOf\":{\"@id\":\"https:\/\/www.prijedordanas.com\/#website\"},\"datePublished\":\"2026-01-29T00:57:59+00:00\",\"dateModified\":\"2026-01-29T00:57:59+00:00\",\"breadcrumb\":{\"@id\":\"https:\/\/www.prijedordanas.com\/?p=261908#breadcrumb\"},\"inLanguage\":\"en-US\",\"potentialAction\":[{\"@type\":\"ReadAction\",\"target\":[\"https:\/\/www.prijedordanas.com\/?p=261908\"]}]},{\"@type\":\"BreadcrumbList\",\"@id\":\"https:\/\/www.prijedordanas.com\/?p=261908#breadcrumb\",\"itemListElement\":[{\"@type\":\"ListItem\",\"position\":1,\"name\":\"Home\",\"item\":\"https:\/\/www.prijedordanas.com\/\"},{\"@type\":\"ListItem\",\"position\":2,\"name\":\"Su\u0111enje Glu\u0161ac i ostali: Sredinom februara zavr\u0161na rije\u010d Tu\u017eila\u0161tva BiH\"}]},{\"@type\":\"WebSite\",\"@id\":\"https:\/\/www.prijedordanas.com\/#website\",\"url\":\"https:\/\/www.prijedordanas.com\/\",\"name\":\"PrijedorDanas.com - Prijedorski gradski portal\",\"description\":\"Portal o doga\u0111anjima u gradu Prijedoru\",\"publisher\":{\"@id\":\"https:\/\/www.prijedordanas.com\/#organization\"},\"potentialAction\":[{\"@type\":\"SearchAction\",\"target\":{\"@type\":\"EntryPoint\",\"urlTemplate\":\"https:\/\/www.prijedordanas.com\/?s={search_term_string}\"},\"query-input\":\"required name=search_term_string\"}],\"inLanguage\":\"en-US\"},{\"@type\":\"Organization\",\"@id\":\"https:\/\/www.prijedordanas.com\/#organization\",\"name\":\"PrijedorDanas.com\",\"url\":\"https:\/\/www.prijedordanas.com\/\",\"logo\":{\"@type\":\"ImageObject\",\"inLanguage\":\"en-US\",\"@id\":\"https:\/\/www.prijedordanas.com\/#\/schema\/logo\/image\/\",\"url\":\"http:\/\/www.prijedordanas.com\/wp-content\/uploads\/2021\/12\/logopng.png\",\"contentUrl\":\"http:\/\/www.prijedordanas.com\/wp-content\/uploads\/2021\/12\/logopng.png\",\"width\":1019,\"height\":776,\"caption\":\"PrijedorDanas.com\"},\"image\":{\"@id\":\"https:\/\/www.prijedordanas.com\/#\/schema\/logo\/image\/\"},\"sameAs\":[\"https:\/\/www.facebook.com\/PrijedorDanasCom\/\"]},{\"@type\":\"Person\",\"@id\":\"https:\/\/www.prijedordanas.com\/#\/schema\/person\/4e08ccf29b506ca916ff86d46bb700e6\",\"name\":\"admin\",\"image\":{\"@type\":\"ImageObject\",\"inLanguage\":\"en-US\",\"@id\":\"https:\/\/www.prijedordanas.com\/#\/schema\/person\/image\/\",\"url\":\"https:\/\/secure.gravatar.com\/avatar\/1d3fc949d550f0b53a5f0d51e06dfd79?s=96&d=mm&r=g\",\"contentUrl\":\"https:\/\/secure.gravatar.com\/avatar\/1d3fc949d550f0b53a5f0d51e06dfd79?s=96&d=mm&r=g\",\"caption\":\"admin\"},\"url\":\"https:\/\/www.prijedordanas.com\/?author=1\"}]}<\/script>\n<!-- \/ Yoast SEO plugin. -->","yoast_head_json":{"title":"Su\u0111enje Glu\u0161ac i ostali: Sredinom februara zavr\u0161na rije\u010d Tu\u017eila\u0161tva BiH - PrijedorDanas.com - Prijedorski gradski portal","robots":{"index":"index","follow":"follow","max-snippet":"max-snippet:-1","max-image-preview":"max-image-preview:large","max-video-preview":"max-video-preview:-1"},"canonical":"https:\/\/www.prijedordanas.com\/?p=261908","og_locale":"en_US","og_type":"article","og_title":"Su\u0111enje Glu\u0161ac i ostali: Sredinom februara zavr\u0161na rije\u010d Tu\u017eila\u0161tva BiH - PrijedorDanas.com - Prijedorski gradski portal","og_description":"Izno\u0161enje zavr\u0161ne rije\u010di Tu\u017eila\u0161tva Bosne i Hercegovine na su\u0111enju za zlo\u010dine po\u010dinjene 1992. na podru\u010dju Prijedora zakazano je za 16. fabruar nakon konstatacije da je okon\u010dan dokazni postupak. Predsjedavaju\u0107i Sudskog [&hellip;]","og_url":"https:\/\/www.prijedordanas.com\/?p=261908","og_site_name":"PrijedorDanas.com - Prijedorski gradski portal","article_publisher":"https:\/\/www.facebook.com\/PrijedorDanasCom\/","article_published_time":"2026-01-29T00:57:59+00:00","og_image":[{"url":"https:\/\/www.prijedordanas.com\/wp-content\/uploads\/2024\/02\/sud-bih-2-300x225.jpg"}],"author":"admin","twitter_card":"summary_large_image","twitter_misc":{"Written by":"admin","Est. reading time":"2 minutes"},"schema":{"@context":"https:\/\/schema.org","@graph":[{"@type":"Article","@id":"https:\/\/www.prijedordanas.com\/?p=261908#article","isPartOf":{"@id":"https:\/\/www.prijedordanas.com\/?p=261908"},"author":{"name":"admin","@id":"https:\/\/www.prijedordanas.com\/#\/schema\/person\/4e08ccf29b506ca916ff86d46bb700e6"},"headline":"Su\u0111enje Glu\u0161ac i ostali: Sredinom februara zavr\u0161na rije\u010d Tu\u017eila\u0161tva BiH","datePublished":"2026-01-29T00:57:59+00:00","dateModified":"2026-01-29T00:57:59+00:00","mainEntityOfPage":{"@id":"https:\/\/www.prijedordanas.com\/?p=261908"},"wordCount":402,"publisher":{"@id":"https:\/\/www.prijedordanas.com\/#organization"},"articleSection":["Hronika"],"inLanguage":"en-US"},{"@type":"WebPage","@id":"https:\/\/www.prijedordanas.com\/?p=261908","url":"https:\/\/www.prijedordanas.com\/?p=261908","name":"Su\u0111enje Glu\u0161ac i ostali: Sredinom februara zavr\u0161na rije\u010d Tu\u017eila\u0161tva BiH - PrijedorDanas.com - Prijedorski gradski portal","isPartOf":{"@id":"https:\/\/www.prijedordanas.com\/#website"},"datePublished":"2026-01-29T00:57:59+00:00","dateModified":"2026-01-29T00:57:59+00:00","breadcrumb":{"@id":"https:\/\/www.prijedordanas.com\/?p=261908#breadcrumb"},"inLanguage":"en-US","potentialAction":[{"@type":"ReadAction","target":["https:\/\/www.prijedordanas.com\/?p=261908"]}]},{"@type":"BreadcrumbList","@id":"https:\/\/www.prijedordanas.com\/?p=261908#breadcrumb","itemListElement":[{"@type":"ListItem","position":1,"name":"Home","item":"https:\/\/www.prijedordanas.com\/"},{"@type":"ListItem","position":2,"name":"Su\u0111enje Glu\u0161ac i ostali: Sredinom februara zavr\u0161na rije\u010d Tu\u017eila\u0161tva BiH"}]},{"@type":"WebSite","@id":"https:\/\/www.prijedordanas.com\/#website","url":"https:\/\/www.prijedordanas.com\/","name":"PrijedorDanas.com - Prijedorski gradski portal","description":"Portal o doga\u0111anjima u gradu Prijedoru","publisher":{"@id":"https:\/\/www.prijedordanas.com\/#organization"},"potentialAction":[{"@type":"SearchAction","target":{"@type":"EntryPoint","urlTemplate":"https:\/\/www.prijedordanas.com\/?s={search_term_string}"},"query-input":"required name=search_term_string"}],"inLanguage":"en-US"},{"@type":"Organization","@id":"https:\/\/www.prijedordanas.com\/#organization","name":"PrijedorDanas.com","url":"https:\/\/www.prijedordanas.com\/","logo":{"@type":"ImageObject","inLanguage":"en-US","@id":"https:\/\/www.prijedordanas.com\/#\/schema\/logo\/image\/","url":"http:\/\/www.prijedordanas.com\/wp-content\/uploads\/2021\/12\/logopng.png","contentUrl":"http:\/\/www.prijedordanas.com\/wp-content\/uploads\/2021\/12\/logopng.png","width":1019,"height":776,"caption":"PrijedorDanas.com"},"image":{"@id":"https:\/\/www.prijedordanas.com\/#\/schema\/logo\/image\/"},"sameAs":["https:\/\/www.facebook.com\/PrijedorDanasCom\/"]},{"@type":"Person","@id":"https:\/\/www.prijedordanas.com\/#\/schema\/person\/4e08ccf29b506ca916ff86d46bb700e6","name":"admin","image":{"@type":"ImageObject","inLanguage":"en-US","@id":"https:\/\/www.prijedordanas.com\/#\/schema\/person\/image\/","url":"https:\/\/secure.gravatar.com\/avatar\/1d3fc949d550f0b53a5f0d51e06dfd79?s=96&d=mm&r=g","contentUrl":"https:\/\/secure.gravatar.com\/avatar\/1d3fc949d550f0b53a5f0d51e06dfd79?s=96&d=mm&r=g","caption":"admin"},"url":"https:\/\/www.prijedordanas.com\/?author=1"}]}},"_links":{"self":[{"href":"https:\/\/www.prijedordanas.com\/index.php?rest_route=\/wp\/v2\/posts\/261908"}],"collection":[{"href":"https:\/\/www.prijedordanas.com\/index.php?rest_route=\/wp\/v2\/posts"}],"about":[{"href":"https:\/\/www.prijedordanas.com\/index.php?rest_route=\/wp\/v2\/types\/post"}],"author":[{"embeddable":true,"href":"https:\/\/www.prijedordanas.com\/index.php?rest_route=\/wp\/v2\/users\/1"}],"replies":[{"embeddable":true,"href":"https:\/\/www.prijedordanas.com\/index.php?rest_route=%2Fwp%2Fv2%2Fcomments&post=261908"}],"version-history":[{"count":1,"href":"https:\/\/www.prijedordanas.com\/index.php?rest_route=\/wp\/v2\/posts\/261908\/revisions"}],"predecessor-version":[{"id":261909,"href":"https:\/\/www.prijedordanas.com\/index.php?rest_route=\/wp\/v2\/posts\/261908\/revisions\/261909"}],"wp:attachment":[{"href":"https:\/\/www.prijedordanas.com\/index.php?rest_route=%2Fwp%2Fv2%2Fmedia&parent=261908"}],"wp:term":[{"taxonomy":"category","embeddable":true,"href":"https:\/\/www.prijedordanas.com\/index.php?rest_route=%2Fwp%2Fv2%2Fcategories&post=261908"},{"taxonomy":"post_tag","embeddable":true,"href":"https:\/\/www.prijedordanas.com\/index.php?rest_route=%2Fwp%2Fv2%2Ftags&post=261908"}],"curies":[{"name":"wp","href":"https:\/\/api.w.org\/{rel}","templated":true}]}}