{"id":261634,"date":"2026-01-23T15:30:41","date_gmt":"2026-01-23T14:30:41","guid":{"rendered":"https:\/\/www.prijedordanas.com\/?p=261634"},"modified":"2026-01-23T15:30:41","modified_gmt":"2026-01-23T14:30:41","slug":"ekshumirani-posmrtni-ostaci-u-kozarcu","status":"publish","type":"post","link":"https:\/\/www.prijedordanas.com\/?p=261634","title":{"rendered":"Ekshumirani posmrtni ostaci u Kozarcu"},"content":{"rendered":"<p><a href=\"https:\/\/www.prijedordanas.com\/wp-content\/uploads\/2026\/01\/tuzilastvo-bih-ekshumacija-kozarac-januar2026.jpg\"><img loading=\"lazy\" decoding=\"async\" src=\"https:\/\/www.prijedordanas.com\/wp-content\/uploads\/2026\/01\/tuzilastvo-bih-ekshumacija-kozarac-januar2026-300x225.jpg\" alt=\"\" width=\"300\" height=\"225\" class=\"alignleft size-medium wp-image-261635\" srcset=\"https:\/\/www.prijedordanas.com\/wp-content\/uploads\/2026\/01\/tuzilastvo-bih-ekshumacija-kozarac-januar2026-300x225.jpg 300w, https:\/\/www.prijedordanas.com\/wp-content\/uploads\/2026\/01\/tuzilastvo-bih-ekshumacija-kozarac-januar2026-640x480.jpg 640w, https:\/\/www.prijedordanas.com\/wp-content\/uploads\/2026\/01\/tuzilastvo-bih-ekshumacija-kozarac-januar2026.jpg 667w\" sizes=\"(max-width: 300px) 100vw, 300px\" \/><\/a>Na mjesnom groblju u Kozarcu, u okolini Prijedora, prona\u0111eni su posmrtni ostaci jedne osobe, saop\u0161tilo je Tu\u017eila\u0161tvo Bosne i Hercegovine.<\/p>\n<p>Iz Tu\u017eila\u0161tva su naveli da su kompletni posmrtni ostaci jedne osobe, radi daljnje sudsko-medicinske obrade i utvr\u0111ivanja identiteta nestale osobe putem DNK analize, preba\u010deni u KJP \u201c\u0160ejkova\u010da\u201d u Sanskom Mostu.<\/p>\n<p>Iz Instituta za nestale Bosne i Hercegovine (INO BiH) za Detektor su kazali da su posmrtni ostaci prona\u0111eni kada su vr\u0161eni radovi u mezarlucima Mutnik. Radnici su prilikom kopanja nai\u0161li na posmrtne ostatke, na kojima je bilo i odje\u0107e.<\/p>\n<p>\u201cO ovom slu\u010daju odmah su obavije\u0161teni istra\u017eitelji Instituta, koji su u veoma kratkom roku iza\u0161li na teren i utvrdili da se radi o posmrtnim ostacima \u017ertve iz proteklog rata\u201d, rekla je Emza Fazli\u0107, glasnogovornica INO-a BiH.<\/p>\n<p>Fazli\u0107 je navela da se sumnja da je \u017ertva bo\u0161nja\u010dke nacionalnosti ubijena 1992. godine.<\/p>\n<p>Iz Tu\u017eila\u0161tva su naveli da je procesom ekshumacije rukovodila istra\u017eiteljica Posebnog odjela za ratne zlo\u010dine te da su u\u010destvovali patolog sudske medicine, predstavnik INO-a BiH, kao i policijski slu\u017ebenici Policijske stanice Prijedor, koji su osiguravali lokalitet ekshumacije.<\/p>\n<p><a href=\"https:\/\/detektor.ba\/2026\/01\/23\/ekshumirani-posmrtni-ostaci-u-kozarcu\/\" rel=\"noopener\" target=\"_blank\">detektor.ba<\/a><\/p>\n","protected":false},"excerpt":{"rendered":"<p>Na mjesnom groblju u Kozarcu, u okolini Prijedora, prona\u0111eni su posmrtni ostaci jedne osobe, saop\u0161tilo je Tu\u017eila\u0161tvo Bosne i Hercegovine. Iz Tu\u017eila\u0161tva su naveli da su kompletni posmrtni ostaci jedne [&hellip;]<\/p>\n","protected":false},"author":1,"featured_media":0,"comment_status":"closed","ping_status":"open","sticky":false,"template":"","format":"standard","meta":{"_monsterinsights_skip_tracking":false,"_monsterinsights_sitenote_active":false,"_monsterinsights_sitenote_note":"","_monsterinsights_sitenote_category":0,"footnotes":""},"categories":[5],"tags":[],"yoast_head":"<!-- This site is optimized with the Yoast SEO plugin v21.6 - https:\/\/yoast.com\/wordpress\/plugins\/seo\/ -->\n<title>Ekshumirani posmrtni ostaci u Kozarcu - PrijedorDanas.com - Prijedorski gradski portal<\/title>\n<meta name=\"robots\" content=\"index, follow, max-snippet:-1, max-image-preview:large, max-video-preview:-1\" \/>\n<link rel=\"canonical\" href=\"https:\/\/www.prijedordanas.com\/?p=261634\" \/>\n<meta property=\"og:locale\" content=\"en_US\" \/>\n<meta property=\"og:type\" content=\"article\" \/>\n<meta property=\"og:title\" content=\"Ekshumirani posmrtni ostaci u Kozarcu - PrijedorDanas.com - Prijedorski gradski portal\" \/>\n<meta property=\"og:description\" content=\"Na mjesnom groblju u Kozarcu, u okolini Prijedora, prona\u0111eni su posmrtni ostaci jedne osobe, saop\u0161tilo je Tu\u017eila\u0161tvo Bosne i Hercegovine. Iz Tu\u017eila\u0161tva su naveli da su kompletni posmrtni ostaci jedne [&hellip;]\" \/>\n<meta property=\"og:url\" content=\"https:\/\/www.prijedordanas.com\/?p=261634\" \/>\n<meta property=\"og:site_name\" content=\"PrijedorDanas.com - Prijedorski gradski portal\" \/>\n<meta property=\"article:publisher\" content=\"https:\/\/www.facebook.com\/PrijedorDanasCom\/\" \/>\n<meta property=\"article:published_time\" content=\"2026-01-23T14:30:41+00:00\" \/>\n<meta property=\"og:image\" content=\"https:\/\/www.prijedordanas.com\/wp-content\/uploads\/2026\/01\/tuzilastvo-bih-ekshumacija-kozarac-januar2026-300x225.jpg\" \/>\n<meta name=\"author\" content=\"admin\" \/>\n<meta name=\"twitter:card\" content=\"summary_large_image\" \/>\n<meta name=\"twitter:label1\" content=\"Written by\" \/>\n\t<meta name=\"twitter:data1\" content=\"admin\" \/>\n<script type=\"application\/ld+json\" class=\"yoast-schema-graph\">{\"@context\":\"https:\/\/schema.org\",\"@graph\":[{\"@type\":\"Article\",\"@id\":\"https:\/\/www.prijedordanas.com\/?p=261634#article\",\"isPartOf\":{\"@id\":\"https:\/\/www.prijedordanas.com\/?p=261634\"},\"author\":{\"name\":\"admin\",\"@id\":\"https:\/\/www.prijedordanas.com\/#\/schema\/person\/4e08ccf29b506ca916ff86d46bb700e6\"},\"headline\":\"Ekshumirani posmrtni ostaci u Kozarcu\",\"datePublished\":\"2026-01-23T14:30:41+00:00\",\"dateModified\":\"2026-01-23T14:30:41+00:00\",\"mainEntityOfPage\":{\"@id\":\"https:\/\/www.prijedordanas.com\/?p=261634\"},\"wordCount\":207,\"publisher\":{\"@id\":\"https:\/\/www.prijedordanas.com\/#organization\"},\"articleSection\":[\"Hronika\"],\"inLanguage\":\"en-US\"},{\"@type\":\"WebPage\",\"@id\":\"https:\/\/www.prijedordanas.com\/?p=261634\",\"url\":\"https:\/\/www.prijedordanas.com\/?p=261634\",\"name\":\"Ekshumirani posmrtni ostaci u Kozarcu - PrijedorDanas.com - Prijedorski gradski portal\",\"isPartOf\":{\"@id\":\"https:\/\/www.prijedordanas.com\/#website\"},\"datePublished\":\"2026-01-23T14:30:41+00:00\",\"dateModified\":\"2026-01-23T14:30:41+00:00\",\"breadcrumb\":{\"@id\":\"https:\/\/www.prijedordanas.com\/?p=261634#breadcrumb\"},\"inLanguage\":\"en-US\",\"potentialAction\":[{\"@type\":\"ReadAction\",\"target\":[\"https:\/\/www.prijedordanas.com\/?p=261634\"]}]},{\"@type\":\"BreadcrumbList\",\"@id\":\"https:\/\/www.prijedordanas.com\/?p=261634#breadcrumb\",\"itemListElement\":[{\"@type\":\"ListItem\",\"position\":1,\"name\":\"Home\",\"item\":\"https:\/\/www.prijedordanas.com\/\"},{\"@type\":\"ListItem\",\"position\":2,\"name\":\"Ekshumirani posmrtni ostaci u Kozarcu\"}]},{\"@type\":\"WebSite\",\"@id\":\"https:\/\/www.prijedordanas.com\/#website\",\"url\":\"https:\/\/www.prijedordanas.com\/\",\"name\":\"PrijedorDanas.com - Prijedorski gradski portal\",\"description\":\"Portal o doga\u0111anjima u gradu Prijedoru\",\"publisher\":{\"@id\":\"https:\/\/www.prijedordanas.com\/#organization\"},\"potentialAction\":[{\"@type\":\"SearchAction\",\"target\":{\"@type\":\"EntryPoint\",\"urlTemplate\":\"https:\/\/www.prijedordanas.com\/?s={search_term_string}\"},\"query-input\":\"required name=search_term_string\"}],\"inLanguage\":\"en-US\"},{\"@type\":\"Organization\",\"@id\":\"https:\/\/www.prijedordanas.com\/#organization\",\"name\":\"PrijedorDanas.com\",\"url\":\"https:\/\/www.prijedordanas.com\/\",\"logo\":{\"@type\":\"ImageObject\",\"inLanguage\":\"en-US\",\"@id\":\"https:\/\/www.prijedordanas.com\/#\/schema\/logo\/image\/\",\"url\":\"http:\/\/www.prijedordanas.com\/wp-content\/uploads\/2021\/12\/logopng.png\",\"contentUrl\":\"http:\/\/www.prijedordanas.com\/wp-content\/uploads\/2021\/12\/logopng.png\",\"width\":1019,\"height\":776,\"caption\":\"PrijedorDanas.com\"},\"image\":{\"@id\":\"https:\/\/www.prijedordanas.com\/#\/schema\/logo\/image\/\"},\"sameAs\":[\"https:\/\/www.facebook.com\/PrijedorDanasCom\/\"]},{\"@type\":\"Person\",\"@id\":\"https:\/\/www.prijedordanas.com\/#\/schema\/person\/4e08ccf29b506ca916ff86d46bb700e6\",\"name\":\"admin\",\"image\":{\"@type\":\"ImageObject\",\"inLanguage\":\"en-US\",\"@id\":\"https:\/\/www.prijedordanas.com\/#\/schema\/person\/image\/\",\"url\":\"https:\/\/secure.gravatar.com\/avatar\/1d3fc949d550f0b53a5f0d51e06dfd79?s=96&d=mm&r=g\",\"contentUrl\":\"https:\/\/secure.gravatar.com\/avatar\/1d3fc949d550f0b53a5f0d51e06dfd79?s=96&d=mm&r=g\",\"caption\":\"admin\"},\"url\":\"https:\/\/www.prijedordanas.com\/?author=1\"}]}<\/script>\n<!-- \/ Yoast SEO plugin. -->","yoast_head_json":{"title":"Ekshumirani posmrtni ostaci u Kozarcu - PrijedorDanas.com - Prijedorski gradski portal","robots":{"index":"index","follow":"follow","max-snippet":"max-snippet:-1","max-image-preview":"max-image-preview:large","max-video-preview":"max-video-preview:-1"},"canonical":"https:\/\/www.prijedordanas.com\/?p=261634","og_locale":"en_US","og_type":"article","og_title":"Ekshumirani posmrtni ostaci u Kozarcu - PrijedorDanas.com - Prijedorski gradski portal","og_description":"Na mjesnom groblju u Kozarcu, u okolini Prijedora, prona\u0111eni su posmrtni ostaci jedne osobe, saop\u0161tilo je Tu\u017eila\u0161tvo Bosne i Hercegovine. Iz Tu\u017eila\u0161tva su naveli da su kompletni posmrtni ostaci jedne [&hellip;]","og_url":"https:\/\/www.prijedordanas.com\/?p=261634","og_site_name":"PrijedorDanas.com - Prijedorski gradski portal","article_publisher":"https:\/\/www.facebook.com\/PrijedorDanasCom\/","article_published_time":"2026-01-23T14:30:41+00:00","og_image":[{"url":"https:\/\/www.prijedordanas.com\/wp-content\/uploads\/2026\/01\/tuzilastvo-bih-ekshumacija-kozarac-januar2026-300x225.jpg"}],"author":"admin","twitter_card":"summary_large_image","twitter_misc":{"Written by":"admin"},"schema":{"@context":"https:\/\/schema.org","@graph":[{"@type":"Article","@id":"https:\/\/www.prijedordanas.com\/?p=261634#article","isPartOf":{"@id":"https:\/\/www.prijedordanas.com\/?p=261634"},"author":{"name":"admin","@id":"https:\/\/www.prijedordanas.com\/#\/schema\/person\/4e08ccf29b506ca916ff86d46bb700e6"},"headline":"Ekshumirani posmrtni ostaci u Kozarcu","datePublished":"2026-01-23T14:30:41+00:00","dateModified":"2026-01-23T14:30:41+00:00","mainEntityOfPage":{"@id":"https:\/\/www.prijedordanas.com\/?p=261634"},"wordCount":207,"publisher":{"@id":"https:\/\/www.prijedordanas.com\/#organization"},"articleSection":["Hronika"],"inLanguage":"en-US"},{"@type":"WebPage","@id":"https:\/\/www.prijedordanas.com\/?p=261634","url":"https:\/\/www.prijedordanas.com\/?p=261634","name":"Ekshumirani posmrtni ostaci u Kozarcu - PrijedorDanas.com - Prijedorski gradski portal","isPartOf":{"@id":"https:\/\/www.prijedordanas.com\/#website"},"datePublished":"2026-01-23T14:30:41+00:00","dateModified":"2026-01-23T14:30:41+00:00","breadcrumb":{"@id":"https:\/\/www.prijedordanas.com\/?p=261634#breadcrumb"},"inLanguage":"en-US","potentialAction":[{"@type":"ReadAction","target":["https:\/\/www.prijedordanas.com\/?p=261634"]}]},{"@type":"BreadcrumbList","@id":"https:\/\/www.prijedordanas.com\/?p=261634#breadcrumb","itemListElement":[{"@type":"ListItem","position":1,"name":"Home","item":"https:\/\/www.prijedordanas.com\/"},{"@type":"ListItem","position":2,"name":"Ekshumirani posmrtni ostaci u Kozarcu"}]},{"@type":"WebSite","@id":"https:\/\/www.prijedordanas.com\/#website","url":"https:\/\/www.prijedordanas.com\/","name":"PrijedorDanas.com - Prijedorski gradski portal","description":"Portal o doga\u0111anjima u gradu Prijedoru","publisher":{"@id":"https:\/\/www.prijedordanas.com\/#organization"},"potentialAction":[{"@type":"SearchAction","target":{"@type":"EntryPoint","urlTemplate":"https:\/\/www.prijedordanas.com\/?s={search_term_string}"},"query-input":"required name=search_term_string"}],"inLanguage":"en-US"},{"@type":"Organization","@id":"https:\/\/www.prijedordanas.com\/#organization","name":"PrijedorDanas.com","url":"https:\/\/www.prijedordanas.com\/","logo":{"@type":"ImageObject","inLanguage":"en-US","@id":"https:\/\/www.prijedordanas.com\/#\/schema\/logo\/image\/","url":"http:\/\/www.prijedordanas.com\/wp-content\/uploads\/2021\/12\/logopng.png","contentUrl":"http:\/\/www.prijedordanas.com\/wp-content\/uploads\/2021\/12\/logopng.png","width":1019,"height":776,"caption":"PrijedorDanas.com"},"image":{"@id":"https:\/\/www.prijedordanas.com\/#\/schema\/logo\/image\/"},"sameAs":["https:\/\/www.facebook.com\/PrijedorDanasCom\/"]},{"@type":"Person","@id":"https:\/\/www.prijedordanas.com\/#\/schema\/person\/4e08ccf29b506ca916ff86d46bb700e6","name":"admin","image":{"@type":"ImageObject","inLanguage":"en-US","@id":"https:\/\/www.prijedordanas.com\/#\/schema\/person\/image\/","url":"https:\/\/secure.gravatar.com\/avatar\/1d3fc949d550f0b53a5f0d51e06dfd79?s=96&d=mm&r=g","contentUrl":"https:\/\/secure.gravatar.com\/avatar\/1d3fc949d550f0b53a5f0d51e06dfd79?s=96&d=mm&r=g","caption":"admin"},"url":"https:\/\/www.prijedordanas.com\/?author=1"}]}},"_links":{"self":[{"href":"https:\/\/www.prijedordanas.com\/index.php?rest_route=\/wp\/v2\/posts\/261634"}],"collection":[{"href":"https:\/\/www.prijedordanas.com\/index.php?rest_route=\/wp\/v2\/posts"}],"about":[{"href":"https:\/\/www.prijedordanas.com\/index.php?rest_route=\/wp\/v2\/types\/post"}],"author":[{"embeddable":true,"href":"https:\/\/www.prijedordanas.com\/index.php?rest_route=\/wp\/v2\/users\/1"}],"replies":[{"embeddable":true,"href":"https:\/\/www.prijedordanas.com\/index.php?rest_route=%2Fwp%2Fv2%2Fcomments&post=261634"}],"version-history":[{"count":1,"href":"https:\/\/www.prijedordanas.com\/index.php?rest_route=\/wp\/v2\/posts\/261634\/revisions"}],"predecessor-version":[{"id":261636,"href":"https:\/\/www.prijedordanas.com\/index.php?rest_route=\/wp\/v2\/posts\/261634\/revisions\/261636"}],"wp:attachment":[{"href":"https:\/\/www.prijedordanas.com\/index.php?rest_route=%2Fwp%2Fv2%2Fmedia&parent=261634"}],"wp:term":[{"taxonomy":"category","embeddable":true,"href":"https:\/\/www.prijedordanas.com\/index.php?rest_route=%2Fwp%2Fv2%2Fcategories&post=261634"},{"taxonomy":"post_tag","embeddable":true,"href":"https:\/\/www.prijedordanas.com\/index.php?rest_route=%2Fwp%2Fv2%2Ftags&post=261634"}],"curies":[{"name":"wp","href":"https:\/\/api.w.org\/{rel}","templated":true}]}}