{"id":261301,"date":"2026-01-17T11:39:39","date_gmt":"2026-01-17T10:39:39","guid":{"rendered":"https:\/\/www.prijedordanas.com\/?p=261301"},"modified":"2026-01-17T11:39:39","modified_gmt":"2026-01-17T10:39:39","slug":"komunalne-usluge-prijedor-vazno-obavjestenje-o-odvozu-otpada-za-vikend","status":"publish","type":"post","link":"https:\/\/www.prijedordanas.com\/?p=261301","title":{"rendered":"Komunalne usluge Prijedor: Va\u017eno obavje\u0161tenje o odvozu otpada za vikend"},"content":{"rendered":"<p><a href=\"https:\/\/www.prijedordanas.com\/wp-content\/uploads\/2026\/01\/komunalne-usluge-odvoz-otpada-obavjestenje.jpg\"><img loading=\"lazy\" decoding=\"async\" src=\"https:\/\/www.prijedordanas.com\/wp-content\/uploads\/2026\/01\/komunalne-usluge-odvoz-otpada-obavjestenje-225x300.jpg\" alt=\"\" width=\"225\" height=\"300\" class=\"alignleft size-medium wp-image-261299\" srcset=\"https:\/\/www.prijedordanas.com\/wp-content\/uploads\/2026\/01\/komunalne-usluge-odvoz-otpada-obavjestenje-225x300.jpg 225w, https:\/\/www.prijedordanas.com\/wp-content\/uploads\/2026\/01\/komunalne-usluge-odvoz-otpada-obavjestenje.jpg 450w\" sizes=\"(max-width: 225px) 100vw, 225px\" \/><\/a>VA\u017dNO OBAVJE\u0160TENJE<\/p>\n<p>Dragi sugra\u0111ani,<br \/>\nobavje\u0161tavamo vas da \u0107e se odvoz komunalnog otpada vr\u0161iti i tokom vikenda, s ciljem prikupljanja otpada koji zbog ranijih vremenskih i tehni\u010dkih okolnosti nije bio preuzet na vrijeme.<\/p>\n<p>-Subota, 17.01.<br \/>\nNi\u0161evi\u0107i, \u0106ati\u0107i, dio Kozarca, Br\u0111ani, Asfaltna baza (kod Kozarca), Veliko Palan\u010di\u0161te, naselje kod Sto\u010dne pijace, Glavica 2, Ljubija \u2013 sporedni putevi, Tukovi \u2013 sporedni putevi, kao i redovan odvoz otpada u gradu i Svalama.<\/p>\n<p>-Nedjelja, 18.01.<br \/>\nDio sporednih ulica u Gomjenici,  Donja \u0106ela, kao i redovan odvoz otpada u gradu.<\/p>\n<p>Zahvaljujemo se gra\u0111anima na strpljenju i razumijevanju.<\/p>\n<p>Nastavljamo da radimo i u dane vikenda, kako bismo zajedno odr\u017eali na\u0161 grad \u010distim  i urednim.<\/p>\n<p>komunalne usluge Prijedor<\/p>\n","protected":false},"excerpt":{"rendered":"<p>VA\u017dNO OBAVJE\u0160TENJE Dragi sugra\u0111ani, obavje\u0161tavamo vas da \u0107e se odvoz komunalnog otpada vr\u0161iti i tokom vikenda, s ciljem prikupljanja otpada koji zbog ranijih vremenskih i tehni\u010dkih okolnosti nije bio preuzet [&hellip;]<\/p>\n","protected":false},"author":1,"featured_media":0,"comment_status":"closed","ping_status":"open","sticky":false,"template":"","format":"standard","meta":{"_monsterinsights_skip_tracking":false,"_monsterinsights_sitenote_active":false,"_monsterinsights_sitenote_note":"","_monsterinsights_sitenote_category":0,"footnotes":""},"categories":[4],"tags":[],"yoast_head":"<!-- This site is optimized with the Yoast SEO plugin v21.6 - https:\/\/yoast.com\/wordpress\/plugins\/seo\/ -->\n<title>Komunalne usluge Prijedor: Va\u017eno obavje\u0161tenje o odvozu otpada za vikend - PrijedorDanas.com - Prijedorski gradski portal<\/title>\n<meta name=\"robots\" content=\"index, follow, max-snippet:-1, max-image-preview:large, max-video-preview:-1\" \/>\n<link rel=\"canonical\" href=\"https:\/\/www.prijedordanas.com\/?p=261301\" \/>\n<meta property=\"og:locale\" content=\"en_US\" \/>\n<meta property=\"og:type\" content=\"article\" \/>\n<meta property=\"og:title\" content=\"Komunalne usluge Prijedor: Va\u017eno obavje\u0161tenje o odvozu otpada za vikend - PrijedorDanas.com - Prijedorski gradski portal\" \/>\n<meta property=\"og:description\" content=\"VA\u017dNO OBAVJE\u0160TENJE Dragi sugra\u0111ani, obavje\u0161tavamo vas da \u0107e se odvoz komunalnog otpada vr\u0161iti i tokom vikenda, s ciljem prikupljanja otpada koji zbog ranijih vremenskih i tehni\u010dkih okolnosti nije bio preuzet [&hellip;]\" \/>\n<meta property=\"og:url\" content=\"https:\/\/www.prijedordanas.com\/?p=261301\" \/>\n<meta property=\"og:site_name\" content=\"PrijedorDanas.com - Prijedorski gradski portal\" \/>\n<meta property=\"article:publisher\" content=\"https:\/\/www.facebook.com\/PrijedorDanasCom\/\" \/>\n<meta property=\"article:published_time\" content=\"2026-01-17T10:39:39+00:00\" \/>\n<meta property=\"og:image\" content=\"https:\/\/www.prijedordanas.com\/wp-content\/uploads\/2026\/01\/komunalne-usluge-odvoz-otpada-obavjestenje-225x300.jpg\" \/>\n<meta name=\"author\" content=\"admin\" \/>\n<meta name=\"twitter:card\" content=\"summary_large_image\" \/>\n<meta name=\"twitter:label1\" content=\"Written by\" \/>\n\t<meta name=\"twitter:data1\" content=\"admin\" \/>\n<script type=\"application\/ld+json\" class=\"yoast-schema-graph\">{\"@context\":\"https:\/\/schema.org\",\"@graph\":[{\"@type\":\"Article\",\"@id\":\"https:\/\/www.prijedordanas.com\/?p=261301#article\",\"isPartOf\":{\"@id\":\"https:\/\/www.prijedordanas.com\/?p=261301\"},\"author\":{\"name\":\"admin\",\"@id\":\"https:\/\/www.prijedordanas.com\/#\/schema\/person\/4e08ccf29b506ca916ff86d46bb700e6\"},\"headline\":\"Komunalne usluge Prijedor: Va\u017eno obavje\u0161tenje o odvozu otpada za vikend\",\"datePublished\":\"2026-01-17T10:39:39+00:00\",\"dateModified\":\"2026-01-17T10:39:39+00:00\",\"mainEntityOfPage\":{\"@id\":\"https:\/\/www.prijedordanas.com\/?p=261301\"},\"wordCount\":132,\"publisher\":{\"@id\":\"https:\/\/www.prijedordanas.com\/#organization\"},\"articleSection\":[\"Dru\u0161tvo\"],\"inLanguage\":\"en-US\"},{\"@type\":\"WebPage\",\"@id\":\"https:\/\/www.prijedordanas.com\/?p=261301\",\"url\":\"https:\/\/www.prijedordanas.com\/?p=261301\",\"name\":\"Komunalne usluge Prijedor: Va\u017eno obavje\u0161tenje o odvozu otpada za vikend - PrijedorDanas.com - Prijedorski gradski portal\",\"isPartOf\":{\"@id\":\"https:\/\/www.prijedordanas.com\/#website\"},\"datePublished\":\"2026-01-17T10:39:39+00:00\",\"dateModified\":\"2026-01-17T10:39:39+00:00\",\"breadcrumb\":{\"@id\":\"https:\/\/www.prijedordanas.com\/?p=261301#breadcrumb\"},\"inLanguage\":\"en-US\",\"potentialAction\":[{\"@type\":\"ReadAction\",\"target\":[\"https:\/\/www.prijedordanas.com\/?p=261301\"]}]},{\"@type\":\"BreadcrumbList\",\"@id\":\"https:\/\/www.prijedordanas.com\/?p=261301#breadcrumb\",\"itemListElement\":[{\"@type\":\"ListItem\",\"position\":1,\"name\":\"Home\",\"item\":\"https:\/\/www.prijedordanas.com\/\"},{\"@type\":\"ListItem\",\"position\":2,\"name\":\"Komunalne usluge Prijedor: Va\u017eno obavje\u0161tenje o odvozu otpada za vikend\"}]},{\"@type\":\"WebSite\",\"@id\":\"https:\/\/www.prijedordanas.com\/#website\",\"url\":\"https:\/\/www.prijedordanas.com\/\",\"name\":\"PrijedorDanas.com - Prijedorski gradski portal\",\"description\":\"Portal o doga\u0111anjima u gradu Prijedoru\",\"publisher\":{\"@id\":\"https:\/\/www.prijedordanas.com\/#organization\"},\"potentialAction\":[{\"@type\":\"SearchAction\",\"target\":{\"@type\":\"EntryPoint\",\"urlTemplate\":\"https:\/\/www.prijedordanas.com\/?s={search_term_string}\"},\"query-input\":\"required name=search_term_string\"}],\"inLanguage\":\"en-US\"},{\"@type\":\"Organization\",\"@id\":\"https:\/\/www.prijedordanas.com\/#organization\",\"name\":\"PrijedorDanas.com\",\"url\":\"https:\/\/www.prijedordanas.com\/\",\"logo\":{\"@type\":\"ImageObject\",\"inLanguage\":\"en-US\",\"@id\":\"https:\/\/www.prijedordanas.com\/#\/schema\/logo\/image\/\",\"url\":\"http:\/\/www.prijedordanas.com\/wp-content\/uploads\/2021\/12\/logopng.png\",\"contentUrl\":\"http:\/\/www.prijedordanas.com\/wp-content\/uploads\/2021\/12\/logopng.png\",\"width\":1019,\"height\":776,\"caption\":\"PrijedorDanas.com\"},\"image\":{\"@id\":\"https:\/\/www.prijedordanas.com\/#\/schema\/logo\/image\/\"},\"sameAs\":[\"https:\/\/www.facebook.com\/PrijedorDanasCom\/\"]},{\"@type\":\"Person\",\"@id\":\"https:\/\/www.prijedordanas.com\/#\/schema\/person\/4e08ccf29b506ca916ff86d46bb700e6\",\"name\":\"admin\",\"image\":{\"@type\":\"ImageObject\",\"inLanguage\":\"en-US\",\"@id\":\"https:\/\/www.prijedordanas.com\/#\/schema\/person\/image\/\",\"url\":\"https:\/\/secure.gravatar.com\/avatar\/1d3fc949d550f0b53a5f0d51e06dfd79?s=96&d=mm&r=g\",\"contentUrl\":\"https:\/\/secure.gravatar.com\/avatar\/1d3fc949d550f0b53a5f0d51e06dfd79?s=96&d=mm&r=g\",\"caption\":\"admin\"},\"url\":\"https:\/\/www.prijedordanas.com\/?author=1\"}]}<\/script>\n<!-- \/ Yoast SEO plugin. -->","yoast_head_json":{"title":"Komunalne usluge Prijedor: Va\u017eno obavje\u0161tenje o odvozu otpada za vikend - PrijedorDanas.com - Prijedorski gradski portal","robots":{"index":"index","follow":"follow","max-snippet":"max-snippet:-1","max-image-preview":"max-image-preview:large","max-video-preview":"max-video-preview:-1"},"canonical":"https:\/\/www.prijedordanas.com\/?p=261301","og_locale":"en_US","og_type":"article","og_title":"Komunalne usluge Prijedor: Va\u017eno obavje\u0161tenje o odvozu otpada za vikend - PrijedorDanas.com - Prijedorski gradski portal","og_description":"VA\u017dNO OBAVJE\u0160TENJE Dragi sugra\u0111ani, obavje\u0161tavamo vas da \u0107e se odvoz komunalnog otpada vr\u0161iti i tokom vikenda, s ciljem prikupljanja otpada koji zbog ranijih vremenskih i tehni\u010dkih okolnosti nije bio preuzet [&hellip;]","og_url":"https:\/\/www.prijedordanas.com\/?p=261301","og_site_name":"PrijedorDanas.com - Prijedorski gradski portal","article_publisher":"https:\/\/www.facebook.com\/PrijedorDanasCom\/","article_published_time":"2026-01-17T10:39:39+00:00","og_image":[{"url":"https:\/\/www.prijedordanas.com\/wp-content\/uploads\/2026\/01\/komunalne-usluge-odvoz-otpada-obavjestenje-225x300.jpg"}],"author":"admin","twitter_card":"summary_large_image","twitter_misc":{"Written by":"admin"},"schema":{"@context":"https:\/\/schema.org","@graph":[{"@type":"Article","@id":"https:\/\/www.prijedordanas.com\/?p=261301#article","isPartOf":{"@id":"https:\/\/www.prijedordanas.com\/?p=261301"},"author":{"name":"admin","@id":"https:\/\/www.prijedordanas.com\/#\/schema\/person\/4e08ccf29b506ca916ff86d46bb700e6"},"headline":"Komunalne usluge Prijedor: Va\u017eno obavje\u0161tenje o odvozu otpada za vikend","datePublished":"2026-01-17T10:39:39+00:00","dateModified":"2026-01-17T10:39:39+00:00","mainEntityOfPage":{"@id":"https:\/\/www.prijedordanas.com\/?p=261301"},"wordCount":132,"publisher":{"@id":"https:\/\/www.prijedordanas.com\/#organization"},"articleSection":["Dru\u0161tvo"],"inLanguage":"en-US"},{"@type":"WebPage","@id":"https:\/\/www.prijedordanas.com\/?p=261301","url":"https:\/\/www.prijedordanas.com\/?p=261301","name":"Komunalne usluge Prijedor: Va\u017eno obavje\u0161tenje o odvozu otpada za vikend - PrijedorDanas.com - Prijedorski gradski portal","isPartOf":{"@id":"https:\/\/www.prijedordanas.com\/#website"},"datePublished":"2026-01-17T10:39:39+00:00","dateModified":"2026-01-17T10:39:39+00:00","breadcrumb":{"@id":"https:\/\/www.prijedordanas.com\/?p=261301#breadcrumb"},"inLanguage":"en-US","potentialAction":[{"@type":"ReadAction","target":["https:\/\/www.prijedordanas.com\/?p=261301"]}]},{"@type":"BreadcrumbList","@id":"https:\/\/www.prijedordanas.com\/?p=261301#breadcrumb","itemListElement":[{"@type":"ListItem","position":1,"name":"Home","item":"https:\/\/www.prijedordanas.com\/"},{"@type":"ListItem","position":2,"name":"Komunalne usluge Prijedor: Va\u017eno obavje\u0161tenje o odvozu otpada za vikend"}]},{"@type":"WebSite","@id":"https:\/\/www.prijedordanas.com\/#website","url":"https:\/\/www.prijedordanas.com\/","name":"PrijedorDanas.com - Prijedorski gradski portal","description":"Portal o doga\u0111anjima u gradu Prijedoru","publisher":{"@id":"https:\/\/www.prijedordanas.com\/#organization"},"potentialAction":[{"@type":"SearchAction","target":{"@type":"EntryPoint","urlTemplate":"https:\/\/www.prijedordanas.com\/?s={search_term_string}"},"query-input":"required name=search_term_string"}],"inLanguage":"en-US"},{"@type":"Organization","@id":"https:\/\/www.prijedordanas.com\/#organization","name":"PrijedorDanas.com","url":"https:\/\/www.prijedordanas.com\/","logo":{"@type":"ImageObject","inLanguage":"en-US","@id":"https:\/\/www.prijedordanas.com\/#\/schema\/logo\/image\/","url":"http:\/\/www.prijedordanas.com\/wp-content\/uploads\/2021\/12\/logopng.png","contentUrl":"http:\/\/www.prijedordanas.com\/wp-content\/uploads\/2021\/12\/logopng.png","width":1019,"height":776,"caption":"PrijedorDanas.com"},"image":{"@id":"https:\/\/www.prijedordanas.com\/#\/schema\/logo\/image\/"},"sameAs":["https:\/\/www.facebook.com\/PrijedorDanasCom\/"]},{"@type":"Person","@id":"https:\/\/www.prijedordanas.com\/#\/schema\/person\/4e08ccf29b506ca916ff86d46bb700e6","name":"admin","image":{"@type":"ImageObject","inLanguage":"en-US","@id":"https:\/\/www.prijedordanas.com\/#\/schema\/person\/image\/","url":"https:\/\/secure.gravatar.com\/avatar\/1d3fc949d550f0b53a5f0d51e06dfd79?s=96&d=mm&r=g","contentUrl":"https:\/\/secure.gravatar.com\/avatar\/1d3fc949d550f0b53a5f0d51e06dfd79?s=96&d=mm&r=g","caption":"admin"},"url":"https:\/\/www.prijedordanas.com\/?author=1"}]}},"_links":{"self":[{"href":"https:\/\/www.prijedordanas.com\/index.php?rest_route=\/wp\/v2\/posts\/261301"}],"collection":[{"href":"https:\/\/www.prijedordanas.com\/index.php?rest_route=\/wp\/v2\/posts"}],"about":[{"href":"https:\/\/www.prijedordanas.com\/index.php?rest_route=\/wp\/v2\/types\/post"}],"author":[{"embeddable":true,"href":"https:\/\/www.prijedordanas.com\/index.php?rest_route=\/wp\/v2\/users\/1"}],"replies":[{"embeddable":true,"href":"https:\/\/www.prijedordanas.com\/index.php?rest_route=%2Fwp%2Fv2%2Fcomments&post=261301"}],"version-history":[{"count":1,"href":"https:\/\/www.prijedordanas.com\/index.php?rest_route=\/wp\/v2\/posts\/261301\/revisions"}],"predecessor-version":[{"id":261303,"href":"https:\/\/www.prijedordanas.com\/index.php?rest_route=\/wp\/v2\/posts\/261301\/revisions\/261303"}],"wp:attachment":[{"href":"https:\/\/www.prijedordanas.com\/index.php?rest_route=%2Fwp%2Fv2%2Fmedia&parent=261301"}],"wp:term":[{"taxonomy":"category","embeddable":true,"href":"https:\/\/www.prijedordanas.com\/index.php?rest_route=%2Fwp%2Fv2%2Fcategories&post=261301"},{"taxonomy":"post_tag","embeddable":true,"href":"https:\/\/www.prijedordanas.com\/index.php?rest_route=%2Fwp%2Fv2%2Ftags&post=261301"}],"curies":[{"name":"wp","href":"https:\/\/api.w.org\/{rel}","templated":true}]}}