{"id":260913,"date":"2026-01-11T15:35:03","date_gmt":"2026-01-11T14:35:03","guid":{"rendered":"https:\/\/www.prijedordanas.com\/?p=260913"},"modified":"2026-01-26T16:49:02","modified_gmt":"2026-01-26T15:49:02","slug":"predo-marjanovic-nikad-ja-sebe-ne-nudim-mene-uvijek-traze","status":"publish","type":"post","link":"https:\/\/www.prijedordanas.com\/?p=260913","title":{"rendered":"Predo Marjanovi\u0107 (2): Nikad ja sebe ne nudim, mene uvijek tra\u017ee"},"content":{"rendered":"<p><a href=\"https:\/\/www.prijedordanas.com\/wp-content\/uploads\/2026\/01\/predo-marjanovic-2dio.jpg\"><img loading=\"lazy\" decoding=\"async\" class=\"alignleft size-medium wp-image-260914\" src=\"https:\/\/www.prijedordanas.com\/wp-content\/uploads\/2026\/01\/predo-marjanovic-2dio-300x225.jpg\" alt=\"\" width=\"300\" height=\"225\" srcset=\"https:\/\/www.prijedordanas.com\/wp-content\/uploads\/2026\/01\/predo-marjanovic-2dio-300x225.jpg 300w, https:\/\/www.prijedordanas.com\/wp-content\/uploads\/2026\/01\/predo-marjanovic-2dio-640x480.jpg 640w, https:\/\/www.prijedordanas.com\/wp-content\/uploads\/2026\/01\/predo-marjanovic-2dio.jpg 666w\" sizes=\"(max-width: 300px) 100vw, 300px\" \/><\/a>Slova za Patriju sam radio, mislim, 1977. Kad sam naplatio dizajn, mozak im se zavrtio. Rekli, bi l&#8217; ti u radni odnos. Bi&#8217;. Ustvari, u neradni. Jer ja svoje brzo napravim i onda imam vremena za crtanje. Imao svoj mali atelje. I stan odmah dobio. Poslije sam dobio neku nagradu u Splitu za dizajn kese s repeticijom Patrija, bordo.<\/p>\n<p>\/Iz d\u017eepa vadi smotak papira. Tra\u017ei i nalazi ostatak koverte sa od\u0161tampanim logom Patrije, prvobitnog izgleda\/. Ja i Rudi \/prijedorski slikar Rudolf Sla\u010dala\/ smo bili najskuplji. Nikad ja sebe ne nudim. Ma, neee. Ja ka\u017eem, strpi se. K&#8217;o da neko mora znati je l&#8217; imam ja para il&#8217; nemam, \u0161ta je tebi! Nikad ja sebe ne nudim, mene uvijek tra\u017ee.<\/p>\n<p>Mnogi brkaju, misle Patrija kao domovina, a nije, nego je lokalitet na Kozari gdje je bio proboj neprijateljskog obru\u010da tokom ofanzive. Zato kroz slova ide nit. Bio neki general tada i, kad je to vidio, jebe mater i direktoru i dizajneru. Bila revolucionarna, nisu klasi\u010dna. Nije razumio. Za to vrijeme bila svjetski bum. I svijetle\u0107a, pa zablje\u0161te. Evo, i sad su tu, ponovo. Mogli su ih ovi novi promijeniti, pa nisu. Samo su ih deformisali. Mislili iluziju da naprave, ali ta slova imaju svoj kakrakter, vidi\u0161 da kroz slova ide proboj. Da bi ti to snimio kako treba, mora skela. A ne odozdo.<\/p>\n<p><a href=\"https:\/\/www.prijedordanas.com\/wp-content\/uploads\/2026\/01\/predo-marjanovic-patrija-logo.jpg\"><img loading=\"lazy\" decoding=\"async\" src=\"https:\/\/www.prijedordanas.com\/wp-content\/uploads\/2026\/01\/predo-marjanovic-patrija-logo-285x300.jpg\" alt=\"\" width=\"285\" height=\"300\" class=\"alignleft size-medium wp-image-260915\" srcset=\"https:\/\/www.prijedordanas.com\/wp-content\/uploads\/2026\/01\/predo-marjanovic-patrija-logo-285x300.jpg 285w, https:\/\/www.prijedordanas.com\/wp-content\/uploads\/2026\/01\/predo-marjanovic-patrija-logo.jpg 570w\" sizes=\"(max-width: 285px) 100vw, 285px\" \/><\/a>Taj potok, Macinovac, bio zloglasan. Zato je ono oko Ciganluka sve vla\u017eno. Tamo stanov&#8217;o Nasko \/Budimli\u0107, bubnjar Divljih jagoda\/. Tu svi ka\u0161ljali cijeli \u017eivot. Neke godine napravi poplavu u Patriji. Tad su sjekli direktorima glave, me\u0161etarilo se, kralo. Ne\u0161to ko\u0161ta sto maraka, ti dobije\u0161 za pet. \u0160ta se tu bacilo&#8230; Onda televizore, a oni bili na gornjoj eta\u017ei, zna\u010di, nije mogla voda nikako. A dolje je buknulo. I sad, gledaj, viski. Dohvatilo ga ovoliko, malo odozdo. Ne! Sve ide na Kurevo, meni srce puca. Jebo te bog, kad smo mi do\u0161li na to Kurevo&#8230; Tamo ima dvije hiljade ljudi, Cigana, ono, \u010dekaju da mi istovarimo, kava u onom najlonu, al&#8217; po zakonu mora\u0161 baciti. Da vidi\u0161 kakav je tu lopovluk bio, joooj! To je samo murija ulazila izlazla, ulazla izlazla. Pa, pitaju za\u0161to su kade rashodovane. Ja ka\u017eem, kako za\u0161to, pa bila voda u njima. I tu me isto zamrze.<\/p>\n<p>Ti zna\u0161 da je moja ideja bila i galerija i glavna ulica. Oboje sam na prevaru, morao tako. Galerija je bila vrlo va\u017ena, zbog anateme Prijedora, samo o logorima, jebi ga. Na tu foru sam ih i uhvatio. &#8216;O\u0107ete l` vi da mi samo pri\u010damo da smo mi klali ovdje i ubijali? To je vrijeme SDS-a. Bio \/Aleksandar\/ Bereta na mojoj strani, bio Dragan Savanovi\u0107 \/funkcioneri SDS-a\/, mnogi bili. Ka\u017eu, \u0161ta predla\u017ee\u0161. Predla\u017eem galeriju, jebi ga. Znate li vi ko je sve iz Prijedora, a ja imam sve spremno, elaborat, k&#8217;o knjiga materijala bilo. Sve o Prijedoru, o zna\u010daju prijedorskih umjetnika koji, jebi ga, ne dolaze &#8216;vamo nikako. A oni pitaju, a bi l&#8217; ti to htio da vodi\u0161. Ja ka\u017eem, pa bi&#8217;. \/smijeh\/.<\/p>\n<p>\/Ko ti je dao saglasnost?\/ \/Milomir\/ Staki\u0107 \/ratni na\u010delnik op\u0161tine Prijedor\/. Staki\u0107 je potpisao, ja to govorim uvijek. Zato \u0161to je vidio da je to logi\u010dna stvar. Ne\u0107emo pri\u010dati samo o Trnopolju, Omarskoj, id&#8217;te u pizdu mater&#8217;nu. Poslije me svi zvali, \u010destitali, Sarajevo, tada muslimansko. Pa, Banjaluka nema takvu galeriju. Mene Malba\u0161i\u0107 zvao \/banjalu\u010dki zlatar i sajd\u017eija\/, pitao koliko to ko\u0161ta. Reko&#8217;, ja \u0107u tebi pla\u0107ati ve\u010dere, samo je napravi. Ima on tog merhameta. Pa, valjda i dru\u017ee\u0107i se sa mnom. Meni je svejedno ko je pravi, Ante Paveli\u0107.<\/p>\n<p>Da smo pravili sranja, jesmo. Jebem ja tu pri\u010du da su svi pravili. Znam ja da su svi pravili, ja pri\u010dam o svom gradu. Ja bi&#8217; volio da, \u0161to se mene ti\u010de, da su i Hrvatska i Srbija bogate. Ja nemam taj kompleks. Kad bogatstvo do\u0111e do Sanskog Mosta, prabaci\u0107e se i ovamo. Ali se to ne\u0107e desiti u ovakvoj konstelaciji snaga. Skuplji nam je politi\u010dki sistem od \u010detri rata. Sa svom privredom \u0161to propadne.<\/p>\n<p>Ja sam je dr\u017e&#8217;o do pono\u0107i, do jedan, dok god ljudi hodaju. Po\u0161to partijski ne igram, skinuli su me. Ali sam je napravio, jebe se meni za mandatima. Kragulj kad je u\u0161ao, rek&#8217;o je, ovo u srcu Pariza prolazi. Pa, zna\u0161 da je meni svirao Zoran Kraji\u0161nik, prvak svijeta bio na gitari. Za po\u010detak uvijek mora\u0161 autoritete, zna\u0161. Otvorili smo s onim Trentom, ako se sje\u0107a\u0161, Don Kihot, me\u0111unarodna, 47 zemalja.<\/p>\n<p>Ne bi&#8217; ja umro u galeriji. Dolaze mla\u0111i, dolaze \u017eivlji, zna\u0161. Samo \u0161to se uz moj autoritet moglo puno stvari desiti, zna\u0161. Ovi svi moraju se upoznavati tek, a ja ne. Mladi umjetnici potpisuju \u0161ta ja govorim i kad ne zavr\u0161im. To se gradi godinama, imam ja godina.<\/p>\n<p>\/U trenutku kad saznaje\u0161 da vi\u0161e nisi direktor galerije, osje\u0107a\u0161 li da te tvoj grad izdao?\/ Da. Uzeo sam svoje stvari, \u010destitao Tihi \/Tihomir Ilija\u0161evi\u0107, dugogodi\u0161nji direktor galerije\/, po\u017eelio sretan radi i iza\u0161ao. Ja sam mislio da sam ja neoboriv, zato \u0161to su rekli da sam ja donio Evropu u Prijedor. Poslije bio neki protest, djeca neka pisala, u pi\u010dku materinu, nije to ni nepismeno. Ja nemam pojma, ja se time ne bavim, vidi\u0161 moj telefon, vid&#8217; kakav je, ja samo mogu nazvati i javiti se. Jer ja ne\u0107u da budem rob ove sprave. Ma, ni govora!<\/p>\n<p>Ako ko ne shvata moj anga\u017eman u ovom gradu, meni ni ne treba. Od svih silikara puta 12 ja sam najvi\u0161e napravio. Galeriju je trebalo izdr\u017eati, trebalo je na\u0107i pare, pare su strane, grad je dao prostor. Nisam htio ni\u0161ta s hipotekom. Pa, onda, rauberi iz op\u0161tine, s njima mo\u017ee samo ko je drzak, svako drugi bi odustao. To su razbojnici. Sa mnom nema ugradnje. Ja sam svojih para tro\u0161io.<\/p>\n<p>Taj naziv, \u201eGalerija 96\u201c, je solomonsko rje\u0161enje. Kad imamo puno va\u017enih, nisam mogao jednog. Sreten, Kragulj, Milju\u0161, vrije\u0111a\u0161 nekog. Najbolje rje\u0161enje u tom slu\u010daju je godina. Toga ima koliko ho\u0107e\u0161 u svijetu.<\/p>\n<p>Odmah nakon toga meni je u mozgu bio drugi projekat, jer nije galerija za one stare ulice, ona je napravljena kao za Herrenstrasse. Kao da je u Knezu ili Ilici. Ja rek&#8217;o \/Marku\/ Pavi\u0107u \/tada\u0161njem na\u010delniku op\u0161tine Prijedor\/, napravi glavnu ulicu, ima\u0161 jo\u0161 jedan mandat. I bilo tako.<\/p>\n<p>Ja bio u \u017eiriju. Bilo je tu megalomanije. Od devet prijedloga, mislim da su \u010detiri bila s crkvom pred Patrijom. Pa, \u0161ta \u0107e ti, bolan, crkva pred Patrijom? Vidi\u0161 da crkva ne treba. Vidi\u0161 da pored sve i jedne sad prave biznis prostor. To treba. Mislili su, upali\u0107e to, jer egzaltacija srpstvom i pravoslavljem je tad vladala. Crkva o\u010dito ne treba, kad je onako zakloni\u0161, da se ne \u010dita od Sane, \u0161to, logi\u010dno, zna\u010di da ne treba.<\/p>\n<p>Svi su bili dobri na glavnoj ulici. Svi su se ugradili. Osim mene. Ja sam primao platu. Ja sam samo stajao i mjerio, stajao i mjerio. Ja sam se prep&#8217;o da ne bude presiv Prijedor. Stvarno sam gin&#8217;o. Najzadovoljniji sam onom ku\u0107om gdje su stanovali Matija zlatar i Ljuba, gdje ima ono gore preko puta piramidu, boja pijeska, tu su mi pogodili, a ostalo, gdje su sumnjive boje, to je iz Gruda dolazilo, idu da jeftinije pro\u0111u i onda mi donese i ka\u017ee: \u0161to? pa li\u010di. S ton kartom i\u0161ao svaki dan, radio manija\u010dki, tu ima\u0161 70 posto objekata obijenh do cigle, poslije mijenja\u0161 boju. Isto kao podloga za mural. Mora se dobro pripremiti, obiti do cigle, pa navu\u0107i sloj, pa sloj, pa sloj, pa onda ono finiranje. Me\u0111utim, oni zama\u017eu, zakrpe mistrijama. \u010cim sam vidio da to ode u k&#8230;c, da se to guli, ne\u0107u ja s tim da imam posla, ne zovite me vi\u0161e tu. Evo, konj ovaj tu lijepi se ogulio, to je gotovo, pogledaj ga, prop&#8217;o, njemu nema spasa. I onaj na ku\u0107i \u0110ure Vranje\u0161a, sav se podmjehurio i guli se, samo \u0161to je floralni oblik, pa se toliko ne vidi.<\/p>\n<p>A to za atelje, to sam pokazao jednom advokatu, on rekao da me mo\u017ee uvesti kad ho\u0107u. Ja nisam htio. Samo jedno da je protiv, ma ne\u0107u. Eno ga, stoji prazan, sto godina.<\/p>\n<p>Prvo su mislili da je to poslovni prostor, pa sam donosio pravilnik udru\u017eenja likovnih umjetnika BiH, Srbije i Hrvatske, da vide da nije. Slikar ga koristi za \u017eivota, onda mladi slikar jedva \u010deka da umre stari slikar, pa zatekne unutra materijala, zna\u0161. Literature ja kol&#8217;ko imam, oni svi skupa za 15.000 godina \u017eivota ne mogu skupiti. Ja sam rovio po antikvarnicama svjetskim, 50 godina. Ne mo`\u0161 ti uzeti pare i re\u0107i, ode ja kupiti. Neee! Eto, to su oni osporili. Samo su zajebali nekog mladog. Kad je \/hrvatski slikar Edo\/ Murti\u0107 umro, u Zagrebu tu\u010da bila ko \u0107e u\u0107i u atelje, generali neki intervenisali. Murti\u0107 kad kupuje materijal, dolazi kombijem. Kad on u\u0111e u radnju, ka\u017ee Stahov, ne idi. Njemu sve treba. Stari prdonja, osakati sve ostale.<\/p>\n<p>\/Tada\u0161nja na\u010delnica op\u0161tine Prijedor\/ Nada \u0160evo dodijelila mi na kori\u0161tenje. Muzej bio konsterniran. Jebe ih re\u010denica: zbog izuzetnih zasluga za kulturu. Neka ekipa pisala neke peticije koje je malo ko od mladih slikara htio potpisati. Kao morala bi biti grupa unutra. Pa kad unosi\u0161 knjige, materijale, literaturu, to ti bude maleno. Pa \/Mersad\/ Berber je imao atelje, 586 kvadrata, na Ciglanama u Sarajevu. Kad do\u0111e novinar da pravi intervju, evo, ovako se zbiju jedan do drugog.<\/p>\n<p>De\u017emanov prolaz, iz Ilice, ima prodavnica Likum. Za sat bi&#8217; potro\u0161io 500.000. &#8216;Aj&#8217;, dobro, za dva, da malo probere\u0161. U Italiji, Francuskoj, \u0160vajcarskoj&#8230; takve radnje su na spratove. Ja ne gledam auto. Auto je ta\u010dka A, ta\u010dka B. Moj auto je iz 1994. Za to ne dam ni\u0161ta.<\/p>\n<p>I gdje god do\u0111em, samo knjige hapam. U op\u0161tini bio Bo\u017eidar Jakac. Monografija. Ja ka\u017eem, \u0161ta \u0107e vama ovaj usta\u0161a slovena\u010dki. Oni \/Cigo, Kurnoga\/, MOLIM?! Nosi to! Jo\u0161 mi napi\u0161u posvetu. Kod Mursela na\u0111em monografiju Hanau. Moj brat, kad je studirao metalurgiju u Ljubljani, najbolje studente \u0161alju u Hanau, zlato i platina se prera\u0111uju. Ka\u017eem mu, \u0161ta ti o ovome zna\u0161, koji \u0107e ti k&#8230;c ovo. Isto, ka\u017ee, nosi. Imam ja toga, poslije vi\u0161e nema\u0161 gdje. Samo te skuplje onda dr\u017eim u vitrini. Kad smo bili studenti, pa na sajam knjiga u Beograd, samo lopovima napi\u0161e\u0161 \u0161ta ti treba, oni kradu, mi od njih kupujemo, jeftino, to je sistem bio. On ne zna, nit&#8217; je kad \u010duo, al&#8217; zna tra\u017eiti kad mu napi\u0161e\u0161. Ne mo\u017ee\u0161 sve kupiti, a ni na\u0107i. Pa, oni platneni povezi.<\/p>\n<p>I za slike sam mimoilazio galeriju. Jer slika koja, na primjer, ko\u0161ta 8.000 evra, u galeriji ko\u0161ta 20.000 evra. Ja sam zato hvatao ljude kad se skida izlo\u017eba, da kupe. Nisam htio da se izlo\u017eba registruje kao prodajna zato \u0161to bi op\u0161tina, zin&#8217;la bi joj guzica, pa bi rekli da mi mo\u017eemo \u017eivjeti od provizije. Ko kupuje slike u Prijedoru, majke ti? \/nastavi\u0107e se\/<\/p>\n<p>Razgovarala i fotografisala \/u ljeto 2022. godine\/ &#8211; Katarina Pani\u0107 \u2013 <a href=\"https:\/\/www.prijedordanas.com\" target=\"_blank\" rel=\"noopener noreferrer\">www.prijedordanas.com<\/a><\/p>\n<p><em><strong>*Premium sadr\u017eaje lokalnog informativnog portala PrijedorDanas podr\u017ei donacijom na ra\u010dun Udru\u017eenja za unapre\u0111enje medijskih sloboda Prijedor Danas kod NLB banke: 5621508214760476.<\/strong><\/em><\/p>\n<p><strong><a href=\"https:\/\/www.prijedordanas.com\/?p=260420\" target=\"_blank\" rel=\"noopener\">Predo Marjanovi\u0107 (1): Meni se ne odbija<\/a><\/strong><\/p>\n<p><strong><a href=\"https:\/\/www.prijedordanas.com\/?p=260913\" rel=\"noopener\" target=\"_blank\">Predo Marjanovi\u0107 (2): Nikad ja sebe ne nudim, mene uvijek tra\u017ee<\/a><\/strong><\/p>\n<p><strong><a href=\"https:\/\/www.prijedordanas.com\/?p=261360\" rel=\"noopener\" target=\"_blank\">Predo Marjanovi\u0107 (3): Rakija nije mito<\/a><\/strong><\/p>\n","protected":false},"excerpt":{"rendered":"<p>Slova za Patriju sam radio, mislim, 1977. Kad sam naplatio dizajn, mozak im se zavrtio. Rekli, bi l&#8217; ti u radni odnos. Bi&#8217;. Ustvari, u neradni. Jer ja svoje brzo [&hellip;]<\/p>\n","protected":false},"author":1,"featured_media":0,"comment_status":"closed","ping_status":"open","sticky":false,"template":"","format":"standard","meta":{"_monsterinsights_skip_tracking":false,"_monsterinsights_sitenote_active":false,"_monsterinsights_sitenote_note":"","_monsterinsights_sitenote_category":0,"footnotes":""},"categories":[4],"tags":[],"yoast_head":"<!-- This site is optimized with the Yoast SEO plugin v21.6 - https:\/\/yoast.com\/wordpress\/plugins\/seo\/ -->\n<title>Predo Marjanovi\u0107 (2): Nikad ja sebe ne nudim, mene uvijek tra\u017ee - PrijedorDanas.com - Prijedorski gradski portal<\/title>\n<meta name=\"robots\" content=\"index, follow, max-snippet:-1, max-image-preview:large, max-video-preview:-1\" \/>\n<link rel=\"canonical\" href=\"https:\/\/www.prijedordanas.com\/?p=260913\" \/>\n<meta property=\"og:locale\" content=\"en_US\" \/>\n<meta property=\"og:type\" content=\"article\" \/>\n<meta property=\"og:title\" content=\"Predo Marjanovi\u0107 (2): Nikad ja sebe ne nudim, mene uvijek tra\u017ee - PrijedorDanas.com - Prijedorski gradski portal\" \/>\n<meta property=\"og:description\" content=\"Slova za Patriju sam radio, mislim, 1977. Kad sam naplatio dizajn, mozak im se zavrtio. Rekli, bi l&#8217; ti u radni odnos. Bi&#8217;. Ustvari, u neradni. Jer ja svoje brzo [&hellip;]\" \/>\n<meta property=\"og:url\" content=\"https:\/\/www.prijedordanas.com\/?p=260913\" \/>\n<meta property=\"og:site_name\" content=\"PrijedorDanas.com - Prijedorski gradski portal\" \/>\n<meta property=\"article:publisher\" content=\"https:\/\/www.facebook.com\/PrijedorDanasCom\/\" \/>\n<meta property=\"article:published_time\" content=\"2026-01-11T14:35:03+00:00\" \/>\n<meta property=\"article:modified_time\" content=\"2026-01-26T15:49:02+00:00\" \/>\n<meta property=\"og:image\" content=\"https:\/\/www.prijedordanas.com\/wp-content\/uploads\/2026\/01\/predo-marjanovic-2dio-300x225.jpg\" \/>\n<meta name=\"author\" content=\"admin\" \/>\n<meta name=\"twitter:card\" content=\"summary_large_image\" \/>\n<meta name=\"twitter:label1\" content=\"Written by\" \/>\n\t<meta name=\"twitter:data1\" content=\"admin\" \/>\n\t<meta name=\"twitter:label2\" content=\"Est. reading time\" \/>\n\t<meta name=\"twitter:data2\" content=\"9 minutes\" \/>\n<script type=\"application\/ld+json\" class=\"yoast-schema-graph\">{\"@context\":\"https:\/\/schema.org\",\"@graph\":[{\"@type\":\"Article\",\"@id\":\"https:\/\/www.prijedordanas.com\/?p=260913#article\",\"isPartOf\":{\"@id\":\"https:\/\/www.prijedordanas.com\/?p=260913\"},\"author\":{\"name\":\"admin\",\"@id\":\"https:\/\/www.prijedordanas.com\/#\/schema\/person\/4e08ccf29b506ca916ff86d46bb700e6\"},\"headline\":\"Predo Marjanovi\u0107 (2): Nikad ja sebe ne nudim, mene uvijek tra\u017ee\",\"datePublished\":\"2026-01-11T14:35:03+00:00\",\"dateModified\":\"2026-01-26T15:49:02+00:00\",\"mainEntityOfPage\":{\"@id\":\"https:\/\/www.prijedordanas.com\/?p=260913\"},\"wordCount\":1987,\"publisher\":{\"@id\":\"https:\/\/www.prijedordanas.com\/#organization\"},\"articleSection\":[\"Dru\u0161tvo\"],\"inLanguage\":\"en-US\"},{\"@type\":\"WebPage\",\"@id\":\"https:\/\/www.prijedordanas.com\/?p=260913\",\"url\":\"https:\/\/www.prijedordanas.com\/?p=260913\",\"name\":\"Predo Marjanovi\u0107 (2): Nikad ja sebe ne nudim, mene uvijek tra\u017ee - PrijedorDanas.com - Prijedorski gradski portal\",\"isPartOf\":{\"@id\":\"https:\/\/www.prijedordanas.com\/#website\"},\"datePublished\":\"2026-01-11T14:35:03+00:00\",\"dateModified\":\"2026-01-26T15:49:02+00:00\",\"breadcrumb\":{\"@id\":\"https:\/\/www.prijedordanas.com\/?p=260913#breadcrumb\"},\"inLanguage\":\"en-US\",\"potentialAction\":[{\"@type\":\"ReadAction\",\"target\":[\"https:\/\/www.prijedordanas.com\/?p=260913\"]}]},{\"@type\":\"BreadcrumbList\",\"@id\":\"https:\/\/www.prijedordanas.com\/?p=260913#breadcrumb\",\"itemListElement\":[{\"@type\":\"ListItem\",\"position\":1,\"name\":\"Home\",\"item\":\"https:\/\/www.prijedordanas.com\/\"},{\"@type\":\"ListItem\",\"position\":2,\"name\":\"Predo Marjanovi\u0107 (2): Nikad ja sebe ne nudim, mene uvijek tra\u017ee\"}]},{\"@type\":\"WebSite\",\"@id\":\"https:\/\/www.prijedordanas.com\/#website\",\"url\":\"https:\/\/www.prijedordanas.com\/\",\"name\":\"PrijedorDanas.com - Prijedorski gradski portal\",\"description\":\"Portal o doga\u0111anjima u gradu Prijedoru\",\"publisher\":{\"@id\":\"https:\/\/www.prijedordanas.com\/#organization\"},\"potentialAction\":[{\"@type\":\"SearchAction\",\"target\":{\"@type\":\"EntryPoint\",\"urlTemplate\":\"https:\/\/www.prijedordanas.com\/?s={search_term_string}\"},\"query-input\":\"required name=search_term_string\"}],\"inLanguage\":\"en-US\"},{\"@type\":\"Organization\",\"@id\":\"https:\/\/www.prijedordanas.com\/#organization\",\"name\":\"PrijedorDanas.com\",\"url\":\"https:\/\/www.prijedordanas.com\/\",\"logo\":{\"@type\":\"ImageObject\",\"inLanguage\":\"en-US\",\"@id\":\"https:\/\/www.prijedordanas.com\/#\/schema\/logo\/image\/\",\"url\":\"http:\/\/www.prijedordanas.com\/wp-content\/uploads\/2021\/12\/logopng.png\",\"contentUrl\":\"http:\/\/www.prijedordanas.com\/wp-content\/uploads\/2021\/12\/logopng.png\",\"width\":1019,\"height\":776,\"caption\":\"PrijedorDanas.com\"},\"image\":{\"@id\":\"https:\/\/www.prijedordanas.com\/#\/schema\/logo\/image\/\"},\"sameAs\":[\"https:\/\/www.facebook.com\/PrijedorDanasCom\/\"]},{\"@type\":\"Person\",\"@id\":\"https:\/\/www.prijedordanas.com\/#\/schema\/person\/4e08ccf29b506ca916ff86d46bb700e6\",\"name\":\"admin\",\"image\":{\"@type\":\"ImageObject\",\"inLanguage\":\"en-US\",\"@id\":\"https:\/\/www.prijedordanas.com\/#\/schema\/person\/image\/\",\"url\":\"https:\/\/secure.gravatar.com\/avatar\/1d3fc949d550f0b53a5f0d51e06dfd79?s=96&d=mm&r=g\",\"contentUrl\":\"https:\/\/secure.gravatar.com\/avatar\/1d3fc949d550f0b53a5f0d51e06dfd79?s=96&d=mm&r=g\",\"caption\":\"admin\"},\"url\":\"https:\/\/www.prijedordanas.com\/?author=1\"}]}<\/script>\n<!-- \/ Yoast SEO plugin. -->","yoast_head_json":{"title":"Predo Marjanovi\u0107 (2): Nikad ja sebe ne nudim, mene uvijek tra\u017ee - PrijedorDanas.com - Prijedorski gradski portal","robots":{"index":"index","follow":"follow","max-snippet":"max-snippet:-1","max-image-preview":"max-image-preview:large","max-video-preview":"max-video-preview:-1"},"canonical":"https:\/\/www.prijedordanas.com\/?p=260913","og_locale":"en_US","og_type":"article","og_title":"Predo Marjanovi\u0107 (2): Nikad ja sebe ne nudim, mene uvijek tra\u017ee - PrijedorDanas.com - Prijedorski gradski portal","og_description":"Slova za Patriju sam radio, mislim, 1977. Kad sam naplatio dizajn, mozak im se zavrtio. Rekli, bi l&#8217; ti u radni odnos. Bi&#8217;. Ustvari, u neradni. Jer ja svoje brzo [&hellip;]","og_url":"https:\/\/www.prijedordanas.com\/?p=260913","og_site_name":"PrijedorDanas.com - Prijedorski gradski portal","article_publisher":"https:\/\/www.facebook.com\/PrijedorDanasCom\/","article_published_time":"2026-01-11T14:35:03+00:00","article_modified_time":"2026-01-26T15:49:02+00:00","og_image":[{"url":"https:\/\/www.prijedordanas.com\/wp-content\/uploads\/2026\/01\/predo-marjanovic-2dio-300x225.jpg"}],"author":"admin","twitter_card":"summary_large_image","twitter_misc":{"Written by":"admin","Est. reading time":"9 minutes"},"schema":{"@context":"https:\/\/schema.org","@graph":[{"@type":"Article","@id":"https:\/\/www.prijedordanas.com\/?p=260913#article","isPartOf":{"@id":"https:\/\/www.prijedordanas.com\/?p=260913"},"author":{"name":"admin","@id":"https:\/\/www.prijedordanas.com\/#\/schema\/person\/4e08ccf29b506ca916ff86d46bb700e6"},"headline":"Predo Marjanovi\u0107 (2): Nikad ja sebe ne nudim, mene uvijek tra\u017ee","datePublished":"2026-01-11T14:35:03+00:00","dateModified":"2026-01-26T15:49:02+00:00","mainEntityOfPage":{"@id":"https:\/\/www.prijedordanas.com\/?p=260913"},"wordCount":1987,"publisher":{"@id":"https:\/\/www.prijedordanas.com\/#organization"},"articleSection":["Dru\u0161tvo"],"inLanguage":"en-US"},{"@type":"WebPage","@id":"https:\/\/www.prijedordanas.com\/?p=260913","url":"https:\/\/www.prijedordanas.com\/?p=260913","name":"Predo Marjanovi\u0107 (2): Nikad ja sebe ne nudim, mene uvijek tra\u017ee - PrijedorDanas.com - Prijedorski gradski portal","isPartOf":{"@id":"https:\/\/www.prijedordanas.com\/#website"},"datePublished":"2026-01-11T14:35:03+00:00","dateModified":"2026-01-26T15:49:02+00:00","breadcrumb":{"@id":"https:\/\/www.prijedordanas.com\/?p=260913#breadcrumb"},"inLanguage":"en-US","potentialAction":[{"@type":"ReadAction","target":["https:\/\/www.prijedordanas.com\/?p=260913"]}]},{"@type":"BreadcrumbList","@id":"https:\/\/www.prijedordanas.com\/?p=260913#breadcrumb","itemListElement":[{"@type":"ListItem","position":1,"name":"Home","item":"https:\/\/www.prijedordanas.com\/"},{"@type":"ListItem","position":2,"name":"Predo Marjanovi\u0107 (2): Nikad ja sebe ne nudim, mene uvijek tra\u017ee"}]},{"@type":"WebSite","@id":"https:\/\/www.prijedordanas.com\/#website","url":"https:\/\/www.prijedordanas.com\/","name":"PrijedorDanas.com - Prijedorski gradski portal","description":"Portal o doga\u0111anjima u gradu Prijedoru","publisher":{"@id":"https:\/\/www.prijedordanas.com\/#organization"},"potentialAction":[{"@type":"SearchAction","target":{"@type":"EntryPoint","urlTemplate":"https:\/\/www.prijedordanas.com\/?s={search_term_string}"},"query-input":"required name=search_term_string"}],"inLanguage":"en-US"},{"@type":"Organization","@id":"https:\/\/www.prijedordanas.com\/#organization","name":"PrijedorDanas.com","url":"https:\/\/www.prijedordanas.com\/","logo":{"@type":"ImageObject","inLanguage":"en-US","@id":"https:\/\/www.prijedordanas.com\/#\/schema\/logo\/image\/","url":"http:\/\/www.prijedordanas.com\/wp-content\/uploads\/2021\/12\/logopng.png","contentUrl":"http:\/\/www.prijedordanas.com\/wp-content\/uploads\/2021\/12\/logopng.png","width":1019,"height":776,"caption":"PrijedorDanas.com"},"image":{"@id":"https:\/\/www.prijedordanas.com\/#\/schema\/logo\/image\/"},"sameAs":["https:\/\/www.facebook.com\/PrijedorDanasCom\/"]},{"@type":"Person","@id":"https:\/\/www.prijedordanas.com\/#\/schema\/person\/4e08ccf29b506ca916ff86d46bb700e6","name":"admin","image":{"@type":"ImageObject","inLanguage":"en-US","@id":"https:\/\/www.prijedordanas.com\/#\/schema\/person\/image\/","url":"https:\/\/secure.gravatar.com\/avatar\/1d3fc949d550f0b53a5f0d51e06dfd79?s=96&d=mm&r=g","contentUrl":"https:\/\/secure.gravatar.com\/avatar\/1d3fc949d550f0b53a5f0d51e06dfd79?s=96&d=mm&r=g","caption":"admin"},"url":"https:\/\/www.prijedordanas.com\/?author=1"}]}},"_links":{"self":[{"href":"https:\/\/www.prijedordanas.com\/index.php?rest_route=\/wp\/v2\/posts\/260913"}],"collection":[{"href":"https:\/\/www.prijedordanas.com\/index.php?rest_route=\/wp\/v2\/posts"}],"about":[{"href":"https:\/\/www.prijedordanas.com\/index.php?rest_route=\/wp\/v2\/types\/post"}],"author":[{"embeddable":true,"href":"https:\/\/www.prijedordanas.com\/index.php?rest_route=\/wp\/v2\/users\/1"}],"replies":[{"embeddable":true,"href":"https:\/\/www.prijedordanas.com\/index.php?rest_route=%2Fwp%2Fv2%2Fcomments&post=260913"}],"version-history":[{"count":5,"href":"https:\/\/www.prijedordanas.com\/index.php?rest_route=\/wp\/v2\/posts\/260913\/revisions"}],"predecessor-version":[{"id":261364,"href":"https:\/\/www.prijedordanas.com\/index.php?rest_route=\/wp\/v2\/posts\/260913\/revisions\/261364"}],"wp:attachment":[{"href":"https:\/\/www.prijedordanas.com\/index.php?rest_route=%2Fwp%2Fv2%2Fmedia&parent=260913"}],"wp:term":[{"taxonomy":"category","embeddable":true,"href":"https:\/\/www.prijedordanas.com\/index.php?rest_route=%2Fwp%2Fv2%2Fcategories&post=260913"},{"taxonomy":"post_tag","embeddable":true,"href":"https:\/\/www.prijedordanas.com\/index.php?rest_route=%2Fwp%2Fv2%2Ftags&post=260913"}],"curies":[{"name":"wp","href":"https:\/\/api.w.org\/{rel}","templated":true}]}}