{"id":260846,"date":"2026-01-10T13:23:19","date_gmt":"2026-01-10T12:23:19","guid":{"rendered":"https:\/\/www.prijedordanas.com\/?p=260846"},"modified":"2026-01-10T13:23:19","modified_gmt":"2026-01-10T12:23:19","slug":"prijedor-radnica-komunalnih-usluga-tuzila-poslodavca-radni-spor-okoncan-sudskim-poravnanjem","status":"publish","type":"post","link":"https:\/\/www.prijedordanas.com\/?p=260846","title":{"rendered":"Prijedor: Radnica &#8220;Komunalnih usluga&#8221; tu\u017eila poslodavca \u2013 radni spor okon\u010dan sudskim poravnanjem"},"content":{"rendered":"<p><a href=\"https:\/\/www.prijedordanas.com\/wp-content\/uploads\/2025\/04\/komunalne-usluge-prijedor.jpg\"><img loading=\"lazy\" decoding=\"async\" src=\"https:\/\/www.prijedordanas.com\/wp-content\/uploads\/2025\/04\/komunalne-usluge-prijedor-300x225.jpg\" alt=\"\" width=\"300\" height=\"225\" class=\"alignleft size-medium wp-image-245906\" srcset=\"https:\/\/www.prijedordanas.com\/wp-content\/uploads\/2025\/04\/komunalne-usluge-prijedor-300x225.jpg 300w, https:\/\/www.prijedordanas.com\/wp-content\/uploads\/2025\/04\/komunalne-usluge-prijedor-640x480.jpg 640w, https:\/\/www.prijedordanas.com\/wp-content\/uploads\/2025\/04\/komunalne-usluge-prijedor.jpg 667w\" sizes=\"(max-width: 300px) 100vw, 300px\" \/><\/a>Pred Osnovnim sudom u Prijedoru postignuto je sudsko poravnanje u radnom sporu radnice \u201eKomunalnih usluga\u201c Prijedor V.A. iz Prijedora vo\u0111enom protiv poslodavca, potvr\u0111eno je novinarima u ovom sudu.<\/p>\n<p>Predmet spora je zahtjev radnice da se poni\u0161ti, kao nezakonito, rje\u0161enje kojim joj je poslodavac otkazao ugovor o radu usljed tehnolo\u0161kih, ekonomskih i organizacionih promjena, zahtjev da je poslodavac vrati na rad i zahtjev da joj isplati plate, doprinose i tro\u0161kove parni\u010dnog postupka.<\/p>\n<p>Prvostepeni sud utvrdio je da je:<br \/>\n&#8211; 31.05.2021. radnica sa poslodavcem zaklju\u010dila ugovor o radu na neodre\u0111eno vrijeme na radno mjesto evidenti\u010dar gotovih proizvoda u obra\u010dunskoj jedinici \u2018Zelenilo i rasadnik\u2019, u skladu sa Pravilnikom o sistematizaciji radnih mjesta od 23.06.2020.<br \/>\n&#8211; radnica i prije i nakon zaklju\u010denja ovog ugovora obavljala poslove vrtlara i terenske poslove<br \/>\n&#8211; 31.03.2022. poslodavac donio novi Pravilnik o unutra\u0161njoj organizaciji i sistematizaciji radnih mjesta \u010dime je prestao da va\u017ei Pravilnik od 23.06.2020.<br \/>\n&#8211; novim Pravilnikom ukinuto radno mjesto evidenti\u010dar gotovih proizvoda<br \/>\n&#8211; 04.04.2022. radnici poslodavac otkazao ugovor o radu usljed tehnolo\u0161kih, ekonomskih i organizacionih promjena i nemogu\u0107nosti obezbje\u0111enje drugog odgovaraju\u0107eg radnog mjesta<br \/>\n&#8211; 03.05.2022. ovo rje\u0161enje poslodavac izmijenio u dijelu obrazlo\u017eenja koji se ne odnosi na radnicu<br \/>\n&#8211; nakon \u0161to je ovoj radnici otkazao ugovor o radu, poslodavac u radni odnos primio 22 radnika, od kojih 19 na odre\u0111eno vrijeme, a tri na neodre\u0111eno vrijeme, me\u0111u kojima i radnicu G.K. koja je, u vrijeme kada je V.A. dobila otkaz, bila u radnom odnosu na odre\u0111eno vrijeme na poslovima vrtlara po ugovoru o radu od 01.11.2021, da bi, nakon \u0161to je V.A. dobila otkaz, bila primljena u radni odnos na neodre\u0111eno vrijeme, tako\u0111e na poslove vrtlara, po ugovoru od 31.01.2023.<\/p>\n<p>Osnovni sud je od 30.10.2023. poni\u0161tio otkaz kao nezakonit, a poslodavca obavezao da V.A. vrati na rad na poslove evidenti\u010dara gotovih proizvoda ili na obavljanje drugih poslova i radnih zadataka koji odgovaraju njenim stru\u010dnim i radnim sposobnostima, da joj isplati ukupno 8.904,45 KM u roku od trideset dana ili posebno 8.456,03 KM neto plata plus zatezne kamate po\u010dev od dono\u0161enja prvostepene presude, pa do isplate, kao i 3.819 KM doprinosa i 1.445 KM sudskih tro\u0161kova.<\/p>\n<p>Prvostepeni sud utvrdio je, a drugostepeni potvrdio, da preduze\u0107e \u201eKomunalne usluge\u201c nije dokazalo da nije moglo radnici V.A. ponuditi drugo radno mjesto, niti je dokazalo da je ispunilo uslove prema kojima bi moglo otkazati ugovor o radu po osnovu tehnolo\u0161kog vi\u0161ka, \u0161to otkaz \u010dini nezakonitim.<\/p>\n<p>Preduze\u0107e se na prvostepenu presudu \u017ealilo Okru\u017enom sudu u Prijedoru, koji je presudom od 20.08.2024. \u017ealbu djelimi\u010dno uva\u017eio kao osnovanu, a dijelom odbio kao neosnovanu.<\/p>\n<p>\u201e\u017dalba gubi iz vida \u010dinjenicu, a \u0161to tako\u0111e proizilazi iz \u010dinjeni\u010dnog utvr\u0111enja prvostepenog suda, utemeljenog na iskazu tu\u017eiteljice datom u svojstvu parni\u010dne stranke, da je ona kod tu\u017eenog radni odnos zasnovala 2000. godine, a \u0161to tu\u017eena nije osporavala. Stoga je tu\u017eena, na kojoj je teret dokazivanja, mogla i morala dokazati da tu\u017eiteljica nije do momenta zaklju\u010denja ugovora o radu za radno mjesto evidenti\u010dar gotovih proizvoda obavljala poslove vrtlara, ve\u0107 neke druge poslove\u201c, navodi Okru\u017eni sud.<\/p>\n<p>Prema ocjeni drugostepenog suda, neosnovana je \u017ealba \u201eKomunalnih usluga\u201c i u dijelu u kojem ukazuje na to da radnica V.A. nije ispunjavala uslove radnog mjesta vrtlara, s obzirom na njeno naru\u0161eno zdravstveno stanje.<\/p>\n<p>\u201eDa li su ti poslovi naporni ili ne, ne mo\u017ee utvr\u0111ivati tu\u017eena kao poslodavac koja je imala mogu\u0107nost, kako to pravilno zaklju\u010duje i prvostepeni sud, da tu\u017eiteljici ponudi izmjenu sadr\u017eaja ugovora o radu kada bi odbijanje zaklju\u010denja aneksa ugovora, predstavljalo razlog za otkaz ugovora o radu\u201c, podsje\u0107a Okru\u017eni sud.<\/p>\n<p>Ovaj sud ukazuje na to da je preduze\u0107e \u201eKomunalne usluge\u201c odluku o usvajanju Pravilnika o unutra\u0161njoj organizaciji i sistematizaciji radnih mjesta donijelo 31.03.2022. i da je to bio \u010detvrtak, da se odluka primjenjuje od 01.04.2022. i da je to bio petak, a da je otkaz radnici V.A. donesen 04.04.2022. i da je to bio ponedjeljak, \u010dime je poslodavac \u201epotpuno zanemario \u010dinjenicu da je tu\u017eiteljica ve\u0107 obavljala poslove vrtlara i da je u vrijeme dono\u0161enja rje\u0161enja o otkazu ugovora o radu poslove vrtlara obavljao radnik u radnom odnosu na odre\u0111eno vrijeme u trajanju od 30 dana\u201c.<\/p>\n<p>U dijelovima koji se ti\u010du nezakonitog otkaza Okru\u017eni sud je odbio \u017ealbu preduze\u0107a i potvrdio presudu Osnovnog suda, a u dijelovima koji se ti\u010du naknade na ime izgubljenih plata, uplati doprinosa i tro\u0161kova postupka, drugostepeni sud preusudu je ukinuo i predmet vratio na ponovni postupak.<\/p>\n<p>\u201eOstalo je nejasno kako je sud utvrdio da tu\u017eiteljici na ime naknada po osnovu izgubljene zarade i doprinosa pripadaju upravo dosu\u0111eni iznosi \/&#8230;\/ Pritom, valja ukazati na to da tu\u017eiteljici pripada pravo da tra\u017ei da joj se na iznose naknade plata za sporni period u korist Fonda PIO izvr\u0161i uplata doprinosa po osnovu penzijskog i invalidskog osiguranja, ali tu\u017eiteljica ne mo\u017ee odre\u0111ivati o kojem se iznosu tih doprinosa radi. Kako je djelimi\u010dno ukinuta odluka o glavnoj stvari, to je ukinuto i rje\u0161enje o tro\u0161kovima postupka i u tom dijelu predmet vra\u0107en na ponovni postupak jer se, kada su u pitanju tro\u0161kovi postupka, radi o akcesornom potra\u017eivanju koje zavisi od odluke o glavnoj stvari\u201c, stoji u presudi Okru\u017enog suda.<\/p>\n<p>U ponovljenom postupku pred Osnovnim sudom postignuto je sudsko poravnanje izme\u0111u radnice i poslodavca, \u010dime je ovaj radni spor okon\u010dan.<\/p>\n<p>Tekst &#8211; Katarina Pani\u0107 \u2013 <a href=\"https:\/\/www.prijedordanas.com\" target=\"_blank\" rel=\"noopener noreferrer\">www.prijedordanas.com<\/a><br \/>\nFoto &#8211; Komunalne usluge Prijedor<\/p>\n<p><em><strong>*Premium sadr\u017eaje lokalnog informativnog portala PrijedorDanas podr\u017ei donacijom na ra\u010dun Udru\u017eenja za unapre\u0111enje medijskih sloboda Prijedor Danas kod NLB banke: 5621508214760476.<\/strong><\/em><\/p>\n","protected":false},"excerpt":{"rendered":"<p>Pred Osnovnim sudom u Prijedoru postignuto je sudsko poravnanje u radnom sporu radnice \u201eKomunalnih usluga\u201c Prijedor V.A. iz Prijedora vo\u0111enom protiv poslodavca, potvr\u0111eno je novinarima u ovom sudu. Predmet spora [&hellip;]<\/p>\n","protected":false},"author":1,"featured_media":0,"comment_status":"closed","ping_status":"open","sticky":false,"template":"","format":"standard","meta":{"_monsterinsights_skip_tracking":false,"_monsterinsights_sitenote_active":false,"_monsterinsights_sitenote_note":"","_monsterinsights_sitenote_category":0,"footnotes":""},"categories":[4],"tags":[],"yoast_head":"<!-- This site is optimized with the Yoast SEO plugin v21.6 - https:\/\/yoast.com\/wordpress\/plugins\/seo\/ -->\n<title>Prijedor: Radnica &quot;Komunalnih usluga&quot; tu\u017eila poslodavca \u2013 radni spor okon\u010dan sudskim poravnanjem - PrijedorDanas.com - Prijedorski gradski portal<\/title>\n<meta name=\"robots\" content=\"index, follow, max-snippet:-1, max-image-preview:large, max-video-preview:-1\" \/>\n<link rel=\"canonical\" href=\"https:\/\/www.prijedordanas.com\/?p=260846\" \/>\n<meta property=\"og:locale\" content=\"en_US\" \/>\n<meta property=\"og:type\" content=\"article\" \/>\n<meta property=\"og:title\" content=\"Prijedor: Radnica &quot;Komunalnih usluga&quot; tu\u017eila poslodavca \u2013 radni spor okon\u010dan sudskim poravnanjem - PrijedorDanas.com - Prijedorski gradski portal\" \/>\n<meta property=\"og:description\" content=\"Pred Osnovnim sudom u Prijedoru postignuto je sudsko poravnanje u radnom sporu radnice \u201eKomunalnih usluga\u201c Prijedor V.A. iz Prijedora vo\u0111enom protiv poslodavca, potvr\u0111eno je novinarima u ovom sudu. Predmet spora [&hellip;]\" \/>\n<meta property=\"og:url\" content=\"https:\/\/www.prijedordanas.com\/?p=260846\" \/>\n<meta property=\"og:site_name\" content=\"PrijedorDanas.com - Prijedorski gradski portal\" \/>\n<meta property=\"article:publisher\" content=\"https:\/\/www.facebook.com\/PrijedorDanasCom\/\" \/>\n<meta property=\"article:published_time\" content=\"2026-01-10T12:23:19+00:00\" \/>\n<meta property=\"og:image\" content=\"https:\/\/www.prijedordanas.com\/wp-content\/uploads\/2025\/04\/komunalne-usluge-prijedor-300x225.jpg\" \/>\n<meta name=\"author\" content=\"admin\" \/>\n<meta name=\"twitter:card\" content=\"summary_large_image\" \/>\n<meta name=\"twitter:label1\" content=\"Written by\" \/>\n\t<meta name=\"twitter:data1\" content=\"admin\" \/>\n\t<meta name=\"twitter:label2\" content=\"Est. reading time\" \/>\n\t<meta name=\"twitter:data2\" content=\"4 minutes\" \/>\n<script type=\"application\/ld+json\" class=\"yoast-schema-graph\">{\"@context\":\"https:\/\/schema.org\",\"@graph\":[{\"@type\":\"Article\",\"@id\":\"https:\/\/www.prijedordanas.com\/?p=260846#article\",\"isPartOf\":{\"@id\":\"https:\/\/www.prijedordanas.com\/?p=260846\"},\"author\":{\"name\":\"admin\",\"@id\":\"https:\/\/www.prijedordanas.com\/#\/schema\/person\/4e08ccf29b506ca916ff86d46bb700e6\"},\"headline\":\"Prijedor: Radnica &#8220;Komunalnih usluga&#8221; tu\u017eila poslodavca \u2013 radni spor okon\u010dan sudskim poravnanjem\",\"datePublished\":\"2026-01-10T12:23:19+00:00\",\"dateModified\":\"2026-01-10T12:23:19+00:00\",\"mainEntityOfPage\":{\"@id\":\"https:\/\/www.prijedordanas.com\/?p=260846\"},\"wordCount\":981,\"publisher\":{\"@id\":\"https:\/\/www.prijedordanas.com\/#organization\"},\"articleSection\":[\"Dru\u0161tvo\"],\"inLanguage\":\"en-US\"},{\"@type\":\"WebPage\",\"@id\":\"https:\/\/www.prijedordanas.com\/?p=260846\",\"url\":\"https:\/\/www.prijedordanas.com\/?p=260846\",\"name\":\"Prijedor: Radnica \\\"Komunalnih usluga\\\" tu\u017eila poslodavca \u2013 radni spor okon\u010dan sudskim poravnanjem - PrijedorDanas.com - Prijedorski gradski portal\",\"isPartOf\":{\"@id\":\"https:\/\/www.prijedordanas.com\/#website\"},\"datePublished\":\"2026-01-10T12:23:19+00:00\",\"dateModified\":\"2026-01-10T12:23:19+00:00\",\"breadcrumb\":{\"@id\":\"https:\/\/www.prijedordanas.com\/?p=260846#breadcrumb\"},\"inLanguage\":\"en-US\",\"potentialAction\":[{\"@type\":\"ReadAction\",\"target\":[\"https:\/\/www.prijedordanas.com\/?p=260846\"]}]},{\"@type\":\"BreadcrumbList\",\"@id\":\"https:\/\/www.prijedordanas.com\/?p=260846#breadcrumb\",\"itemListElement\":[{\"@type\":\"ListItem\",\"position\":1,\"name\":\"Home\",\"item\":\"https:\/\/www.prijedordanas.com\/\"},{\"@type\":\"ListItem\",\"position\":2,\"name\":\"Prijedor: Radnica &#8220;Komunalnih usluga&#8221; tu\u017eila poslodavca \u2013 radni spor okon\u010dan sudskim poravnanjem\"}]},{\"@type\":\"WebSite\",\"@id\":\"https:\/\/www.prijedordanas.com\/#website\",\"url\":\"https:\/\/www.prijedordanas.com\/\",\"name\":\"PrijedorDanas.com - Prijedorski gradski portal\",\"description\":\"Portal o doga\u0111anjima u gradu Prijedoru\",\"publisher\":{\"@id\":\"https:\/\/www.prijedordanas.com\/#organization\"},\"potentialAction\":[{\"@type\":\"SearchAction\",\"target\":{\"@type\":\"EntryPoint\",\"urlTemplate\":\"https:\/\/www.prijedordanas.com\/?s={search_term_string}\"},\"query-input\":\"required name=search_term_string\"}],\"inLanguage\":\"en-US\"},{\"@type\":\"Organization\",\"@id\":\"https:\/\/www.prijedordanas.com\/#organization\",\"name\":\"PrijedorDanas.com\",\"url\":\"https:\/\/www.prijedordanas.com\/\",\"logo\":{\"@type\":\"ImageObject\",\"inLanguage\":\"en-US\",\"@id\":\"https:\/\/www.prijedordanas.com\/#\/schema\/logo\/image\/\",\"url\":\"http:\/\/www.prijedordanas.com\/wp-content\/uploads\/2021\/12\/logopng.png\",\"contentUrl\":\"http:\/\/www.prijedordanas.com\/wp-content\/uploads\/2021\/12\/logopng.png\",\"width\":1019,\"height\":776,\"caption\":\"PrijedorDanas.com\"},\"image\":{\"@id\":\"https:\/\/www.prijedordanas.com\/#\/schema\/logo\/image\/\"},\"sameAs\":[\"https:\/\/www.facebook.com\/PrijedorDanasCom\/\"]},{\"@type\":\"Person\",\"@id\":\"https:\/\/www.prijedordanas.com\/#\/schema\/person\/4e08ccf29b506ca916ff86d46bb700e6\",\"name\":\"admin\",\"image\":{\"@type\":\"ImageObject\",\"inLanguage\":\"en-US\",\"@id\":\"https:\/\/www.prijedordanas.com\/#\/schema\/person\/image\/\",\"url\":\"https:\/\/secure.gravatar.com\/avatar\/1d3fc949d550f0b53a5f0d51e06dfd79?s=96&d=mm&r=g\",\"contentUrl\":\"https:\/\/secure.gravatar.com\/avatar\/1d3fc949d550f0b53a5f0d51e06dfd79?s=96&d=mm&r=g\",\"caption\":\"admin\"},\"url\":\"https:\/\/www.prijedordanas.com\/?author=1\"}]}<\/script>\n<!-- \/ Yoast SEO plugin. -->","yoast_head_json":{"title":"Prijedor: Radnica \"Komunalnih usluga\" tu\u017eila poslodavca \u2013 radni spor okon\u010dan sudskim poravnanjem - PrijedorDanas.com - Prijedorski gradski portal","robots":{"index":"index","follow":"follow","max-snippet":"max-snippet:-1","max-image-preview":"max-image-preview:large","max-video-preview":"max-video-preview:-1"},"canonical":"https:\/\/www.prijedordanas.com\/?p=260846","og_locale":"en_US","og_type":"article","og_title":"Prijedor: Radnica \"Komunalnih usluga\" tu\u017eila poslodavca \u2013 radni spor okon\u010dan sudskim poravnanjem - PrijedorDanas.com - Prijedorski gradski portal","og_description":"Pred Osnovnim sudom u Prijedoru postignuto je sudsko poravnanje u radnom sporu radnice \u201eKomunalnih usluga\u201c Prijedor V.A. iz Prijedora vo\u0111enom protiv poslodavca, potvr\u0111eno je novinarima u ovom sudu. Predmet spora [&hellip;]","og_url":"https:\/\/www.prijedordanas.com\/?p=260846","og_site_name":"PrijedorDanas.com - Prijedorski gradski portal","article_publisher":"https:\/\/www.facebook.com\/PrijedorDanasCom\/","article_published_time":"2026-01-10T12:23:19+00:00","og_image":[{"url":"https:\/\/www.prijedordanas.com\/wp-content\/uploads\/2025\/04\/komunalne-usluge-prijedor-300x225.jpg"}],"author":"admin","twitter_card":"summary_large_image","twitter_misc":{"Written by":"admin","Est. reading time":"4 minutes"},"schema":{"@context":"https:\/\/schema.org","@graph":[{"@type":"Article","@id":"https:\/\/www.prijedordanas.com\/?p=260846#article","isPartOf":{"@id":"https:\/\/www.prijedordanas.com\/?p=260846"},"author":{"name":"admin","@id":"https:\/\/www.prijedordanas.com\/#\/schema\/person\/4e08ccf29b506ca916ff86d46bb700e6"},"headline":"Prijedor: Radnica &#8220;Komunalnih usluga&#8221; tu\u017eila poslodavca \u2013 radni spor okon\u010dan sudskim poravnanjem","datePublished":"2026-01-10T12:23:19+00:00","dateModified":"2026-01-10T12:23:19+00:00","mainEntityOfPage":{"@id":"https:\/\/www.prijedordanas.com\/?p=260846"},"wordCount":981,"publisher":{"@id":"https:\/\/www.prijedordanas.com\/#organization"},"articleSection":["Dru\u0161tvo"],"inLanguage":"en-US"},{"@type":"WebPage","@id":"https:\/\/www.prijedordanas.com\/?p=260846","url":"https:\/\/www.prijedordanas.com\/?p=260846","name":"Prijedor: Radnica \"Komunalnih usluga\" tu\u017eila poslodavca \u2013 radni spor okon\u010dan sudskim poravnanjem - PrijedorDanas.com - Prijedorski gradski portal","isPartOf":{"@id":"https:\/\/www.prijedordanas.com\/#website"},"datePublished":"2026-01-10T12:23:19+00:00","dateModified":"2026-01-10T12:23:19+00:00","breadcrumb":{"@id":"https:\/\/www.prijedordanas.com\/?p=260846#breadcrumb"},"inLanguage":"en-US","potentialAction":[{"@type":"ReadAction","target":["https:\/\/www.prijedordanas.com\/?p=260846"]}]},{"@type":"BreadcrumbList","@id":"https:\/\/www.prijedordanas.com\/?p=260846#breadcrumb","itemListElement":[{"@type":"ListItem","position":1,"name":"Home","item":"https:\/\/www.prijedordanas.com\/"},{"@type":"ListItem","position":2,"name":"Prijedor: Radnica &#8220;Komunalnih usluga&#8221; tu\u017eila poslodavca \u2013 radni spor okon\u010dan sudskim poravnanjem"}]},{"@type":"WebSite","@id":"https:\/\/www.prijedordanas.com\/#website","url":"https:\/\/www.prijedordanas.com\/","name":"PrijedorDanas.com - Prijedorski gradski portal","description":"Portal o doga\u0111anjima u gradu Prijedoru","publisher":{"@id":"https:\/\/www.prijedordanas.com\/#organization"},"potentialAction":[{"@type":"SearchAction","target":{"@type":"EntryPoint","urlTemplate":"https:\/\/www.prijedordanas.com\/?s={search_term_string}"},"query-input":"required name=search_term_string"}],"inLanguage":"en-US"},{"@type":"Organization","@id":"https:\/\/www.prijedordanas.com\/#organization","name":"PrijedorDanas.com","url":"https:\/\/www.prijedordanas.com\/","logo":{"@type":"ImageObject","inLanguage":"en-US","@id":"https:\/\/www.prijedordanas.com\/#\/schema\/logo\/image\/","url":"http:\/\/www.prijedordanas.com\/wp-content\/uploads\/2021\/12\/logopng.png","contentUrl":"http:\/\/www.prijedordanas.com\/wp-content\/uploads\/2021\/12\/logopng.png","width":1019,"height":776,"caption":"PrijedorDanas.com"},"image":{"@id":"https:\/\/www.prijedordanas.com\/#\/schema\/logo\/image\/"},"sameAs":["https:\/\/www.facebook.com\/PrijedorDanasCom\/"]},{"@type":"Person","@id":"https:\/\/www.prijedordanas.com\/#\/schema\/person\/4e08ccf29b506ca916ff86d46bb700e6","name":"admin","image":{"@type":"ImageObject","inLanguage":"en-US","@id":"https:\/\/www.prijedordanas.com\/#\/schema\/person\/image\/","url":"https:\/\/secure.gravatar.com\/avatar\/1d3fc949d550f0b53a5f0d51e06dfd79?s=96&d=mm&r=g","contentUrl":"https:\/\/secure.gravatar.com\/avatar\/1d3fc949d550f0b53a5f0d51e06dfd79?s=96&d=mm&r=g","caption":"admin"},"url":"https:\/\/www.prijedordanas.com\/?author=1"}]}},"_links":{"self":[{"href":"https:\/\/www.prijedordanas.com\/index.php?rest_route=\/wp\/v2\/posts\/260846"}],"collection":[{"href":"https:\/\/www.prijedordanas.com\/index.php?rest_route=\/wp\/v2\/posts"}],"about":[{"href":"https:\/\/www.prijedordanas.com\/index.php?rest_route=\/wp\/v2\/types\/post"}],"author":[{"embeddable":true,"href":"https:\/\/www.prijedordanas.com\/index.php?rest_route=\/wp\/v2\/users\/1"}],"replies":[{"embeddable":true,"href":"https:\/\/www.prijedordanas.com\/index.php?rest_route=%2Fwp%2Fv2%2Fcomments&post=260846"}],"version-history":[{"count":3,"href":"https:\/\/www.prijedordanas.com\/index.php?rest_route=\/wp\/v2\/posts\/260846\/revisions"}],"predecessor-version":[{"id":260861,"href":"https:\/\/www.prijedordanas.com\/index.php?rest_route=\/wp\/v2\/posts\/260846\/revisions\/260861"}],"wp:attachment":[{"href":"https:\/\/www.prijedordanas.com\/index.php?rest_route=%2Fwp%2Fv2%2Fmedia&parent=260846"}],"wp:term":[{"taxonomy":"category","embeddable":true,"href":"https:\/\/www.prijedordanas.com\/index.php?rest_route=%2Fwp%2Fv2%2Fcategories&post=260846"},{"taxonomy":"post_tag","embeddable":true,"href":"https:\/\/www.prijedordanas.com\/index.php?rest_route=%2Fwp%2Fv2%2Ftags&post=260846"}],"curies":[{"name":"wp","href":"https:\/\/api.w.org\/{rel}","templated":true}]}}