{"id":260757,"date":"2026-01-08T16:27:49","date_gmt":"2026-01-08T15:27:49","guid":{"rendered":"https:\/\/www.prijedordanas.com\/?p=260757"},"modified":"2026-01-08T16:27:49","modified_gmt":"2026-01-08T15:27:49","slug":"istorijski-cas-u-prijedoru-bojic-najdrazi-momenat-braniti-svoj-grad-najtezi-pad-sanskg-mosta","status":"publish","type":"post","link":"https:\/\/www.prijedordanas.com\/?p=260757","title":{"rendered":"Istorijski \u010das u Prijedoru &#8211; Boji\u0107: Najdra\u017ei momenat braniti svoj grad, najte\u017ei pad Sanskg Mosta"},"content":{"rendered":"<p><a href=\"https:\/\/www.prijedordanas.com\/wp-content\/uploads\/2026\/01\/prijedorgradorg-istorijski-cas.jpg\"><img loading=\"lazy\" decoding=\"async\" class=\"alignleft size-medium wp-image-260759\" src=\"https:\/\/www.prijedordanas.com\/wp-content\/uploads\/2026\/01\/prijedorgradorg-istorijski-cas-300x225.jpg\" alt=\"\" width=\"300\" height=\"225\" srcset=\"https:\/\/www.prijedordanas.com\/wp-content\/uploads\/2026\/01\/prijedorgradorg-istorijski-cas-300x225.jpg 300w, https:\/\/www.prijedordanas.com\/wp-content\/uploads\/2026\/01\/prijedorgradorg-istorijski-cas-640x480.jpg 640w, https:\/\/www.prijedordanas.com\/wp-content\/uploads\/2026\/01\/prijedorgradorg-istorijski-cas.jpg 667w\" sizes=\"(max-width: 300px) 100vw, 300px\" \/><\/a>Ratni komandant Vojske Republike Srpske Borisla Bojic\u0301 izjavio je danas da mu je, s vremenske distance od vi\u0161e od 30 godina od Odbrambeno-otad\u017ebinskog rata, prilika da brani svoj rodni grad najdra\u017ei momenat, a da mu je od svega najte\u017ee pao pad susjednog Sanskog Mosta.<\/p>\n<p>Bojic\u0301 je bio komandant 4. bataljona 43. prijedorske motorizovane brigade Vojske Republike Srpske, da je mobilisan u JNA s \u010dinom kapetana prve klase 1991. na rati\u0161tima u Lipiku i Pakracu i da je ajvec\u0301i problem bio savladati strah.<\/p>\n<p>\u201eI ja sam ga imao, ali sam ga od svojih vojnika vje\u0161to krio. Tada sam imao 30-ak godina, danas sam deda \u0161estero unu\u010dadi\u201c, rekao je Bojic\u0301 na istorijskom \u010dasu \u201eRatnici govore\u201c u Prijedoru kojim je Gradska uprava obilje\u017eila 9. januar, Dan Republike.<\/p>\n<p>On se prisjetio da je nakon zaustavljanja muslimanskih i hrvatskih snaga na Glamo\u010du i Grahovu dobio zadatak da ide na Prijedor, nazvav\u0161i to \u010dudnim rje\u0161enjem jer je ogroman broj kraji\u0161nika i\u0161ao u to vrijeme ka Banjaluci.<\/p>\n<p><a href=\"https:\/\/www.prijedordanas.com\/wp-content\/uploads\/2026\/01\/prijedorgradorg-istorijski-cas-1.jpg\"><img loading=\"lazy\" decoding=\"async\" class=\"alignleft size-medium wp-image-260760\" src=\"https:\/\/www.prijedordanas.com\/wp-content\/uploads\/2026\/01\/prijedorgradorg-istorijski-cas-1-300x200.jpg\" alt=\"\" width=\"300\" height=\"200\" srcset=\"https:\/\/www.prijedordanas.com\/wp-content\/uploads\/2026\/01\/prijedorgradorg-istorijski-cas-1-300x200.jpg 300w, https:\/\/www.prijedordanas.com\/wp-content\/uploads\/2026\/01\/prijedorgradorg-istorijski-cas-1-480x320.jpg 480w, https:\/\/www.prijedordanas.com\/wp-content\/uploads\/2026\/01\/prijedorgradorg-istorijski-cas-1.jpg 600w\" sizes=\"(max-width: 300px) 100vw, 300px\" \/><\/a>\u201eJa kao pojedinac jesam odlikovan, a moja jedinica nije. Ima, me\u0111utim, primjera da su odlikovane jedinice na \u010dije smo mjesto do\u0161li mi. Samo c\u0301u rec\u0301i da sam imao \u010dast da komandujem najboljima\u201c, dodao je Bojic\u0301.<\/p>\n<p>Ratni komandant Sedmog odreda specijalne brigade policije Republike Srpske Zlatko Brdar izjavio je danas da vijest o osnivanju Vojske Republike Srpske pamti kao jedano osjec\u0301aj olak\u0161anja buduc\u0301i da su svi drugi prije toga vec\u0301 bili organizovani, da je \u010desto se susretao s nipoda\u0161tavanjem zbog toga \u0161to je odred osnovan tek 1994. godine i da na to uvijek odgovara da su, bez obzira na datum osnivanja, jedinicu \u010dinili ljudi koji su u drugim formacijama u\u010destvovali jo\u0161 od Slavonije 1991. godine.<\/p>\n<p>\u201eImao sam velikih probelma da formiram odred, raspisivao javni konkurs, javljali se ljudi iz cijele Republike Srpske, i iz vojnih i iz policijskih struktura, i uvijek je postojao neki tihi sukob izme\u0111u policije i vojske. Evo, za Prijedor\u010danina Dragana Dragojevic\u0301a i za jo\u0161 10- 15 takvih provjerenih boraca, morao sam pisati predsjedniku Republike Radovanu Karad\u017eic\u0301u, a on onda komandantu Ratku Mladic\u0301u. Tako sam ih tra\u017eio i tako dobio, jer niko nije htio da se odri\u010de dobrih boraca i saboraca\u201c, rekao je Brdar.<\/p>\n<p><a href=\"https:\/\/www.prijedordanas.com\/wp-content\/uploads\/2026\/01\/prijedorgradorg-istorijski-cas-2.jpg\"><img loading=\"lazy\" decoding=\"async\" class=\"alignleft size-medium wp-image-260761\" src=\"https:\/\/www.prijedordanas.com\/wp-content\/uploads\/2026\/01\/prijedorgradorg-istorijski-cas-2-300x200.jpg\" alt=\"\" width=\"300\" height=\"200\" srcset=\"https:\/\/www.prijedordanas.com\/wp-content\/uploads\/2026\/01\/prijedorgradorg-istorijski-cas-2-300x200.jpg 300w, https:\/\/www.prijedordanas.com\/wp-content\/uploads\/2026\/01\/prijedorgradorg-istorijski-cas-2-480x320.jpg 480w, https:\/\/www.prijedordanas.com\/wp-content\/uploads\/2026\/01\/prijedorgradorg-istorijski-cas-2.jpg 600w\" sizes=\"(max-width: 300px) 100vw, 300px\" \/><\/a>Ostoja Bara\u0161in bio je na\u010delnik \u0161taba Pete kozarske brigade i danas je rekao je da je pad zapadnokraji\u0161kih op\u0161tina tu\u017ean istorijski trenutak, prisjec\u0301ajuc\u0301i se kako je vrhovna komanda procijenila da treba oja\u010dati taj dio Republike Srpske pa je njegovu jedinicu podigla s br\u010danskog rati\u0161ta.<\/p>\n<p>\u201eGlavni dio brigade do\u0161ao je na podru\u010dje Sanskog Mosta 17. septembra 1995. Zaustavili smo napredovanje muslimanskih jedinica, odbacili napad u pravcu Klju\u010da i isti dan dobili informaciju da muslimanskom jedinicama dolazi poja\u010danje iz Bihac\u0301a\u201c, naveo je Bara\u0161in.<\/p>\n<p>On je dodao da je na tom rati\u0161tu ranjen 5. oktobra 1995. i da nije u\u010destovao u onome \u0161to se de\u0161avalo do pada Sanskog Mosta pet dana kasnije.<\/p>\n<p>\u201eTo je dio koji nije sjajan. Pisao sam o tome i jo\u0161 uvijek se pitam \u010dija savjest je tamo ostala da smo pro\u0161li kako smo pro\u0161li\u201c, istakao je Bara\u0161in.<\/p>\n<p>Komandir izvi\u0111a\u010dko-diverzantskog voda 1. bataljona 43. prijedorske motorizovane brigade Ljuban Vila rekao je da je te\u0161ko izdvojiti neku bitku jer svaka i te\u0161ka i specifi\u010dna, te da se sjec\u0301a hitnog poziva komandanta Du\u0161ana \u0110enadije 1993. godine i premje\u0161tanja s jednog polo\u017eaja na drugi.<\/p>\n<p><a href=\"https:\/\/www.prijedordanas.com\/wp-content\/uploads\/2026\/01\/prijedorgradorg-istorijski-cas-3.jpg\"><img loading=\"lazy\" decoding=\"async\" src=\"https:\/\/www.prijedordanas.com\/wp-content\/uploads\/2026\/01\/prijedorgradorg-istorijski-cas-3-300x200.jpg\" alt=\"\" width=\"300\" height=\"200\" class=\"alignleft size-medium wp-image-260762\" srcset=\"https:\/\/www.prijedordanas.com\/wp-content\/uploads\/2026\/01\/prijedorgradorg-istorijski-cas-3-300x200.jpg 300w, https:\/\/www.prijedordanas.com\/wp-content\/uploads\/2026\/01\/prijedorgradorg-istorijski-cas-3-480x320.jpg 480w, https:\/\/www.prijedordanas.com\/wp-content\/uploads\/2026\/01\/prijedorgradorg-istorijski-cas-3.jpg 600w\" sizes=\"(max-width: 300px) 100vw, 300px\" \/><\/a>\u201eU jednom danu uspjeli smo probiti liniju, neprijatelja baciti nazad, uzeti pet rovova od kojih je svaki bio i mitraljesko gnijezdo. Ubrzo je uslijedio kontranapad gdje je neprijatelj najvi\u0161e koristio ru\u010dne bombe, a na\u0161a logistika bila podaleko. Kad nam je ranjen i na\u010delnik brigade \u0160mitran, odlu\u010deno je da moramo izvuc\u0301i i ranjene i mrtve i vratili se na po\u010detni polo\u017eaj, tako da smo imali i veliki uspjeh i veliki neuspjeh\u201c, govorio je Vila.<\/p>\n<p>Naglasio je da poti\u010de iz Jelovca, sela koje se naslanja na Kne\u0161polje, u kojem do 1962. godine nije bilo nijednog regruta za vojsku jer je srpski \u017eivalj pobijen u Drugom svjetskom ratu, te da mu je to uvijek bio motiv za borbu u Odbrambeno-otad\u017ebinskom ratu.<\/p>\n<p>\u201ePred pad Sanskog Mosta u oktobru 1995. premje\u0161teni smo s prethodnog polo\u017eaja na polo\u017eaj iznad Ljubije. Pje\u0161adija je spora, te\u0161ka i troma za pokrenuti, ali tada sam svjedo\u010dio kako se iz autobusa silazi direktno u borbu. Ne znam za\u0161to je akcija obustavljena kad smo ih tada mogli uzeti kako smo htjeli, a volio bih da znam\u201c, zaklju\u010dio je Vila.<\/p>\n<p>Ranko Kolar bio je na\u010delnik \u0160este sanske brigade i jednim od vec\u0301ih uspjeha smatra u\u010de\u0161c\u0301e u akciji Petog bataljonu u Bratuncu za Bo\u017eic\u0301 1993. godine kada je dio srpskog stanovni\u0161tva spasen masakra.<\/p>\n<p>\u201eSprije\u010dili smo Nasera Oric\u0301a da presije\u010de put Zvornik \u2013 Bratunac. To je veliki uspjeh, jer da se to nije desilo, bila bi katastrofa\u201c, naveo je Kolar.<\/p>\n<p>On je dodao da ne \u017eeli ulaziti u politi\u010dku analizu pada Sanskog Mosta, ali da to smatra najvec\u0301im neuspjehom.<\/p>\n<p>\u201eNa dan za koji smo planirali kontranapad na Sanski Most, dobili smo komandu da se obustave sva dejstva i da c\u0301e najstro\u017ee biti ka\u017enjen starje\u0161ina s \u010dijeg se polo\u017eaja ispali ijedan metak\u201c, prisjetio se danas Kolar.<\/p>\n<p>Katarina Pani\u0107\/SRNA<br \/>\nfoto &#8211; prijedorgrad.org<\/p>\n<p><iframe loading=\"lazy\" title=\"POVODOM DANA REPUBLIKE SRPSKE ODR\u017dAN ISTORIJSKI \u010cAS\" width=\"500\" height=\"281\" src=\"https:\/\/www.youtube.com\/embed\/UINFbWaH380?feature=oembed\" frameborder=\"0\" allow=\"accelerometer; autoplay; clipboard-write; encrypted-media; gyroscope; picture-in-picture; web-share\" referrerpolicy=\"strict-origin-when-cross-origin\" allowfullscreen><\/iframe><\/p>\n","protected":false},"excerpt":{"rendered":"<p>Ratni komandant Vojske Republike Srpske Borisla Bojic\u0301 izjavio je danas da mu je, s vremenske distance od vi\u0161e od 30 godina od Odbrambeno-otad\u017ebinskog rata, prilika da brani svoj rodni grad [&hellip;]<\/p>\n","protected":false},"author":1,"featured_media":0,"comment_status":"closed","ping_status":"open","sticky":false,"template":"","format":"standard","meta":{"_monsterinsights_skip_tracking":false,"_monsterinsights_sitenote_active":false,"_monsterinsights_sitenote_note":"","_monsterinsights_sitenote_category":0,"footnotes":""},"categories":[8],"tags":[],"yoast_head":"<!-- This site is optimized with the Yoast SEO plugin v21.6 - https:\/\/yoast.com\/wordpress\/plugins\/seo\/ -->\n<title>Istorijski \u010das u Prijedoru - Boji\u0107: Najdra\u017ei momenat braniti svoj grad, najte\u017ei pad Sanskg Mosta - PrijedorDanas.com - Prijedorski gradski portal<\/title>\n<meta name=\"robots\" content=\"index, follow, max-snippet:-1, max-image-preview:large, max-video-preview:-1\" \/>\n<link rel=\"canonical\" href=\"https:\/\/www.prijedordanas.com\/?p=260757\" \/>\n<meta property=\"og:locale\" content=\"en_US\" \/>\n<meta property=\"og:type\" content=\"article\" \/>\n<meta property=\"og:title\" content=\"Istorijski \u010das u Prijedoru - Boji\u0107: Najdra\u017ei momenat braniti svoj grad, najte\u017ei pad Sanskg Mosta - PrijedorDanas.com - Prijedorski gradski portal\" \/>\n<meta property=\"og:description\" content=\"Ratni komandant Vojske Republike Srpske Borisla Bojic\u0301 izjavio je danas da mu je, s vremenske distance od vi\u0161e od 30 godina od Odbrambeno-otad\u017ebinskog rata, prilika da brani svoj rodni grad [&hellip;]\" \/>\n<meta property=\"og:url\" content=\"https:\/\/www.prijedordanas.com\/?p=260757\" \/>\n<meta property=\"og:site_name\" content=\"PrijedorDanas.com - Prijedorski gradski portal\" \/>\n<meta property=\"article:publisher\" content=\"https:\/\/www.facebook.com\/PrijedorDanasCom\/\" \/>\n<meta property=\"article:published_time\" content=\"2026-01-08T15:27:49+00:00\" \/>\n<meta property=\"og:image\" content=\"https:\/\/www.prijedordanas.com\/wp-content\/uploads\/2026\/01\/prijedorgradorg-istorijski-cas-300x225.jpg\" \/>\n<meta name=\"author\" content=\"admin\" \/>\n<meta name=\"twitter:card\" content=\"summary_large_image\" \/>\n<meta name=\"twitter:label1\" content=\"Written by\" \/>\n\t<meta name=\"twitter:data1\" content=\"admin\" \/>\n\t<meta name=\"twitter:label2\" content=\"Est. reading time\" \/>\n\t<meta name=\"twitter:data2\" content=\"5 minutes\" \/>\n<script type=\"application\/ld+json\" class=\"yoast-schema-graph\">{\"@context\":\"https:\/\/schema.org\",\"@graph\":[{\"@type\":\"Article\",\"@id\":\"https:\/\/www.prijedordanas.com\/?p=260757#article\",\"isPartOf\":{\"@id\":\"https:\/\/www.prijedordanas.com\/?p=260757\"},\"author\":{\"name\":\"admin\",\"@id\":\"https:\/\/www.prijedordanas.com\/#\/schema\/person\/4e08ccf29b506ca916ff86d46bb700e6\"},\"headline\":\"Istorijski \u010das u Prijedoru &#8211; Boji\u0107: Najdra\u017ei momenat braniti svoj grad, najte\u017ei pad Sanskg Mosta\",\"datePublished\":\"2026-01-08T15:27:49+00:00\",\"dateModified\":\"2026-01-08T15:27:49+00:00\",\"mainEntityOfPage\":{\"@id\":\"https:\/\/www.prijedordanas.com\/?p=260757\"},\"wordCount\":937,\"publisher\":{\"@id\":\"https:\/\/www.prijedordanas.com\/#organization\"},\"articleSection\":[\"Svakodnevno\"],\"inLanguage\":\"en-US\"},{\"@type\":\"WebPage\",\"@id\":\"https:\/\/www.prijedordanas.com\/?p=260757\",\"url\":\"https:\/\/www.prijedordanas.com\/?p=260757\",\"name\":\"Istorijski \u010das u Prijedoru - Boji\u0107: Najdra\u017ei momenat braniti svoj grad, najte\u017ei pad Sanskg Mosta - PrijedorDanas.com - Prijedorski gradski portal\",\"isPartOf\":{\"@id\":\"https:\/\/www.prijedordanas.com\/#website\"},\"datePublished\":\"2026-01-08T15:27:49+00:00\",\"dateModified\":\"2026-01-08T15:27:49+00:00\",\"breadcrumb\":{\"@id\":\"https:\/\/www.prijedordanas.com\/?p=260757#breadcrumb\"},\"inLanguage\":\"en-US\",\"potentialAction\":[{\"@type\":\"ReadAction\",\"target\":[\"https:\/\/www.prijedordanas.com\/?p=260757\"]}]},{\"@type\":\"BreadcrumbList\",\"@id\":\"https:\/\/www.prijedordanas.com\/?p=260757#breadcrumb\",\"itemListElement\":[{\"@type\":\"ListItem\",\"position\":1,\"name\":\"Home\",\"item\":\"https:\/\/www.prijedordanas.com\/\"},{\"@type\":\"ListItem\",\"position\":2,\"name\":\"Istorijski \u010das u Prijedoru &#8211; Boji\u0107: Najdra\u017ei momenat braniti svoj grad, najte\u017ei pad Sanskg Mosta\"}]},{\"@type\":\"WebSite\",\"@id\":\"https:\/\/www.prijedordanas.com\/#website\",\"url\":\"https:\/\/www.prijedordanas.com\/\",\"name\":\"PrijedorDanas.com - Prijedorski gradski portal\",\"description\":\"Portal o doga\u0111anjima u gradu Prijedoru\",\"publisher\":{\"@id\":\"https:\/\/www.prijedordanas.com\/#organization\"},\"potentialAction\":[{\"@type\":\"SearchAction\",\"target\":{\"@type\":\"EntryPoint\",\"urlTemplate\":\"https:\/\/www.prijedordanas.com\/?s={search_term_string}\"},\"query-input\":\"required name=search_term_string\"}],\"inLanguage\":\"en-US\"},{\"@type\":\"Organization\",\"@id\":\"https:\/\/www.prijedordanas.com\/#organization\",\"name\":\"PrijedorDanas.com\",\"url\":\"https:\/\/www.prijedordanas.com\/\",\"logo\":{\"@type\":\"ImageObject\",\"inLanguage\":\"en-US\",\"@id\":\"https:\/\/www.prijedordanas.com\/#\/schema\/logo\/image\/\",\"url\":\"http:\/\/www.prijedordanas.com\/wp-content\/uploads\/2021\/12\/logopng.png\",\"contentUrl\":\"http:\/\/www.prijedordanas.com\/wp-content\/uploads\/2021\/12\/logopng.png\",\"width\":1019,\"height\":776,\"caption\":\"PrijedorDanas.com\"},\"image\":{\"@id\":\"https:\/\/www.prijedordanas.com\/#\/schema\/logo\/image\/\"},\"sameAs\":[\"https:\/\/www.facebook.com\/PrijedorDanasCom\/\"]},{\"@type\":\"Person\",\"@id\":\"https:\/\/www.prijedordanas.com\/#\/schema\/person\/4e08ccf29b506ca916ff86d46bb700e6\",\"name\":\"admin\",\"image\":{\"@type\":\"ImageObject\",\"inLanguage\":\"en-US\",\"@id\":\"https:\/\/www.prijedordanas.com\/#\/schema\/person\/image\/\",\"url\":\"https:\/\/secure.gravatar.com\/avatar\/1d3fc949d550f0b53a5f0d51e06dfd79?s=96&d=mm&r=g\",\"contentUrl\":\"https:\/\/secure.gravatar.com\/avatar\/1d3fc949d550f0b53a5f0d51e06dfd79?s=96&d=mm&r=g\",\"caption\":\"admin\"},\"url\":\"https:\/\/www.prijedordanas.com\/?author=1\"}]}<\/script>\n<!-- \/ Yoast SEO plugin. -->","yoast_head_json":{"title":"Istorijski \u010das u Prijedoru - Boji\u0107: Najdra\u017ei momenat braniti svoj grad, najte\u017ei pad Sanskg Mosta - PrijedorDanas.com - Prijedorski gradski portal","robots":{"index":"index","follow":"follow","max-snippet":"max-snippet:-1","max-image-preview":"max-image-preview:large","max-video-preview":"max-video-preview:-1"},"canonical":"https:\/\/www.prijedordanas.com\/?p=260757","og_locale":"en_US","og_type":"article","og_title":"Istorijski \u010das u Prijedoru - Boji\u0107: Najdra\u017ei momenat braniti svoj grad, najte\u017ei pad Sanskg Mosta - PrijedorDanas.com - Prijedorski gradski portal","og_description":"Ratni komandant Vojske Republike Srpske Borisla Bojic\u0301 izjavio je danas da mu je, s vremenske distance od vi\u0161e od 30 godina od Odbrambeno-otad\u017ebinskog rata, prilika da brani svoj rodni grad [&hellip;]","og_url":"https:\/\/www.prijedordanas.com\/?p=260757","og_site_name":"PrijedorDanas.com - Prijedorski gradski portal","article_publisher":"https:\/\/www.facebook.com\/PrijedorDanasCom\/","article_published_time":"2026-01-08T15:27:49+00:00","og_image":[{"url":"https:\/\/www.prijedordanas.com\/wp-content\/uploads\/2026\/01\/prijedorgradorg-istorijski-cas-300x225.jpg"}],"author":"admin","twitter_card":"summary_large_image","twitter_misc":{"Written by":"admin","Est. reading time":"5 minutes"},"schema":{"@context":"https:\/\/schema.org","@graph":[{"@type":"Article","@id":"https:\/\/www.prijedordanas.com\/?p=260757#article","isPartOf":{"@id":"https:\/\/www.prijedordanas.com\/?p=260757"},"author":{"name":"admin","@id":"https:\/\/www.prijedordanas.com\/#\/schema\/person\/4e08ccf29b506ca916ff86d46bb700e6"},"headline":"Istorijski \u010das u Prijedoru &#8211; Boji\u0107: Najdra\u017ei momenat braniti svoj grad, najte\u017ei pad Sanskg Mosta","datePublished":"2026-01-08T15:27:49+00:00","dateModified":"2026-01-08T15:27:49+00:00","mainEntityOfPage":{"@id":"https:\/\/www.prijedordanas.com\/?p=260757"},"wordCount":937,"publisher":{"@id":"https:\/\/www.prijedordanas.com\/#organization"},"articleSection":["Svakodnevno"],"inLanguage":"en-US"},{"@type":"WebPage","@id":"https:\/\/www.prijedordanas.com\/?p=260757","url":"https:\/\/www.prijedordanas.com\/?p=260757","name":"Istorijski \u010das u Prijedoru - Boji\u0107: Najdra\u017ei momenat braniti svoj grad, najte\u017ei pad Sanskg Mosta - PrijedorDanas.com - Prijedorski gradski portal","isPartOf":{"@id":"https:\/\/www.prijedordanas.com\/#website"},"datePublished":"2026-01-08T15:27:49+00:00","dateModified":"2026-01-08T15:27:49+00:00","breadcrumb":{"@id":"https:\/\/www.prijedordanas.com\/?p=260757#breadcrumb"},"inLanguage":"en-US","potentialAction":[{"@type":"ReadAction","target":["https:\/\/www.prijedordanas.com\/?p=260757"]}]},{"@type":"BreadcrumbList","@id":"https:\/\/www.prijedordanas.com\/?p=260757#breadcrumb","itemListElement":[{"@type":"ListItem","position":1,"name":"Home","item":"https:\/\/www.prijedordanas.com\/"},{"@type":"ListItem","position":2,"name":"Istorijski \u010das u Prijedoru &#8211; Boji\u0107: Najdra\u017ei momenat braniti svoj grad, najte\u017ei pad Sanskg Mosta"}]},{"@type":"WebSite","@id":"https:\/\/www.prijedordanas.com\/#website","url":"https:\/\/www.prijedordanas.com\/","name":"PrijedorDanas.com - Prijedorski gradski portal","description":"Portal o doga\u0111anjima u gradu Prijedoru","publisher":{"@id":"https:\/\/www.prijedordanas.com\/#organization"},"potentialAction":[{"@type":"SearchAction","target":{"@type":"EntryPoint","urlTemplate":"https:\/\/www.prijedordanas.com\/?s={search_term_string}"},"query-input":"required name=search_term_string"}],"inLanguage":"en-US"},{"@type":"Organization","@id":"https:\/\/www.prijedordanas.com\/#organization","name":"PrijedorDanas.com","url":"https:\/\/www.prijedordanas.com\/","logo":{"@type":"ImageObject","inLanguage":"en-US","@id":"https:\/\/www.prijedordanas.com\/#\/schema\/logo\/image\/","url":"http:\/\/www.prijedordanas.com\/wp-content\/uploads\/2021\/12\/logopng.png","contentUrl":"http:\/\/www.prijedordanas.com\/wp-content\/uploads\/2021\/12\/logopng.png","width":1019,"height":776,"caption":"PrijedorDanas.com"},"image":{"@id":"https:\/\/www.prijedordanas.com\/#\/schema\/logo\/image\/"},"sameAs":["https:\/\/www.facebook.com\/PrijedorDanasCom\/"]},{"@type":"Person","@id":"https:\/\/www.prijedordanas.com\/#\/schema\/person\/4e08ccf29b506ca916ff86d46bb700e6","name":"admin","image":{"@type":"ImageObject","inLanguage":"en-US","@id":"https:\/\/www.prijedordanas.com\/#\/schema\/person\/image\/","url":"https:\/\/secure.gravatar.com\/avatar\/1d3fc949d550f0b53a5f0d51e06dfd79?s=96&d=mm&r=g","contentUrl":"https:\/\/secure.gravatar.com\/avatar\/1d3fc949d550f0b53a5f0d51e06dfd79?s=96&d=mm&r=g","caption":"admin"},"url":"https:\/\/www.prijedordanas.com\/?author=1"}]}},"_links":{"self":[{"href":"https:\/\/www.prijedordanas.com\/index.php?rest_route=\/wp\/v2\/posts\/260757"}],"collection":[{"href":"https:\/\/www.prijedordanas.com\/index.php?rest_route=\/wp\/v2\/posts"}],"about":[{"href":"https:\/\/www.prijedordanas.com\/index.php?rest_route=\/wp\/v2\/types\/post"}],"author":[{"embeddable":true,"href":"https:\/\/www.prijedordanas.com\/index.php?rest_route=\/wp\/v2\/users\/1"}],"replies":[{"embeddable":true,"href":"https:\/\/www.prijedordanas.com\/index.php?rest_route=%2Fwp%2Fv2%2Fcomments&post=260757"}],"version-history":[{"count":1,"href":"https:\/\/www.prijedordanas.com\/index.php?rest_route=\/wp\/v2\/posts\/260757\/revisions"}],"predecessor-version":[{"id":260763,"href":"https:\/\/www.prijedordanas.com\/index.php?rest_route=\/wp\/v2\/posts\/260757\/revisions\/260763"}],"wp:attachment":[{"href":"https:\/\/www.prijedordanas.com\/index.php?rest_route=%2Fwp%2Fv2%2Fmedia&parent=260757"}],"wp:term":[{"taxonomy":"category","embeddable":true,"href":"https:\/\/www.prijedordanas.com\/index.php?rest_route=%2Fwp%2Fv2%2Fcategories&post=260757"},{"taxonomy":"post_tag","embeddable":true,"href":"https:\/\/www.prijedordanas.com\/index.php?rest_route=%2Fwp%2Fv2%2Ftags&post=260757"}],"curies":[{"name":"wp","href":"https:\/\/api.w.org\/{rel}","templated":true}]}}