{"id":260668,"date":"2026-01-07T13:13:00","date_gmt":"2026-01-07T12:13:00","guid":{"rendered":"https:\/\/www.prijedordanas.com\/?p=260668"},"modified":"2026-01-07T13:13:00","modified_gmt":"2026-01-07T12:13:00","slug":"prijedor-poruke-mira-i-ljubavi-sa-bozicne-liturgije-u-crkvi-svete-trojice-foto","status":"publish","type":"post","link":"https:\/\/www.prijedordanas.com\/?p=260668","title":{"rendered":"Prijedor: Poruke mira i ljubavi sa Bo\u017ei\u0107ne liturgije u Crkvi Svete Trojice &#8211; FOTO"},"content":{"rendered":"<p><a href=\"https:\/\/www.prijedordanas.com\/wp-content\/uploads\/2026\/01\/bozicna-liturgija-2026-1.jpg\"><img loading=\"lazy\" decoding=\"async\" class=\"alignleft size-medium wp-image-260669\" src=\"https:\/\/www.prijedordanas.com\/wp-content\/uploads\/2026\/01\/bozicna-liturgija-2026-1-300x225.jpg\" alt=\"\" width=\"300\" height=\"225\" srcset=\"https:\/\/www.prijedordanas.com\/wp-content\/uploads\/2026\/01\/bozicna-liturgija-2026-1-300x225.jpg 300w, https:\/\/www.prijedordanas.com\/wp-content\/uploads\/2026\/01\/bozicna-liturgija-2026-1-640x480.jpg 640w, https:\/\/www.prijedordanas.com\/wp-content\/uploads\/2026\/01\/bozicna-liturgija-2026-1.jpg 667w\" sizes=\"(max-width: 300px) 100vw, 300px\" \/><\/a>Brojni Prijedor\u010dani prisustvovali su Bo\u017ei\u0107noj liturgiji u Crkvi Svete Trojice. Veliki hri\u0161\u0107anski praznik Bo\u017ei\u0107 okupio je razli\u010dite generacije koje zajedno \u010duvaju tradiciju, poru\u010duju\u0107i da je bo\u017ei\u0107no okupljanje u crkvi i u porodici najve\u0107a radost, sre\u0107a i bogatstvo.<\/p>\n<p>\u201cSve vi\u0161e mladih dolazi u crkvu i to me \u010dini sretnom.Veliki je broj djece i mladih. Prije svega \u017eelim puno novoro\u0111en\u010dadi, \u0161ta vi\u0161e \u010dovjek da \u017eeli, \u0161ta vi\u0161e \u010dovjek da tra\u017ei od Gospoda. Za mene Bo\u017ei\u0107 zna\u010di radost, sre\u0107a i mir, sa svojom porodcom, sa bra\u0107om i sestrom\u201d, poru\u010dila je Dijana Sarajli\u0107.<\/p>\n<p>\u201cBo\u017ei\u0107 je svakako jedan od dva najradosnija, najzna\u010dajnija hri\u0161\u0107anska praznika. Ro\u0111enje. Bez ro\u0111enja Hrista spasitelja, a kasnije vaskresenja, ne bi ni\u0161ta ni imalo smisla. Tako da, Bo\u017ei\u0107 je ne\u0161to najradosnije za sve nas pravoslavne hri\u0161\u0107ane. Da ga do\u010dekamo u miru, veselju, zdravlju\u201d, rekao je Slavi\u0161a Glamo\u010danin.<\/p>\n<p><a href=\"https:\/\/www.prijedordanas.com\/wp-content\/uploads\/2026\/01\/kozarski-bozicna-liturgija-2026-1.jpg\"><img loading=\"lazy\" decoding=\"async\" class=\"alignleft size-medium wp-image-260670\" src=\"https:\/\/www.prijedordanas.com\/wp-content\/uploads\/2026\/01\/kozarski-bozicna-liturgija-2026-1-300x225.jpg\" alt=\"\" width=\"300\" height=\"225\" srcset=\"https:\/\/www.prijedordanas.com\/wp-content\/uploads\/2026\/01\/kozarski-bozicna-liturgija-2026-1-300x225.jpg 300w, https:\/\/www.prijedordanas.com\/wp-content\/uploads\/2026\/01\/kozarski-bozicna-liturgija-2026-1-640x480.jpg 640w, https:\/\/www.prijedordanas.com\/wp-content\/uploads\/2026\/01\/kozarski-bozicna-liturgija-2026-1.jpg 667w\" sizes=\"(max-width: 300px) 100vw, 300px\" \/><\/a>\u201cBo\u017ei\u0107 je radostan praznik. Puno\u0107a du\u0161e, srca. Jedan svetitelj je rekao da ni preko praga ne pre\u0111emo bez Boga. Zna\u010di da se prvo prekrstimo i Bogu pomolimo pa da pre\u0111emo preko praga. On je zaista tvorac svega. Kad \u010dovjek krene ovim putem, to se do\u017eivljava. To je te\u0161ko nekad rije\u010dima nekome objasniti. Najbitnije je ono \u0161to mi osje\u0107amo. A i prepoznajemo kad nam se ne\u0161to desi. Jednostavno, prepoznajete da je to prst Bo\u017eiji. Ako nam se ne\u0161to lo\u0161e desi, preispitujemo sebe, vjerovatno sam negdje pogrije\u0161ila, gdje sam pogrije\u0161ila? \u0160to ne mora zna\u010diti da sam uvijek i pogrije\u0161ila, nego Bog ho\u0107e od nas da mo\u017eemo biti jo\u0161 bolji\u201d, ka\u017ee Nada Gavrilovi\u0107.<\/p>\n<p>Bo\u017ei\u0107nu poslanicu Srpske pravoslavne crkve i patrijarha Porfirija vjeruju\u0107em narodu pro\u010ditao je protojerej Dragan Hrva\u0107anin, koji je naglasio da je Bo\u017ei\u0107 praznik mira, ljubavi i radosti.<\/p>\n<p><a href=\"https:\/\/www.prijedordanas.com\/wp-content\/uploads\/2026\/01\/bozicna-liturgija-2026-3.jpg\"><img loading=\"lazy\" decoding=\"async\" class=\"alignleft size-medium wp-image-260671\" src=\"https:\/\/www.prijedordanas.com\/wp-content\/uploads\/2026\/01\/bozicna-liturgija-2026-3-300x225.jpg\" alt=\"\" width=\"300\" height=\"225\" srcset=\"https:\/\/www.prijedordanas.com\/wp-content\/uploads\/2026\/01\/bozicna-liturgija-2026-3-300x225.jpg 300w, https:\/\/www.prijedordanas.com\/wp-content\/uploads\/2026\/01\/bozicna-liturgija-2026-3-640x480.jpg 640w, https:\/\/www.prijedordanas.com\/wp-content\/uploads\/2026\/01\/bozicna-liturgija-2026-3.jpg 667w\" sizes=\"(max-width: 300px) 100vw, 300px\" \/><\/a>\u201cKao \u0161to se moglo i vidjeti, prepun hram, slava radosti Bo\u017eije, dolaska gospoda Isusa Hrista ovdje na zemlju radi spasenja nas ljudi koji \u017eivimo. Da nas pozove, prije svega kao \u0161to smo i \u010duli u Bo\u017ei\u0107noj poslanici, na ljubav me\u0111u nama, na ljubav u cijelome svijetu, jer Hristos je do\u0161ao zbog svih i radi svih i povodom ovog velikog praznika, praznika mira, radosti i ljubavi, svim na\u0161im pravoslavnim vjerincima \u017eelim sre\u0107an i Bogom blagosloven dana\u0161nji dan i dana\u0161nji praznik. Da ga proslave prije svega u miru u svome srcu, onda i u svojim porodicama, svojim domovima, zajedno sa svojim bli\u017enjima. Kao \u0161to znamo, bez njih isto tako ne mo\u017eemo. I da zavlada mir u cilome svijetu, \u0161to i jeste poruka ovog dana\u0161njeg velikog praznika i velikog doga\u0111aja. Zato svim na\u0161im vjernicima \u017eelim sre\u0107an i Bogom blagosloven praznik, uz sveradosni pozdrav, mir Bo\u017eji Hristo se rodi, vaistinu se rodi\u201d, rekao je otac Dragan.<\/p>\n<p>Nakon bogoslu\u017eenja obavljeno je sveto pri\u010de\u0161\u0107e za one koji su postili.<\/p>\n<p>Praznovanje najradosnijeg hri\u0161\u0107anksog praznika Bo\u017ei\u0107a vjeruju\u0107i narod nastavio je u krugu svojih porodica, uz bogatu bo\u017ei\u0107nu trpezu, lijepe \u017eelje i \u010destitanja rodbini i prijateljima tradicionalnim pozdravom Mir Bo\u017eiji, Hristos se rodi!<\/p>\n<p><a href=\"https:\/\/kozarski.com\/poruke-mira-i-ljubavi-sa-bozicne-liturgije-u-crkvi-svete-trojice\/\" target=\"_blank\" rel=\"noopener\">kozarski.com<\/a><\/p>\n<p><a href=\"https:\/\/www.prijedordanas.com\/wp-content\/uploads\/2026\/01\/kozarski-bozicna-liturgija-2026-2.jpg\"><img loading=\"lazy\" decoding=\"async\" class=\"alignleft size-medium wp-image-260672\" src=\"https:\/\/www.prijedordanas.com\/wp-content\/uploads\/2026\/01\/kozarski-bozicna-liturgija-2026-2-300x169.jpg\" alt=\"\" width=\"300\" height=\"169\" srcset=\"https:\/\/www.prijedordanas.com\/wp-content\/uploads\/2026\/01\/kozarski-bozicna-liturgija-2026-2-300x169.jpg 300w, https:\/\/www.prijedordanas.com\/wp-content\/uploads\/2026\/01\/kozarski-bozicna-liturgija-2026-2.jpg 600w\" sizes=\"(max-width: 300px) 100vw, 300px\" \/><\/a> <a href=\"https:\/\/www.prijedordanas.com\/wp-content\/uploads\/2026\/01\/kozarski-bozicna-liturgija-2026-3.jpg\"><img loading=\"lazy\" decoding=\"async\" class=\"alignleft size-medium wp-image-260673\" src=\"https:\/\/www.prijedordanas.com\/wp-content\/uploads\/2026\/01\/kozarski-bozicna-liturgija-2026-3-300x169.jpg\" alt=\"\" width=\"300\" height=\"169\" srcset=\"https:\/\/www.prijedordanas.com\/wp-content\/uploads\/2026\/01\/kozarski-bozicna-liturgija-2026-3-300x169.jpg 300w, https:\/\/www.prijedordanas.com\/wp-content\/uploads\/2026\/01\/kozarski-bozicna-liturgija-2026-3.jpg 600w\" sizes=\"(max-width: 300px) 100vw, 300px\" \/><\/a> <a href=\"https:\/\/www.prijedordanas.com\/wp-content\/uploads\/2026\/01\/bozicna-liturgija-2026-2.jpg\"><img loading=\"lazy\" decoding=\"async\" class=\"alignleft size-medium wp-image-260674\" src=\"https:\/\/www.prijedordanas.com\/wp-content\/uploads\/2026\/01\/bozicna-liturgija-2026-2-300x225.jpg\" alt=\"\" width=\"300\" height=\"225\" srcset=\"https:\/\/www.prijedordanas.com\/wp-content\/uploads\/2026\/01\/bozicna-liturgija-2026-2-300x225.jpg 300w, https:\/\/www.prijedordanas.com\/wp-content\/uploads\/2026\/01\/bozicna-liturgija-2026-2-640x480.jpg 640w, https:\/\/www.prijedordanas.com\/wp-content\/uploads\/2026\/01\/bozicna-liturgija-2026-2.jpg 667w\" sizes=\"(max-width: 300px) 100vw, 300px\" \/><\/a><\/p>\n","protected":false},"excerpt":{"rendered":"<p>Brojni Prijedor\u010dani prisustvovali su Bo\u017ei\u0107noj liturgiji u Crkvi Svete Trojice. Veliki hri\u0161\u0107anski praznik Bo\u017ei\u0107 okupio je razli\u010dite generacije koje zajedno \u010duvaju tradiciju, poru\u010duju\u0107i da je bo\u017ei\u0107no okupljanje u crkvi i [&hellip;]<\/p>\n","protected":false},"author":1,"featured_media":0,"comment_status":"closed","ping_status":"open","sticky":false,"template":"","format":"standard","meta":{"_monsterinsights_skip_tracking":false,"_monsterinsights_sitenote_active":false,"_monsterinsights_sitenote_note":"","_monsterinsights_sitenote_category":0,"footnotes":""},"categories":[4],"tags":[],"yoast_head":"<!-- This site is optimized with the Yoast SEO plugin v21.6 - https:\/\/yoast.com\/wordpress\/plugins\/seo\/ -->\n<title>Prijedor: Poruke mira i ljubavi sa Bo\u017ei\u0107ne liturgije u Crkvi Svete Trojice - FOTO - PrijedorDanas.com - Prijedorski gradski portal<\/title>\n<meta name=\"robots\" content=\"index, follow, max-snippet:-1, max-image-preview:large, max-video-preview:-1\" \/>\n<link rel=\"canonical\" href=\"https:\/\/www.prijedordanas.com\/?p=260668\" \/>\n<meta property=\"og:locale\" content=\"en_US\" \/>\n<meta property=\"og:type\" content=\"article\" \/>\n<meta property=\"og:title\" content=\"Prijedor: Poruke mira i ljubavi sa Bo\u017ei\u0107ne liturgije u Crkvi Svete Trojice - FOTO - PrijedorDanas.com - Prijedorski gradski portal\" \/>\n<meta property=\"og:description\" content=\"Brojni Prijedor\u010dani prisustvovali su Bo\u017ei\u0107noj liturgiji u Crkvi Svete Trojice. Veliki hri\u0161\u0107anski praznik Bo\u017ei\u0107 okupio je razli\u010dite generacije koje zajedno \u010duvaju tradiciju, poru\u010duju\u0107i da je bo\u017ei\u0107no okupljanje u crkvi i [&hellip;]\" \/>\n<meta property=\"og:url\" content=\"https:\/\/www.prijedordanas.com\/?p=260668\" \/>\n<meta property=\"og:site_name\" content=\"PrijedorDanas.com - Prijedorski gradski portal\" \/>\n<meta property=\"article:publisher\" content=\"https:\/\/www.facebook.com\/PrijedorDanasCom\/\" \/>\n<meta property=\"article:published_time\" content=\"2026-01-07T12:13:00+00:00\" \/>\n<meta property=\"og:image\" content=\"https:\/\/www.prijedordanas.com\/wp-content\/uploads\/2026\/01\/bozicna-liturgija-2026-1-300x225.jpg\" \/>\n<meta name=\"author\" content=\"admin\" \/>\n<meta name=\"twitter:card\" content=\"summary_large_image\" \/>\n<meta name=\"twitter:label1\" content=\"Written by\" \/>\n\t<meta name=\"twitter:data1\" content=\"admin\" \/>\n\t<meta name=\"twitter:label2\" content=\"Est. reading time\" \/>\n\t<meta name=\"twitter:data2\" content=\"4 minutes\" \/>\n<script type=\"application\/ld+json\" class=\"yoast-schema-graph\">{\"@context\":\"https:\/\/schema.org\",\"@graph\":[{\"@type\":\"Article\",\"@id\":\"https:\/\/www.prijedordanas.com\/?p=260668#article\",\"isPartOf\":{\"@id\":\"https:\/\/www.prijedordanas.com\/?p=260668\"},\"author\":{\"name\":\"admin\",\"@id\":\"https:\/\/www.prijedordanas.com\/#\/schema\/person\/4e08ccf29b506ca916ff86d46bb700e6\"},\"headline\":\"Prijedor: Poruke mira i ljubavi sa Bo\u017ei\u0107ne liturgije u Crkvi Svete Trojice &#8211; FOTO\",\"datePublished\":\"2026-01-07T12:13:00+00:00\",\"dateModified\":\"2026-01-07T12:13:00+00:00\",\"mainEntityOfPage\":{\"@id\":\"https:\/\/www.prijedordanas.com\/?p=260668\"},\"wordCount\":572,\"publisher\":{\"@id\":\"https:\/\/www.prijedordanas.com\/#organization\"},\"articleSection\":[\"Dru\u0161tvo\"],\"inLanguage\":\"en-US\"},{\"@type\":\"WebPage\",\"@id\":\"https:\/\/www.prijedordanas.com\/?p=260668\",\"url\":\"https:\/\/www.prijedordanas.com\/?p=260668\",\"name\":\"Prijedor: Poruke mira i ljubavi sa Bo\u017ei\u0107ne liturgije u Crkvi Svete Trojice - FOTO - PrijedorDanas.com - Prijedorski gradski portal\",\"isPartOf\":{\"@id\":\"https:\/\/www.prijedordanas.com\/#website\"},\"datePublished\":\"2026-01-07T12:13:00+00:00\",\"dateModified\":\"2026-01-07T12:13:00+00:00\",\"breadcrumb\":{\"@id\":\"https:\/\/www.prijedordanas.com\/?p=260668#breadcrumb\"},\"inLanguage\":\"en-US\",\"potentialAction\":[{\"@type\":\"ReadAction\",\"target\":[\"https:\/\/www.prijedordanas.com\/?p=260668\"]}]},{\"@type\":\"BreadcrumbList\",\"@id\":\"https:\/\/www.prijedordanas.com\/?p=260668#breadcrumb\",\"itemListElement\":[{\"@type\":\"ListItem\",\"position\":1,\"name\":\"Home\",\"item\":\"https:\/\/www.prijedordanas.com\/\"},{\"@type\":\"ListItem\",\"position\":2,\"name\":\"Prijedor: Poruke mira i ljubavi sa Bo\u017ei\u0107ne liturgije u Crkvi Svete Trojice &#8211; FOTO\"}]},{\"@type\":\"WebSite\",\"@id\":\"https:\/\/www.prijedordanas.com\/#website\",\"url\":\"https:\/\/www.prijedordanas.com\/\",\"name\":\"PrijedorDanas.com - Prijedorski gradski portal\",\"description\":\"Portal o doga\u0111anjima u gradu Prijedoru\",\"publisher\":{\"@id\":\"https:\/\/www.prijedordanas.com\/#organization\"},\"potentialAction\":[{\"@type\":\"SearchAction\",\"target\":{\"@type\":\"EntryPoint\",\"urlTemplate\":\"https:\/\/www.prijedordanas.com\/?s={search_term_string}\"},\"query-input\":\"required name=search_term_string\"}],\"inLanguage\":\"en-US\"},{\"@type\":\"Organization\",\"@id\":\"https:\/\/www.prijedordanas.com\/#organization\",\"name\":\"PrijedorDanas.com\",\"url\":\"https:\/\/www.prijedordanas.com\/\",\"logo\":{\"@type\":\"ImageObject\",\"inLanguage\":\"en-US\",\"@id\":\"https:\/\/www.prijedordanas.com\/#\/schema\/logo\/image\/\",\"url\":\"http:\/\/www.prijedordanas.com\/wp-content\/uploads\/2021\/12\/logopng.png\",\"contentUrl\":\"http:\/\/www.prijedordanas.com\/wp-content\/uploads\/2021\/12\/logopng.png\",\"width\":1019,\"height\":776,\"caption\":\"PrijedorDanas.com\"},\"image\":{\"@id\":\"https:\/\/www.prijedordanas.com\/#\/schema\/logo\/image\/\"},\"sameAs\":[\"https:\/\/www.facebook.com\/PrijedorDanasCom\/\"]},{\"@type\":\"Person\",\"@id\":\"https:\/\/www.prijedordanas.com\/#\/schema\/person\/4e08ccf29b506ca916ff86d46bb700e6\",\"name\":\"admin\",\"image\":{\"@type\":\"ImageObject\",\"inLanguage\":\"en-US\",\"@id\":\"https:\/\/www.prijedordanas.com\/#\/schema\/person\/image\/\",\"url\":\"https:\/\/secure.gravatar.com\/avatar\/1d3fc949d550f0b53a5f0d51e06dfd79?s=96&d=mm&r=g\",\"contentUrl\":\"https:\/\/secure.gravatar.com\/avatar\/1d3fc949d550f0b53a5f0d51e06dfd79?s=96&d=mm&r=g\",\"caption\":\"admin\"},\"url\":\"https:\/\/www.prijedordanas.com\/?author=1\"}]}<\/script>\n<!-- \/ Yoast SEO plugin. -->","yoast_head_json":{"title":"Prijedor: Poruke mira i ljubavi sa Bo\u017ei\u0107ne liturgije u Crkvi Svete Trojice - FOTO - PrijedorDanas.com - Prijedorski gradski portal","robots":{"index":"index","follow":"follow","max-snippet":"max-snippet:-1","max-image-preview":"max-image-preview:large","max-video-preview":"max-video-preview:-1"},"canonical":"https:\/\/www.prijedordanas.com\/?p=260668","og_locale":"en_US","og_type":"article","og_title":"Prijedor: Poruke mira i ljubavi sa Bo\u017ei\u0107ne liturgije u Crkvi Svete Trojice - FOTO - PrijedorDanas.com - Prijedorski gradski portal","og_description":"Brojni Prijedor\u010dani prisustvovali su Bo\u017ei\u0107noj liturgiji u Crkvi Svete Trojice. Veliki hri\u0161\u0107anski praznik Bo\u017ei\u0107 okupio je razli\u010dite generacije koje zajedno \u010duvaju tradiciju, poru\u010duju\u0107i da je bo\u017ei\u0107no okupljanje u crkvi i [&hellip;]","og_url":"https:\/\/www.prijedordanas.com\/?p=260668","og_site_name":"PrijedorDanas.com - Prijedorski gradski portal","article_publisher":"https:\/\/www.facebook.com\/PrijedorDanasCom\/","article_published_time":"2026-01-07T12:13:00+00:00","og_image":[{"url":"https:\/\/www.prijedordanas.com\/wp-content\/uploads\/2026\/01\/bozicna-liturgija-2026-1-300x225.jpg"}],"author":"admin","twitter_card":"summary_large_image","twitter_misc":{"Written by":"admin","Est. reading time":"4 minutes"},"schema":{"@context":"https:\/\/schema.org","@graph":[{"@type":"Article","@id":"https:\/\/www.prijedordanas.com\/?p=260668#article","isPartOf":{"@id":"https:\/\/www.prijedordanas.com\/?p=260668"},"author":{"name":"admin","@id":"https:\/\/www.prijedordanas.com\/#\/schema\/person\/4e08ccf29b506ca916ff86d46bb700e6"},"headline":"Prijedor: Poruke mira i ljubavi sa Bo\u017ei\u0107ne liturgije u Crkvi Svete Trojice &#8211; FOTO","datePublished":"2026-01-07T12:13:00+00:00","dateModified":"2026-01-07T12:13:00+00:00","mainEntityOfPage":{"@id":"https:\/\/www.prijedordanas.com\/?p=260668"},"wordCount":572,"publisher":{"@id":"https:\/\/www.prijedordanas.com\/#organization"},"articleSection":["Dru\u0161tvo"],"inLanguage":"en-US"},{"@type":"WebPage","@id":"https:\/\/www.prijedordanas.com\/?p=260668","url":"https:\/\/www.prijedordanas.com\/?p=260668","name":"Prijedor: Poruke mira i ljubavi sa Bo\u017ei\u0107ne liturgije u Crkvi Svete Trojice - FOTO - PrijedorDanas.com - Prijedorski gradski portal","isPartOf":{"@id":"https:\/\/www.prijedordanas.com\/#website"},"datePublished":"2026-01-07T12:13:00+00:00","dateModified":"2026-01-07T12:13:00+00:00","breadcrumb":{"@id":"https:\/\/www.prijedordanas.com\/?p=260668#breadcrumb"},"inLanguage":"en-US","potentialAction":[{"@type":"ReadAction","target":["https:\/\/www.prijedordanas.com\/?p=260668"]}]},{"@type":"BreadcrumbList","@id":"https:\/\/www.prijedordanas.com\/?p=260668#breadcrumb","itemListElement":[{"@type":"ListItem","position":1,"name":"Home","item":"https:\/\/www.prijedordanas.com\/"},{"@type":"ListItem","position":2,"name":"Prijedor: Poruke mira i ljubavi sa Bo\u017ei\u0107ne liturgije u Crkvi Svete Trojice &#8211; FOTO"}]},{"@type":"WebSite","@id":"https:\/\/www.prijedordanas.com\/#website","url":"https:\/\/www.prijedordanas.com\/","name":"PrijedorDanas.com - Prijedorski gradski portal","description":"Portal o doga\u0111anjima u gradu Prijedoru","publisher":{"@id":"https:\/\/www.prijedordanas.com\/#organization"},"potentialAction":[{"@type":"SearchAction","target":{"@type":"EntryPoint","urlTemplate":"https:\/\/www.prijedordanas.com\/?s={search_term_string}"},"query-input":"required name=search_term_string"}],"inLanguage":"en-US"},{"@type":"Organization","@id":"https:\/\/www.prijedordanas.com\/#organization","name":"PrijedorDanas.com","url":"https:\/\/www.prijedordanas.com\/","logo":{"@type":"ImageObject","inLanguage":"en-US","@id":"https:\/\/www.prijedordanas.com\/#\/schema\/logo\/image\/","url":"http:\/\/www.prijedordanas.com\/wp-content\/uploads\/2021\/12\/logopng.png","contentUrl":"http:\/\/www.prijedordanas.com\/wp-content\/uploads\/2021\/12\/logopng.png","width":1019,"height":776,"caption":"PrijedorDanas.com"},"image":{"@id":"https:\/\/www.prijedordanas.com\/#\/schema\/logo\/image\/"},"sameAs":["https:\/\/www.facebook.com\/PrijedorDanasCom\/"]},{"@type":"Person","@id":"https:\/\/www.prijedordanas.com\/#\/schema\/person\/4e08ccf29b506ca916ff86d46bb700e6","name":"admin","image":{"@type":"ImageObject","inLanguage":"en-US","@id":"https:\/\/www.prijedordanas.com\/#\/schema\/person\/image\/","url":"https:\/\/secure.gravatar.com\/avatar\/1d3fc949d550f0b53a5f0d51e06dfd79?s=96&d=mm&r=g","contentUrl":"https:\/\/secure.gravatar.com\/avatar\/1d3fc949d550f0b53a5f0d51e06dfd79?s=96&d=mm&r=g","caption":"admin"},"url":"https:\/\/www.prijedordanas.com\/?author=1"}]}},"_links":{"self":[{"href":"https:\/\/www.prijedordanas.com\/index.php?rest_route=\/wp\/v2\/posts\/260668"}],"collection":[{"href":"https:\/\/www.prijedordanas.com\/index.php?rest_route=\/wp\/v2\/posts"}],"about":[{"href":"https:\/\/www.prijedordanas.com\/index.php?rest_route=\/wp\/v2\/types\/post"}],"author":[{"embeddable":true,"href":"https:\/\/www.prijedordanas.com\/index.php?rest_route=\/wp\/v2\/users\/1"}],"replies":[{"embeddable":true,"href":"https:\/\/www.prijedordanas.com\/index.php?rest_route=%2Fwp%2Fv2%2Fcomments&post=260668"}],"version-history":[{"count":1,"href":"https:\/\/www.prijedordanas.com\/index.php?rest_route=\/wp\/v2\/posts\/260668\/revisions"}],"predecessor-version":[{"id":260675,"href":"https:\/\/www.prijedordanas.com\/index.php?rest_route=\/wp\/v2\/posts\/260668\/revisions\/260675"}],"wp:attachment":[{"href":"https:\/\/www.prijedordanas.com\/index.php?rest_route=%2Fwp%2Fv2%2Fmedia&parent=260668"}],"wp:term":[{"taxonomy":"category","embeddable":true,"href":"https:\/\/www.prijedordanas.com\/index.php?rest_route=%2Fwp%2Fv2%2Fcategories&post=260668"},{"taxonomy":"post_tag","embeddable":true,"href":"https:\/\/www.prijedordanas.com\/index.php?rest_route=%2Fwp%2Fv2%2Ftags&post=260668"}],"curies":[{"name":"wp","href":"https:\/\/api.w.org\/{rel}","templated":true}]}}