{"id":260621,"date":"2026-01-06T21:42:37","date_gmt":"2026-01-06T20:42:37","guid":{"rendered":"https:\/\/www.prijedordanas.com\/?p=260621"},"modified":"2026-01-06T21:42:37","modified_gmt":"2026-01-06T20:42:37","slug":"badnjak-radosno-docekali-parohijani-crkvene-opstine-urije-foto-video","status":"publish","type":"post","link":"https:\/\/www.prijedordanas.com\/?p=260621","title":{"rendered":"Badnjak radosno do\u010dekali parohijani Crkvene op\u0161tine Urije &#8211; FOTO\/VIDEO"},"content":{"rendered":"<p><a href=\"https:\/\/www.prijedordanas.com\/wp-content\/uploads\/2026\/01\/badnjak2026-urije-1.jpg\"><img loading=\"lazy\" decoding=\"async\" class=\"alignleft size-medium wp-image-260623\" src=\"https:\/\/www.prijedordanas.com\/wp-content\/uploads\/2026\/01\/badnjak2026-urije-1-300x225.jpg\" alt=\"\" width=\"300\" height=\"225\" srcset=\"https:\/\/www.prijedordanas.com\/wp-content\/uploads\/2026\/01\/badnjak2026-urije-1-300x225.jpg 300w, https:\/\/www.prijedordanas.com\/wp-content\/uploads\/2026\/01\/badnjak2026-urije-1-640x480.jpg 640w, https:\/\/www.prijedordanas.com\/wp-content\/uploads\/2026\/01\/badnjak2026-urije-1.jpg 667w\" sizes=\"(max-width: 300px) 100vw, 300px\" \/><\/a>Kako obi\u010daji i tradicija nala\u017eu, badnjak je usje\u010den, oki\u0107en i vo\u017een parohijom Crkvene op\u0161tine Urije.<\/p>\n<p>Crkveni odbor se i ovoga puta potrudio da sve pro\u0111e kako i dolikuje velikom hri\u0161\u0107anskom prazniku.<\/p>\n<p>Kum badnjaka Rade Bursa\u0107 nije krio radost \u0161to je njemu pripala \u010dast da na Badnji dan bude prvi me\u0111u jednakima u svojoj parohiji.<\/p>\n<p>\u201cOsje\u0107aj je lijep, \u017eelim da se zahvalim Crkvenom odboru i sve\u0161tenstvu \u0161to su mene izabrali za kuma badnjaka ove godine. To je \u010dast meni i mojej porodici. Jutros je sve proteklo, tako da ka\u017eem, dobro, sje\u010da badnjaka je pro\u0161la u najboljem redu. Na ovaj dan uvijek \u0161aljemo poruke mira i ljubavi i \u010duvanja tradicije\u201d, rekao je Bursa\u0107.<\/p>\n<p><a href=\"https:\/\/www.prijedordanas.com\/wp-content\/uploads\/2026\/01\/kozarski-badnjak2026-urije-1.jpg\"><img loading=\"lazy\" decoding=\"async\" class=\"alignleft size-medium wp-image-260624\" src=\"https:\/\/www.prijedordanas.com\/wp-content\/uploads\/2026\/01\/kozarski-badnjak2026-urije-1-300x225.jpg\" alt=\"\" width=\"300\" height=\"225\" srcset=\"https:\/\/www.prijedordanas.com\/wp-content\/uploads\/2026\/01\/kozarski-badnjak2026-urije-1-300x225.jpg 300w, https:\/\/www.prijedordanas.com\/wp-content\/uploads\/2026\/01\/kozarski-badnjak2026-urije-1-640x480.jpg 640w, https:\/\/www.prijedordanas.com\/wp-content\/uploads\/2026\/01\/kozarski-badnjak2026-urije-1.jpg 667w\" sizes=\"(max-width: 300px) 100vw, 300px\" \/><\/a>Doma\u0107in okupljanja oko badnjaka bilo je Etno dru\u0161tvo \u201cSrpski sokolovi Kozare&#8221;.<\/p>\n<p>\u201cOve godine imamo \u010dast da budemo doma\u0107ini ovog okupljanja. Mi kao \u010duvari tradicije i obi\u010daja \u017eelimo da prika\u017eemo na\u0161e obi\u010daje i na\u0161u tradiciju iz ovih na\u0161ih krajeva, prenesemo na na\u0161e budu\u0107e generacije i da se sve isprati onako kako i treba. \u017delim da Badnji dan i predstoje\u0107i Bo\u017ei\u0107 donesu svima radost, mir, sre\u0107u i blagostanje u svaki dom\u201d, rekla je Tanja Simi\u0107, potpredsjednica Udru\u017eenja.<\/p>\n<p>Protojerej stavrofor Mladen Majki\u0107 je naglasio da su Badnji dan i Bo\u017ei\u0107 praznici mira, lujbavi i zajedni\u0161tva.<\/p>\n<p>\u201cBadnji dan dolazi od rije\u010di bdjeti, \u0161to zna\u010di da je sutra poseban i va\u017ean doga\u0111aj i ovaj dan treba da bude provedan u posebnoj na\u0161oj pa\u017enji, brizi i ljubavi, u i\u0161\u010dekivanju sutra\u0161njega dana, ro\u0111enja Bogomladenca Gospoda Isusa Hrista. Neka bi Bog dao da ro\u0111enjem Hristovim i slavljenjem dolaska sina Bo\u017eijega u ovaj svijet i mi i \u010ditav svijet bude u i\u0161\u010dekivanju i radosti da se onaj mir koji je neophodan vrati u srca svih ljudi i svih naroda i da se pjeva ona divna pjesma koja se \u010dula o ro\u0111enju Hristovom koju su pjevali an\u0111eli nebeski i koja bi bila najaktuelnija i najprihvatljivija za sve narode ovoga svijeta. Slava Bogu na visini, a mir me\u0111u ljudima dobra volja. Svim hri\u0161\u0107anima pravoslavne vjere u \u010ditavom svijetu \u017eelimo \u010destitati sa divnim i drevnim pozdravom Mir Bo\u017eji, Hristos se rodi\u201d, poru\u010dio je otac Mladen.<\/p>\n<p><a href=\"https:\/\/www.prijedordanas.com\/wp-content\/uploads\/2026\/01\/badnjak2026-urije-3.jpg\"><img loading=\"lazy\" decoding=\"async\" class=\"alignleft size-medium wp-image-260625\" src=\"https:\/\/www.prijedordanas.com\/wp-content\/uploads\/2026\/01\/badnjak2026-urije-3-300x225.jpg\" alt=\"\" width=\"300\" height=\"225\" srcset=\"https:\/\/www.prijedordanas.com\/wp-content\/uploads\/2026\/01\/badnjak2026-urije-3-300x225.jpg 300w, https:\/\/www.prijedordanas.com\/wp-content\/uploads\/2026\/01\/badnjak2026-urije-3-640x480.jpg 640w, https:\/\/www.prijedordanas.com\/wp-content\/uploads\/2026\/01\/badnjak2026-urije-3.jpg 667w\" sizes=\"(max-width: 300px) 100vw, 300px\" \/><\/a>Ki\u0107enju badnjaka na Urijama i njegovom ispra\u0107aju do parohijana prisustvovao je i gradona\u010delnik Prijedora Slobodan Javor.<\/p>\n<p>\u201cDrago mi je \u0161to \u0161irom na\u0161eg grada, u svim parohijama, na\u0161i mje\u0161tani, na\u0161i sugra\u0111ani, kite badnjak. Badnjak prolazi svim selima, svim ulicama na\u0161eg grada i zapravo to govori o nama, ko smo, \u0161ta smo, odakle smo, govori o na\u0161oj istoriji, na\u0161oj tradiciji, o na\u0161im obi\u010dajima i definitivno ono \u0161to je najva\u017enije, drago mi je \u0161to svake godine ima sve ve\u0107i broj na\u0161ih mali\u0161ana. \u017delim da iskoristim priliku da \u010destitam kumu Badnjaka, da \u010destitam svim parohijanima koji su svake godine ovdje i mogu slobodno re\u0107i, veoma pobo\u017eni i okupljeni u slozi i vjeri. Ovo i jeste praznik kada treba da se okupimo, da budemo ono \u0161to jesmo, da poka\u017eemo \u0161ta je na\u0161 identitet. Ovo je na\u0161 identitet, ovo smo mi, na\u0161a vjera pravoslavna. Drago mi je \u0161to je grad Prijedor me\u0111u onim lokalnim zajednicama koje godinama unazad podr\u017eavaju Srpsku pravoslavnu crkvu\u201d, istakao je Javor.<\/p>\n<p><a href=\"https:\/\/kozarski.com\/badnjak-radosno-docekali-parohijani-crkvene-opstine-urije\/\" target=\"_blank\" rel=\"noopener\">kozarski.com<\/a><\/p>\n<p><iframe loading=\"lazy\" style=\"border: none; overflow: hidden;\" src=\"https:\/\/www.facebook.com\/plugins\/video.php?height=476&amp;href=https%3A%2F%2Fwww.facebook.com%2Freel%2F2966981870153481%2F&amp;show_text=false&amp;width=267&amp;t=0\" width=\"267\" height=\"476\" frameborder=\"0\" scrolling=\"no\" allowfullscreen=\"allowfullscreen\"><\/iframe><\/p>\n<p><a href=\"https:\/\/www.prijedordanas.com\/wp-content\/uploads\/2026\/01\/kozarski-badnjak2026-urije-2.jpg\"><img loading=\"lazy\" decoding=\"async\" src=\"https:\/\/www.prijedordanas.com\/wp-content\/uploads\/2026\/01\/kozarski-badnjak2026-urije-2-300x169.jpg\" alt=\"\" width=\"300\" height=\"169\" class=\"alignleft size-medium wp-image-260626\" srcset=\"https:\/\/www.prijedordanas.com\/wp-content\/uploads\/2026\/01\/kozarski-badnjak2026-urije-2-300x169.jpg 300w, https:\/\/www.prijedordanas.com\/wp-content\/uploads\/2026\/01\/kozarski-badnjak2026-urije-2.jpg 600w\" sizes=\"(max-width: 300px) 100vw, 300px\" \/><\/a> <a href=\"https:\/\/www.prijedordanas.com\/wp-content\/uploads\/2026\/01\/badnjak2026-urije-2.jpg\"><img loading=\"lazy\" decoding=\"async\" src=\"https:\/\/www.prijedordanas.com\/wp-content\/uploads\/2026\/01\/badnjak2026-urije-2-300x225.jpg\" alt=\"\" width=\"300\" height=\"225\" class=\"alignleft size-medium wp-image-260627\" srcset=\"https:\/\/www.prijedordanas.com\/wp-content\/uploads\/2026\/01\/badnjak2026-urije-2-300x225.jpg 300w, https:\/\/www.prijedordanas.com\/wp-content\/uploads\/2026\/01\/badnjak2026-urije-2-640x480.jpg 640w, https:\/\/www.prijedordanas.com\/wp-content\/uploads\/2026\/01\/badnjak2026-urije-2.jpg 667w\" sizes=\"(max-width: 300px) 100vw, 300px\" \/><\/a><\/p>\n<p><iframe loading=\"lazy\" title=\"BADNJAK RADOSNO DO\u010cEKALI PAROHIJANI CRKVENE OP\u0160TINE URIJE\" width=\"500\" height=\"281\" src=\"https:\/\/www.youtube.com\/embed\/vcHji_cgUjQ?feature=oembed\" frameborder=\"0\" allow=\"accelerometer; autoplay; clipboard-write; encrypted-media; gyroscope; picture-in-picture; web-share\" referrerpolicy=\"strict-origin-when-cross-origin\" allowfullscreen><\/iframe><\/p>\n<p><iframe loading=\"lazy\" style=\"border: none; overflow: hidden;\" src=\"https:\/\/www.facebook.com\/plugins\/video.php?height=476&amp;href=https%3A%2F%2Fwww.facebook.com%2Freel%2F1583090282881180%2F&amp;show_text=false&amp;width=267&amp;t=0\" width=\"267\" height=\"476\" frameborder=\"0\" scrolling=\"no\" allowfullscreen=\"allowfullscreen\"><\/iframe><\/p>\n","protected":false},"excerpt":{"rendered":"<p>Kako obi\u010daji i tradicija nala\u017eu, badnjak je usje\u010den, oki\u0107en i vo\u017een parohijom Crkvene op\u0161tine Urije. Crkveni odbor se i ovoga puta potrudio da sve pro\u0111e kako i dolikuje velikom hri\u0161\u0107anskom [&hellip;]<\/p>\n","protected":false},"author":1,"featured_media":0,"comment_status":"closed","ping_status":"open","sticky":false,"template":"","format":"standard","meta":{"_monsterinsights_skip_tracking":false,"_monsterinsights_sitenote_active":false,"_monsterinsights_sitenote_note":"","_monsterinsights_sitenote_category":0,"footnotes":""},"categories":[8],"tags":[],"yoast_head":"<!-- This site is optimized with the Yoast SEO plugin v21.6 - https:\/\/yoast.com\/wordpress\/plugins\/seo\/ -->\n<title>Badnjak radosno do\u010dekali parohijani Crkvene op\u0161tine Urije - FOTO\/VIDEO - PrijedorDanas.com - Prijedorski gradski portal<\/title>\n<meta name=\"robots\" content=\"index, follow, max-snippet:-1, max-image-preview:large, max-video-preview:-1\" \/>\n<link rel=\"canonical\" href=\"https:\/\/www.prijedordanas.com\/?p=260621\" \/>\n<meta property=\"og:locale\" content=\"en_US\" \/>\n<meta property=\"og:type\" content=\"article\" \/>\n<meta property=\"og:title\" content=\"Badnjak radosno do\u010dekali parohijani Crkvene op\u0161tine Urije - FOTO\/VIDEO - PrijedorDanas.com - Prijedorski gradski portal\" \/>\n<meta property=\"og:description\" content=\"Kako obi\u010daji i tradicija nala\u017eu, badnjak je usje\u010den, oki\u0107en i vo\u017een parohijom Crkvene op\u0161tine Urije. Crkveni odbor se i ovoga puta potrudio da sve pro\u0111e kako i dolikuje velikom hri\u0161\u0107anskom [&hellip;]\" \/>\n<meta property=\"og:url\" content=\"https:\/\/www.prijedordanas.com\/?p=260621\" \/>\n<meta property=\"og:site_name\" content=\"PrijedorDanas.com - Prijedorski gradski portal\" \/>\n<meta property=\"article:publisher\" content=\"https:\/\/www.facebook.com\/PrijedorDanasCom\/\" \/>\n<meta property=\"article:published_time\" content=\"2026-01-06T20:42:37+00:00\" \/>\n<meta property=\"og:image\" content=\"https:\/\/www.prijedordanas.com\/wp-content\/uploads\/2026\/01\/badnjak2026-urije-1-300x225.jpg\" \/>\n<meta name=\"author\" content=\"admin\" \/>\n<meta name=\"twitter:card\" content=\"summary_large_image\" \/>\n<meta name=\"twitter:label1\" content=\"Written by\" \/>\n\t<meta name=\"twitter:data1\" content=\"admin\" \/>\n\t<meta name=\"twitter:label2\" content=\"Est. reading time\" \/>\n\t<meta name=\"twitter:data2\" content=\"3 minutes\" \/>\n<script type=\"application\/ld+json\" class=\"yoast-schema-graph\">{\"@context\":\"https:\/\/schema.org\",\"@graph\":[{\"@type\":\"Article\",\"@id\":\"https:\/\/www.prijedordanas.com\/?p=260621#article\",\"isPartOf\":{\"@id\":\"https:\/\/www.prijedordanas.com\/?p=260621\"},\"author\":{\"name\":\"admin\",\"@id\":\"https:\/\/www.prijedordanas.com\/#\/schema\/person\/4e08ccf29b506ca916ff86d46bb700e6\"},\"headline\":\"Badnjak radosno do\u010dekali parohijani Crkvene op\u0161tine Urije &#8211; FOTO\/VIDEO\",\"datePublished\":\"2026-01-06T20:42:37+00:00\",\"dateModified\":\"2026-01-06T20:42:37+00:00\",\"mainEntityOfPage\":{\"@id\":\"https:\/\/www.prijedordanas.com\/?p=260621\"},\"wordCount\":600,\"publisher\":{\"@id\":\"https:\/\/www.prijedordanas.com\/#organization\"},\"articleSection\":[\"Svakodnevno\"],\"inLanguage\":\"en-US\"},{\"@type\":\"WebPage\",\"@id\":\"https:\/\/www.prijedordanas.com\/?p=260621\",\"url\":\"https:\/\/www.prijedordanas.com\/?p=260621\",\"name\":\"Badnjak radosno do\u010dekali parohijani Crkvene op\u0161tine Urije - FOTO\/VIDEO - PrijedorDanas.com - Prijedorski gradski portal\",\"isPartOf\":{\"@id\":\"https:\/\/www.prijedordanas.com\/#website\"},\"datePublished\":\"2026-01-06T20:42:37+00:00\",\"dateModified\":\"2026-01-06T20:42:37+00:00\",\"breadcrumb\":{\"@id\":\"https:\/\/www.prijedordanas.com\/?p=260621#breadcrumb\"},\"inLanguage\":\"en-US\",\"potentialAction\":[{\"@type\":\"ReadAction\",\"target\":[\"https:\/\/www.prijedordanas.com\/?p=260621\"]}]},{\"@type\":\"BreadcrumbList\",\"@id\":\"https:\/\/www.prijedordanas.com\/?p=260621#breadcrumb\",\"itemListElement\":[{\"@type\":\"ListItem\",\"position\":1,\"name\":\"Home\",\"item\":\"https:\/\/www.prijedordanas.com\/\"},{\"@type\":\"ListItem\",\"position\":2,\"name\":\"Badnjak radosno do\u010dekali parohijani Crkvene op\u0161tine Urije &#8211; FOTO\/VIDEO\"}]},{\"@type\":\"WebSite\",\"@id\":\"https:\/\/www.prijedordanas.com\/#website\",\"url\":\"https:\/\/www.prijedordanas.com\/\",\"name\":\"PrijedorDanas.com - Prijedorski gradski portal\",\"description\":\"Portal o doga\u0111anjima u gradu Prijedoru\",\"publisher\":{\"@id\":\"https:\/\/www.prijedordanas.com\/#organization\"},\"potentialAction\":[{\"@type\":\"SearchAction\",\"target\":{\"@type\":\"EntryPoint\",\"urlTemplate\":\"https:\/\/www.prijedordanas.com\/?s={search_term_string}\"},\"query-input\":\"required name=search_term_string\"}],\"inLanguage\":\"en-US\"},{\"@type\":\"Organization\",\"@id\":\"https:\/\/www.prijedordanas.com\/#organization\",\"name\":\"PrijedorDanas.com\",\"url\":\"https:\/\/www.prijedordanas.com\/\",\"logo\":{\"@type\":\"ImageObject\",\"inLanguage\":\"en-US\",\"@id\":\"https:\/\/www.prijedordanas.com\/#\/schema\/logo\/image\/\",\"url\":\"http:\/\/www.prijedordanas.com\/wp-content\/uploads\/2021\/12\/logopng.png\",\"contentUrl\":\"http:\/\/www.prijedordanas.com\/wp-content\/uploads\/2021\/12\/logopng.png\",\"width\":1019,\"height\":776,\"caption\":\"PrijedorDanas.com\"},\"image\":{\"@id\":\"https:\/\/www.prijedordanas.com\/#\/schema\/logo\/image\/\"},\"sameAs\":[\"https:\/\/www.facebook.com\/PrijedorDanasCom\/\"]},{\"@type\":\"Person\",\"@id\":\"https:\/\/www.prijedordanas.com\/#\/schema\/person\/4e08ccf29b506ca916ff86d46bb700e6\",\"name\":\"admin\",\"image\":{\"@type\":\"ImageObject\",\"inLanguage\":\"en-US\",\"@id\":\"https:\/\/www.prijedordanas.com\/#\/schema\/person\/image\/\",\"url\":\"https:\/\/secure.gravatar.com\/avatar\/1d3fc949d550f0b53a5f0d51e06dfd79?s=96&d=mm&r=g\",\"contentUrl\":\"https:\/\/secure.gravatar.com\/avatar\/1d3fc949d550f0b53a5f0d51e06dfd79?s=96&d=mm&r=g\",\"caption\":\"admin\"},\"url\":\"https:\/\/www.prijedordanas.com\/?author=1\"}]}<\/script>\n<!-- \/ Yoast SEO plugin. -->","yoast_head_json":{"title":"Badnjak radosno do\u010dekali parohijani Crkvene op\u0161tine Urije - FOTO\/VIDEO - PrijedorDanas.com - Prijedorski gradski portal","robots":{"index":"index","follow":"follow","max-snippet":"max-snippet:-1","max-image-preview":"max-image-preview:large","max-video-preview":"max-video-preview:-1"},"canonical":"https:\/\/www.prijedordanas.com\/?p=260621","og_locale":"en_US","og_type":"article","og_title":"Badnjak radosno do\u010dekali parohijani Crkvene op\u0161tine Urije - FOTO\/VIDEO - PrijedorDanas.com - Prijedorski gradski portal","og_description":"Kako obi\u010daji i tradicija nala\u017eu, badnjak je usje\u010den, oki\u0107en i vo\u017een parohijom Crkvene op\u0161tine Urije. Crkveni odbor se i ovoga puta potrudio da sve pro\u0111e kako i dolikuje velikom hri\u0161\u0107anskom [&hellip;]","og_url":"https:\/\/www.prijedordanas.com\/?p=260621","og_site_name":"PrijedorDanas.com - Prijedorski gradski portal","article_publisher":"https:\/\/www.facebook.com\/PrijedorDanasCom\/","article_published_time":"2026-01-06T20:42:37+00:00","og_image":[{"url":"https:\/\/www.prijedordanas.com\/wp-content\/uploads\/2026\/01\/badnjak2026-urije-1-300x225.jpg"}],"author":"admin","twitter_card":"summary_large_image","twitter_misc":{"Written by":"admin","Est. reading time":"3 minutes"},"schema":{"@context":"https:\/\/schema.org","@graph":[{"@type":"Article","@id":"https:\/\/www.prijedordanas.com\/?p=260621#article","isPartOf":{"@id":"https:\/\/www.prijedordanas.com\/?p=260621"},"author":{"name":"admin","@id":"https:\/\/www.prijedordanas.com\/#\/schema\/person\/4e08ccf29b506ca916ff86d46bb700e6"},"headline":"Badnjak radosno do\u010dekali parohijani Crkvene op\u0161tine Urije &#8211; FOTO\/VIDEO","datePublished":"2026-01-06T20:42:37+00:00","dateModified":"2026-01-06T20:42:37+00:00","mainEntityOfPage":{"@id":"https:\/\/www.prijedordanas.com\/?p=260621"},"wordCount":600,"publisher":{"@id":"https:\/\/www.prijedordanas.com\/#organization"},"articleSection":["Svakodnevno"],"inLanguage":"en-US"},{"@type":"WebPage","@id":"https:\/\/www.prijedordanas.com\/?p=260621","url":"https:\/\/www.prijedordanas.com\/?p=260621","name":"Badnjak radosno do\u010dekali parohijani Crkvene op\u0161tine Urije - FOTO\/VIDEO - PrijedorDanas.com - Prijedorski gradski portal","isPartOf":{"@id":"https:\/\/www.prijedordanas.com\/#website"},"datePublished":"2026-01-06T20:42:37+00:00","dateModified":"2026-01-06T20:42:37+00:00","breadcrumb":{"@id":"https:\/\/www.prijedordanas.com\/?p=260621#breadcrumb"},"inLanguage":"en-US","potentialAction":[{"@type":"ReadAction","target":["https:\/\/www.prijedordanas.com\/?p=260621"]}]},{"@type":"BreadcrumbList","@id":"https:\/\/www.prijedordanas.com\/?p=260621#breadcrumb","itemListElement":[{"@type":"ListItem","position":1,"name":"Home","item":"https:\/\/www.prijedordanas.com\/"},{"@type":"ListItem","position":2,"name":"Badnjak radosno do\u010dekali parohijani Crkvene op\u0161tine Urije &#8211; FOTO\/VIDEO"}]},{"@type":"WebSite","@id":"https:\/\/www.prijedordanas.com\/#website","url":"https:\/\/www.prijedordanas.com\/","name":"PrijedorDanas.com - Prijedorski gradski portal","description":"Portal o doga\u0111anjima u gradu Prijedoru","publisher":{"@id":"https:\/\/www.prijedordanas.com\/#organization"},"potentialAction":[{"@type":"SearchAction","target":{"@type":"EntryPoint","urlTemplate":"https:\/\/www.prijedordanas.com\/?s={search_term_string}"},"query-input":"required name=search_term_string"}],"inLanguage":"en-US"},{"@type":"Organization","@id":"https:\/\/www.prijedordanas.com\/#organization","name":"PrijedorDanas.com","url":"https:\/\/www.prijedordanas.com\/","logo":{"@type":"ImageObject","inLanguage":"en-US","@id":"https:\/\/www.prijedordanas.com\/#\/schema\/logo\/image\/","url":"http:\/\/www.prijedordanas.com\/wp-content\/uploads\/2021\/12\/logopng.png","contentUrl":"http:\/\/www.prijedordanas.com\/wp-content\/uploads\/2021\/12\/logopng.png","width":1019,"height":776,"caption":"PrijedorDanas.com"},"image":{"@id":"https:\/\/www.prijedordanas.com\/#\/schema\/logo\/image\/"},"sameAs":["https:\/\/www.facebook.com\/PrijedorDanasCom\/"]},{"@type":"Person","@id":"https:\/\/www.prijedordanas.com\/#\/schema\/person\/4e08ccf29b506ca916ff86d46bb700e6","name":"admin","image":{"@type":"ImageObject","inLanguage":"en-US","@id":"https:\/\/www.prijedordanas.com\/#\/schema\/person\/image\/","url":"https:\/\/secure.gravatar.com\/avatar\/1d3fc949d550f0b53a5f0d51e06dfd79?s=96&d=mm&r=g","contentUrl":"https:\/\/secure.gravatar.com\/avatar\/1d3fc949d550f0b53a5f0d51e06dfd79?s=96&d=mm&r=g","caption":"admin"},"url":"https:\/\/www.prijedordanas.com\/?author=1"}]}},"_links":{"self":[{"href":"https:\/\/www.prijedordanas.com\/index.php?rest_route=\/wp\/v2\/posts\/260621"}],"collection":[{"href":"https:\/\/www.prijedordanas.com\/index.php?rest_route=\/wp\/v2\/posts"}],"about":[{"href":"https:\/\/www.prijedordanas.com\/index.php?rest_route=\/wp\/v2\/types\/post"}],"author":[{"embeddable":true,"href":"https:\/\/www.prijedordanas.com\/index.php?rest_route=\/wp\/v2\/users\/1"}],"replies":[{"embeddable":true,"href":"https:\/\/www.prijedordanas.com\/index.php?rest_route=%2Fwp%2Fv2%2Fcomments&post=260621"}],"version-history":[{"count":1,"href":"https:\/\/www.prijedordanas.com\/index.php?rest_route=\/wp\/v2\/posts\/260621\/revisions"}],"predecessor-version":[{"id":260628,"href":"https:\/\/www.prijedordanas.com\/index.php?rest_route=\/wp\/v2\/posts\/260621\/revisions\/260628"}],"wp:attachment":[{"href":"https:\/\/www.prijedordanas.com\/index.php?rest_route=%2Fwp%2Fv2%2Fmedia&parent=260621"}],"wp:term":[{"taxonomy":"category","embeddable":true,"href":"https:\/\/www.prijedordanas.com\/index.php?rest_route=%2Fwp%2Fv2%2Fcategories&post=260621"},{"taxonomy":"post_tag","embeddable":true,"href":"https:\/\/www.prijedordanas.com\/index.php?rest_route=%2Fwp%2Fv2%2Ftags&post=260621"}],"curies":[{"name":"wp","href":"https:\/\/api.w.org\/{rel}","templated":true}]}}