{"id":260442,"date":"2026-01-04T15:09:39","date_gmt":"2026-01-04T14:09:39","guid":{"rendered":"https:\/\/www.prijedordanas.com\/?p=260442"},"modified":"2026-01-04T15:09:39","modified_gmt":"2026-01-04T14:09:39","slug":"zlatnik-za-prvu-bebu-rodenu-u-2026-godini-todor-krcmar-simbol-pocetka-nove-godine","status":"publish","type":"post","link":"https:\/\/www.prijedordanas.com\/?p=260442","title":{"rendered":"Zlatnik za prvu bebu ro\u0111enu u 2026. godini: Todor Kr\u010dmar simbol po\u010detka Nove godine"},"content":{"rendered":"<p><a href=\"https:\/\/www.prijedordanas.com\/wp-content\/uploads\/2026\/01\/prijedorgradorg-prva-beba-2026-1.jpg\"><img loading=\"lazy\" decoding=\"async\" class=\"alignleft size-medium wp-image-260443\" src=\"https:\/\/www.prijedordanas.com\/wp-content\/uploads\/2026\/01\/prijedorgradorg-prva-beba-2026-1-300x225.jpg\" alt=\"\" width=\"300\" height=\"225\" srcset=\"https:\/\/www.prijedordanas.com\/wp-content\/uploads\/2026\/01\/prijedorgradorg-prva-beba-2026-1-300x225.jpg 300w, https:\/\/www.prijedordanas.com\/wp-content\/uploads\/2026\/01\/prijedorgradorg-prva-beba-2026-1-640x480.jpg 640w, https:\/\/www.prijedordanas.com\/wp-content\/uploads\/2026\/01\/prijedorgradorg-prva-beba-2026-1.jpg 667w\" sizes=\"(max-width: 300px) 100vw, 300px\" \/><\/a>U ime gradona\u010delnika Grada Prijedora Slobodana Javora, \u0161ef Kabineta gradona\u010delnika Branko Mudrini\u0107 uru\u010dio je zlatnik prvoj bebi ro\u0111enoj u prijedorskoj Op\u0161oj bolnici &#8220;Dr Mladen Stojanovi\u0107&#8221; u 2026. godini, \u010dime je nastavljena dugogodi\u0161nja tradicija Grada Prijedora.<\/p>\n<p>Prva beba ro\u0111ena u novoj godini je Todor Kr\u010dmar iz Novog Grada, koji je na svijet do\u0161ao 2. januara u 5.30 \u010dasova.<\/p>\n<p>Todor je tre\u0107e dijete u porodici Bojane i Bojana Kr\u010dmara, a kod ku\u0107e ga ve\u0107 s nestrpljenjem \u010dekaju starija bra\u0107a Teodor i Aleksa.<\/p>\n<p>\u010cestitaju\u0107i sre\u0107nim roditeljima, Mudrini\u0107 je istakao da svaka novoro\u0111ena beba predstavlja radost ne samo za porodicu, ve\u0107 i za \u010ditavu lokalnu zajednicu.<\/p>\n<p><a href=\"https:\/\/www.prijedordanas.com\/wp-content\/uploads\/2026\/01\/prijedorgradorg-prva-beba-2026-2.jpg\"><img loading=\"lazy\" decoding=\"async\" class=\"alignleft size-medium wp-image-260444\" src=\"https:\/\/www.prijedordanas.com\/wp-content\/uploads\/2026\/01\/prijedorgradorg-prva-beba-2026-2-300x225.jpg\" alt=\"\" width=\"300\" height=\"225\" srcset=\"https:\/\/www.prijedordanas.com\/wp-content\/uploads\/2026\/01\/prijedorgradorg-prva-beba-2026-2-300x225.jpg 300w, https:\/\/www.prijedordanas.com\/wp-content\/uploads\/2026\/01\/prijedorgradorg-prva-beba-2026-2-640x480.jpg 640w, https:\/\/www.prijedordanas.com\/wp-content\/uploads\/2026\/01\/prijedorgradorg-prva-beba-2026-2.jpg 667w\" sizes=\"(max-width: 300px) 100vw, 300px\" \/><\/a>&#8220;Ro\u0111enje djeteta je najljep\u0161a je vijest i najve\u0107e bogatstvo. U ime gradona\u010delnika Slobodana Javora i Grada Prijedora, upu\u0107ujem iskrene \u010destitke porodici Kr\u010dmar, uz \u017eelje da Todor odrasta zdravo, sre\u0107no i okru\u017een ljubavlju&#8221;, poru\u010dio je Mudrini\u0107.<\/p>\n<p>On je naglasio da je briga o porodici i pronatalitetnoj politici jedan od glavnih zadataka Grada Prijedora.<\/p>\n<p>&#8220;Grad Prijedor kontinuirano pove\u0107ava sredstva namijenjena podr\u0161ci porodicama i ra\u0111anju djece. Odlukom gradona\u010delnika Slobodana Javora, sredstva planirana za ovogodi\u0161nji tradicionalni novogodi\u0161nji prijem bi\u0107e preusmjerena upravo u ove svrhe, jer smatramo da je ulaganje u djecu i porodicu na\u0161 najva\u017eniji tadatak. Tako \u0107e Grad Prijedor u narednoj godini pove\u0107ati izdvajanja za prvoro\u0111eno dijete sa 500 na 800 KM, za drugo dijete sa 600 na 1.000 KM, za tre\u0107e dijete sa 700 na 1.200 KM, dok se za \u010detvrto i svako naredno dijete uvodi nova nova stavka, odnosno podr\u0161ka u iznosu od 1.500 KM&#8221;, rekao je Mudrini\u0107.<\/p>\n<p><a href=\"https:\/\/www.prijedordanas.com\/wp-content\/uploads\/2026\/01\/prijedorgradorg-prva-beba-2026-3.jpg\"><img loading=\"lazy\" decoding=\"async\" src=\"https:\/\/www.prijedordanas.com\/wp-content\/uploads\/2026\/01\/prijedorgradorg-prva-beba-2026-3-300x169.jpg\" alt=\"\" width=\"300\" height=\"169\" class=\"alignleft size-medium wp-image-260445\" srcset=\"https:\/\/www.prijedordanas.com\/wp-content\/uploads\/2026\/01\/prijedorgradorg-prva-beba-2026-3-300x169.jpg 300w, https:\/\/www.prijedordanas.com\/wp-content\/uploads\/2026\/01\/prijedorgradorg-prva-beba-2026-3.jpg 600w\" sizes=\"(max-width: 300px) 100vw, 300px\" \/><\/a>Mudrini\u0107 je zaklju\u010dio da ovim mjerama Grad Prijedor potvr\u0111uje opredijeljenost ka ja\u010danju porodi\u010dnih vrijednosti i stvaranju boljih uslova za \u017eivot na\u0161ih najmla\u0111ih sugra\u0111ana.<\/p>\n<p><a href=\"https:\/\/prijedorgrad.org\/sr-EU\/vijesti-sadrzaj.html?vid=23220\" target=\"_blank\" rel=\"noopener\">prijedorgrad.org<\/a><\/p>\n","protected":false},"excerpt":{"rendered":"<p>U ime gradona\u010delnika Grada Prijedora Slobodana Javora, \u0161ef Kabineta gradona\u010delnika Branko Mudrini\u0107 uru\u010dio je zlatnik prvoj bebi ro\u0111enoj u prijedorskoj Op\u0161oj bolnici &#8220;Dr Mladen Stojanovi\u0107&#8221; u 2026. godini, \u010dime je [&hellip;]<\/p>\n","protected":false},"author":1,"featured_media":0,"comment_status":"closed","ping_status":"open","sticky":false,"template":"","format":"standard","meta":{"_monsterinsights_skip_tracking":false,"_monsterinsights_sitenote_active":false,"_monsterinsights_sitenote_note":"","_monsterinsights_sitenote_category":0,"footnotes":""},"categories":[7518],"tags":[],"yoast_head":"<!-- This site is optimized with the Yoast SEO plugin v21.6 - https:\/\/yoast.com\/wordpress\/plugins\/seo\/ -->\n<title>Zlatnik za prvu bebu ro\u0111enu u 2026. godini: Todor Kr\u010dmar simbol po\u010detka Nove godine - PrijedorDanas.com - Prijedorski gradski portal<\/title>\n<meta name=\"robots\" content=\"index, follow, max-snippet:-1, max-image-preview:large, max-video-preview:-1\" \/>\n<link rel=\"canonical\" href=\"https:\/\/www.prijedordanas.com\/?p=260442\" \/>\n<meta property=\"og:locale\" content=\"en_US\" \/>\n<meta property=\"og:type\" content=\"article\" \/>\n<meta property=\"og:title\" content=\"Zlatnik za prvu bebu ro\u0111enu u 2026. godini: Todor Kr\u010dmar simbol po\u010detka Nove godine - PrijedorDanas.com - Prijedorski gradski portal\" \/>\n<meta property=\"og:description\" content=\"U ime gradona\u010delnika Grada Prijedora Slobodana Javora, \u0161ef Kabineta gradona\u010delnika Branko Mudrini\u0107 uru\u010dio je zlatnik prvoj bebi ro\u0111enoj u prijedorskoj Op\u0161oj bolnici &#8220;Dr Mladen Stojanovi\u0107&#8221; u 2026. godini, \u010dime je [&hellip;]\" \/>\n<meta property=\"og:url\" content=\"https:\/\/www.prijedordanas.com\/?p=260442\" \/>\n<meta property=\"og:site_name\" content=\"PrijedorDanas.com - Prijedorski gradski portal\" \/>\n<meta property=\"article:publisher\" content=\"https:\/\/www.facebook.com\/PrijedorDanasCom\/\" \/>\n<meta property=\"article:published_time\" content=\"2026-01-04T14:09:39+00:00\" \/>\n<meta property=\"og:image\" content=\"https:\/\/www.prijedordanas.com\/wp-content\/uploads\/2026\/01\/prijedorgradorg-prva-beba-2026-1-300x225.jpg\" \/>\n<meta name=\"author\" content=\"admin\" \/>\n<meta name=\"twitter:card\" content=\"summary_large_image\" \/>\n<meta name=\"twitter:label1\" content=\"Written by\" \/>\n\t<meta name=\"twitter:data1\" content=\"admin\" \/>\n\t<meta name=\"twitter:label2\" content=\"Est. reading time\" \/>\n\t<meta name=\"twitter:data2\" content=\"2 minutes\" \/>\n<script type=\"application\/ld+json\" class=\"yoast-schema-graph\">{\"@context\":\"https:\/\/schema.org\",\"@graph\":[{\"@type\":\"Article\",\"@id\":\"https:\/\/www.prijedordanas.com\/?p=260442#article\",\"isPartOf\":{\"@id\":\"https:\/\/www.prijedordanas.com\/?p=260442\"},\"author\":{\"name\":\"admin\",\"@id\":\"https:\/\/www.prijedordanas.com\/#\/schema\/person\/4e08ccf29b506ca916ff86d46bb700e6\"},\"headline\":\"Zlatnik za prvu bebu ro\u0111enu u 2026. godini: Todor Kr\u010dmar simbol po\u010detka Nove godine\",\"datePublished\":\"2026-01-04T14:09:39+00:00\",\"dateModified\":\"2026-01-04T14:09:39+00:00\",\"mainEntityOfPage\":{\"@id\":\"https:\/\/www.prijedordanas.com\/?p=260442\"},\"wordCount\":324,\"publisher\":{\"@id\":\"https:\/\/www.prijedordanas.com\/#organization\"},\"articleSection\":[\"Mladi\"],\"inLanguage\":\"en-US\"},{\"@type\":\"WebPage\",\"@id\":\"https:\/\/www.prijedordanas.com\/?p=260442\",\"url\":\"https:\/\/www.prijedordanas.com\/?p=260442\",\"name\":\"Zlatnik za prvu bebu ro\u0111enu u 2026. godini: Todor Kr\u010dmar simbol po\u010detka Nove godine - PrijedorDanas.com - Prijedorski gradski portal\",\"isPartOf\":{\"@id\":\"https:\/\/www.prijedordanas.com\/#website\"},\"datePublished\":\"2026-01-04T14:09:39+00:00\",\"dateModified\":\"2026-01-04T14:09:39+00:00\",\"breadcrumb\":{\"@id\":\"https:\/\/www.prijedordanas.com\/?p=260442#breadcrumb\"},\"inLanguage\":\"en-US\",\"potentialAction\":[{\"@type\":\"ReadAction\",\"target\":[\"https:\/\/www.prijedordanas.com\/?p=260442\"]}]},{\"@type\":\"BreadcrumbList\",\"@id\":\"https:\/\/www.prijedordanas.com\/?p=260442#breadcrumb\",\"itemListElement\":[{\"@type\":\"ListItem\",\"position\":1,\"name\":\"Home\",\"item\":\"https:\/\/www.prijedordanas.com\/\"},{\"@type\":\"ListItem\",\"position\":2,\"name\":\"Zlatnik za prvu bebu ro\u0111enu u 2026. godini: Todor Kr\u010dmar simbol po\u010detka Nove godine\"}]},{\"@type\":\"WebSite\",\"@id\":\"https:\/\/www.prijedordanas.com\/#website\",\"url\":\"https:\/\/www.prijedordanas.com\/\",\"name\":\"PrijedorDanas.com - Prijedorski gradski portal\",\"description\":\"Portal o doga\u0111anjima u gradu Prijedoru\",\"publisher\":{\"@id\":\"https:\/\/www.prijedordanas.com\/#organization\"},\"potentialAction\":[{\"@type\":\"SearchAction\",\"target\":{\"@type\":\"EntryPoint\",\"urlTemplate\":\"https:\/\/www.prijedordanas.com\/?s={search_term_string}\"},\"query-input\":\"required name=search_term_string\"}],\"inLanguage\":\"en-US\"},{\"@type\":\"Organization\",\"@id\":\"https:\/\/www.prijedordanas.com\/#organization\",\"name\":\"PrijedorDanas.com\",\"url\":\"https:\/\/www.prijedordanas.com\/\",\"logo\":{\"@type\":\"ImageObject\",\"inLanguage\":\"en-US\",\"@id\":\"https:\/\/www.prijedordanas.com\/#\/schema\/logo\/image\/\",\"url\":\"http:\/\/www.prijedordanas.com\/wp-content\/uploads\/2021\/12\/logopng.png\",\"contentUrl\":\"http:\/\/www.prijedordanas.com\/wp-content\/uploads\/2021\/12\/logopng.png\",\"width\":1019,\"height\":776,\"caption\":\"PrijedorDanas.com\"},\"image\":{\"@id\":\"https:\/\/www.prijedordanas.com\/#\/schema\/logo\/image\/\"},\"sameAs\":[\"https:\/\/www.facebook.com\/PrijedorDanasCom\/\"]},{\"@type\":\"Person\",\"@id\":\"https:\/\/www.prijedordanas.com\/#\/schema\/person\/4e08ccf29b506ca916ff86d46bb700e6\",\"name\":\"admin\",\"image\":{\"@type\":\"ImageObject\",\"inLanguage\":\"en-US\",\"@id\":\"https:\/\/www.prijedordanas.com\/#\/schema\/person\/image\/\",\"url\":\"https:\/\/secure.gravatar.com\/avatar\/1d3fc949d550f0b53a5f0d51e06dfd79?s=96&d=mm&r=g\",\"contentUrl\":\"https:\/\/secure.gravatar.com\/avatar\/1d3fc949d550f0b53a5f0d51e06dfd79?s=96&d=mm&r=g\",\"caption\":\"admin\"},\"url\":\"https:\/\/www.prijedordanas.com\/?author=1\"}]}<\/script>\n<!-- \/ Yoast SEO plugin. -->","yoast_head_json":{"title":"Zlatnik za prvu bebu ro\u0111enu u 2026. godini: Todor Kr\u010dmar simbol po\u010detka Nove godine - PrijedorDanas.com - Prijedorski gradski portal","robots":{"index":"index","follow":"follow","max-snippet":"max-snippet:-1","max-image-preview":"max-image-preview:large","max-video-preview":"max-video-preview:-1"},"canonical":"https:\/\/www.prijedordanas.com\/?p=260442","og_locale":"en_US","og_type":"article","og_title":"Zlatnik za prvu bebu ro\u0111enu u 2026. godini: Todor Kr\u010dmar simbol po\u010detka Nove godine - PrijedorDanas.com - Prijedorski gradski portal","og_description":"U ime gradona\u010delnika Grada Prijedora Slobodana Javora, \u0161ef Kabineta gradona\u010delnika Branko Mudrini\u0107 uru\u010dio je zlatnik prvoj bebi ro\u0111enoj u prijedorskoj Op\u0161oj bolnici &#8220;Dr Mladen Stojanovi\u0107&#8221; u 2026. godini, \u010dime je [&hellip;]","og_url":"https:\/\/www.prijedordanas.com\/?p=260442","og_site_name":"PrijedorDanas.com - Prijedorski gradski portal","article_publisher":"https:\/\/www.facebook.com\/PrijedorDanasCom\/","article_published_time":"2026-01-04T14:09:39+00:00","og_image":[{"url":"https:\/\/www.prijedordanas.com\/wp-content\/uploads\/2026\/01\/prijedorgradorg-prva-beba-2026-1-300x225.jpg"}],"author":"admin","twitter_card":"summary_large_image","twitter_misc":{"Written by":"admin","Est. reading time":"2 minutes"},"schema":{"@context":"https:\/\/schema.org","@graph":[{"@type":"Article","@id":"https:\/\/www.prijedordanas.com\/?p=260442#article","isPartOf":{"@id":"https:\/\/www.prijedordanas.com\/?p=260442"},"author":{"name":"admin","@id":"https:\/\/www.prijedordanas.com\/#\/schema\/person\/4e08ccf29b506ca916ff86d46bb700e6"},"headline":"Zlatnik za prvu bebu ro\u0111enu u 2026. godini: Todor Kr\u010dmar simbol po\u010detka Nove godine","datePublished":"2026-01-04T14:09:39+00:00","dateModified":"2026-01-04T14:09:39+00:00","mainEntityOfPage":{"@id":"https:\/\/www.prijedordanas.com\/?p=260442"},"wordCount":324,"publisher":{"@id":"https:\/\/www.prijedordanas.com\/#organization"},"articleSection":["Mladi"],"inLanguage":"en-US"},{"@type":"WebPage","@id":"https:\/\/www.prijedordanas.com\/?p=260442","url":"https:\/\/www.prijedordanas.com\/?p=260442","name":"Zlatnik za prvu bebu ro\u0111enu u 2026. godini: Todor Kr\u010dmar simbol po\u010detka Nove godine - PrijedorDanas.com - Prijedorski gradski portal","isPartOf":{"@id":"https:\/\/www.prijedordanas.com\/#website"},"datePublished":"2026-01-04T14:09:39+00:00","dateModified":"2026-01-04T14:09:39+00:00","breadcrumb":{"@id":"https:\/\/www.prijedordanas.com\/?p=260442#breadcrumb"},"inLanguage":"en-US","potentialAction":[{"@type":"ReadAction","target":["https:\/\/www.prijedordanas.com\/?p=260442"]}]},{"@type":"BreadcrumbList","@id":"https:\/\/www.prijedordanas.com\/?p=260442#breadcrumb","itemListElement":[{"@type":"ListItem","position":1,"name":"Home","item":"https:\/\/www.prijedordanas.com\/"},{"@type":"ListItem","position":2,"name":"Zlatnik za prvu bebu ro\u0111enu u 2026. godini: Todor Kr\u010dmar simbol po\u010detka Nove godine"}]},{"@type":"WebSite","@id":"https:\/\/www.prijedordanas.com\/#website","url":"https:\/\/www.prijedordanas.com\/","name":"PrijedorDanas.com - Prijedorski gradski portal","description":"Portal o doga\u0111anjima u gradu Prijedoru","publisher":{"@id":"https:\/\/www.prijedordanas.com\/#organization"},"potentialAction":[{"@type":"SearchAction","target":{"@type":"EntryPoint","urlTemplate":"https:\/\/www.prijedordanas.com\/?s={search_term_string}"},"query-input":"required name=search_term_string"}],"inLanguage":"en-US"},{"@type":"Organization","@id":"https:\/\/www.prijedordanas.com\/#organization","name":"PrijedorDanas.com","url":"https:\/\/www.prijedordanas.com\/","logo":{"@type":"ImageObject","inLanguage":"en-US","@id":"https:\/\/www.prijedordanas.com\/#\/schema\/logo\/image\/","url":"http:\/\/www.prijedordanas.com\/wp-content\/uploads\/2021\/12\/logopng.png","contentUrl":"http:\/\/www.prijedordanas.com\/wp-content\/uploads\/2021\/12\/logopng.png","width":1019,"height":776,"caption":"PrijedorDanas.com"},"image":{"@id":"https:\/\/www.prijedordanas.com\/#\/schema\/logo\/image\/"},"sameAs":["https:\/\/www.facebook.com\/PrijedorDanasCom\/"]},{"@type":"Person","@id":"https:\/\/www.prijedordanas.com\/#\/schema\/person\/4e08ccf29b506ca916ff86d46bb700e6","name":"admin","image":{"@type":"ImageObject","inLanguage":"en-US","@id":"https:\/\/www.prijedordanas.com\/#\/schema\/person\/image\/","url":"https:\/\/secure.gravatar.com\/avatar\/1d3fc949d550f0b53a5f0d51e06dfd79?s=96&d=mm&r=g","contentUrl":"https:\/\/secure.gravatar.com\/avatar\/1d3fc949d550f0b53a5f0d51e06dfd79?s=96&d=mm&r=g","caption":"admin"},"url":"https:\/\/www.prijedordanas.com\/?author=1"}]}},"_links":{"self":[{"href":"https:\/\/www.prijedordanas.com\/index.php?rest_route=\/wp\/v2\/posts\/260442"}],"collection":[{"href":"https:\/\/www.prijedordanas.com\/index.php?rest_route=\/wp\/v2\/posts"}],"about":[{"href":"https:\/\/www.prijedordanas.com\/index.php?rest_route=\/wp\/v2\/types\/post"}],"author":[{"embeddable":true,"href":"https:\/\/www.prijedordanas.com\/index.php?rest_route=\/wp\/v2\/users\/1"}],"replies":[{"embeddable":true,"href":"https:\/\/www.prijedordanas.com\/index.php?rest_route=%2Fwp%2Fv2%2Fcomments&post=260442"}],"version-history":[{"count":1,"href":"https:\/\/www.prijedordanas.com\/index.php?rest_route=\/wp\/v2\/posts\/260442\/revisions"}],"predecessor-version":[{"id":260446,"href":"https:\/\/www.prijedordanas.com\/index.php?rest_route=\/wp\/v2\/posts\/260442\/revisions\/260446"}],"wp:attachment":[{"href":"https:\/\/www.prijedordanas.com\/index.php?rest_route=%2Fwp%2Fv2%2Fmedia&parent=260442"}],"wp:term":[{"taxonomy":"category","embeddable":true,"href":"https:\/\/www.prijedordanas.com\/index.php?rest_route=%2Fwp%2Fv2%2Fcategories&post=260442"},{"taxonomy":"post_tag","embeddable":true,"href":"https:\/\/www.prijedordanas.com\/index.php?rest_route=%2Fwp%2Fv2%2Ftags&post=260442"}],"curies":[{"name":"wp","href":"https:\/\/api.w.org\/{rel}","templated":true}]}}