{"id":260421,"date":"2026-01-03T21:31:09","date_gmt":"2026-01-03T20:31:09","guid":{"rendered":"https:\/\/www.prijedordanas.com\/?p=260421"},"modified":"2026-01-08T03:49:35","modified_gmt":"2026-01-08T02:49:35","slug":"ponovo-gorjeli-novi-kontejneri-komunalne-usluge-prijedor-uputile-apel-gradanima-foto","status":"publish","type":"post","link":"https:\/\/www.prijedordanas.com\/?p=260421","title":{"rendered":"Ponovo gorjeli novi kontejneri: &#8220;Komunalne usluge&#8221; Prijedor uputile apel gra\u0111anima &#8211; FOTO"},"content":{"rendered":"<p><a href=\"https:\/\/www.prijedordanas.com\/wp-content\/uploads\/2026\/01\/tvsjpd-pozari-kontejneri-januar2026-1.jpg\"><img loading=\"lazy\" decoding=\"async\" class=\"alignleft size-medium wp-image-260742\" src=\"https:\/\/www.prijedordanas.com\/wp-content\/uploads\/2026\/01\/tvsjpd-pozari-kontejneri-januar2026-1-300x225.jpg\" alt=\"\" width=\"300\" height=\"225\" srcset=\"https:\/\/www.prijedordanas.com\/wp-content\/uploads\/2026\/01\/tvsjpd-pozari-kontejneri-januar2026-1-300x225.jpg 300w, https:\/\/www.prijedordanas.com\/wp-content\/uploads\/2026\/01\/tvsjpd-pozari-kontejneri-januar2026-1-640x480.jpg 640w, https:\/\/www.prijedordanas.com\/wp-content\/uploads\/2026\/01\/tvsjpd-pozari-kontejneri-januar2026-1.jpg 666w\" sizes=\"(max-width: 300px) 100vw, 300px\" \/><\/a>Samo prije nekoliko dana obavijestili smo vas o nabavci i postavljanju novih kontejnera, kupljenih iz vlastitih sredstava, kako bismo unaprijedili uslugu i doprinijeli urednijem gradu.<\/p>\n<p>Na\u017ealost, proteklih dana zabilje\u017eeni su i nemili doga\u0111aji.<\/p>\n<p>Kontejner na lokaciji kod Stare kuglane gorio je u ve\u010dernjim satima 1. januara, a zatim ponovo sino\u0107, otprilike u istovrijeme kada i novi kontejner u naselju Pe\u0107ani.<\/p>\n<p>U oba slu\u010daja intervenisale su vatrogasne ekipe.<\/p>\n<p>Zahvaljuju\u0107i brzoj i efikasnoj intervenciji prijedorskih vatrogasaca po\u017eari su uga\u0161eni na vrijeme i sre\u0107om nije bilo druge materijalne \u0161tete.<\/p>\n<p>Ovom prilikom im se iskreno zahvaljujemo.<\/p>\n<p><a href=\"https:\/\/www.prijedordanas.com\/wp-content\/uploads\/2026\/01\/tvsjpd-pozari-kontejneri-januar2026-2.jpg\"><img loading=\"lazy\" decoding=\"async\" class=\"alignleft size-medium wp-image-260743\" src=\"https:\/\/www.prijedordanas.com\/wp-content\/uploads\/2026\/01\/tvsjpd-pozari-kontejneri-januar2026-2-300x225.jpg\" alt=\"\" width=\"300\" height=\"225\" srcset=\"https:\/\/www.prijedordanas.com\/wp-content\/uploads\/2026\/01\/tvsjpd-pozari-kontejneri-januar2026-2-300x225.jpg 300w, https:\/\/www.prijedordanas.com\/wp-content\/uploads\/2026\/01\/tvsjpd-pozari-kontejneri-januar2026-2-640x480.jpg 640w, https:\/\/www.prijedordanas.com\/wp-content\/uploads\/2026\/01\/tvsjpd-pozari-kontejneri-januar2026-2.jpg 667w\" sizes=\"(max-width: 300px) 100vw, 300px\" \/><\/a>Za sada ne znamo da li je rije\u010d o nemaru ili namjernom paljenju, ali ovakvi incidenti predstavljaju ozbiljan problem. Kontejneri su skupi, njihova nabavka nije nimalo jednostavna, a svako o\u0161te\u0107enje ili uni\u0161tenje direktno uti\u010de na na\u0161 rad i planirane aktivnosti<\/p>\n<p>Zato jo\u0161 jednom APELUJEMO na sve sugra\u0111ane \u2013 i one savjesne, i one manje savjesne \u2013 da obrate pa\u017enju prilikom odlaganjaotpada.<\/p>\n<p>Vru\u0107i pepeo, \u017ear i zapaljivi materijali ne smiju zavr\u0161avati u kontejnerima. Radimo takore\u0107i non-stop, maksimalno ula\u017eemo trud, brinemo o gradu uz pomo\u0107 savjesnih sugra\u0111ana i lokalne zajednice.<\/p>\n<p>Sa\u010duvati ono \u0161to imamo \u2013 zajedni\u010dka je odgovornost svih nas!<\/p>\n<p>Molimo vas da ovo upamtite i po\u0161tujete!<\/p>\n<p>Komunalne usluge Prijedor<\/p>\n<p><a href=\"https:\/\/www.prijedordanas.com\/wp-content\/uploads\/2026\/01\/tvsjpd-pozari-kontejneri-januar2026-3.jpg\"><img loading=\"lazy\" decoding=\"async\" src=\"https:\/\/www.prijedordanas.com\/wp-content\/uploads\/2026\/01\/tvsjpd-pozari-kontejneri-januar2026-3-300x225.jpg\" alt=\"\" width=\"300\" height=\"225\" class=\"alignleft size-medium wp-image-260744\" srcset=\"https:\/\/www.prijedordanas.com\/wp-content\/uploads\/2026\/01\/tvsjpd-pozari-kontejneri-januar2026-3-300x225.jpg 300w, https:\/\/www.prijedordanas.com\/wp-content\/uploads\/2026\/01\/tvsjpd-pozari-kontejneri-januar2026-3-640x480.jpg 640w, https:\/\/www.prijedordanas.com\/wp-content\/uploads\/2026\/01\/tvsjpd-pozari-kontejneri-januar2026-3.jpg 667w\" sizes=\"(max-width: 300px) 100vw, 300px\" \/><\/a><\/p>\n","protected":false},"excerpt":{"rendered":"<p>Samo prije nekoliko dana obavijestili smo vas o nabavci i postavljanju novih kontejnera, kupljenih iz vlastitih sredstava, kako bismo unaprijedili uslugu i doprinijeli urednijem gradu. Na\u017ealost, proteklih dana zabilje\u017eeni su [&hellip;]<\/p>\n","protected":false},"author":1,"featured_media":0,"comment_status":"closed","ping_status":"open","sticky":false,"template":"","format":"standard","meta":{"_monsterinsights_skip_tracking":false,"_monsterinsights_sitenote_active":false,"_monsterinsights_sitenote_note":"","_monsterinsights_sitenote_category":0,"footnotes":""},"categories":[8],"tags":[],"yoast_head":"<!-- This site is optimized with the Yoast SEO plugin v21.6 - https:\/\/yoast.com\/wordpress\/plugins\/seo\/ -->\n<title>Ponovo gorjeli novi kontejneri: &quot;Komunalne usluge&quot; Prijedor uputile apel gra\u0111anima - FOTO - PrijedorDanas.com - Prijedorski gradski portal<\/title>\n<meta name=\"robots\" content=\"index, follow, max-snippet:-1, max-image-preview:large, max-video-preview:-1\" \/>\n<link rel=\"canonical\" href=\"https:\/\/www.prijedordanas.com\/?p=260421\" \/>\n<meta property=\"og:locale\" content=\"en_US\" \/>\n<meta property=\"og:type\" content=\"article\" \/>\n<meta property=\"og:title\" content=\"Ponovo gorjeli novi kontejneri: &quot;Komunalne usluge&quot; Prijedor uputile apel gra\u0111anima - FOTO - PrijedorDanas.com - Prijedorski gradski portal\" \/>\n<meta property=\"og:description\" content=\"Samo prije nekoliko dana obavijestili smo vas o nabavci i postavljanju novih kontejnera, kupljenih iz vlastitih sredstava, kako bismo unaprijedili uslugu i doprinijeli urednijem gradu. Na\u017ealost, proteklih dana zabilje\u017eeni su [&hellip;]\" \/>\n<meta property=\"og:url\" content=\"https:\/\/www.prijedordanas.com\/?p=260421\" \/>\n<meta property=\"og:site_name\" content=\"PrijedorDanas.com - Prijedorski gradski portal\" \/>\n<meta property=\"article:publisher\" content=\"https:\/\/www.facebook.com\/PrijedorDanasCom\/\" \/>\n<meta property=\"article:published_time\" content=\"2026-01-03T20:31:09+00:00\" \/>\n<meta property=\"article:modified_time\" content=\"2026-01-08T02:49:35+00:00\" \/>\n<meta property=\"og:image\" content=\"https:\/\/www.prijedordanas.com\/wp-content\/uploads\/2026\/01\/tvsjpd-pozari-kontejneri-januar2026-1-300x225.jpg\" \/>\n<meta name=\"author\" content=\"admin\" \/>\n<meta name=\"twitter:card\" content=\"summary_large_image\" \/>\n<meta name=\"twitter:label1\" content=\"Written by\" \/>\n\t<meta name=\"twitter:data1\" content=\"admin\" \/>\n\t<meta name=\"twitter:label2\" content=\"Est. reading time\" \/>\n\t<meta name=\"twitter:data2\" content=\"2 minutes\" \/>\n<script type=\"application\/ld+json\" class=\"yoast-schema-graph\">{\"@context\":\"https:\/\/schema.org\",\"@graph\":[{\"@type\":\"Article\",\"@id\":\"https:\/\/www.prijedordanas.com\/?p=260421#article\",\"isPartOf\":{\"@id\":\"https:\/\/www.prijedordanas.com\/?p=260421\"},\"author\":{\"name\":\"admin\",\"@id\":\"https:\/\/www.prijedordanas.com\/#\/schema\/person\/4e08ccf29b506ca916ff86d46bb700e6\"},\"headline\":\"Ponovo gorjeli novi kontejneri: &#8220;Komunalne usluge&#8221; Prijedor uputile apel gra\u0111anima &#8211; FOTO\",\"datePublished\":\"2026-01-03T20:31:09+00:00\",\"dateModified\":\"2026-01-08T02:49:35+00:00\",\"mainEntityOfPage\":{\"@id\":\"https:\/\/www.prijedordanas.com\/?p=260421\"},\"wordCount\":233,\"publisher\":{\"@id\":\"https:\/\/www.prijedordanas.com\/#organization\"},\"articleSection\":[\"Svakodnevno\"],\"inLanguage\":\"en-US\"},{\"@type\":\"WebPage\",\"@id\":\"https:\/\/www.prijedordanas.com\/?p=260421\",\"url\":\"https:\/\/www.prijedordanas.com\/?p=260421\",\"name\":\"Ponovo gorjeli novi kontejneri: \\\"Komunalne usluge\\\" Prijedor uputile apel gra\u0111anima - FOTO - PrijedorDanas.com - Prijedorski gradski portal\",\"isPartOf\":{\"@id\":\"https:\/\/www.prijedordanas.com\/#website\"},\"datePublished\":\"2026-01-03T20:31:09+00:00\",\"dateModified\":\"2026-01-08T02:49:35+00:00\",\"breadcrumb\":{\"@id\":\"https:\/\/www.prijedordanas.com\/?p=260421#breadcrumb\"},\"inLanguage\":\"en-US\",\"potentialAction\":[{\"@type\":\"ReadAction\",\"target\":[\"https:\/\/www.prijedordanas.com\/?p=260421\"]}]},{\"@type\":\"BreadcrumbList\",\"@id\":\"https:\/\/www.prijedordanas.com\/?p=260421#breadcrumb\",\"itemListElement\":[{\"@type\":\"ListItem\",\"position\":1,\"name\":\"Home\",\"item\":\"https:\/\/www.prijedordanas.com\/\"},{\"@type\":\"ListItem\",\"position\":2,\"name\":\"Ponovo gorjeli novi kontejneri: &#8220;Komunalne usluge&#8221; Prijedor uputile apel gra\u0111anima &#8211; FOTO\"}]},{\"@type\":\"WebSite\",\"@id\":\"https:\/\/www.prijedordanas.com\/#website\",\"url\":\"https:\/\/www.prijedordanas.com\/\",\"name\":\"PrijedorDanas.com - Prijedorski gradski portal\",\"description\":\"Portal o doga\u0111anjima u gradu Prijedoru\",\"publisher\":{\"@id\":\"https:\/\/www.prijedordanas.com\/#organization\"},\"potentialAction\":[{\"@type\":\"SearchAction\",\"target\":{\"@type\":\"EntryPoint\",\"urlTemplate\":\"https:\/\/www.prijedordanas.com\/?s={search_term_string}\"},\"query-input\":\"required name=search_term_string\"}],\"inLanguage\":\"en-US\"},{\"@type\":\"Organization\",\"@id\":\"https:\/\/www.prijedordanas.com\/#organization\",\"name\":\"PrijedorDanas.com\",\"url\":\"https:\/\/www.prijedordanas.com\/\",\"logo\":{\"@type\":\"ImageObject\",\"inLanguage\":\"en-US\",\"@id\":\"https:\/\/www.prijedordanas.com\/#\/schema\/logo\/image\/\",\"url\":\"http:\/\/www.prijedordanas.com\/wp-content\/uploads\/2021\/12\/logopng.png\",\"contentUrl\":\"http:\/\/www.prijedordanas.com\/wp-content\/uploads\/2021\/12\/logopng.png\",\"width\":1019,\"height\":776,\"caption\":\"PrijedorDanas.com\"},\"image\":{\"@id\":\"https:\/\/www.prijedordanas.com\/#\/schema\/logo\/image\/\"},\"sameAs\":[\"https:\/\/www.facebook.com\/PrijedorDanasCom\/\"]},{\"@type\":\"Person\",\"@id\":\"https:\/\/www.prijedordanas.com\/#\/schema\/person\/4e08ccf29b506ca916ff86d46bb700e6\",\"name\":\"admin\",\"image\":{\"@type\":\"ImageObject\",\"inLanguage\":\"en-US\",\"@id\":\"https:\/\/www.prijedordanas.com\/#\/schema\/person\/image\/\",\"url\":\"https:\/\/secure.gravatar.com\/avatar\/1d3fc949d550f0b53a5f0d51e06dfd79?s=96&d=mm&r=g\",\"contentUrl\":\"https:\/\/secure.gravatar.com\/avatar\/1d3fc949d550f0b53a5f0d51e06dfd79?s=96&d=mm&r=g\",\"caption\":\"admin\"},\"url\":\"https:\/\/www.prijedordanas.com\/?author=1\"}]}<\/script>\n<!-- \/ Yoast SEO plugin. -->","yoast_head_json":{"title":"Ponovo gorjeli novi kontejneri: \"Komunalne usluge\" Prijedor uputile apel gra\u0111anima - FOTO - PrijedorDanas.com - Prijedorski gradski portal","robots":{"index":"index","follow":"follow","max-snippet":"max-snippet:-1","max-image-preview":"max-image-preview:large","max-video-preview":"max-video-preview:-1"},"canonical":"https:\/\/www.prijedordanas.com\/?p=260421","og_locale":"en_US","og_type":"article","og_title":"Ponovo gorjeli novi kontejneri: \"Komunalne usluge\" Prijedor uputile apel gra\u0111anima - FOTO - PrijedorDanas.com - Prijedorski gradski portal","og_description":"Samo prije nekoliko dana obavijestili smo vas o nabavci i postavljanju novih kontejnera, kupljenih iz vlastitih sredstava, kako bismo unaprijedili uslugu i doprinijeli urednijem gradu. Na\u017ealost, proteklih dana zabilje\u017eeni su [&hellip;]","og_url":"https:\/\/www.prijedordanas.com\/?p=260421","og_site_name":"PrijedorDanas.com - Prijedorski gradski portal","article_publisher":"https:\/\/www.facebook.com\/PrijedorDanasCom\/","article_published_time":"2026-01-03T20:31:09+00:00","article_modified_time":"2026-01-08T02:49:35+00:00","og_image":[{"url":"https:\/\/www.prijedordanas.com\/wp-content\/uploads\/2026\/01\/tvsjpd-pozari-kontejneri-januar2026-1-300x225.jpg"}],"author":"admin","twitter_card":"summary_large_image","twitter_misc":{"Written by":"admin","Est. reading time":"2 minutes"},"schema":{"@context":"https:\/\/schema.org","@graph":[{"@type":"Article","@id":"https:\/\/www.prijedordanas.com\/?p=260421#article","isPartOf":{"@id":"https:\/\/www.prijedordanas.com\/?p=260421"},"author":{"name":"admin","@id":"https:\/\/www.prijedordanas.com\/#\/schema\/person\/4e08ccf29b506ca916ff86d46bb700e6"},"headline":"Ponovo gorjeli novi kontejneri: &#8220;Komunalne usluge&#8221; Prijedor uputile apel gra\u0111anima &#8211; FOTO","datePublished":"2026-01-03T20:31:09+00:00","dateModified":"2026-01-08T02:49:35+00:00","mainEntityOfPage":{"@id":"https:\/\/www.prijedordanas.com\/?p=260421"},"wordCount":233,"publisher":{"@id":"https:\/\/www.prijedordanas.com\/#organization"},"articleSection":["Svakodnevno"],"inLanguage":"en-US"},{"@type":"WebPage","@id":"https:\/\/www.prijedordanas.com\/?p=260421","url":"https:\/\/www.prijedordanas.com\/?p=260421","name":"Ponovo gorjeli novi kontejneri: \"Komunalne usluge\" Prijedor uputile apel gra\u0111anima - FOTO - PrijedorDanas.com - Prijedorski gradski portal","isPartOf":{"@id":"https:\/\/www.prijedordanas.com\/#website"},"datePublished":"2026-01-03T20:31:09+00:00","dateModified":"2026-01-08T02:49:35+00:00","breadcrumb":{"@id":"https:\/\/www.prijedordanas.com\/?p=260421#breadcrumb"},"inLanguage":"en-US","potentialAction":[{"@type":"ReadAction","target":["https:\/\/www.prijedordanas.com\/?p=260421"]}]},{"@type":"BreadcrumbList","@id":"https:\/\/www.prijedordanas.com\/?p=260421#breadcrumb","itemListElement":[{"@type":"ListItem","position":1,"name":"Home","item":"https:\/\/www.prijedordanas.com\/"},{"@type":"ListItem","position":2,"name":"Ponovo gorjeli novi kontejneri: &#8220;Komunalne usluge&#8221; Prijedor uputile apel gra\u0111anima &#8211; FOTO"}]},{"@type":"WebSite","@id":"https:\/\/www.prijedordanas.com\/#website","url":"https:\/\/www.prijedordanas.com\/","name":"PrijedorDanas.com - Prijedorski gradski portal","description":"Portal o doga\u0111anjima u gradu Prijedoru","publisher":{"@id":"https:\/\/www.prijedordanas.com\/#organization"},"potentialAction":[{"@type":"SearchAction","target":{"@type":"EntryPoint","urlTemplate":"https:\/\/www.prijedordanas.com\/?s={search_term_string}"},"query-input":"required name=search_term_string"}],"inLanguage":"en-US"},{"@type":"Organization","@id":"https:\/\/www.prijedordanas.com\/#organization","name":"PrijedorDanas.com","url":"https:\/\/www.prijedordanas.com\/","logo":{"@type":"ImageObject","inLanguage":"en-US","@id":"https:\/\/www.prijedordanas.com\/#\/schema\/logo\/image\/","url":"http:\/\/www.prijedordanas.com\/wp-content\/uploads\/2021\/12\/logopng.png","contentUrl":"http:\/\/www.prijedordanas.com\/wp-content\/uploads\/2021\/12\/logopng.png","width":1019,"height":776,"caption":"PrijedorDanas.com"},"image":{"@id":"https:\/\/www.prijedordanas.com\/#\/schema\/logo\/image\/"},"sameAs":["https:\/\/www.facebook.com\/PrijedorDanasCom\/"]},{"@type":"Person","@id":"https:\/\/www.prijedordanas.com\/#\/schema\/person\/4e08ccf29b506ca916ff86d46bb700e6","name":"admin","image":{"@type":"ImageObject","inLanguage":"en-US","@id":"https:\/\/www.prijedordanas.com\/#\/schema\/person\/image\/","url":"https:\/\/secure.gravatar.com\/avatar\/1d3fc949d550f0b53a5f0d51e06dfd79?s=96&d=mm&r=g","contentUrl":"https:\/\/secure.gravatar.com\/avatar\/1d3fc949d550f0b53a5f0d51e06dfd79?s=96&d=mm&r=g","caption":"admin"},"url":"https:\/\/www.prijedordanas.com\/?author=1"}]}},"_links":{"self":[{"href":"https:\/\/www.prijedordanas.com\/index.php?rest_route=\/wp\/v2\/posts\/260421"}],"collection":[{"href":"https:\/\/www.prijedordanas.com\/index.php?rest_route=\/wp\/v2\/posts"}],"about":[{"href":"https:\/\/www.prijedordanas.com\/index.php?rest_route=\/wp\/v2\/types\/post"}],"author":[{"embeddable":true,"href":"https:\/\/www.prijedordanas.com\/index.php?rest_route=\/wp\/v2\/users\/1"}],"replies":[{"embeddable":true,"href":"https:\/\/www.prijedordanas.com\/index.php?rest_route=%2Fwp%2Fv2%2Fcomments&post=260421"}],"version-history":[{"count":2,"href":"https:\/\/www.prijedordanas.com\/index.php?rest_route=\/wp\/v2\/posts\/260421\/revisions"}],"predecessor-version":[{"id":260745,"href":"https:\/\/www.prijedordanas.com\/index.php?rest_route=\/wp\/v2\/posts\/260421\/revisions\/260745"}],"wp:attachment":[{"href":"https:\/\/www.prijedordanas.com\/index.php?rest_route=%2Fwp%2Fv2%2Fmedia&parent=260421"}],"wp:term":[{"taxonomy":"category","embeddable":true,"href":"https:\/\/www.prijedordanas.com\/index.php?rest_route=%2Fwp%2Fv2%2Fcategories&post=260421"},{"taxonomy":"post_tag","embeddable":true,"href":"https:\/\/www.prijedordanas.com\/index.php?rest_route=%2Fwp%2Fv2%2Ftags&post=260421"}],"curies":[{"name":"wp","href":"https:\/\/api.w.org\/{rel}","templated":true}]}}