{"id":260331,"date":"2026-01-02T10:19:03","date_gmt":"2026-01-02T09:19:03","guid":{"rendered":"https:\/\/www.prijedordanas.com\/?p=260331"},"modified":"2026-01-02T14:31:58","modified_gmt":"2026-01-02T13:31:58","slug":"grad-prijedor-ostaje-park-kod-gimnazije-nema-zahtjeva-za-izdavanje-gradevinske-dokumentacije","status":"publish","type":"post","link":"https:\/\/www.prijedordanas.com\/?p=260331","title":{"rendered":"Grad Prijedor: Ostaje park kod Gimnazije, nema zahtjeva za izdavanje gra\u0111evinske dokumentacije"},"content":{"rendered":"<p><a href=\"https:\/\/www.prijedordanas.com\/wp-content\/uploads\/2026\/01\/park-kod-gimnazije-decembar2025-1.jpg\"><img loading=\"lazy\" decoding=\"async\" class=\"alignleft size-medium wp-image-260332\" src=\"https:\/\/www.prijedordanas.com\/wp-content\/uploads\/2026\/01\/park-kod-gimnazije-decembar2025-1-300x225.jpg\" alt=\"\" width=\"300\" height=\"225\" srcset=\"https:\/\/www.prijedordanas.com\/wp-content\/uploads\/2026\/01\/park-kod-gimnazije-decembar2025-1-300x225.jpg 300w, https:\/\/www.prijedordanas.com\/wp-content\/uploads\/2026\/01\/park-kod-gimnazije-decembar2025-1-640x480.jpg 640w, https:\/\/www.prijedordanas.com\/wp-content\/uploads\/2026\/01\/park-kod-gimnazije-decembar2025-1.jpg 667w\" sizes=\"(max-width: 300px) 100vw, 300px\" \/><\/a>Odjeljenje za prostorno ure\u0111enje grada Prijedora nema zaprimljenih zahtjeva za izdavanje urbanisti\u010dko-tehni\u010dke dokumentacije za lokaciju parka preko puta Gimnazije, na raskrsnici ulica Vuka Karad\u017eic\u0301a i Nikole Pa\u0161ic\u0301a, re\u010deno je Srni u ovom odjeljenju.<\/p>\n<p>Zemlji\u0161te je parcelisano na \u010detiri jedinice od kojih su dvije planirane kao ure\u0111ena zelena povr\u0161ina odnosno park, a dvije kao dio profila saobrac\u0301ajnice ulice Vuka Karad\u017eic\u0301a.<\/p>\n<p>U obuhvatu je izmjena i dopuna Regulacionog plana centralne zone Prijedora sa spomeni\u010dkim kompleksom iz 2007. i urbanisti\u010dkog projekta ulice Vuka Karad\u017eic\u0301a iz 2006.<\/p>\n<p>Planovima prostorne organizacije lokacija je javna povr\u0161ina, dijelom parkovska, a dijelom za pje\u0161a\u010dki saobrac\u0301aj.<\/p>\n<p>\u201ePlanom parcelacije su prikazane samo grani\u010dne linije gra\u0111evinskih parcela, a kako predmetno zemlji\u0161te nije u obuhvatu ni jedne od njih, to potvr\u0111uje planiranu javnu namjenu\u201c, navode u Odjeljenju za prostorno ure\u0111enje.<\/p>\n<p><a href=\"https:\/\/www.prijedordanas.com\/wp-content\/uploads\/2026\/01\/park-kod-gimnazije-parcelacija.jpg\"><img loading=\"lazy\" decoding=\"async\" src=\"https:\/\/www.prijedordanas.com\/wp-content\/uploads\/2026\/01\/park-kod-gimnazije-parcelacija-300x225.jpg\" alt=\"\" width=\"300\" height=\"225\" class=\"alignleft size-medium wp-image-260333\" srcset=\"https:\/\/www.prijedordanas.com\/wp-content\/uploads\/2026\/01\/park-kod-gimnazije-parcelacija-300x225.jpg 300w, https:\/\/www.prijedordanas.com\/wp-content\/uploads\/2026\/01\/park-kod-gimnazije-parcelacija-640x480.jpg 640w, https:\/\/www.prijedordanas.com\/wp-content\/uploads\/2026\/01\/park-kod-gimnazije-parcelacija.jpg 667w\" sizes=\"(max-width: 300px) 100vw, 300px\" \/><\/a> <a href=\"https:\/\/www.prijedordanas.com\/wp-content\/uploads\/2026\/01\/park-kod-gimnazije-decembar2025-2.jpg\"><img loading=\"lazy\" decoding=\"async\" src=\"https:\/\/www.prijedordanas.com\/wp-content\/uploads\/2026\/01\/park-kod-gimnazije-decembar2025-2-300x225.jpg\" alt=\"\" width=\"300\" height=\"225\" class=\"alignleft size-medium wp-image-260334\" srcset=\"https:\/\/www.prijedordanas.com\/wp-content\/uploads\/2026\/01\/park-kod-gimnazije-decembar2025-2-300x225.jpg 300w, https:\/\/www.prijedordanas.com\/wp-content\/uploads\/2026\/01\/park-kod-gimnazije-decembar2025-2-640x480.jpg 640w, https:\/\/www.prijedordanas.com\/wp-content\/uploads\/2026\/01\/park-kod-gimnazije-decembar2025-2.jpg 667w\" sizes=\"(max-width: 300px) 100vw, 300px\" \/><\/a>Cijepanje zemlji\u0161ta vr\u0161eno je i prije 2007. godine, a do novih cijepanja do\u0161lo je prilikom rekonstrukcije ulice Vuka Karad\u017eic\u0301a za koju su izdati lokacijski uslovi 2016. godine<\/p>\n<p>\u201eProvo\u0111enjem plana parcelacije iz tih lokacijskih uslova do\u0161lo je do novih cijepanja i tako su kona\u010dno nastale sve dana\u0161nje parcele\u201c, zaklju\u010duju u Odjeljenju. Uivdom u stariju arhivu utvr\u0111eno je da je prije va\u017eec\u0301eg plana iz 2007. godine na snazi bio Regulacioni plan centralne zone Prijedora sa spomeni\u010dkim kompleksom, usvojen 2000. godine.<\/p>\n<p>\u201ePrema tom planu iz 2000. godine na predmetnoj lokaciji predvi\u0111ena je izgradnja stambeno- poslovnog objekta spratnosti prizemlje plus dva i formiranje gra\u0111evinske parcele za taj objekat, te se izvla\u010di zaklju\u010dak da je djelomi\u010dno stanje, evidentirano u katastru, nastalo cijepanjem po planu iz 2000. godine, a koji nije va\u017eec\u0301i od 2007. godine\u201c poja\u0161njavaju u Odjeljenju.<\/p>\n<p>Katarina Pani\u0107\/SRNA<br \/>\nFoto &#8211; ilustracija<\/p>\n","protected":false},"excerpt":{"rendered":"<p>Odjeljenje za prostorno ure\u0111enje grada Prijedora nema zaprimljenih zahtjeva za izdavanje urbanisti\u010dko-tehni\u010dke dokumentacije za lokaciju parka preko puta Gimnazije, na raskrsnici ulica Vuka Karad\u017eic\u0301a i Nikole Pa\u0161ic\u0301a, re\u010deno je Srni [&hellip;]<\/p>\n","protected":false},"author":1,"featured_media":0,"comment_status":"closed","ping_status":"open","sticky":false,"template":"","format":"standard","meta":{"_monsterinsights_skip_tracking":false,"_monsterinsights_sitenote_active":false,"_monsterinsights_sitenote_note":"","_monsterinsights_sitenote_category":0,"footnotes":""},"categories":[4],"tags":[],"yoast_head":"<!-- This site is optimized with the Yoast SEO plugin v21.6 - https:\/\/yoast.com\/wordpress\/plugins\/seo\/ -->\n<title>Grad Prijedor: Ostaje park kod Gimnazije, nema zahtjeva za izdavanje gra\u0111evinske dokumentacije - PrijedorDanas.com - Prijedorski gradski portal<\/title>\n<meta name=\"robots\" content=\"index, follow, max-snippet:-1, max-image-preview:large, max-video-preview:-1\" \/>\n<link rel=\"canonical\" href=\"https:\/\/www.prijedordanas.com\/?p=260331\" \/>\n<meta property=\"og:locale\" content=\"en_US\" \/>\n<meta property=\"og:type\" content=\"article\" \/>\n<meta property=\"og:title\" content=\"Grad Prijedor: Ostaje park kod Gimnazije, nema zahtjeva za izdavanje gra\u0111evinske dokumentacije - PrijedorDanas.com - Prijedorski gradski portal\" \/>\n<meta property=\"og:description\" content=\"Odjeljenje za prostorno ure\u0111enje grada Prijedora nema zaprimljenih zahtjeva za izdavanje urbanisti\u010dko-tehni\u010dke dokumentacije za lokaciju parka preko puta Gimnazije, na raskrsnici ulica Vuka Karad\u017eic\u0301a i Nikole Pa\u0161ic\u0301a, re\u010deno je Srni [&hellip;]\" \/>\n<meta property=\"og:url\" content=\"https:\/\/www.prijedordanas.com\/?p=260331\" \/>\n<meta property=\"og:site_name\" content=\"PrijedorDanas.com - Prijedorski gradski portal\" \/>\n<meta property=\"article:publisher\" content=\"https:\/\/www.facebook.com\/PrijedorDanasCom\/\" \/>\n<meta property=\"article:published_time\" content=\"2026-01-02T09:19:03+00:00\" \/>\n<meta property=\"article:modified_time\" content=\"2026-01-02T13:31:58+00:00\" \/>\n<meta property=\"og:image\" content=\"https:\/\/www.prijedordanas.com\/wp-content\/uploads\/2026\/01\/park-kod-gimnazije-decembar2025-1-300x225.jpg\" \/>\n<meta name=\"author\" content=\"admin\" \/>\n<meta name=\"twitter:card\" content=\"summary_large_image\" \/>\n<meta name=\"twitter:label1\" content=\"Written by\" \/>\n\t<meta name=\"twitter:data1\" content=\"admin\" \/>\n\t<meta name=\"twitter:label2\" content=\"Est. reading time\" \/>\n\t<meta name=\"twitter:data2\" content=\"2 minutes\" \/>\n<script type=\"application\/ld+json\" class=\"yoast-schema-graph\">{\"@context\":\"https:\/\/schema.org\",\"@graph\":[{\"@type\":\"Article\",\"@id\":\"https:\/\/www.prijedordanas.com\/?p=260331#article\",\"isPartOf\":{\"@id\":\"https:\/\/www.prijedordanas.com\/?p=260331\"},\"author\":{\"name\":\"admin\",\"@id\":\"https:\/\/www.prijedordanas.com\/#\/schema\/person\/4e08ccf29b506ca916ff86d46bb700e6\"},\"headline\":\"Grad Prijedor: Ostaje park kod Gimnazije, nema zahtjeva za izdavanje gra\u0111evinske dokumentacije\",\"datePublished\":\"2026-01-02T09:19:03+00:00\",\"dateModified\":\"2026-01-02T13:31:58+00:00\",\"mainEntityOfPage\":{\"@id\":\"https:\/\/www.prijedordanas.com\/?p=260331\"},\"wordCount\":319,\"publisher\":{\"@id\":\"https:\/\/www.prijedordanas.com\/#organization\"},\"articleSection\":[\"Dru\u0161tvo\"],\"inLanguage\":\"en-US\"},{\"@type\":\"WebPage\",\"@id\":\"https:\/\/www.prijedordanas.com\/?p=260331\",\"url\":\"https:\/\/www.prijedordanas.com\/?p=260331\",\"name\":\"Grad Prijedor: Ostaje park kod Gimnazije, nema zahtjeva za izdavanje gra\u0111evinske dokumentacije - PrijedorDanas.com - Prijedorski gradski portal\",\"isPartOf\":{\"@id\":\"https:\/\/www.prijedordanas.com\/#website\"},\"datePublished\":\"2026-01-02T09:19:03+00:00\",\"dateModified\":\"2026-01-02T13:31:58+00:00\",\"breadcrumb\":{\"@id\":\"https:\/\/www.prijedordanas.com\/?p=260331#breadcrumb\"},\"inLanguage\":\"en-US\",\"potentialAction\":[{\"@type\":\"ReadAction\",\"target\":[\"https:\/\/www.prijedordanas.com\/?p=260331\"]}]},{\"@type\":\"BreadcrumbList\",\"@id\":\"https:\/\/www.prijedordanas.com\/?p=260331#breadcrumb\",\"itemListElement\":[{\"@type\":\"ListItem\",\"position\":1,\"name\":\"Home\",\"item\":\"https:\/\/www.prijedordanas.com\/\"},{\"@type\":\"ListItem\",\"position\":2,\"name\":\"Grad Prijedor: Ostaje park kod Gimnazije, nema zahtjeva za izdavanje gra\u0111evinske dokumentacije\"}]},{\"@type\":\"WebSite\",\"@id\":\"https:\/\/www.prijedordanas.com\/#website\",\"url\":\"https:\/\/www.prijedordanas.com\/\",\"name\":\"PrijedorDanas.com - Prijedorski gradski portal\",\"description\":\"Portal o doga\u0111anjima u gradu Prijedoru\",\"publisher\":{\"@id\":\"https:\/\/www.prijedordanas.com\/#organization\"},\"potentialAction\":[{\"@type\":\"SearchAction\",\"target\":{\"@type\":\"EntryPoint\",\"urlTemplate\":\"https:\/\/www.prijedordanas.com\/?s={search_term_string}\"},\"query-input\":\"required name=search_term_string\"}],\"inLanguage\":\"en-US\"},{\"@type\":\"Organization\",\"@id\":\"https:\/\/www.prijedordanas.com\/#organization\",\"name\":\"PrijedorDanas.com\",\"url\":\"https:\/\/www.prijedordanas.com\/\",\"logo\":{\"@type\":\"ImageObject\",\"inLanguage\":\"en-US\",\"@id\":\"https:\/\/www.prijedordanas.com\/#\/schema\/logo\/image\/\",\"url\":\"http:\/\/www.prijedordanas.com\/wp-content\/uploads\/2021\/12\/logopng.png\",\"contentUrl\":\"http:\/\/www.prijedordanas.com\/wp-content\/uploads\/2021\/12\/logopng.png\",\"width\":1019,\"height\":776,\"caption\":\"PrijedorDanas.com\"},\"image\":{\"@id\":\"https:\/\/www.prijedordanas.com\/#\/schema\/logo\/image\/\"},\"sameAs\":[\"https:\/\/www.facebook.com\/PrijedorDanasCom\/\"]},{\"@type\":\"Person\",\"@id\":\"https:\/\/www.prijedordanas.com\/#\/schema\/person\/4e08ccf29b506ca916ff86d46bb700e6\",\"name\":\"admin\",\"image\":{\"@type\":\"ImageObject\",\"inLanguage\":\"en-US\",\"@id\":\"https:\/\/www.prijedordanas.com\/#\/schema\/person\/image\/\",\"url\":\"https:\/\/secure.gravatar.com\/avatar\/1d3fc949d550f0b53a5f0d51e06dfd79?s=96&d=mm&r=g\",\"contentUrl\":\"https:\/\/secure.gravatar.com\/avatar\/1d3fc949d550f0b53a5f0d51e06dfd79?s=96&d=mm&r=g\",\"caption\":\"admin\"},\"url\":\"https:\/\/www.prijedordanas.com\/?author=1\"}]}<\/script>\n<!-- \/ Yoast SEO plugin. -->","yoast_head_json":{"title":"Grad Prijedor: Ostaje park kod Gimnazije, nema zahtjeva za izdavanje gra\u0111evinske dokumentacije - PrijedorDanas.com - Prijedorski gradski portal","robots":{"index":"index","follow":"follow","max-snippet":"max-snippet:-1","max-image-preview":"max-image-preview:large","max-video-preview":"max-video-preview:-1"},"canonical":"https:\/\/www.prijedordanas.com\/?p=260331","og_locale":"en_US","og_type":"article","og_title":"Grad Prijedor: Ostaje park kod Gimnazije, nema zahtjeva za izdavanje gra\u0111evinske dokumentacije - PrijedorDanas.com - Prijedorski gradski portal","og_description":"Odjeljenje za prostorno ure\u0111enje grada Prijedora nema zaprimljenih zahtjeva za izdavanje urbanisti\u010dko-tehni\u010dke dokumentacije za lokaciju parka preko puta Gimnazije, na raskrsnici ulica Vuka Karad\u017eic\u0301a i Nikole Pa\u0161ic\u0301a, re\u010deno je Srni [&hellip;]","og_url":"https:\/\/www.prijedordanas.com\/?p=260331","og_site_name":"PrijedorDanas.com - Prijedorski gradski portal","article_publisher":"https:\/\/www.facebook.com\/PrijedorDanasCom\/","article_published_time":"2026-01-02T09:19:03+00:00","article_modified_time":"2026-01-02T13:31:58+00:00","og_image":[{"url":"https:\/\/www.prijedordanas.com\/wp-content\/uploads\/2026\/01\/park-kod-gimnazije-decembar2025-1-300x225.jpg"}],"author":"admin","twitter_card":"summary_large_image","twitter_misc":{"Written by":"admin","Est. reading time":"2 minutes"},"schema":{"@context":"https:\/\/schema.org","@graph":[{"@type":"Article","@id":"https:\/\/www.prijedordanas.com\/?p=260331#article","isPartOf":{"@id":"https:\/\/www.prijedordanas.com\/?p=260331"},"author":{"name":"admin","@id":"https:\/\/www.prijedordanas.com\/#\/schema\/person\/4e08ccf29b506ca916ff86d46bb700e6"},"headline":"Grad Prijedor: Ostaje park kod Gimnazije, nema zahtjeva za izdavanje gra\u0111evinske dokumentacije","datePublished":"2026-01-02T09:19:03+00:00","dateModified":"2026-01-02T13:31:58+00:00","mainEntityOfPage":{"@id":"https:\/\/www.prijedordanas.com\/?p=260331"},"wordCount":319,"publisher":{"@id":"https:\/\/www.prijedordanas.com\/#organization"},"articleSection":["Dru\u0161tvo"],"inLanguage":"en-US"},{"@type":"WebPage","@id":"https:\/\/www.prijedordanas.com\/?p=260331","url":"https:\/\/www.prijedordanas.com\/?p=260331","name":"Grad Prijedor: Ostaje park kod Gimnazije, nema zahtjeva za izdavanje gra\u0111evinske dokumentacije - PrijedorDanas.com - Prijedorski gradski portal","isPartOf":{"@id":"https:\/\/www.prijedordanas.com\/#website"},"datePublished":"2026-01-02T09:19:03+00:00","dateModified":"2026-01-02T13:31:58+00:00","breadcrumb":{"@id":"https:\/\/www.prijedordanas.com\/?p=260331#breadcrumb"},"inLanguage":"en-US","potentialAction":[{"@type":"ReadAction","target":["https:\/\/www.prijedordanas.com\/?p=260331"]}]},{"@type":"BreadcrumbList","@id":"https:\/\/www.prijedordanas.com\/?p=260331#breadcrumb","itemListElement":[{"@type":"ListItem","position":1,"name":"Home","item":"https:\/\/www.prijedordanas.com\/"},{"@type":"ListItem","position":2,"name":"Grad Prijedor: Ostaje park kod Gimnazije, nema zahtjeva za izdavanje gra\u0111evinske dokumentacije"}]},{"@type":"WebSite","@id":"https:\/\/www.prijedordanas.com\/#website","url":"https:\/\/www.prijedordanas.com\/","name":"PrijedorDanas.com - Prijedorski gradski portal","description":"Portal o doga\u0111anjima u gradu Prijedoru","publisher":{"@id":"https:\/\/www.prijedordanas.com\/#organization"},"potentialAction":[{"@type":"SearchAction","target":{"@type":"EntryPoint","urlTemplate":"https:\/\/www.prijedordanas.com\/?s={search_term_string}"},"query-input":"required name=search_term_string"}],"inLanguage":"en-US"},{"@type":"Organization","@id":"https:\/\/www.prijedordanas.com\/#organization","name":"PrijedorDanas.com","url":"https:\/\/www.prijedordanas.com\/","logo":{"@type":"ImageObject","inLanguage":"en-US","@id":"https:\/\/www.prijedordanas.com\/#\/schema\/logo\/image\/","url":"http:\/\/www.prijedordanas.com\/wp-content\/uploads\/2021\/12\/logopng.png","contentUrl":"http:\/\/www.prijedordanas.com\/wp-content\/uploads\/2021\/12\/logopng.png","width":1019,"height":776,"caption":"PrijedorDanas.com"},"image":{"@id":"https:\/\/www.prijedordanas.com\/#\/schema\/logo\/image\/"},"sameAs":["https:\/\/www.facebook.com\/PrijedorDanasCom\/"]},{"@type":"Person","@id":"https:\/\/www.prijedordanas.com\/#\/schema\/person\/4e08ccf29b506ca916ff86d46bb700e6","name":"admin","image":{"@type":"ImageObject","inLanguage":"en-US","@id":"https:\/\/www.prijedordanas.com\/#\/schema\/person\/image\/","url":"https:\/\/secure.gravatar.com\/avatar\/1d3fc949d550f0b53a5f0d51e06dfd79?s=96&d=mm&r=g","contentUrl":"https:\/\/secure.gravatar.com\/avatar\/1d3fc949d550f0b53a5f0d51e06dfd79?s=96&d=mm&r=g","caption":"admin"},"url":"https:\/\/www.prijedordanas.com\/?author=1"}]}},"_links":{"self":[{"href":"https:\/\/www.prijedordanas.com\/index.php?rest_route=\/wp\/v2\/posts\/260331"}],"collection":[{"href":"https:\/\/www.prijedordanas.com\/index.php?rest_route=\/wp\/v2\/posts"}],"about":[{"href":"https:\/\/www.prijedordanas.com\/index.php?rest_route=\/wp\/v2\/types\/post"}],"author":[{"embeddable":true,"href":"https:\/\/www.prijedordanas.com\/index.php?rest_route=\/wp\/v2\/users\/1"}],"replies":[{"embeddable":true,"href":"https:\/\/www.prijedordanas.com\/index.php?rest_route=%2Fwp%2Fv2%2Fcomments&post=260331"}],"version-history":[{"count":3,"href":"https:\/\/www.prijedordanas.com\/index.php?rest_route=\/wp\/v2\/posts\/260331\/revisions"}],"predecessor-version":[{"id":260340,"href":"https:\/\/www.prijedordanas.com\/index.php?rest_route=\/wp\/v2\/posts\/260331\/revisions\/260340"}],"wp:attachment":[{"href":"https:\/\/www.prijedordanas.com\/index.php?rest_route=%2Fwp%2Fv2%2Fmedia&parent=260331"}],"wp:term":[{"taxonomy":"category","embeddable":true,"href":"https:\/\/www.prijedordanas.com\/index.php?rest_route=%2Fwp%2Fv2%2Fcategories&post=260331"},{"taxonomy":"post_tag","embeddable":true,"href":"https:\/\/www.prijedordanas.com\/index.php?rest_route=%2Fwp%2Fv2%2Ftags&post=260331"}],"curies":[{"name":"wp","href":"https:\/\/api.w.org\/{rel}","templated":true}]}}