{"id":260301,"date":"2026-01-01T13:33:53","date_gmt":"2026-01-01T12:33:53","guid":{"rendered":"https:\/\/www.prijedordanas.com\/?p=260301"},"modified":"2026-01-01T13:33:53","modified_gmt":"2026-01-01T12:33:53","slug":"fondacija-nikola-baros-prijedor-na-proljece-prvi-festival-djecijeg-stvaralastva-zvezdara","status":"publish","type":"post","link":"https:\/\/www.prijedordanas.com\/?p=260301","title":{"rendered":"Fondacija &#8220;Nikola Baro\u0161&#8221; Prijedor: Na prolje\u0107e prvi Festival dje\u010dijeg stvarala\u0161tva &#8220;Zvezdara&#8221;"},"content":{"rendered":"<p><a href=\"https:\/\/www.prijedordanas.com\/wp-content\/uploads\/2026\/01\/nikola-baros.jpg\"><img loading=\"lazy\" decoding=\"async\" src=\"https:\/\/www.prijedordanas.com\/wp-content\/uploads\/2026\/01\/nikola-baros-300x266.jpg\" alt=\"\" width=\"300\" height=\"266\" class=\"alignleft size-medium wp-image-260302\" srcset=\"https:\/\/www.prijedordanas.com\/wp-content\/uploads\/2026\/01\/nikola-baros-300x266.jpg 300w, https:\/\/www.prijedordanas.com\/wp-content\/uploads\/2026\/01\/nikola-baros.jpg 620w\" sizes=\"(max-width: 300px) 100vw, 300px\" \/><\/a>Novi projekat Fondacije \u201cNikola Baro\u0161\u201d iz Prijedora bi\u0107e Festival dje\u010dijeg stvarala\u0161tva \u201cZvezdara\u201d, koji \u0107e biti oganizovan na prolje\u0107e, re\u010deno je Srni u ovoj fondaciji.<\/p>\n<p>Ideja je nastala nakon \u0161to je Zvezdara Teatar Beograd polovinu prihoda od knji\u017eevne ve\u010deri koju je ova fondacija organizovala u Beogradu poklonio fondaciji.<\/p>\n<p>\u201cOvaj prihod usmjeri\u0107emo u novi projekat Fondacije. Na\u0161a misija je da kulturom, obrazovanjem i djelima koja oplemenjuju zajednicu gradimo mostove izme\u0111u ljudi, generacija i gradova\u201d, navode iz Fondacije.<\/p>\n<p>Ve\u010de u Zvezdara Teatru u Beogradu u novembru 2025. godine okupilo je Matiju Be\u0107kovi\u0107a, LJubivoja R\u0161umovi\u0107a, Peru Zupca i Du\u0161ana Kova\u010devi\u0107a, nakon \u0161to su godinu dana ranije \u010detiri velikana prvi put zajedno nastupili u Prijedoru.<\/p>\n<p>Fondacija je zvani\u010dno s radom po\u010dela 20. januara 2025. godine, kada je predstavila svoj veb-sajt i prvi projekat \u2013 \u201cBaro\u0161ica\u201d, prva u\u010dionica na otvorenom u Prijedoru, za koju je planirani iznos od 12.500 evra putem donacija prikupljen u aprilu, a o\u010dekuje se da \u0107e u\u010denicima biti predata na prolje\u0107e ove godine.<\/p>\n<p>U julu 2025. godine Fondacija je od prodaje rukotvorina u okviru manifestacije \u201cZlatne ruke Potkozarja\u201d prikupila su 2.343 KM pomo\u0107i porodici sa sedmoro djece, Kostadinovi\u0107, iz Kuljana.<\/p>\n<p>Na Me\u0111unarodnom festivalu pozori\u0161ta \u201cZlatna vila\u201d Prijedor u novembru 2025. Fondacija je nov\u010danom nagradom podr\u017eala najboljeg mladog glumca po ocjeni stru\u010dnog \u017eirija, a ove godine tu nagradu osvojio je \u0110or\u0111e Velimirovi\u0107 iz Narodnog pozori\u0161ta Pri\u0161tina koje radi u Gra\u010danici.<\/p>\n<p>Fondacija je za nepunih godinu dana prikupila 17.094 evra i svaka pojedina\u010dna donacija vidljiva je na internet stranici.<\/p>\n<p>Vodi je porodica dje\u010daka koji je u aprilu 2024. godine u 13. godini umro od posljedica veoma rijetke genske mutacije.<\/p>\n<p>SRNA<br \/>\nFoto ilustracija<\/p>\n","protected":false},"excerpt":{"rendered":"<p>Novi projekat Fondacije \u201cNikola Baro\u0161\u201d iz Prijedora bi\u0107e Festival dje\u010dijeg stvarala\u0161tva \u201cZvezdara\u201d, koji \u0107e biti oganizovan na prolje\u0107e, re\u010deno je Srni u ovoj fondaciji. Ideja je nastala nakon \u0161to je [&hellip;]<\/p>\n","protected":false},"author":1,"featured_media":0,"comment_status":"closed","ping_status":"open","sticky":false,"template":"","format":"standard","meta":{"_monsterinsights_skip_tracking":false,"_monsterinsights_sitenote_active":false,"_monsterinsights_sitenote_note":"","_monsterinsights_sitenote_category":0,"footnotes":""},"categories":[7518],"tags":[],"yoast_head":"<!-- This site is optimized with the Yoast SEO plugin v21.6 - https:\/\/yoast.com\/wordpress\/plugins\/seo\/ -->\n<title>Fondacija &quot;Nikola Baro\u0161&quot; Prijedor: Na prolje\u0107e prvi Festival dje\u010dijeg stvarala\u0161tva &quot;Zvezdara&quot; - PrijedorDanas.com - Prijedorski gradski portal<\/title>\n<meta name=\"robots\" content=\"index, follow, max-snippet:-1, max-image-preview:large, max-video-preview:-1\" \/>\n<link rel=\"canonical\" href=\"https:\/\/www.prijedordanas.com\/?p=260301\" \/>\n<meta property=\"og:locale\" content=\"en_US\" \/>\n<meta property=\"og:type\" content=\"article\" \/>\n<meta property=\"og:title\" content=\"Fondacija &quot;Nikola Baro\u0161&quot; Prijedor: Na prolje\u0107e prvi Festival dje\u010dijeg stvarala\u0161tva &quot;Zvezdara&quot; - PrijedorDanas.com - Prijedorski gradski portal\" \/>\n<meta property=\"og:description\" content=\"Novi projekat Fondacije \u201cNikola Baro\u0161\u201d iz Prijedora bi\u0107e Festival dje\u010dijeg stvarala\u0161tva \u201cZvezdara\u201d, koji \u0107e biti oganizovan na prolje\u0107e, re\u010deno je Srni u ovoj fondaciji. Ideja je nastala nakon \u0161to je [&hellip;]\" \/>\n<meta property=\"og:url\" content=\"https:\/\/www.prijedordanas.com\/?p=260301\" \/>\n<meta property=\"og:site_name\" content=\"PrijedorDanas.com - Prijedorski gradski portal\" \/>\n<meta property=\"article:publisher\" content=\"https:\/\/www.facebook.com\/PrijedorDanasCom\/\" \/>\n<meta property=\"article:published_time\" content=\"2026-01-01T12:33:53+00:00\" \/>\n<meta property=\"og:image\" content=\"https:\/\/www.prijedordanas.com\/wp-content\/uploads\/2026\/01\/nikola-baros-300x266.jpg\" \/>\n<meta name=\"author\" content=\"admin\" \/>\n<meta name=\"twitter:card\" content=\"summary_large_image\" \/>\n<meta name=\"twitter:label1\" content=\"Written by\" \/>\n\t<meta name=\"twitter:data1\" content=\"admin\" \/>\n<script type=\"application\/ld+json\" class=\"yoast-schema-graph\">{\"@context\":\"https:\/\/schema.org\",\"@graph\":[{\"@type\":\"Article\",\"@id\":\"https:\/\/www.prijedordanas.com\/?p=260301#article\",\"isPartOf\":{\"@id\":\"https:\/\/www.prijedordanas.com\/?p=260301\"},\"author\":{\"name\":\"admin\",\"@id\":\"https:\/\/www.prijedordanas.com\/#\/schema\/person\/4e08ccf29b506ca916ff86d46bb700e6\"},\"headline\":\"Fondacija &#8220;Nikola Baro\u0161&#8221; Prijedor: Na prolje\u0107e prvi Festival dje\u010dijeg stvarala\u0161tva &#8220;Zvezdara&#8221;\",\"datePublished\":\"2026-01-01T12:33:53+00:00\",\"dateModified\":\"2026-01-01T12:33:53+00:00\",\"mainEntityOfPage\":{\"@id\":\"https:\/\/www.prijedordanas.com\/?p=260301\"},\"wordCount\":308,\"publisher\":{\"@id\":\"https:\/\/www.prijedordanas.com\/#organization\"},\"articleSection\":[\"Mladi\"],\"inLanguage\":\"en-US\"},{\"@type\":\"WebPage\",\"@id\":\"https:\/\/www.prijedordanas.com\/?p=260301\",\"url\":\"https:\/\/www.prijedordanas.com\/?p=260301\",\"name\":\"Fondacija \\\"Nikola Baro\u0161\\\" Prijedor: Na prolje\u0107e prvi Festival dje\u010dijeg stvarala\u0161tva \\\"Zvezdara\\\" - PrijedorDanas.com - Prijedorski gradski portal\",\"isPartOf\":{\"@id\":\"https:\/\/www.prijedordanas.com\/#website\"},\"datePublished\":\"2026-01-01T12:33:53+00:00\",\"dateModified\":\"2026-01-01T12:33:53+00:00\",\"breadcrumb\":{\"@id\":\"https:\/\/www.prijedordanas.com\/?p=260301#breadcrumb\"},\"inLanguage\":\"en-US\",\"potentialAction\":[{\"@type\":\"ReadAction\",\"target\":[\"https:\/\/www.prijedordanas.com\/?p=260301\"]}]},{\"@type\":\"BreadcrumbList\",\"@id\":\"https:\/\/www.prijedordanas.com\/?p=260301#breadcrumb\",\"itemListElement\":[{\"@type\":\"ListItem\",\"position\":1,\"name\":\"Home\",\"item\":\"https:\/\/www.prijedordanas.com\/\"},{\"@type\":\"ListItem\",\"position\":2,\"name\":\"Fondacija &#8220;Nikola Baro\u0161&#8221; Prijedor: Na prolje\u0107e prvi Festival dje\u010dijeg stvarala\u0161tva &#8220;Zvezdara&#8221;\"}]},{\"@type\":\"WebSite\",\"@id\":\"https:\/\/www.prijedordanas.com\/#website\",\"url\":\"https:\/\/www.prijedordanas.com\/\",\"name\":\"PrijedorDanas.com - Prijedorski gradski portal\",\"description\":\"Portal o doga\u0111anjima u gradu Prijedoru\",\"publisher\":{\"@id\":\"https:\/\/www.prijedordanas.com\/#organization\"},\"potentialAction\":[{\"@type\":\"SearchAction\",\"target\":{\"@type\":\"EntryPoint\",\"urlTemplate\":\"https:\/\/www.prijedordanas.com\/?s={search_term_string}\"},\"query-input\":\"required name=search_term_string\"}],\"inLanguage\":\"en-US\"},{\"@type\":\"Organization\",\"@id\":\"https:\/\/www.prijedordanas.com\/#organization\",\"name\":\"PrijedorDanas.com\",\"url\":\"https:\/\/www.prijedordanas.com\/\",\"logo\":{\"@type\":\"ImageObject\",\"inLanguage\":\"en-US\",\"@id\":\"https:\/\/www.prijedordanas.com\/#\/schema\/logo\/image\/\",\"url\":\"http:\/\/www.prijedordanas.com\/wp-content\/uploads\/2021\/12\/logopng.png\",\"contentUrl\":\"http:\/\/www.prijedordanas.com\/wp-content\/uploads\/2021\/12\/logopng.png\",\"width\":1019,\"height\":776,\"caption\":\"PrijedorDanas.com\"},\"image\":{\"@id\":\"https:\/\/www.prijedordanas.com\/#\/schema\/logo\/image\/\"},\"sameAs\":[\"https:\/\/www.facebook.com\/PrijedorDanasCom\/\"]},{\"@type\":\"Person\",\"@id\":\"https:\/\/www.prijedordanas.com\/#\/schema\/person\/4e08ccf29b506ca916ff86d46bb700e6\",\"name\":\"admin\",\"image\":{\"@type\":\"ImageObject\",\"inLanguage\":\"en-US\",\"@id\":\"https:\/\/www.prijedordanas.com\/#\/schema\/person\/image\/\",\"url\":\"https:\/\/secure.gravatar.com\/avatar\/1d3fc949d550f0b53a5f0d51e06dfd79?s=96&d=mm&r=g\",\"contentUrl\":\"https:\/\/secure.gravatar.com\/avatar\/1d3fc949d550f0b53a5f0d51e06dfd79?s=96&d=mm&r=g\",\"caption\":\"admin\"},\"url\":\"https:\/\/www.prijedordanas.com\/?author=1\"}]}<\/script>\n<!-- \/ Yoast SEO plugin. -->","yoast_head_json":{"title":"Fondacija \"Nikola Baro\u0161\" Prijedor: Na prolje\u0107e prvi Festival dje\u010dijeg stvarala\u0161tva \"Zvezdara\" - PrijedorDanas.com - Prijedorski gradski portal","robots":{"index":"index","follow":"follow","max-snippet":"max-snippet:-1","max-image-preview":"max-image-preview:large","max-video-preview":"max-video-preview:-1"},"canonical":"https:\/\/www.prijedordanas.com\/?p=260301","og_locale":"en_US","og_type":"article","og_title":"Fondacija \"Nikola Baro\u0161\" Prijedor: Na prolje\u0107e prvi Festival dje\u010dijeg stvarala\u0161tva \"Zvezdara\" - PrijedorDanas.com - Prijedorski gradski portal","og_description":"Novi projekat Fondacije \u201cNikola Baro\u0161\u201d iz Prijedora bi\u0107e Festival dje\u010dijeg stvarala\u0161tva \u201cZvezdara\u201d, koji \u0107e biti oganizovan na prolje\u0107e, re\u010deno je Srni u ovoj fondaciji. Ideja je nastala nakon \u0161to je [&hellip;]","og_url":"https:\/\/www.prijedordanas.com\/?p=260301","og_site_name":"PrijedorDanas.com - Prijedorski gradski portal","article_publisher":"https:\/\/www.facebook.com\/PrijedorDanasCom\/","article_published_time":"2026-01-01T12:33:53+00:00","og_image":[{"url":"https:\/\/www.prijedordanas.com\/wp-content\/uploads\/2026\/01\/nikola-baros-300x266.jpg"}],"author":"admin","twitter_card":"summary_large_image","twitter_misc":{"Written by":"admin"},"schema":{"@context":"https:\/\/schema.org","@graph":[{"@type":"Article","@id":"https:\/\/www.prijedordanas.com\/?p=260301#article","isPartOf":{"@id":"https:\/\/www.prijedordanas.com\/?p=260301"},"author":{"name":"admin","@id":"https:\/\/www.prijedordanas.com\/#\/schema\/person\/4e08ccf29b506ca916ff86d46bb700e6"},"headline":"Fondacija &#8220;Nikola Baro\u0161&#8221; Prijedor: Na prolje\u0107e prvi Festival dje\u010dijeg stvarala\u0161tva &#8220;Zvezdara&#8221;","datePublished":"2026-01-01T12:33:53+00:00","dateModified":"2026-01-01T12:33:53+00:00","mainEntityOfPage":{"@id":"https:\/\/www.prijedordanas.com\/?p=260301"},"wordCount":308,"publisher":{"@id":"https:\/\/www.prijedordanas.com\/#organization"},"articleSection":["Mladi"],"inLanguage":"en-US"},{"@type":"WebPage","@id":"https:\/\/www.prijedordanas.com\/?p=260301","url":"https:\/\/www.prijedordanas.com\/?p=260301","name":"Fondacija \"Nikola Baro\u0161\" Prijedor: Na prolje\u0107e prvi Festival dje\u010dijeg stvarala\u0161tva \"Zvezdara\" - PrijedorDanas.com - Prijedorski gradski portal","isPartOf":{"@id":"https:\/\/www.prijedordanas.com\/#website"},"datePublished":"2026-01-01T12:33:53+00:00","dateModified":"2026-01-01T12:33:53+00:00","breadcrumb":{"@id":"https:\/\/www.prijedordanas.com\/?p=260301#breadcrumb"},"inLanguage":"en-US","potentialAction":[{"@type":"ReadAction","target":["https:\/\/www.prijedordanas.com\/?p=260301"]}]},{"@type":"BreadcrumbList","@id":"https:\/\/www.prijedordanas.com\/?p=260301#breadcrumb","itemListElement":[{"@type":"ListItem","position":1,"name":"Home","item":"https:\/\/www.prijedordanas.com\/"},{"@type":"ListItem","position":2,"name":"Fondacija &#8220;Nikola Baro\u0161&#8221; Prijedor: Na prolje\u0107e prvi Festival dje\u010dijeg stvarala\u0161tva &#8220;Zvezdara&#8221;"}]},{"@type":"WebSite","@id":"https:\/\/www.prijedordanas.com\/#website","url":"https:\/\/www.prijedordanas.com\/","name":"PrijedorDanas.com - Prijedorski gradski portal","description":"Portal o doga\u0111anjima u gradu Prijedoru","publisher":{"@id":"https:\/\/www.prijedordanas.com\/#organization"},"potentialAction":[{"@type":"SearchAction","target":{"@type":"EntryPoint","urlTemplate":"https:\/\/www.prijedordanas.com\/?s={search_term_string}"},"query-input":"required name=search_term_string"}],"inLanguage":"en-US"},{"@type":"Organization","@id":"https:\/\/www.prijedordanas.com\/#organization","name":"PrijedorDanas.com","url":"https:\/\/www.prijedordanas.com\/","logo":{"@type":"ImageObject","inLanguage":"en-US","@id":"https:\/\/www.prijedordanas.com\/#\/schema\/logo\/image\/","url":"http:\/\/www.prijedordanas.com\/wp-content\/uploads\/2021\/12\/logopng.png","contentUrl":"http:\/\/www.prijedordanas.com\/wp-content\/uploads\/2021\/12\/logopng.png","width":1019,"height":776,"caption":"PrijedorDanas.com"},"image":{"@id":"https:\/\/www.prijedordanas.com\/#\/schema\/logo\/image\/"},"sameAs":["https:\/\/www.facebook.com\/PrijedorDanasCom\/"]},{"@type":"Person","@id":"https:\/\/www.prijedordanas.com\/#\/schema\/person\/4e08ccf29b506ca916ff86d46bb700e6","name":"admin","image":{"@type":"ImageObject","inLanguage":"en-US","@id":"https:\/\/www.prijedordanas.com\/#\/schema\/person\/image\/","url":"https:\/\/secure.gravatar.com\/avatar\/1d3fc949d550f0b53a5f0d51e06dfd79?s=96&d=mm&r=g","contentUrl":"https:\/\/secure.gravatar.com\/avatar\/1d3fc949d550f0b53a5f0d51e06dfd79?s=96&d=mm&r=g","caption":"admin"},"url":"https:\/\/www.prijedordanas.com\/?author=1"}]}},"_links":{"self":[{"href":"https:\/\/www.prijedordanas.com\/index.php?rest_route=\/wp\/v2\/posts\/260301"}],"collection":[{"href":"https:\/\/www.prijedordanas.com\/index.php?rest_route=\/wp\/v2\/posts"}],"about":[{"href":"https:\/\/www.prijedordanas.com\/index.php?rest_route=\/wp\/v2\/types\/post"}],"author":[{"embeddable":true,"href":"https:\/\/www.prijedordanas.com\/index.php?rest_route=\/wp\/v2\/users\/1"}],"replies":[{"embeddable":true,"href":"https:\/\/www.prijedordanas.com\/index.php?rest_route=%2Fwp%2Fv2%2Fcomments&post=260301"}],"version-history":[{"count":1,"href":"https:\/\/www.prijedordanas.com\/index.php?rest_route=\/wp\/v2\/posts\/260301\/revisions"}],"predecessor-version":[{"id":260303,"href":"https:\/\/www.prijedordanas.com\/index.php?rest_route=\/wp\/v2\/posts\/260301\/revisions\/260303"}],"wp:attachment":[{"href":"https:\/\/www.prijedordanas.com\/index.php?rest_route=%2Fwp%2Fv2%2Fmedia&parent=260301"}],"wp:term":[{"taxonomy":"category","embeddable":true,"href":"https:\/\/www.prijedordanas.com\/index.php?rest_route=%2Fwp%2Fv2%2Fcategories&post=260301"},{"taxonomy":"post_tag","embeddable":true,"href":"https:\/\/www.prijedordanas.com\/index.php?rest_route=%2Fwp%2Fv2%2Ftags&post=260301"}],"curies":[{"name":"wp","href":"https:\/\/api.w.org\/{rel}","templated":true}]}}