{"id":260185,"date":"2025-12-31T01:54:22","date_gmt":"2025-12-31T00:54:22","guid":{"rendered":"https:\/\/www.prijedordanas.com\/?p=260185"},"modified":"2025-12-31T01:54:22","modified_gmt":"2025-12-31T00:54:22","slug":"dragan-milojica-nacelnik-pu-prijedor-podmladivanjem-kadra-jacamo-kapacitete-policijske-uprave","status":"publish","type":"post","link":"https:\/\/www.prijedordanas.com\/?p=260185","title":{"rendered":"Dragan Milojica &#8211; na\u010delnik PU Prijedor: Podmla\u0111ivanjem kadra ja\u010damo kapacitete Policijske uprave"},"content":{"rendered":"<p><a href=\"https:\/\/www.prijedordanas.com\/wp-content\/uploads\/2025\/12\/kozarski-dragan-milojica.jpg\"><img loading=\"lazy\" decoding=\"async\" src=\"https:\/\/www.prijedordanas.com\/wp-content\/uploads\/2025\/12\/kozarski-dragan-milojica-300x225.jpg\" alt=\"\" width=\"300\" height=\"225\" class=\"alignleft size-medium wp-image-260186\" srcset=\"https:\/\/www.prijedordanas.com\/wp-content\/uploads\/2025\/12\/kozarski-dragan-milojica-300x225.jpg 300w, https:\/\/www.prijedordanas.com\/wp-content\/uploads\/2025\/12\/kozarski-dragan-milojica-640x480.jpg 640w, https:\/\/www.prijedordanas.com\/wp-content\/uploads\/2025\/12\/kozarski-dragan-milojica.jpg 667w\" sizes=\"(max-width: 300px) 100vw, 300px\" \/><\/a>Jedno od va\u017enijih pitanja za gra\u0111ane jeste kako u njihovom okru\u017eenju rade pripadnici policije, te da li se i u kojoj mjeri osje\u0107aju sigurno i za\u0161ti\u0107eno. Na izmaku jo\u0161 jedne kalendarske i poslovne godine, o bezbjednosti gra\u0111ana i drugim va\u017enim pitanjima razgovarali smo sa Draganom Milojicom, na\u010delnikom Policijske uprave Prijedor.<\/p>\n<p>Kako u najkra\u0107em ocjenjujete godinu na izmaku kada je u pitanju rad Policijske uprave Prijedor?<\/p>\n<p>\u2013 Cijene\u0107i statisti\u010dke parametre kao objektivne pokazatel\u0458e koji prate kontinuirano unapre\u0111enje bezbjednosne situacije, ali i svakodnevni rad policijskih slu\u017ebenika, \u010diji je osnovni cil\u0458 o\u010duvanje li\u010dne i imovinske bezbjednosti gra\u0111ana, stanje bezbjednosti na podru\u010dju Policijske uprave mo\u017ee se ocijeniti kao veoma stabilno i zadovol\u0458avaju\u0107e.<\/p>\n<p>U toku ove godine evidentirana su 682 krivi\u010dna djela, \u0161to predstavl\u0458a smanjenje od oko 13 odsto u odnosu na prethodnu godinu. Prekr\u0161aji javnog reda i mira su tako\u0111e u opadanju, te smo ove godine evidentirali 354 prekr\u0161aja.<\/p>\n<p>Tokom godine realizovan je niz slo\u017eenih i cil\u0458ano usmjerenih operativnih akcija, \u010diji se rezultati s pravom mogu ocijeniti kao najbol\u0458i u dosada\u0161njem radu Policijske uprave. Te aktivnosti doprinijele su razbijanju organizovanih kriminalnih grupa i suzbijanju te\u017eih oblika kriminaliteta. Tom prilikom oduzeto je oko 10,7 kilograma kokaina, 28,3 kilograma marihuane, 197 grama amfetamina, kao i 50 stabl\u0458ika i 557 sjemenki kanabisa.<\/p>\n<p>Ovakvi rezultati plod su planskog i sistematskog rada, unapre\u0111enja operativnih procedura i kontinuiranog prisustva policije na terenu, \u0161to potvr\u0111uje da Policijska uprava raspola\u017ee stru\u010dnim kadrom i kapacitetima da odgovori i na najslo\u017eenije bezbjednosne izazove. Posebno isti\u010dem zna\u010daj kvalitetne i kontinuirane saradnje sa Okru\u017enim javnim tu\u017eila\u0161tvom Prijedor.<\/p>\n<p>Iz oblasti op\u0161teg kriminaliteta nije bilo djela koja bi izazvala ve\u0107u pa\u017enju javnosti, dok je u oblasti privrednog kriminaliteta evidentirano 61 krivi\u010dno djelo, sa protivpravno ste\u010denom imovinskom koristi u iznosu od 16.564.690 KM.<\/p>\n<p>Kada je rije\u010d o bezbjednosti saobra\u0107aja, stanje je zadovol\u0458avaju\u0107e, iako se na republi\u010dkom nivou bil\u0458e\u017ee nepovol\u0458ni trendovi. U saobra\u0107ajnim nezgodama smrtno je stradalo 11 lica, isto kao i pro\u0161le godine, \u0161to ukazuje da su preduzete mjere bile opravdane i djelotvorne.<\/p>\n<p>Saradnju sa lokalnom zajednicom ocjenjujemo kao izuzetno dobru, a sistem javnog video-nadzora pokazao se kao jedan od najefikasnijih savremenih bezbjednosnih mehanizama.<\/p>\n<p>\u0160ta \u0107e biti prioriteti u radu u idu\u0107oj godini?<\/p>\n<p>\u2013 Nastavi\u0107emo aktivnosti usmjerene na unapre\u0111enje bezbjednosti, ja\u010danje profesionalnih standarda i o\u010duvanje povjerenja gra\u0111ana. Poseban akcenat bi\u0107e stavl\u0458en na prevenciju organizovanog kriminaliteta, unapre\u0111enje bezbjednosti saobra\u0107aja i suzbijanje nezakonitih aktivnosti u oblasti opojnih droga, kao i na otkrivanje krivi\u010dnih djela iz oblasti privrednog i op\u0161teg kriminaliteta.<\/p>\n<p>Vidl\u0458ivo je da je u Prijedoru podmla\u0111en policijski kadar. Kako se mlade snage snalaze u poslu?<\/p>\n<p>\u2013 Podmla\u0111ivanje kadra predstavl\u0458a zna\u010dajan iskorak u ja\u010danju kapaciteta Policijske uprave. Dolazak mladih policijskih slu\u017ebenika donio je novu energiju, motivaciju i operativnu snagu. Kroz kontinuiranu obuku i mentorski rad usmjeravamo ih ka profesionalnom i odgovornom obavl\u0458anju policijskih poslova, uz puno po\u0161tovanje zakonskih normi i l\u0458udskih prava.<\/p>\n<p>Koliko \u0107e novi sistem naplate kazni disciplinovati voza\u010de?<\/p>\n<p>\u2013 Ovaj sistem \u0107e zna\u010dajno doprinijeti pove\u0107anju discipline u saobra\u0107aju. Kroz elektronsku evidenciju i kontrolu, posebno kod vozila sa stranim registarskim oznakama, smanjujemo mogu\u0107nost da prekr\u0161aji ostanu neka\u017enjeni, \u010dime se ja\u010da po\u0161tovanje zakona i unapre\u0111uje bezbjednost saobra\u0107aja.<\/p>\n<p>Koja je Va\u0161a poruka gra\u0111anima za predstoje\u0107e praznike?<\/p>\n<p>\u2013 Povodom bo\u017ei\u0107nih i novogodi\u0161njih praznika upu\u0107ujem iskrene \u010destitke svim gra\u0111anima, uz \u017eel\u0458u da praznike provedu u miru, zdravl\u0458u i radosti. Apelujem na odgovorno pona\u0161anje, jer je bezbjednost zajedni\u010dka odgovornost svih nas. Samo uz me\u0111usobno razumijevanje i po\u0161tovanje propisa mo\u017eemo obezbijediti da praznici proteknu dostojanstveno i bez incidenata.<\/p>\n<p><a href=\"https:\/\/kozarski.com\/podmladjivan%d1%98em-kadra-jacamo-kapacitete-policijske-uprave\/\" rel=\"noopener\" target=\"_blank\">kozarski.com<\/a><\/p>\n","protected":false},"excerpt":{"rendered":"<p>Jedno od va\u017enijih pitanja za gra\u0111ane jeste kako u njihovom okru\u017eenju rade pripadnici policije, te da li se i u kojoj mjeri osje\u0107aju sigurno i za\u0161ti\u0107eno. Na izmaku jo\u0161 jedne [&hellip;]<\/p>\n","protected":false},"author":1,"featured_media":0,"comment_status":"closed","ping_status":"open","sticky":false,"template":"","format":"standard","meta":{"_monsterinsights_skip_tracking":false,"_monsterinsights_sitenote_active":false,"_monsterinsights_sitenote_note":"","_monsterinsights_sitenote_category":0,"footnotes":""},"categories":[8],"tags":[],"yoast_head":"<!-- This site is optimized with the Yoast SEO plugin v21.6 - https:\/\/yoast.com\/wordpress\/plugins\/seo\/ -->\n<title>Dragan Milojica - na\u010delnik PU Prijedor: Podmla\u0111ivanjem kadra ja\u010damo kapacitete Policijske uprave - PrijedorDanas.com - Prijedorski gradski portal<\/title>\n<meta name=\"robots\" content=\"index, follow, max-snippet:-1, max-image-preview:large, max-video-preview:-1\" \/>\n<link rel=\"canonical\" href=\"https:\/\/www.prijedordanas.com\/?p=260185\" \/>\n<meta property=\"og:locale\" content=\"en_US\" \/>\n<meta property=\"og:type\" content=\"article\" \/>\n<meta property=\"og:title\" content=\"Dragan Milojica - na\u010delnik PU Prijedor: Podmla\u0111ivanjem kadra ja\u010damo kapacitete Policijske uprave - PrijedorDanas.com - Prijedorski gradski portal\" \/>\n<meta property=\"og:description\" content=\"Jedno od va\u017enijih pitanja za gra\u0111ane jeste kako u njihovom okru\u017eenju rade pripadnici policije, te da li se i u kojoj mjeri osje\u0107aju sigurno i za\u0161ti\u0107eno. Na izmaku jo\u0161 jedne [&hellip;]\" \/>\n<meta property=\"og:url\" content=\"https:\/\/www.prijedordanas.com\/?p=260185\" \/>\n<meta property=\"og:site_name\" content=\"PrijedorDanas.com - Prijedorski gradski portal\" \/>\n<meta property=\"article:publisher\" content=\"https:\/\/www.facebook.com\/PrijedorDanasCom\/\" \/>\n<meta property=\"article:published_time\" content=\"2025-12-31T00:54:22+00:00\" \/>\n<meta property=\"og:image\" content=\"https:\/\/www.prijedordanas.com\/wp-content\/uploads\/2025\/12\/kozarski-dragan-milojica-300x225.jpg\" \/>\n<meta name=\"author\" content=\"admin\" \/>\n<meta name=\"twitter:card\" content=\"summary_large_image\" \/>\n<meta name=\"twitter:label1\" content=\"Written by\" \/>\n\t<meta name=\"twitter:data1\" content=\"admin\" \/>\n<script type=\"application\/ld+json\" class=\"yoast-schema-graph\">{\"@context\":\"https:\/\/schema.org\",\"@graph\":[{\"@type\":\"Article\",\"@id\":\"https:\/\/www.prijedordanas.com\/?p=260185#article\",\"isPartOf\":{\"@id\":\"https:\/\/www.prijedordanas.com\/?p=260185\"},\"author\":{\"name\":\"admin\",\"@id\":\"https:\/\/www.prijedordanas.com\/#\/schema\/person\/4e08ccf29b506ca916ff86d46bb700e6\"},\"headline\":\"Dragan Milojica &#8211; na\u010delnik PU Prijedor: Podmla\u0111ivanjem kadra ja\u010damo kapacitete Policijske uprave\",\"datePublished\":\"2025-12-31T00:54:22+00:00\",\"dateModified\":\"2025-12-31T00:54:22+00:00\",\"mainEntityOfPage\":{\"@id\":\"https:\/\/www.prijedordanas.com\/?p=260185\"},\"wordCount\":668,\"publisher\":{\"@id\":\"https:\/\/www.prijedordanas.com\/#organization\"},\"articleSection\":[\"Svakodnevno\"],\"inLanguage\":\"en-US\"},{\"@type\":\"WebPage\",\"@id\":\"https:\/\/www.prijedordanas.com\/?p=260185\",\"url\":\"https:\/\/www.prijedordanas.com\/?p=260185\",\"name\":\"Dragan Milojica - na\u010delnik PU Prijedor: Podmla\u0111ivanjem kadra ja\u010damo kapacitete Policijske uprave - PrijedorDanas.com - Prijedorski gradski portal\",\"isPartOf\":{\"@id\":\"https:\/\/www.prijedordanas.com\/#website\"},\"datePublished\":\"2025-12-31T00:54:22+00:00\",\"dateModified\":\"2025-12-31T00:54:22+00:00\",\"breadcrumb\":{\"@id\":\"https:\/\/www.prijedordanas.com\/?p=260185#breadcrumb\"},\"inLanguage\":\"en-US\",\"potentialAction\":[{\"@type\":\"ReadAction\",\"target\":[\"https:\/\/www.prijedordanas.com\/?p=260185\"]}]},{\"@type\":\"BreadcrumbList\",\"@id\":\"https:\/\/www.prijedordanas.com\/?p=260185#breadcrumb\",\"itemListElement\":[{\"@type\":\"ListItem\",\"position\":1,\"name\":\"Home\",\"item\":\"https:\/\/www.prijedordanas.com\/\"},{\"@type\":\"ListItem\",\"position\":2,\"name\":\"Dragan Milojica &#8211; na\u010delnik PU Prijedor: Podmla\u0111ivanjem kadra ja\u010damo kapacitete Policijske uprave\"}]},{\"@type\":\"WebSite\",\"@id\":\"https:\/\/www.prijedordanas.com\/#website\",\"url\":\"https:\/\/www.prijedordanas.com\/\",\"name\":\"PrijedorDanas.com - Prijedorski gradski portal\",\"description\":\"Portal o doga\u0111anjima u gradu Prijedoru\",\"publisher\":{\"@id\":\"https:\/\/www.prijedordanas.com\/#organization\"},\"potentialAction\":[{\"@type\":\"SearchAction\",\"target\":{\"@type\":\"EntryPoint\",\"urlTemplate\":\"https:\/\/www.prijedordanas.com\/?s={search_term_string}\"},\"query-input\":\"required name=search_term_string\"}],\"inLanguage\":\"en-US\"},{\"@type\":\"Organization\",\"@id\":\"https:\/\/www.prijedordanas.com\/#organization\",\"name\":\"PrijedorDanas.com\",\"url\":\"https:\/\/www.prijedordanas.com\/\",\"logo\":{\"@type\":\"ImageObject\",\"inLanguage\":\"en-US\",\"@id\":\"https:\/\/www.prijedordanas.com\/#\/schema\/logo\/image\/\",\"url\":\"http:\/\/www.prijedordanas.com\/wp-content\/uploads\/2021\/12\/logopng.png\",\"contentUrl\":\"http:\/\/www.prijedordanas.com\/wp-content\/uploads\/2021\/12\/logopng.png\",\"width\":1019,\"height\":776,\"caption\":\"PrijedorDanas.com\"},\"image\":{\"@id\":\"https:\/\/www.prijedordanas.com\/#\/schema\/logo\/image\/\"},\"sameAs\":[\"https:\/\/www.facebook.com\/PrijedorDanasCom\/\"]},{\"@type\":\"Person\",\"@id\":\"https:\/\/www.prijedordanas.com\/#\/schema\/person\/4e08ccf29b506ca916ff86d46bb700e6\",\"name\":\"admin\",\"image\":{\"@type\":\"ImageObject\",\"inLanguage\":\"en-US\",\"@id\":\"https:\/\/www.prijedordanas.com\/#\/schema\/person\/image\/\",\"url\":\"https:\/\/secure.gravatar.com\/avatar\/1d3fc949d550f0b53a5f0d51e06dfd79?s=96&d=mm&r=g\",\"contentUrl\":\"https:\/\/secure.gravatar.com\/avatar\/1d3fc949d550f0b53a5f0d51e06dfd79?s=96&d=mm&r=g\",\"caption\":\"admin\"},\"url\":\"https:\/\/www.prijedordanas.com\/?author=1\"}]}<\/script>\n<!-- \/ Yoast SEO plugin. -->","yoast_head_json":{"title":"Dragan Milojica - na\u010delnik PU Prijedor: Podmla\u0111ivanjem kadra ja\u010damo kapacitete Policijske uprave - PrijedorDanas.com - Prijedorski gradski portal","robots":{"index":"index","follow":"follow","max-snippet":"max-snippet:-1","max-image-preview":"max-image-preview:large","max-video-preview":"max-video-preview:-1"},"canonical":"https:\/\/www.prijedordanas.com\/?p=260185","og_locale":"en_US","og_type":"article","og_title":"Dragan Milojica - na\u010delnik PU Prijedor: Podmla\u0111ivanjem kadra ja\u010damo kapacitete Policijske uprave - PrijedorDanas.com - Prijedorski gradski portal","og_description":"Jedno od va\u017enijih pitanja za gra\u0111ane jeste kako u njihovom okru\u017eenju rade pripadnici policije, te da li se i u kojoj mjeri osje\u0107aju sigurno i za\u0161ti\u0107eno. Na izmaku jo\u0161 jedne [&hellip;]","og_url":"https:\/\/www.prijedordanas.com\/?p=260185","og_site_name":"PrijedorDanas.com - Prijedorski gradski portal","article_publisher":"https:\/\/www.facebook.com\/PrijedorDanasCom\/","article_published_time":"2025-12-31T00:54:22+00:00","og_image":[{"url":"https:\/\/www.prijedordanas.com\/wp-content\/uploads\/2025\/12\/kozarski-dragan-milojica-300x225.jpg"}],"author":"admin","twitter_card":"summary_large_image","twitter_misc":{"Written by":"admin"},"schema":{"@context":"https:\/\/schema.org","@graph":[{"@type":"Article","@id":"https:\/\/www.prijedordanas.com\/?p=260185#article","isPartOf":{"@id":"https:\/\/www.prijedordanas.com\/?p=260185"},"author":{"name":"admin","@id":"https:\/\/www.prijedordanas.com\/#\/schema\/person\/4e08ccf29b506ca916ff86d46bb700e6"},"headline":"Dragan Milojica &#8211; na\u010delnik PU Prijedor: Podmla\u0111ivanjem kadra ja\u010damo kapacitete Policijske uprave","datePublished":"2025-12-31T00:54:22+00:00","dateModified":"2025-12-31T00:54:22+00:00","mainEntityOfPage":{"@id":"https:\/\/www.prijedordanas.com\/?p=260185"},"wordCount":668,"publisher":{"@id":"https:\/\/www.prijedordanas.com\/#organization"},"articleSection":["Svakodnevno"],"inLanguage":"en-US"},{"@type":"WebPage","@id":"https:\/\/www.prijedordanas.com\/?p=260185","url":"https:\/\/www.prijedordanas.com\/?p=260185","name":"Dragan Milojica - na\u010delnik PU Prijedor: Podmla\u0111ivanjem kadra ja\u010damo kapacitete Policijske uprave - PrijedorDanas.com - Prijedorski gradski portal","isPartOf":{"@id":"https:\/\/www.prijedordanas.com\/#website"},"datePublished":"2025-12-31T00:54:22+00:00","dateModified":"2025-12-31T00:54:22+00:00","breadcrumb":{"@id":"https:\/\/www.prijedordanas.com\/?p=260185#breadcrumb"},"inLanguage":"en-US","potentialAction":[{"@type":"ReadAction","target":["https:\/\/www.prijedordanas.com\/?p=260185"]}]},{"@type":"BreadcrumbList","@id":"https:\/\/www.prijedordanas.com\/?p=260185#breadcrumb","itemListElement":[{"@type":"ListItem","position":1,"name":"Home","item":"https:\/\/www.prijedordanas.com\/"},{"@type":"ListItem","position":2,"name":"Dragan Milojica &#8211; na\u010delnik PU Prijedor: Podmla\u0111ivanjem kadra ja\u010damo kapacitete Policijske uprave"}]},{"@type":"WebSite","@id":"https:\/\/www.prijedordanas.com\/#website","url":"https:\/\/www.prijedordanas.com\/","name":"PrijedorDanas.com - Prijedorski gradski portal","description":"Portal o doga\u0111anjima u gradu Prijedoru","publisher":{"@id":"https:\/\/www.prijedordanas.com\/#organization"},"potentialAction":[{"@type":"SearchAction","target":{"@type":"EntryPoint","urlTemplate":"https:\/\/www.prijedordanas.com\/?s={search_term_string}"},"query-input":"required name=search_term_string"}],"inLanguage":"en-US"},{"@type":"Organization","@id":"https:\/\/www.prijedordanas.com\/#organization","name":"PrijedorDanas.com","url":"https:\/\/www.prijedordanas.com\/","logo":{"@type":"ImageObject","inLanguage":"en-US","@id":"https:\/\/www.prijedordanas.com\/#\/schema\/logo\/image\/","url":"http:\/\/www.prijedordanas.com\/wp-content\/uploads\/2021\/12\/logopng.png","contentUrl":"http:\/\/www.prijedordanas.com\/wp-content\/uploads\/2021\/12\/logopng.png","width":1019,"height":776,"caption":"PrijedorDanas.com"},"image":{"@id":"https:\/\/www.prijedordanas.com\/#\/schema\/logo\/image\/"},"sameAs":["https:\/\/www.facebook.com\/PrijedorDanasCom\/"]},{"@type":"Person","@id":"https:\/\/www.prijedordanas.com\/#\/schema\/person\/4e08ccf29b506ca916ff86d46bb700e6","name":"admin","image":{"@type":"ImageObject","inLanguage":"en-US","@id":"https:\/\/www.prijedordanas.com\/#\/schema\/person\/image\/","url":"https:\/\/secure.gravatar.com\/avatar\/1d3fc949d550f0b53a5f0d51e06dfd79?s=96&d=mm&r=g","contentUrl":"https:\/\/secure.gravatar.com\/avatar\/1d3fc949d550f0b53a5f0d51e06dfd79?s=96&d=mm&r=g","caption":"admin"},"url":"https:\/\/www.prijedordanas.com\/?author=1"}]}},"_links":{"self":[{"href":"https:\/\/www.prijedordanas.com\/index.php?rest_route=\/wp\/v2\/posts\/260185"}],"collection":[{"href":"https:\/\/www.prijedordanas.com\/index.php?rest_route=\/wp\/v2\/posts"}],"about":[{"href":"https:\/\/www.prijedordanas.com\/index.php?rest_route=\/wp\/v2\/types\/post"}],"author":[{"embeddable":true,"href":"https:\/\/www.prijedordanas.com\/index.php?rest_route=\/wp\/v2\/users\/1"}],"replies":[{"embeddable":true,"href":"https:\/\/www.prijedordanas.com\/index.php?rest_route=%2Fwp%2Fv2%2Fcomments&post=260185"}],"version-history":[{"count":1,"href":"https:\/\/www.prijedordanas.com\/index.php?rest_route=\/wp\/v2\/posts\/260185\/revisions"}],"predecessor-version":[{"id":260187,"href":"https:\/\/www.prijedordanas.com\/index.php?rest_route=\/wp\/v2\/posts\/260185\/revisions\/260187"}],"wp:attachment":[{"href":"https:\/\/www.prijedordanas.com\/index.php?rest_route=%2Fwp%2Fv2%2Fmedia&parent=260185"}],"wp:term":[{"taxonomy":"category","embeddable":true,"href":"https:\/\/www.prijedordanas.com\/index.php?rest_route=%2Fwp%2Fv2%2Fcategories&post=260185"},{"taxonomy":"post_tag","embeddable":true,"href":"https:\/\/www.prijedordanas.com\/index.php?rest_route=%2Fwp%2Fv2%2Ftags&post=260185"}],"curies":[{"name":"wp","href":"https:\/\/api.w.org\/{rel}","templated":true}]}}