{"id":260173,"date":"2025-12-31T01:12:54","date_gmt":"2025-12-31T00:12:54","guid":{"rendered":"https:\/\/www.prijedordanas.com\/?p=260173"},"modified":"2025-12-31T01:12:54","modified_gmt":"2025-12-31T00:12:54","slug":"prijedorski-ugostitelji-spremni-za-novogodisnju-noc-video","status":"publish","type":"post","link":"https:\/\/www.prijedordanas.com\/?p=260173","title":{"rendered":"Prijedorski ugostitelji spremni za novogodi\u0161nju no\u0107 &#8211; VIDEO"},"content":{"rendered":"<p><a href=\"https:\/\/www.prijedordanas.com\/wp-content\/uploads\/2025\/12\/kozarski-intermezzo.jpg\"><img loading=\"lazy\" decoding=\"async\" class=\"alignleft size-medium wp-image-260178\" src=\"https:\/\/www.prijedordanas.com\/wp-content\/uploads\/2025\/12\/kozarski-intermezzo-300x225.jpg\" alt=\"\" width=\"300\" height=\"225\" srcset=\"https:\/\/www.prijedordanas.com\/wp-content\/uploads\/2025\/12\/kozarski-intermezzo-300x225.jpg 300w, https:\/\/www.prijedordanas.com\/wp-content\/uploads\/2025\/12\/kozarski-intermezzo-640x480.jpg 640w, https:\/\/www.prijedordanas.com\/wp-content\/uploads\/2025\/12\/kozarski-intermezzo.jpg 667w\" sizes=\"(max-width: 300px) 100vw, 300px\" \/><\/a>Do\u010dek Nove godine je mnogima idealan povod za zabavu i okupljanje s prijateljima u nekim od prijedorskih ugostiteljskih objekata.<\/p>\n<p>Ugostitelji spremno za do\u010dekuju goste u novogodi\u0161njoj no\u0107i, a cijene se kre\u0107u od 50 do 100 konvertibilnih maraka.<\/p>\n<p>Ipak, potra\u017enja za novogodi\u0161njim proslavama ne\u0161to je manja nego prethodnih godina.<\/p>\n<p>\u201eOrganizujemo, kao i svake godine, do\u010dek Nove godine. Bi\u0107e gala ve\u010dera i muzika u\u017eivo. Interesovanje je poprili\u010dno i ima jo\u0161 ne\u0161to slobodnih mjesta. Interesantno je da su svi ti dani oko Nove godine aktuelni zbog proslave i poslovne Nove godine manjih firmi, tako da je jednostavno \u017eivo ovih dana kod nas. Do\u0111e malo i dijaspora, tako da ima tu finog posla. Potrudimo se da ta gala ve\u010dera bude druga\u010dija u vi\u0161e slijedova, da se to sve polako konzumira bez neke \u017eurbe, kako bi na\u0161i gosti bili zadovoljni\u201c, ka\u017ee Goran Daki\u0107 vlasnik restorana \u201cPapa D\u017eo\u201d.<\/p>\n<p><a href=\"https:\/\/www.prijedordanas.com\/wp-content\/uploads\/2025\/12\/kozarski-goran-dakic.jpg\"><img loading=\"lazy\" decoding=\"async\" class=\"alignleft size-medium wp-image-260179\" src=\"https:\/\/www.prijedordanas.com\/wp-content\/uploads\/2025\/12\/kozarski-goran-dakic-300x225.jpg\" alt=\"\" width=\"300\" height=\"225\" srcset=\"https:\/\/www.prijedordanas.com\/wp-content\/uploads\/2025\/12\/kozarski-goran-dakic-300x225.jpg 300w, https:\/\/www.prijedordanas.com\/wp-content\/uploads\/2025\/12\/kozarski-goran-dakic-640x480.jpg 640w, https:\/\/www.prijedordanas.com\/wp-content\/uploads\/2025\/12\/kozarski-goran-dakic.jpg 667w\" sizes=\"(max-width: 300px) 100vw, 300px\" \/><\/a>Daki\u0107 isti\u010de da je cijena do\u010deka Nove godine 50 KM, a za tu cijenu osoblje ovog restorana obe\u0107ava odli\u010dnu zabavu za sve generacije.<\/p>\n<p>\u201cPonuda pi\u0107a je ja\u010da i trudimo se da zadovoljimo sve ukuse. Nemamo prostora za neke velike bendove, ali uglavnom neke duo bendove uspijemo na\u0107i tako da bude veselo uz malo popa, roka i narodne muzike, za sve generacije. Kod nas je cijena proslave 50 KM, uklju\u010duju\u0107i ve\u010deru i pi\u0107e dobrodo\u0161lice. Ako ne morate na neke proslave sa 1.000 ljudi na jednom mjestu, do\u0111ite u malu, prijatnu atmosferu na\u0161eg restorana gdje \u0107e biti oko 60 ljudi i gdje \u0107ete se ljep\u0161e provesti i dosta udobnije kao kod svoje ku\u0107e\u201d, ka\u017ee Daki\u0107.<\/p>\n<p>I kafe bar \u201cIntermeco\u201d spreman je za najlu\u0111u no\u0107. Sa ponosom isti\u010du da su popunjeni ne samo za do\u010dek Nove godine, ve\u0107 i ostale praznike u januaru.<\/p>\n<p><a href=\"https:\/\/www.prijedordanas.com\/wp-content\/uploads\/2025\/12\/kozarski-nemanja-reljic.jpg\"><img loading=\"lazy\" decoding=\"async\" src=\"https:\/\/www.prijedordanas.com\/wp-content\/uploads\/2025\/12\/kozarski-nemanja-reljic-300x225.jpg\" alt=\"\" width=\"300\" height=\"225\" class=\"alignleft size-medium wp-image-260180\" srcset=\"https:\/\/www.prijedordanas.com\/wp-content\/uploads\/2025\/12\/kozarski-nemanja-reljic-300x225.jpg 300w, https:\/\/www.prijedordanas.com\/wp-content\/uploads\/2025\/12\/kozarski-nemanja-reljic-640x480.jpg 640w, https:\/\/www.prijedordanas.com\/wp-content\/uploads\/2025\/12\/kozarski-nemanja-reljic.jpg 667w\" sizes=\"(max-width: 300px) 100vw, 300px\" \/><\/a>\u201eKod nas su pripreme ve\u0107 u punom jeku a \u0161to se rezervacija ti\u010de, ve\u0107 smo popunjeni za sve praznike. Organizovan je do\u010dek Nove godine i repriza, Badnji dan i Badnje ve\u010de, pravoslavna Nova godina, uz standardno na\u0161e dobre zabave petkom i vikendom. Sve je spremno \u0161to se nas ti\u010de. Prijedor ima raznovrsnu ponudu, ali mi smo svakako jedan od najboljih izbora. Do\u0111ite, \u010dekamo vas\u201d, rekao je Nemanja Relji\u0107, kafe bar \u201eIntermeco\u201d.<\/p>\n<p>Ve\u0107ina Prijedor\u010dana ka\u017ee da \u0107e, i pored raznovrsne ponude ugostitelja, Novu godinu do\u010dekati u krugu svoje porodice.<\/p>\n<p>\u201eOvaj put \u0107u Novu godinu proslaviti u krugu porodice. Kod ku\u0107e je najljep\u0161e.\u201d<\/p>\n<p>\u201eNisam planirala da idem nigdje, ostajem ku\u0107i sa svojim unu\u010di\u0107ima.\u201d<\/p>\n<p>\u201eJa \u0107u Novu godinu proslaviti sa dru\u0161tvom i svojim roditeljima.\u201d<\/p>\n<p>\u201eIdemo u kafi\u0107 jedan ovdje, sa dru\u0161tvom, uz muziku u\u017eivo.\u201d<\/p>\n<p>\u201eOve godine idem sa suprugom u salon \u201eKosta\u201d, imamo veliko dru\u0161tvo i svira dobar bend \u201eRemix\u201d.<\/p>\n<p>Pored raznovrsne ponude ugostitelja, Grad Prijedor je i ove godine pripremio bogat program na otvorenom u sklopu \u201ePrijedorske zime\u201d. U novogodi\u0161njoj no\u0107i Prijedor\u010dane \u0107e zabavljati DJ Marko Kralj, bend \u201eRikaveri\u201d, Aleksandar Duli\u0107 i Sara Bibi\u0107.<\/p>\n<p><a href=\"https:\/\/kozarski.com\/prijedorski-ugostitelji-spremni-za-novogodisnju-noc\/\" target=\"_blank\" rel=\"noopener\">kozarski.com<\/a><\/p>\n<p><iframe loading=\"lazy\" title=\"PRIJEDORSKI UGOSTITELJI SPREMNI ZA NOVOGODI\u0160NJU NO\u0106\" width=\"500\" height=\"281\" src=\"https:\/\/www.youtube.com\/embed\/qldHSP8BCc0?feature=oembed\" frameborder=\"0\" allow=\"accelerometer; autoplay; clipboard-write; encrypted-media; gyroscope; picture-in-picture; web-share\" referrerpolicy=\"strict-origin-when-cross-origin\" allowfullscreen><\/iframe><\/p>\n","protected":false},"excerpt":{"rendered":"<p>Do\u010dek Nove godine je mnogima idealan povod za zabavu i okupljanje s prijateljima u nekim od prijedorskih ugostiteljskih objekata. Ugostitelji spremno za do\u010dekuju goste u novogodi\u0161njoj no\u0107i, a cijene se [&hellip;]<\/p>\n","protected":false},"author":1,"featured_media":0,"comment_status":"closed","ping_status":"open","sticky":false,"template":"","format":"standard","meta":{"_monsterinsights_skip_tracking":false,"_monsterinsights_sitenote_active":false,"_monsterinsights_sitenote_note":"","_monsterinsights_sitenote_category":0,"footnotes":""},"categories":[4],"tags":[],"yoast_head":"<!-- This site is optimized with the Yoast SEO plugin v21.6 - https:\/\/yoast.com\/wordpress\/plugins\/seo\/ -->\n<title>Prijedorski ugostitelji spremni za novogodi\u0161nju no\u0107 - VIDEO - PrijedorDanas.com - Prijedorski gradski portal<\/title>\n<meta name=\"robots\" content=\"index, follow, max-snippet:-1, max-image-preview:large, max-video-preview:-1\" \/>\n<link rel=\"canonical\" href=\"https:\/\/www.prijedordanas.com\/?p=260173\" \/>\n<meta property=\"og:locale\" content=\"en_US\" \/>\n<meta property=\"og:type\" content=\"article\" \/>\n<meta property=\"og:title\" content=\"Prijedorski ugostitelji spremni za novogodi\u0161nju no\u0107 - VIDEO - PrijedorDanas.com - Prijedorski gradski portal\" \/>\n<meta property=\"og:description\" content=\"Do\u010dek Nove godine je mnogima idealan povod za zabavu i okupljanje s prijateljima u nekim od prijedorskih ugostiteljskih objekata. Ugostitelji spremno za do\u010dekuju goste u novogodi\u0161njoj no\u0107i, a cijene se [&hellip;]\" \/>\n<meta property=\"og:url\" content=\"https:\/\/www.prijedordanas.com\/?p=260173\" \/>\n<meta property=\"og:site_name\" content=\"PrijedorDanas.com - Prijedorski gradski portal\" \/>\n<meta property=\"article:publisher\" content=\"https:\/\/www.facebook.com\/PrijedorDanasCom\/\" \/>\n<meta property=\"article:published_time\" content=\"2025-12-31T00:12:54+00:00\" \/>\n<meta property=\"og:image\" content=\"https:\/\/www.prijedordanas.com\/wp-content\/uploads\/2025\/12\/kozarski-intermezzo-300x225.jpg\" \/>\n<meta name=\"author\" content=\"admin\" \/>\n<meta name=\"twitter:card\" content=\"summary_large_image\" \/>\n<meta name=\"twitter:label1\" content=\"Written by\" \/>\n\t<meta name=\"twitter:data1\" content=\"admin\" \/>\n\t<meta name=\"twitter:label2\" content=\"Est. reading time\" \/>\n\t<meta name=\"twitter:data2\" content=\"3 minutes\" \/>\n<script type=\"application\/ld+json\" class=\"yoast-schema-graph\">{\"@context\":\"https:\/\/schema.org\",\"@graph\":[{\"@type\":\"Article\",\"@id\":\"https:\/\/www.prijedordanas.com\/?p=260173#article\",\"isPartOf\":{\"@id\":\"https:\/\/www.prijedordanas.com\/?p=260173\"},\"author\":{\"name\":\"admin\",\"@id\":\"https:\/\/www.prijedordanas.com\/#\/schema\/person\/4e08ccf29b506ca916ff86d46bb700e6\"},\"headline\":\"Prijedorski ugostitelji spremni za novogodi\u0161nju no\u0107 &#8211; VIDEO\",\"datePublished\":\"2025-12-31T00:12:54+00:00\",\"dateModified\":\"2025-12-31T00:12:54+00:00\",\"mainEntityOfPage\":{\"@id\":\"https:\/\/www.prijedordanas.com\/?p=260173\"},\"wordCount\":541,\"publisher\":{\"@id\":\"https:\/\/www.prijedordanas.com\/#organization\"},\"articleSection\":[\"Dru\u0161tvo\"],\"inLanguage\":\"en-US\"},{\"@type\":\"WebPage\",\"@id\":\"https:\/\/www.prijedordanas.com\/?p=260173\",\"url\":\"https:\/\/www.prijedordanas.com\/?p=260173\",\"name\":\"Prijedorski ugostitelji spremni za novogodi\u0161nju no\u0107 - VIDEO - PrijedorDanas.com - Prijedorski gradski portal\",\"isPartOf\":{\"@id\":\"https:\/\/www.prijedordanas.com\/#website\"},\"datePublished\":\"2025-12-31T00:12:54+00:00\",\"dateModified\":\"2025-12-31T00:12:54+00:00\",\"breadcrumb\":{\"@id\":\"https:\/\/www.prijedordanas.com\/?p=260173#breadcrumb\"},\"inLanguage\":\"en-US\",\"potentialAction\":[{\"@type\":\"ReadAction\",\"target\":[\"https:\/\/www.prijedordanas.com\/?p=260173\"]}]},{\"@type\":\"BreadcrumbList\",\"@id\":\"https:\/\/www.prijedordanas.com\/?p=260173#breadcrumb\",\"itemListElement\":[{\"@type\":\"ListItem\",\"position\":1,\"name\":\"Home\",\"item\":\"https:\/\/www.prijedordanas.com\/\"},{\"@type\":\"ListItem\",\"position\":2,\"name\":\"Prijedorski ugostitelji spremni za novogodi\u0161nju no\u0107 &#8211; VIDEO\"}]},{\"@type\":\"WebSite\",\"@id\":\"https:\/\/www.prijedordanas.com\/#website\",\"url\":\"https:\/\/www.prijedordanas.com\/\",\"name\":\"PrijedorDanas.com - Prijedorski gradski portal\",\"description\":\"Portal o doga\u0111anjima u gradu Prijedoru\",\"publisher\":{\"@id\":\"https:\/\/www.prijedordanas.com\/#organization\"},\"potentialAction\":[{\"@type\":\"SearchAction\",\"target\":{\"@type\":\"EntryPoint\",\"urlTemplate\":\"https:\/\/www.prijedordanas.com\/?s={search_term_string}\"},\"query-input\":\"required name=search_term_string\"}],\"inLanguage\":\"en-US\"},{\"@type\":\"Organization\",\"@id\":\"https:\/\/www.prijedordanas.com\/#organization\",\"name\":\"PrijedorDanas.com\",\"url\":\"https:\/\/www.prijedordanas.com\/\",\"logo\":{\"@type\":\"ImageObject\",\"inLanguage\":\"en-US\",\"@id\":\"https:\/\/www.prijedordanas.com\/#\/schema\/logo\/image\/\",\"url\":\"http:\/\/www.prijedordanas.com\/wp-content\/uploads\/2021\/12\/logopng.png\",\"contentUrl\":\"http:\/\/www.prijedordanas.com\/wp-content\/uploads\/2021\/12\/logopng.png\",\"width\":1019,\"height\":776,\"caption\":\"PrijedorDanas.com\"},\"image\":{\"@id\":\"https:\/\/www.prijedordanas.com\/#\/schema\/logo\/image\/\"},\"sameAs\":[\"https:\/\/www.facebook.com\/PrijedorDanasCom\/\"]},{\"@type\":\"Person\",\"@id\":\"https:\/\/www.prijedordanas.com\/#\/schema\/person\/4e08ccf29b506ca916ff86d46bb700e6\",\"name\":\"admin\",\"image\":{\"@type\":\"ImageObject\",\"inLanguage\":\"en-US\",\"@id\":\"https:\/\/www.prijedordanas.com\/#\/schema\/person\/image\/\",\"url\":\"https:\/\/secure.gravatar.com\/avatar\/1d3fc949d550f0b53a5f0d51e06dfd79?s=96&d=mm&r=g\",\"contentUrl\":\"https:\/\/secure.gravatar.com\/avatar\/1d3fc949d550f0b53a5f0d51e06dfd79?s=96&d=mm&r=g\",\"caption\":\"admin\"},\"url\":\"https:\/\/www.prijedordanas.com\/?author=1\"}]}<\/script>\n<!-- \/ Yoast SEO plugin. -->","yoast_head_json":{"title":"Prijedorski ugostitelji spremni za novogodi\u0161nju no\u0107 - VIDEO - PrijedorDanas.com - Prijedorski gradski portal","robots":{"index":"index","follow":"follow","max-snippet":"max-snippet:-1","max-image-preview":"max-image-preview:large","max-video-preview":"max-video-preview:-1"},"canonical":"https:\/\/www.prijedordanas.com\/?p=260173","og_locale":"en_US","og_type":"article","og_title":"Prijedorski ugostitelji spremni za novogodi\u0161nju no\u0107 - VIDEO - PrijedorDanas.com - Prijedorski gradski portal","og_description":"Do\u010dek Nove godine je mnogima idealan povod za zabavu i okupljanje s prijateljima u nekim od prijedorskih ugostiteljskih objekata. Ugostitelji spremno za do\u010dekuju goste u novogodi\u0161njoj no\u0107i, a cijene se [&hellip;]","og_url":"https:\/\/www.prijedordanas.com\/?p=260173","og_site_name":"PrijedorDanas.com - Prijedorski gradski portal","article_publisher":"https:\/\/www.facebook.com\/PrijedorDanasCom\/","article_published_time":"2025-12-31T00:12:54+00:00","og_image":[{"url":"https:\/\/www.prijedordanas.com\/wp-content\/uploads\/2025\/12\/kozarski-intermezzo-300x225.jpg"}],"author":"admin","twitter_card":"summary_large_image","twitter_misc":{"Written by":"admin","Est. reading time":"3 minutes"},"schema":{"@context":"https:\/\/schema.org","@graph":[{"@type":"Article","@id":"https:\/\/www.prijedordanas.com\/?p=260173#article","isPartOf":{"@id":"https:\/\/www.prijedordanas.com\/?p=260173"},"author":{"name":"admin","@id":"https:\/\/www.prijedordanas.com\/#\/schema\/person\/4e08ccf29b506ca916ff86d46bb700e6"},"headline":"Prijedorski ugostitelji spremni za novogodi\u0161nju no\u0107 &#8211; VIDEO","datePublished":"2025-12-31T00:12:54+00:00","dateModified":"2025-12-31T00:12:54+00:00","mainEntityOfPage":{"@id":"https:\/\/www.prijedordanas.com\/?p=260173"},"wordCount":541,"publisher":{"@id":"https:\/\/www.prijedordanas.com\/#organization"},"articleSection":["Dru\u0161tvo"],"inLanguage":"en-US"},{"@type":"WebPage","@id":"https:\/\/www.prijedordanas.com\/?p=260173","url":"https:\/\/www.prijedordanas.com\/?p=260173","name":"Prijedorski ugostitelji spremni za novogodi\u0161nju no\u0107 - VIDEO - PrijedorDanas.com - Prijedorski gradski portal","isPartOf":{"@id":"https:\/\/www.prijedordanas.com\/#website"},"datePublished":"2025-12-31T00:12:54+00:00","dateModified":"2025-12-31T00:12:54+00:00","breadcrumb":{"@id":"https:\/\/www.prijedordanas.com\/?p=260173#breadcrumb"},"inLanguage":"en-US","potentialAction":[{"@type":"ReadAction","target":["https:\/\/www.prijedordanas.com\/?p=260173"]}]},{"@type":"BreadcrumbList","@id":"https:\/\/www.prijedordanas.com\/?p=260173#breadcrumb","itemListElement":[{"@type":"ListItem","position":1,"name":"Home","item":"https:\/\/www.prijedordanas.com\/"},{"@type":"ListItem","position":2,"name":"Prijedorski ugostitelji spremni za novogodi\u0161nju no\u0107 &#8211; VIDEO"}]},{"@type":"WebSite","@id":"https:\/\/www.prijedordanas.com\/#website","url":"https:\/\/www.prijedordanas.com\/","name":"PrijedorDanas.com - Prijedorski gradski portal","description":"Portal o doga\u0111anjima u gradu Prijedoru","publisher":{"@id":"https:\/\/www.prijedordanas.com\/#organization"},"potentialAction":[{"@type":"SearchAction","target":{"@type":"EntryPoint","urlTemplate":"https:\/\/www.prijedordanas.com\/?s={search_term_string}"},"query-input":"required name=search_term_string"}],"inLanguage":"en-US"},{"@type":"Organization","@id":"https:\/\/www.prijedordanas.com\/#organization","name":"PrijedorDanas.com","url":"https:\/\/www.prijedordanas.com\/","logo":{"@type":"ImageObject","inLanguage":"en-US","@id":"https:\/\/www.prijedordanas.com\/#\/schema\/logo\/image\/","url":"http:\/\/www.prijedordanas.com\/wp-content\/uploads\/2021\/12\/logopng.png","contentUrl":"http:\/\/www.prijedordanas.com\/wp-content\/uploads\/2021\/12\/logopng.png","width":1019,"height":776,"caption":"PrijedorDanas.com"},"image":{"@id":"https:\/\/www.prijedordanas.com\/#\/schema\/logo\/image\/"},"sameAs":["https:\/\/www.facebook.com\/PrijedorDanasCom\/"]},{"@type":"Person","@id":"https:\/\/www.prijedordanas.com\/#\/schema\/person\/4e08ccf29b506ca916ff86d46bb700e6","name":"admin","image":{"@type":"ImageObject","inLanguage":"en-US","@id":"https:\/\/www.prijedordanas.com\/#\/schema\/person\/image\/","url":"https:\/\/secure.gravatar.com\/avatar\/1d3fc949d550f0b53a5f0d51e06dfd79?s=96&d=mm&r=g","contentUrl":"https:\/\/secure.gravatar.com\/avatar\/1d3fc949d550f0b53a5f0d51e06dfd79?s=96&d=mm&r=g","caption":"admin"},"url":"https:\/\/www.prijedordanas.com\/?author=1"}]}},"_links":{"self":[{"href":"https:\/\/www.prijedordanas.com\/index.php?rest_route=\/wp\/v2\/posts\/260173"}],"collection":[{"href":"https:\/\/www.prijedordanas.com\/index.php?rest_route=\/wp\/v2\/posts"}],"about":[{"href":"https:\/\/www.prijedordanas.com\/index.php?rest_route=\/wp\/v2\/types\/post"}],"author":[{"embeddable":true,"href":"https:\/\/www.prijedordanas.com\/index.php?rest_route=\/wp\/v2\/users\/1"}],"replies":[{"embeddable":true,"href":"https:\/\/www.prijedordanas.com\/index.php?rest_route=%2Fwp%2Fv2%2Fcomments&post=260173"}],"version-history":[{"count":2,"href":"https:\/\/www.prijedordanas.com\/index.php?rest_route=\/wp\/v2\/posts\/260173\/revisions"}],"predecessor-version":[{"id":260181,"href":"https:\/\/www.prijedordanas.com\/index.php?rest_route=\/wp\/v2\/posts\/260173\/revisions\/260181"}],"wp:attachment":[{"href":"https:\/\/www.prijedordanas.com\/index.php?rest_route=%2Fwp%2Fv2%2Fmedia&parent=260173"}],"wp:term":[{"taxonomy":"category","embeddable":true,"href":"https:\/\/www.prijedordanas.com\/index.php?rest_route=%2Fwp%2Fv2%2Fcategories&post=260173"},{"taxonomy":"post_tag","embeddable":true,"href":"https:\/\/www.prijedordanas.com\/index.php?rest_route=%2Fwp%2Fv2%2Ftags&post=260173"}],"curies":[{"name":"wp","href":"https:\/\/api.w.org\/{rel}","templated":true}]}}