{"id":26008,"date":"2015-07-16T18:22:54","date_gmt":"2015-07-16T17:22:54","guid":{"rendered":"https:\/\/www.prijedordanas.com\/?p=26008"},"modified":"2015-07-16T18:22:54","modified_gmt":"2015-07-16T17:22:54","slug":"medunarodna-izlozba-pasa-prijedor-2015-rezultati-foto-video","status":"publish","type":"post","link":"https:\/\/www.prijedordanas.com\/?p=26008","title":{"rendered":"ME\u0110UNARODNA IZLO\u017dBA PASA PRIJEDOR 2015 \u2013 REZULTATI \u2013 FOTO \u2013 VIDEO"},"content":{"rendered":"<p><a href=\"https:\/\/www.prijedordanas.com\/wp-content\/uploads\/2015\/07\/cacib-prijedor-2015-pobjednici-1.jpg\"><img loading=\"lazy\" decoding=\"async\" class=\"alignleft size-medium wp-image-26009\" src=\"https:\/\/www.prijedordanas.com\/wp-content\/uploads\/2015\/07\/cacib-prijedor-2015-pobjednici-1-300x199.jpg\" alt=\"cacib prijedor 2015-pobjednici (1)\" width=\"300\" height=\"199\" srcset=\"https:\/\/www.prijedordanas.com\/wp-content\/uploads\/2015\/07\/cacib-prijedor-2015-pobjednici-1-300x199.jpg 300w, https:\/\/www.prijedordanas.com\/wp-content\/uploads\/2015\/07\/cacib-prijedor-2015-pobjednici-1-150x100.jpg 150w, https:\/\/www.prijedordanas.com\/wp-content\/uploads\/2015\/07\/cacib-prijedor-2015-pobjednici-1-200x133.jpg 200w, https:\/\/www.prijedordanas.com\/wp-content\/uploads\/2015\/07\/cacib-prijedor-2015-pobjednici-1-250x166.jpg 250w, https:\/\/www.prijedordanas.com\/wp-content\/uploads\/2015\/07\/cacib-prijedor-2015-pobjednici-1-480x320.jpg 480w, https:\/\/www.prijedordanas.com\/wp-content\/uploads\/2015\/07\/cacib-prijedor-2015-pobjednici-1.jpg 702w\" sizes=\"(max-width: 300px) 100vw, 300px\" \/><\/a>Krajem juna mjeseca u Prijedoru je odr\u017eana Me\u0111unarodna izlo\u017eba pasa Prijedor 2015.<\/p>\n<p>Organizator izlo\u017ebe bilo je Kinolo\u0161ko dru\u0161tvo \u201ePrijedor\u201c uz pomo\u0107 Kinolo\u0161kog saveza Republike Srpske a u\u010destvovalo je 230 pasa iz deset zemalja.<\/p>\n<p>BIS<br \/>\n1. AUPA MULLHOLD DRIVE \u2013 Zlatni retriver, vl.Ivan Jure\u0161ko<br \/>\n2. MultiCH AFRICAN RAINBOW&#8217;S DIMBA \u2013 Basenji, vl.Hans J\u00fcrgen Koch<br \/>\n3. DESERT EAGLE SPUNK GANG \u2013 Cane Corso, vl.Spunk Gang Kennel<\/p>\n<p>JBIS<br \/>\n1. FAIR AND SQUARTE DREAMFINDER \u2013 Australijski ov\u010darski pas, vl. Francisca Pierino<br \/>\n2. CENTA \u2013 Crnogorski planinski goni\u010d, vl. Milan Grab<br \/>\n3. OF HYRULE PEACES OF HEART \u2013 Mops, vl. MarinelaKara\u0161i\u0107 I Ronald Neki\u0107<\/p>\n<p>JUNIOR HANDLING<br \/>\n1. Jovana Baro\u0161 \u2013 Njema\u010dki mali \u0161pic<br \/>\n2. Jovana Kantar \u2013 \u0160kotski ov\u010dar<br \/>\n3. Sara Medi\u0107 \u2013 Kovrd\u017eavi bi\u0161on<\/p>\n<p>\u0160TENAD (3-6 MJESECI)<br \/>\n1. LACRIMA CHRISTI CAN&#8217;TSTOP ME \u2013 Dalmatinac, vl. Anita i \u017deljkoRadi\u0107<br \/>\n2. HERO FROM LAB&#8217;S HOUSE BL \u2013 Labrador retriver, vl. Luka Pilipovi\u0107<br \/>\n3. GABI OD KU\u0106E DON \u2013 Francuski buldog, vl.An\u0111ela Novakovi\u0107<\/p>\n<p>NAJMLA\u0110I (6-9 MJESECI)<br \/>\n1. DAULOKKE&#8217;S HOPTEMIST DE DANOIS \u2013 Francuski buldog, vl.Orange Frenchies Kennel<br \/>\n2. WOLF \u2013 Crnogorski planinski goni\u010d, vl.Milan Grab<br \/>\n3. MILLUBIE VANILLA SKY \u2013 Dugodlaki \u0161kotski ov\u010dar, vl.Dragana \u0110uri\u0107<\/p>\n<p>VETERANI<br \/>\n1. MultiCH AFRICAN RAINBOW&#8217;S DIMBA\u2013 Basenji, vl.Hans J\u00fcrgen Koch<br \/>\n2. SAMBA RISA END CAN OF DALMATIE \u2013 \u0160i Cu, vl.Mirela Todori\u0107<br \/>\n3. ELONA-\u0160ARA \u2013 Tornjak, vl.Stipo Jeli\u0107 \u2013 \u0160tef<\/p>\n<p>PAROVI<br \/>\n1. \u0160I CU, vl.Ru\u017eica \u0160urmanovi\u0107<br \/>\n2. PATULJASTI KONTINENTALNI EPANJEL &#8211; PAPILON, vl. Boris Suri\u0107<br \/>\n3. SLOVA\u010cKI KOPOVI \u2013 vl.Mevludin Omer\u010di\u0107<\/p>\n<p>GRUPE<br \/>\n1. TORNJACI \u2013 vl.StipoJeli\u0107-\u0160tef<\/p>\n<p>I FCI GRUPA<br \/>\n1. FAIR AND SQUARTE DREAMFINDER \u2013 Australijski ov\u010darski pas, vl. Francisca Pierino<br \/>\n2. MALNATRUS DEL REGISOLE \u2013 Dugodlaki \u0161kotski ov\u010dar, vl.RagazziGiampiero<br \/>\n3. GONZO VON MATYHAUS \u2013 Njema\u010dki ov\u010dar, vl.DaliborStaj\u010di\u0107<\/p>\n<p>II FCI GRUPA<br \/>\n1. DESERT EAGLE SPUNK GANG \u2013 Cane Corso, vl. Spunk Gang Kennel<br \/>\n2. ARES VELIKOLEPNY IZ YRALSKOY MECHTI \u2013 Crniruski terijer, vl.K. Tumanishvili<br \/>\n3. SAT&#8217;ELITE VAN HELSING \u2013 Njema\u010dki bokser, vl. E. Gornova<\/p>\n<p>III FCI GRUPA<br \/>\n1. SHON \u2013 Jork\u0161ir terijer, vl.Anita Valjevac<br \/>\n2. FOXI-MAXI IGOR \u2013 Kratkodlaki foksterijer, vl.EszterPetres<br \/>\n3. ASH \u2013 Bulterijer, vl.Andrea Galeti\u0107<\/p>\n<p>IV GRUPA<br \/>\n1. MINIDOGLAND EL CASTRO \u2013 Jazavi\u010dar kuni\u0107ar kratkodlaki, vl.Emir Halimi\u0107<br \/>\n2. ARKA-DIKSI \u2013 Jazavi\u010dar normalni o\u0161trodlaki, vl.Neboj\u0161a \u0160vraka<\/p>\n<p>V FCI GRUPA<br \/>\n1. MultiCH AFRICAN RAINBOW&#8217;S DIMBA \u2013 Basenji, vl.Hans J\u00fcrgen Koch<br \/>\n2. MultiCH FALLSCREEK&#8217;S KUMO BEAR \u2013 \u0160iba, vl.Freddy Dhondt-Brisson<br \/>\n3. SID-LEO \u2013 Njema\u010dki mali \u0161pic, vl.\u017deljkoMatuha<\/p>\n<p>VI FCI GRUPA<br \/>\n1. LAV GRME\u010cKI ORAO \u2013 Srpski goni\u010d, vl.Bo\u0161ko Brklja\u010d<br \/>\n2. CENTA \u2013 Crnogorski planinski goni\u010d, vl. Milan Grab<br \/>\n3. LACRIMA CHRISTI CR\u00c8ME DE LA CREME \u2013 Dalmatinac, vl.Anita i \u017deljko Radi\u0107<\/p>\n<p>VII FCI GRUPA<br \/>\n1. AFRO \u2013 Njema\u010dki kratkodlaki pti\u010dar, vl.\u017deljko Plavljanin<\/p>\n<p>VIII FCI GRUPA<br \/>\n1. AUPA MULLHOLD DRIVE \u2013 Zlatni retriver, vl. Ivan Jure\u0161ko<br \/>\n2. MELODY LAB&#8217;S HOUSE BL RETRIVER BY DIANA \u2013 Labrador retriver, vl.Du\u0161ko Savi\u0107<br \/>\n3. EXOTIC NIGHT Z MOKRE HORY \u2013 Ravnodlaki retriver, vl.Sona Axmanova<\/p>\n<p>IX FCI GRUPA<br \/>\n1. CH NICOLASS SNEZENKY Z MADAGASKARU \u2013 Coton de Tulear, vl.Mi\u0161ela Poljanec<br \/>\n2. JOYFUL PHOENIX FOR THE LAST DOM \u2013 Mops, vl.The Last Don Kennel<br \/>\n3. POUR-LA GRANDE JOIE FOR ORANGE FRENCHIES BONA-LEE \u2013 Francuskibuldog,<br \/>\nvl.Orange Frenchies Kennel<br \/>\nX FCI GRUPA<br \/>\n1. DANCING IN THE LIGHT KRYLOV \u2013 Ruskihrt-Barzoj, vl.Musso Jean Francois<br \/>\n2. KRA KRA KOMARSKI \u2013 Vipet, vl.Ale\u0161 Hvala i Barbara \u0160trukelj<\/p>\n<p>NAJLJEP\u0160I GONI\u010c \u2013 IZBOR U \u010cAST VLADIMIRA KOVA\u010cEVI\u0106A<br \/>\nCENTA \u2013 Crnogorski planinski goni\u010d, vl. Milan Grab<\/p>\n<p>Tekst &#8211; Kinolo\u0161ki savez Republike Srpske<br \/>\nFoto &#8211; Aleksandar Drakuli\u0107 \u2013 <a href=\"www.prijedordanas.com\" target=\"_blank\">www.prijedordanas.com<\/a><br \/>\nVideo \u2013 RTRS<\/p>\n<p><iframe loading=\"lazy\" width=\"500\" height=\"375\" src=\"https:\/\/www.youtube.com\/embed\/Nsr08qc6FLY?feature=oembed\" frameborder=\"0\" allowfullscreen><\/iframe><\/p>\n<p><a href=\"https:\/\/www.prijedordanas.com\/wp-content\/uploads\/2015\/07\/cacib-prijedor-2015-pobjednici-2.jpg\"><img loading=\"lazy\" decoding=\"async\" class=\"alignleft size-medium wp-image-26010\" src=\"https:\/\/www.prijedordanas.com\/wp-content\/uploads\/2015\/07\/cacib-prijedor-2015-pobjednici-2-300x199.jpg\" alt=\"cacib prijedor 2015-pobjednici (2)\" width=\"300\" height=\"199\" srcset=\"https:\/\/www.prijedordanas.com\/wp-content\/uploads\/2015\/07\/cacib-prijedor-2015-pobjednici-2-300x199.jpg 300w, https:\/\/www.prijedordanas.com\/wp-content\/uploads\/2015\/07\/cacib-prijedor-2015-pobjednici-2-150x100.jpg 150w, https:\/\/www.prijedordanas.com\/wp-content\/uploads\/2015\/07\/cacib-prijedor-2015-pobjednici-2-200x133.jpg 200w, https:\/\/www.prijedordanas.com\/wp-content\/uploads\/2015\/07\/cacib-prijedor-2015-pobjednici-2-250x166.jpg 250w, https:\/\/www.prijedordanas.com\/wp-content\/uploads\/2015\/07\/cacib-prijedor-2015-pobjednici-2-480x320.jpg 480w, https:\/\/www.prijedordanas.com\/wp-content\/uploads\/2015\/07\/cacib-prijedor-2015-pobjednici-2.jpg 702w\" sizes=\"(max-width: 300px) 100vw, 300px\" \/><\/a> <a href=\"https:\/\/www.prijedordanas.com\/wp-content\/uploads\/2015\/07\/cacib-prijedor-2015-pobjednici-3.jpg\"><img loading=\"lazy\" decoding=\"async\" class=\"alignleft size-medium wp-image-26011\" src=\"https:\/\/www.prijedordanas.com\/wp-content\/uploads\/2015\/07\/cacib-prijedor-2015-pobjednici-3-300x199.jpg\" alt=\"cacib prijedor 2015-pobjednici (3)\" width=\"300\" height=\"199\" srcset=\"https:\/\/www.prijedordanas.com\/wp-content\/uploads\/2015\/07\/cacib-prijedor-2015-pobjednici-3-300x199.jpg 300w, https:\/\/www.prijedordanas.com\/wp-content\/uploads\/2015\/07\/cacib-prijedor-2015-pobjednici-3-150x100.jpg 150w, https:\/\/www.prijedordanas.com\/wp-content\/uploads\/2015\/07\/cacib-prijedor-2015-pobjednici-3-200x133.jpg 200w, https:\/\/www.prijedordanas.com\/wp-content\/uploads\/2015\/07\/cacib-prijedor-2015-pobjednici-3-250x166.jpg 250w, https:\/\/www.prijedordanas.com\/wp-content\/uploads\/2015\/07\/cacib-prijedor-2015-pobjednici-3-480x320.jpg 480w, https:\/\/www.prijedordanas.com\/wp-content\/uploads\/2015\/07\/cacib-prijedor-2015-pobjednici-3.jpg 702w\" sizes=\"(max-width: 300px) 100vw, 300px\" \/><\/a> <a href=\"https:\/\/www.prijedordanas.com\/wp-content\/uploads\/2015\/07\/cacib-prijedor-2015-pobjednici-4.jpg\"><img loading=\"lazy\" decoding=\"async\" class=\"alignleft size-medium wp-image-26012\" src=\"https:\/\/www.prijedordanas.com\/wp-content\/uploads\/2015\/07\/cacib-prijedor-2015-pobjednici-4-300x199.jpg\" alt=\"cacib prijedor 2015-pobjednici (4)\" width=\"300\" height=\"199\" srcset=\"https:\/\/www.prijedordanas.com\/wp-content\/uploads\/2015\/07\/cacib-prijedor-2015-pobjednici-4-300x199.jpg 300w, https:\/\/www.prijedordanas.com\/wp-content\/uploads\/2015\/07\/cacib-prijedor-2015-pobjednici-4-150x100.jpg 150w, https:\/\/www.prijedordanas.com\/wp-content\/uploads\/2015\/07\/cacib-prijedor-2015-pobjednici-4-200x133.jpg 200w, https:\/\/www.prijedordanas.com\/wp-content\/uploads\/2015\/07\/cacib-prijedor-2015-pobjednici-4-250x166.jpg 250w, https:\/\/www.prijedordanas.com\/wp-content\/uploads\/2015\/07\/cacib-prijedor-2015-pobjednici-4-480x320.jpg 480w, https:\/\/www.prijedordanas.com\/wp-content\/uploads\/2015\/07\/cacib-prijedor-2015-pobjednici-4.jpg 702w\" sizes=\"(max-width: 300px) 100vw, 300px\" \/><\/a> <a href=\"https:\/\/www.prijedordanas.com\/wp-content\/uploads\/2015\/07\/cacib-prijedor-2015-pobjednici-5.jpg\"><img loading=\"lazy\" decoding=\"async\" class=\"alignleft size-medium wp-image-26013\" src=\"https:\/\/www.prijedordanas.com\/wp-content\/uploads\/2015\/07\/cacib-prijedor-2015-pobjednici-5-300x199.jpg\" alt=\"cacib prijedor 2015-pobjednici (5)\" width=\"300\" height=\"199\" srcset=\"https:\/\/www.prijedordanas.com\/wp-content\/uploads\/2015\/07\/cacib-prijedor-2015-pobjednici-5-300x199.jpg 300w, https:\/\/www.prijedordanas.com\/wp-content\/uploads\/2015\/07\/cacib-prijedor-2015-pobjednici-5-150x100.jpg 150w, https:\/\/www.prijedordanas.com\/wp-content\/uploads\/2015\/07\/cacib-prijedor-2015-pobjednici-5-200x133.jpg 200w, https:\/\/www.prijedordanas.com\/wp-content\/uploads\/2015\/07\/cacib-prijedor-2015-pobjednici-5-250x166.jpg 250w, https:\/\/www.prijedordanas.com\/wp-content\/uploads\/2015\/07\/cacib-prijedor-2015-pobjednici-5-480x320.jpg 480w, https:\/\/www.prijedordanas.com\/wp-content\/uploads\/2015\/07\/cacib-prijedor-2015-pobjednici-5.jpg 702w\" sizes=\"(max-width: 300px) 100vw, 300px\" \/><\/a> <a href=\"https:\/\/www.prijedordanas.com\/wp-content\/uploads\/2015\/07\/cacib-prijedor-2015-pobjednici-6.jpg\"><img loading=\"lazy\" decoding=\"async\" class=\"alignleft size-medium wp-image-26014\" src=\"https:\/\/www.prijedordanas.com\/wp-content\/uploads\/2015\/07\/cacib-prijedor-2015-pobjednici-6-300x199.jpg\" alt=\"cacib prijedor 2015-pobjednici (6)\" width=\"300\" height=\"199\" srcset=\"https:\/\/www.prijedordanas.com\/wp-content\/uploads\/2015\/07\/cacib-prijedor-2015-pobjednici-6-300x199.jpg 300w, https:\/\/www.prijedordanas.com\/wp-content\/uploads\/2015\/07\/cacib-prijedor-2015-pobjednici-6-150x100.jpg 150w, https:\/\/www.prijedordanas.com\/wp-content\/uploads\/2015\/07\/cacib-prijedor-2015-pobjednici-6-200x133.jpg 200w, https:\/\/www.prijedordanas.com\/wp-content\/uploads\/2015\/07\/cacib-prijedor-2015-pobjednici-6-250x166.jpg 250w, https:\/\/www.prijedordanas.com\/wp-content\/uploads\/2015\/07\/cacib-prijedor-2015-pobjednici-6-480x320.jpg 480w, https:\/\/www.prijedordanas.com\/wp-content\/uploads\/2015\/07\/cacib-prijedor-2015-pobjednici-6.jpg 702w\" sizes=\"(max-width: 300px) 100vw, 300px\" \/><\/a> <a href=\"https:\/\/www.prijedordanas.com\/wp-content\/uploads\/2015\/07\/cacib-prijedor-2015-pobjednici-7.jpg\"><img loading=\"lazy\" decoding=\"async\" class=\"alignleft size-medium wp-image-26015\" src=\"https:\/\/www.prijedordanas.com\/wp-content\/uploads\/2015\/07\/cacib-prijedor-2015-pobjednici-7-300x199.jpg\" alt=\"cacib prijedor 2015-pobjednici (7)\" width=\"300\" height=\"199\" srcset=\"https:\/\/www.prijedordanas.com\/wp-content\/uploads\/2015\/07\/cacib-prijedor-2015-pobjednici-7-300x199.jpg 300w, https:\/\/www.prijedordanas.com\/wp-content\/uploads\/2015\/07\/cacib-prijedor-2015-pobjednici-7-150x100.jpg 150w, https:\/\/www.prijedordanas.com\/wp-content\/uploads\/2015\/07\/cacib-prijedor-2015-pobjednici-7-200x133.jpg 200w, https:\/\/www.prijedordanas.com\/wp-content\/uploads\/2015\/07\/cacib-prijedor-2015-pobjednici-7-250x166.jpg 250w, https:\/\/www.prijedordanas.com\/wp-content\/uploads\/2015\/07\/cacib-prijedor-2015-pobjednici-7-480x320.jpg 480w, https:\/\/www.prijedordanas.com\/wp-content\/uploads\/2015\/07\/cacib-prijedor-2015-pobjednici-7.jpg 702w\" sizes=\"(max-width: 300px) 100vw, 300px\" \/><\/a> <a href=\"https:\/\/www.prijedordanas.com\/wp-content\/uploads\/2015\/07\/cacib-prijedor-2015-pobjednici-8.jpg\"><img loading=\"lazy\" decoding=\"async\" class=\"alignleft size-medium wp-image-26016\" src=\"https:\/\/www.prijedordanas.com\/wp-content\/uploads\/2015\/07\/cacib-prijedor-2015-pobjednici-8-300x199.jpg\" alt=\"cacib prijedor 2015-pobjednici (8)\" width=\"300\" height=\"199\" srcset=\"https:\/\/www.prijedordanas.com\/wp-content\/uploads\/2015\/07\/cacib-prijedor-2015-pobjednici-8-300x199.jpg 300w, https:\/\/www.prijedordanas.com\/wp-content\/uploads\/2015\/07\/cacib-prijedor-2015-pobjednici-8-150x100.jpg 150w, https:\/\/www.prijedordanas.com\/wp-content\/uploads\/2015\/07\/cacib-prijedor-2015-pobjednici-8-200x133.jpg 200w, https:\/\/www.prijedordanas.com\/wp-content\/uploads\/2015\/07\/cacib-prijedor-2015-pobjednici-8-250x166.jpg 250w, https:\/\/www.prijedordanas.com\/wp-content\/uploads\/2015\/07\/cacib-prijedor-2015-pobjednici-8-480x320.jpg 480w, https:\/\/www.prijedordanas.com\/wp-content\/uploads\/2015\/07\/cacib-prijedor-2015-pobjednici-8.jpg 702w\" sizes=\"(max-width: 300px) 100vw, 300px\" \/><\/a> <a href=\"https:\/\/www.prijedordanas.com\/wp-content\/uploads\/2015\/07\/cacib-prijedor-2015-pobjednici-9.jpg\"><img loading=\"lazy\" decoding=\"async\" class=\"alignleft size-medium wp-image-26017\" src=\"https:\/\/www.prijedordanas.com\/wp-content\/uploads\/2015\/07\/cacib-prijedor-2015-pobjednici-9-300x199.jpg\" alt=\"cacib prijedor 2015-pobjednici (9)\" width=\"300\" height=\"199\" srcset=\"https:\/\/www.prijedordanas.com\/wp-content\/uploads\/2015\/07\/cacib-prijedor-2015-pobjednici-9-300x199.jpg 300w, https:\/\/www.prijedordanas.com\/wp-content\/uploads\/2015\/07\/cacib-prijedor-2015-pobjednici-9-150x100.jpg 150w, https:\/\/www.prijedordanas.com\/wp-content\/uploads\/2015\/07\/cacib-prijedor-2015-pobjednici-9-200x133.jpg 200w, https:\/\/www.prijedordanas.com\/wp-content\/uploads\/2015\/07\/cacib-prijedor-2015-pobjednici-9-250x166.jpg 250w, https:\/\/www.prijedordanas.com\/wp-content\/uploads\/2015\/07\/cacib-prijedor-2015-pobjednici-9-480x320.jpg 480w, https:\/\/www.prijedordanas.com\/wp-content\/uploads\/2015\/07\/cacib-prijedor-2015-pobjednici-9.jpg 702w\" sizes=\"(max-width: 300px) 100vw, 300px\" \/><\/a> <a href=\"https:\/\/www.prijedordanas.com\/wp-content\/uploads\/2015\/07\/cacib-prijedor-2015-pobjednici-10.jpg\"><img loading=\"lazy\" decoding=\"async\" class=\"alignleft size-medium wp-image-26018\" src=\"https:\/\/www.prijedordanas.com\/wp-content\/uploads\/2015\/07\/cacib-prijedor-2015-pobjednici-10-300x199.jpg\" alt=\"cacib prijedor 2015-pobjednici (10)\" width=\"300\" height=\"199\" srcset=\"https:\/\/www.prijedordanas.com\/wp-content\/uploads\/2015\/07\/cacib-prijedor-2015-pobjednici-10-300x199.jpg 300w, https:\/\/www.prijedordanas.com\/wp-content\/uploads\/2015\/07\/cacib-prijedor-2015-pobjednici-10-150x100.jpg 150w, https:\/\/www.prijedordanas.com\/wp-content\/uploads\/2015\/07\/cacib-prijedor-2015-pobjednici-10-200x133.jpg 200w, https:\/\/www.prijedordanas.com\/wp-content\/uploads\/2015\/07\/cacib-prijedor-2015-pobjednici-10-250x166.jpg 250w, https:\/\/www.prijedordanas.com\/wp-content\/uploads\/2015\/07\/cacib-prijedor-2015-pobjednici-10-480x320.jpg 480w, https:\/\/www.prijedordanas.com\/wp-content\/uploads\/2015\/07\/cacib-prijedor-2015-pobjednici-10.jpg 702w\" sizes=\"(max-width: 300px) 100vw, 300px\" \/><\/a> <a href=\"https:\/\/www.prijedordanas.com\/wp-content\/uploads\/2015\/07\/cacib-prijedor-2015-pobjednici-11.jpg\"><img loading=\"lazy\" decoding=\"async\" class=\"alignleft size-medium wp-image-26019\" src=\"https:\/\/www.prijedordanas.com\/wp-content\/uploads\/2015\/07\/cacib-prijedor-2015-pobjednici-11-300x199.jpg\" alt=\"cacib prijedor 2015-pobjednici (11)\" width=\"300\" height=\"199\" srcset=\"https:\/\/www.prijedordanas.com\/wp-content\/uploads\/2015\/07\/cacib-prijedor-2015-pobjednici-11-300x199.jpg 300w, https:\/\/www.prijedordanas.com\/wp-content\/uploads\/2015\/07\/cacib-prijedor-2015-pobjednici-11-150x100.jpg 150w, https:\/\/www.prijedordanas.com\/wp-content\/uploads\/2015\/07\/cacib-prijedor-2015-pobjednici-11-200x133.jpg 200w, https:\/\/www.prijedordanas.com\/wp-content\/uploads\/2015\/07\/cacib-prijedor-2015-pobjednici-11-250x166.jpg 250w, https:\/\/www.prijedordanas.com\/wp-content\/uploads\/2015\/07\/cacib-prijedor-2015-pobjednici-11-480x320.jpg 480w, https:\/\/www.prijedordanas.com\/wp-content\/uploads\/2015\/07\/cacib-prijedor-2015-pobjednici-11.jpg 702w\" sizes=\"(max-width: 300px) 100vw, 300px\" \/><\/a> <a href=\"https:\/\/www.prijedordanas.com\/wp-content\/uploads\/2015\/07\/cacib-prijedor-2015-pobjednici-12.jpg\"><img loading=\"lazy\" decoding=\"async\" class=\"alignleft size-medium wp-image-26020\" src=\"https:\/\/www.prijedordanas.com\/wp-content\/uploads\/2015\/07\/cacib-prijedor-2015-pobjednici-12-300x199.jpg\" alt=\"cacib prijedor 2015-pobjednici (12)\" width=\"300\" height=\"199\" srcset=\"https:\/\/www.prijedordanas.com\/wp-content\/uploads\/2015\/07\/cacib-prijedor-2015-pobjednici-12-300x199.jpg 300w, https:\/\/www.prijedordanas.com\/wp-content\/uploads\/2015\/07\/cacib-prijedor-2015-pobjednici-12-150x100.jpg 150w, https:\/\/www.prijedordanas.com\/wp-content\/uploads\/2015\/07\/cacib-prijedor-2015-pobjednici-12-200x133.jpg 200w, https:\/\/www.prijedordanas.com\/wp-content\/uploads\/2015\/07\/cacib-prijedor-2015-pobjednici-12-250x166.jpg 250w, https:\/\/www.prijedordanas.com\/wp-content\/uploads\/2015\/07\/cacib-prijedor-2015-pobjednici-12-480x320.jpg 480w, https:\/\/www.prijedordanas.com\/wp-content\/uploads\/2015\/07\/cacib-prijedor-2015-pobjednici-12.jpg 702w\" sizes=\"(max-width: 300px) 100vw, 300px\" \/><\/a> <a href=\"https:\/\/www.prijedordanas.com\/wp-content\/uploads\/2015\/07\/cacib-prijedor-2015-pobjednici-13.jpg\"><img loading=\"lazy\" decoding=\"async\" class=\"alignleft size-medium wp-image-26021\" src=\"https:\/\/www.prijedordanas.com\/wp-content\/uploads\/2015\/07\/cacib-prijedor-2015-pobjednici-13-300x199.jpg\" alt=\"cacib prijedor 2015-pobjednici (13)\" width=\"300\" height=\"199\" srcset=\"https:\/\/www.prijedordanas.com\/wp-content\/uploads\/2015\/07\/cacib-prijedor-2015-pobjednici-13-300x199.jpg 300w, https:\/\/www.prijedordanas.com\/wp-content\/uploads\/2015\/07\/cacib-prijedor-2015-pobjednici-13-150x100.jpg 150w, https:\/\/www.prijedordanas.com\/wp-content\/uploads\/2015\/07\/cacib-prijedor-2015-pobjednici-13-200x133.jpg 200w, https:\/\/www.prijedordanas.com\/wp-content\/uploads\/2015\/07\/cacib-prijedor-2015-pobjednici-13-250x166.jpg 250w, https:\/\/www.prijedordanas.com\/wp-content\/uploads\/2015\/07\/cacib-prijedor-2015-pobjednici-13-480x320.jpg 480w, https:\/\/www.prijedordanas.com\/wp-content\/uploads\/2015\/07\/cacib-prijedor-2015-pobjednici-13.jpg 702w\" sizes=\"(max-width: 300px) 100vw, 300px\" \/><\/a> <a href=\"https:\/\/www.prijedordanas.com\/wp-content\/uploads\/2015\/07\/cacib-prijedor-2015-pobjednici-14.jpg\"><img loading=\"lazy\" decoding=\"async\" class=\"alignleft size-medium wp-image-26022\" src=\"https:\/\/www.prijedordanas.com\/wp-content\/uploads\/2015\/07\/cacib-prijedor-2015-pobjednici-14-300x199.jpg\" alt=\"cacib prijedor 2015-pobjednici (14)\" width=\"300\" height=\"199\" srcset=\"https:\/\/www.prijedordanas.com\/wp-content\/uploads\/2015\/07\/cacib-prijedor-2015-pobjednici-14-300x199.jpg 300w, https:\/\/www.prijedordanas.com\/wp-content\/uploads\/2015\/07\/cacib-prijedor-2015-pobjednici-14-150x100.jpg 150w, https:\/\/www.prijedordanas.com\/wp-content\/uploads\/2015\/07\/cacib-prijedor-2015-pobjednici-14-200x133.jpg 200w, https:\/\/www.prijedordanas.com\/wp-content\/uploads\/2015\/07\/cacib-prijedor-2015-pobjednici-14-250x166.jpg 250w, https:\/\/www.prijedordanas.com\/wp-content\/uploads\/2015\/07\/cacib-prijedor-2015-pobjednici-14-480x320.jpg 480w, https:\/\/www.prijedordanas.com\/wp-content\/uploads\/2015\/07\/cacib-prijedor-2015-pobjednici-14.jpg 702w\" sizes=\"(max-width: 300px) 100vw, 300px\" \/><\/a> <a href=\"https:\/\/www.prijedordanas.com\/wp-content\/uploads\/2015\/07\/cacib-prijedor-2015-pobjednici-15.jpg\"><img loading=\"lazy\" decoding=\"async\" class=\"alignleft size-medium wp-image-26023\" src=\"https:\/\/www.prijedordanas.com\/wp-content\/uploads\/2015\/07\/cacib-prijedor-2015-pobjednici-15-300x199.jpg\" alt=\"cacib prijedor 2015-pobjednici (15)\" width=\"300\" height=\"199\" srcset=\"https:\/\/www.prijedordanas.com\/wp-content\/uploads\/2015\/07\/cacib-prijedor-2015-pobjednici-15-300x199.jpg 300w, https:\/\/www.prijedordanas.com\/wp-content\/uploads\/2015\/07\/cacib-prijedor-2015-pobjednici-15-150x100.jpg 150w, https:\/\/www.prijedordanas.com\/wp-content\/uploads\/2015\/07\/cacib-prijedor-2015-pobjednici-15-200x133.jpg 200w, https:\/\/www.prijedordanas.com\/wp-content\/uploads\/2015\/07\/cacib-prijedor-2015-pobjednici-15-250x166.jpg 250w, https:\/\/www.prijedordanas.com\/wp-content\/uploads\/2015\/07\/cacib-prijedor-2015-pobjednici-15-480x320.jpg 480w, https:\/\/www.prijedordanas.com\/wp-content\/uploads\/2015\/07\/cacib-prijedor-2015-pobjednici-15.jpg 702w\" sizes=\"(max-width: 300px) 100vw, 300px\" \/><\/a> <a href=\"https:\/\/www.prijedordanas.com\/wp-content\/uploads\/2015\/07\/cacib-prijedor-2015-pobjednici-16.jpg\"><img loading=\"lazy\" decoding=\"async\" class=\"alignleft size-medium wp-image-26024\" src=\"https:\/\/www.prijedordanas.com\/wp-content\/uploads\/2015\/07\/cacib-prijedor-2015-pobjednici-16-300x199.jpg\" alt=\"cacib prijedor 2015-pobjednici (16)\" width=\"300\" height=\"199\" srcset=\"https:\/\/www.prijedordanas.com\/wp-content\/uploads\/2015\/07\/cacib-prijedor-2015-pobjednici-16-300x199.jpg 300w, https:\/\/www.prijedordanas.com\/wp-content\/uploads\/2015\/07\/cacib-prijedor-2015-pobjednici-16-150x100.jpg 150w, https:\/\/www.prijedordanas.com\/wp-content\/uploads\/2015\/07\/cacib-prijedor-2015-pobjednici-16-200x133.jpg 200w, https:\/\/www.prijedordanas.com\/wp-content\/uploads\/2015\/07\/cacib-prijedor-2015-pobjednici-16-250x166.jpg 250w, https:\/\/www.prijedordanas.com\/wp-content\/uploads\/2015\/07\/cacib-prijedor-2015-pobjednici-16-480x320.jpg 480w, https:\/\/www.prijedordanas.com\/wp-content\/uploads\/2015\/07\/cacib-prijedor-2015-pobjednici-16.jpg 702w\" sizes=\"(max-width: 300px) 100vw, 300px\" \/><\/a> <a href=\"https:\/\/www.prijedordanas.com\/wp-content\/uploads\/2015\/07\/cacib-prijedor-2015-pobjednici-17.jpg\"><img loading=\"lazy\" decoding=\"async\" class=\"alignleft size-medium wp-image-26025\" src=\"https:\/\/www.prijedordanas.com\/wp-content\/uploads\/2015\/07\/cacib-prijedor-2015-pobjednici-17-300x199.jpg\" alt=\"cacib prijedor 2015-pobjednici (17)\" width=\"300\" height=\"199\" srcset=\"https:\/\/www.prijedordanas.com\/wp-content\/uploads\/2015\/07\/cacib-prijedor-2015-pobjednici-17-300x199.jpg 300w, https:\/\/www.prijedordanas.com\/wp-content\/uploads\/2015\/07\/cacib-prijedor-2015-pobjednici-17-150x100.jpg 150w, https:\/\/www.prijedordanas.com\/wp-content\/uploads\/2015\/07\/cacib-prijedor-2015-pobjednici-17-200x133.jpg 200w, https:\/\/www.prijedordanas.com\/wp-content\/uploads\/2015\/07\/cacib-prijedor-2015-pobjednici-17-250x166.jpg 250w, https:\/\/www.prijedordanas.com\/wp-content\/uploads\/2015\/07\/cacib-prijedor-2015-pobjednici-17-480x320.jpg 480w, https:\/\/www.prijedordanas.com\/wp-content\/uploads\/2015\/07\/cacib-prijedor-2015-pobjednici-17.jpg 702w\" sizes=\"(max-width: 300px) 100vw, 300px\" \/><\/a> <a href=\"https:\/\/www.prijedordanas.com\/wp-content\/uploads\/2015\/07\/cacib-prijedor-2015-pobjednici-18.jpg\"><img loading=\"lazy\" decoding=\"async\" class=\"alignleft size-medium wp-image-26026\" src=\"https:\/\/www.prijedordanas.com\/wp-content\/uploads\/2015\/07\/cacib-prijedor-2015-pobjednici-18-300x199.jpg\" alt=\"cacib prijedor 2015-pobjednici (18)\" width=\"300\" height=\"199\" srcset=\"https:\/\/www.prijedordanas.com\/wp-content\/uploads\/2015\/07\/cacib-prijedor-2015-pobjednici-18-300x199.jpg 300w, https:\/\/www.prijedordanas.com\/wp-content\/uploads\/2015\/07\/cacib-prijedor-2015-pobjednici-18-150x100.jpg 150w, https:\/\/www.prijedordanas.com\/wp-content\/uploads\/2015\/07\/cacib-prijedor-2015-pobjednici-18-200x133.jpg 200w, https:\/\/www.prijedordanas.com\/wp-content\/uploads\/2015\/07\/cacib-prijedor-2015-pobjednici-18-250x166.jpg 250w, https:\/\/www.prijedordanas.com\/wp-content\/uploads\/2015\/07\/cacib-prijedor-2015-pobjednici-18-480x320.jpg 480w, https:\/\/www.prijedordanas.com\/wp-content\/uploads\/2015\/07\/cacib-prijedor-2015-pobjednici-18.jpg 702w\" sizes=\"(max-width: 300px) 100vw, 300px\" \/><\/a> <a href=\"https:\/\/www.prijedordanas.com\/wp-content\/uploads\/2015\/07\/cacib-prijedor-2015-pobjednici-19.jpg\"><img loading=\"lazy\" decoding=\"async\" class=\"alignleft size-medium wp-image-26027\" src=\"https:\/\/www.prijedordanas.com\/wp-content\/uploads\/2015\/07\/cacib-prijedor-2015-pobjednici-19-300x199.jpg\" alt=\"cacib prijedor 2015-pobjednici (19)\" width=\"300\" height=\"199\" srcset=\"https:\/\/www.prijedordanas.com\/wp-content\/uploads\/2015\/07\/cacib-prijedor-2015-pobjednici-19-300x199.jpg 300w, https:\/\/www.prijedordanas.com\/wp-content\/uploads\/2015\/07\/cacib-prijedor-2015-pobjednici-19-150x100.jpg 150w, https:\/\/www.prijedordanas.com\/wp-content\/uploads\/2015\/07\/cacib-prijedor-2015-pobjednici-19-200x133.jpg 200w, https:\/\/www.prijedordanas.com\/wp-content\/uploads\/2015\/07\/cacib-prijedor-2015-pobjednici-19-250x166.jpg 250w, https:\/\/www.prijedordanas.com\/wp-content\/uploads\/2015\/07\/cacib-prijedor-2015-pobjednici-19-480x320.jpg 480w, https:\/\/www.prijedordanas.com\/wp-content\/uploads\/2015\/07\/cacib-prijedor-2015-pobjednici-19.jpg 702w\" sizes=\"(max-width: 300px) 100vw, 300px\" \/><\/a><\/p>\n","protected":false},"excerpt":{"rendered":"<p>Krajem juna mjeseca u Prijedoru je odr\u017eana Me\u0111unarodna izlo\u017eba pasa Prijedor 2015. Organizator izlo\u017ebe bilo je Kinolo\u0161ko dru\u0161tvo \u201ePrijedor\u201c uz pomo\u0107 Kinolo\u0161kog saveza Republike Srpske a u\u010destvovalo je 230 pasa [&hellip;]<\/p>\n","protected":false},"author":1,"featured_media":0,"comment_status":"closed","ping_status":"open","sticky":false,"template":"","format":"standard","meta":{"_monsterinsights_skip_tracking":false,"_monsterinsights_sitenote_active":false,"_monsterinsights_sitenote_note":"","_monsterinsights_sitenote_category":0,"footnotes":""},"categories":[8],"tags":[4288,4287],"yoast_head":"<!-- This site is optimized with the Yoast SEO plugin v21.6 - https:\/\/yoast.com\/wordpress\/plugins\/seo\/ -->\n<title>ME\u0110UNARODNA IZLO\u017dBA PASA PRIJEDOR 2015 \u2013 REZULTATI \u2013 FOTO \u2013 VIDEO - PrijedorDanas.com - Prijedorski gradski portal<\/title>\n<meta name=\"robots\" content=\"index, follow, max-snippet:-1, max-image-preview:large, max-video-preview:-1\" \/>\n<link rel=\"canonical\" href=\"https:\/\/www.prijedordanas.com\/?p=26008\" \/>\n<meta property=\"og:locale\" content=\"en_US\" \/>\n<meta property=\"og:type\" content=\"article\" \/>\n<meta property=\"og:title\" content=\"ME\u0110UNARODNA IZLO\u017dBA PASA PRIJEDOR 2015 \u2013 REZULTATI \u2013 FOTO \u2013 VIDEO - PrijedorDanas.com - Prijedorski gradski portal\" \/>\n<meta property=\"og:description\" content=\"Krajem juna mjeseca u Prijedoru je odr\u017eana Me\u0111unarodna izlo\u017eba pasa Prijedor 2015. Organizator izlo\u017ebe bilo je Kinolo\u0161ko dru\u0161tvo \u201ePrijedor\u201c uz pomo\u0107 Kinolo\u0161kog saveza Republike Srpske a u\u010destvovalo je 230 pasa [&hellip;]\" \/>\n<meta property=\"og:url\" content=\"https:\/\/www.prijedordanas.com\/?p=26008\" \/>\n<meta property=\"og:site_name\" content=\"PrijedorDanas.com - Prijedorski gradski portal\" \/>\n<meta property=\"article:publisher\" content=\"https:\/\/www.facebook.com\/PrijedorDanasCom\/\" \/>\n<meta property=\"article:published_time\" content=\"2015-07-16T17:22:54+00:00\" \/>\n<meta property=\"og:image\" content=\"https:\/\/www.prijedordanas.com\/wp-content\/uploads\/2015\/07\/cacib-prijedor-2015-pobjednici-1-300x199.jpg\" \/>\n<meta name=\"author\" content=\"admin\" \/>\n<meta name=\"twitter:card\" content=\"summary_large_image\" \/>\n<meta name=\"twitter:label1\" content=\"Written by\" \/>\n\t<meta name=\"twitter:data1\" content=\"admin\" \/>\n\t<meta name=\"twitter:label2\" content=\"Est. reading time\" \/>\n\t<meta name=\"twitter:data2\" content=\"3 minutes\" \/>\n<script type=\"application\/ld+json\" class=\"yoast-schema-graph\">{\"@context\":\"https:\/\/schema.org\",\"@graph\":[{\"@type\":\"Article\",\"@id\":\"https:\/\/www.prijedordanas.com\/?p=26008#article\",\"isPartOf\":{\"@id\":\"https:\/\/www.prijedordanas.com\/?p=26008\"},\"author\":{\"name\":\"admin\",\"@id\":\"https:\/\/www.prijedordanas.com\/#\/schema\/person\/4e08ccf29b506ca916ff86d46bb700e6\"},\"headline\":\"ME\u0110UNARODNA IZLO\u017dBA PASA PRIJEDOR 2015 \u2013 REZULTATI \u2013 FOTO \u2013 VIDEO\",\"datePublished\":\"2015-07-16T17:22:54+00:00\",\"dateModified\":\"2015-07-16T17:22:54+00:00\",\"mainEntityOfPage\":{\"@id\":\"https:\/\/www.prijedordanas.com\/?p=26008\"},\"wordCount\":567,\"publisher\":{\"@id\":\"https:\/\/www.prijedordanas.com\/#organization\"},\"keywords\":[\"CACIB Prijedor 2015\",\"me\u0111unarodna izlo\u017eba pasa\"],\"articleSection\":[\"Svakodnevno\"],\"inLanguage\":\"en-US\"},{\"@type\":\"WebPage\",\"@id\":\"https:\/\/www.prijedordanas.com\/?p=26008\",\"url\":\"https:\/\/www.prijedordanas.com\/?p=26008\",\"name\":\"ME\u0110UNARODNA IZLO\u017dBA PASA PRIJEDOR 2015 \u2013 REZULTATI \u2013 FOTO \u2013 VIDEO - PrijedorDanas.com - Prijedorski gradski portal\",\"isPartOf\":{\"@id\":\"https:\/\/www.prijedordanas.com\/#website\"},\"datePublished\":\"2015-07-16T17:22:54+00:00\",\"dateModified\":\"2015-07-16T17:22:54+00:00\",\"breadcrumb\":{\"@id\":\"https:\/\/www.prijedordanas.com\/?p=26008#breadcrumb\"},\"inLanguage\":\"en-US\",\"potentialAction\":[{\"@type\":\"ReadAction\",\"target\":[\"https:\/\/www.prijedordanas.com\/?p=26008\"]}]},{\"@type\":\"BreadcrumbList\",\"@id\":\"https:\/\/www.prijedordanas.com\/?p=26008#breadcrumb\",\"itemListElement\":[{\"@type\":\"ListItem\",\"position\":1,\"name\":\"Home\",\"item\":\"https:\/\/www.prijedordanas.com\/\"},{\"@type\":\"ListItem\",\"position\":2,\"name\":\"ME\u0110UNARODNA IZLO\u017dBA PASA PRIJEDOR 2015 \u2013 REZULTATI \u2013 FOTO \u2013 VIDEO\"}]},{\"@type\":\"WebSite\",\"@id\":\"https:\/\/www.prijedordanas.com\/#website\",\"url\":\"https:\/\/www.prijedordanas.com\/\",\"name\":\"PrijedorDanas.com - Prijedorski gradski portal\",\"description\":\"Portal o doga\u0111anjima u gradu Prijedoru\",\"publisher\":{\"@id\":\"https:\/\/www.prijedordanas.com\/#organization\"},\"potentialAction\":[{\"@type\":\"SearchAction\",\"target\":{\"@type\":\"EntryPoint\",\"urlTemplate\":\"https:\/\/www.prijedordanas.com\/?s={search_term_string}\"},\"query-input\":\"required name=search_term_string\"}],\"inLanguage\":\"en-US\"},{\"@type\":\"Organization\",\"@id\":\"https:\/\/www.prijedordanas.com\/#organization\",\"name\":\"PrijedorDanas.com\",\"url\":\"https:\/\/www.prijedordanas.com\/\",\"logo\":{\"@type\":\"ImageObject\",\"inLanguage\":\"en-US\",\"@id\":\"https:\/\/www.prijedordanas.com\/#\/schema\/logo\/image\/\",\"url\":\"http:\/\/www.prijedordanas.com\/wp-content\/uploads\/2021\/12\/logopng.png\",\"contentUrl\":\"http:\/\/www.prijedordanas.com\/wp-content\/uploads\/2021\/12\/logopng.png\",\"width\":1019,\"height\":776,\"caption\":\"PrijedorDanas.com\"},\"image\":{\"@id\":\"https:\/\/www.prijedordanas.com\/#\/schema\/logo\/image\/\"},\"sameAs\":[\"https:\/\/www.facebook.com\/PrijedorDanasCom\/\"]},{\"@type\":\"Person\",\"@id\":\"https:\/\/www.prijedordanas.com\/#\/schema\/person\/4e08ccf29b506ca916ff86d46bb700e6\",\"name\":\"admin\",\"image\":{\"@type\":\"ImageObject\",\"inLanguage\":\"en-US\",\"@id\":\"https:\/\/www.prijedordanas.com\/#\/schema\/person\/image\/\",\"url\":\"https:\/\/secure.gravatar.com\/avatar\/1d3fc949d550f0b53a5f0d51e06dfd79?s=96&d=mm&r=g\",\"contentUrl\":\"https:\/\/secure.gravatar.com\/avatar\/1d3fc949d550f0b53a5f0d51e06dfd79?s=96&d=mm&r=g\",\"caption\":\"admin\"},\"url\":\"https:\/\/www.prijedordanas.com\/?author=1\"}]}<\/script>\n<!-- \/ Yoast SEO plugin. -->","yoast_head_json":{"title":"ME\u0110UNARODNA IZLO\u017dBA PASA PRIJEDOR 2015 \u2013 REZULTATI \u2013 FOTO \u2013 VIDEO - PrijedorDanas.com - Prijedorski gradski portal","robots":{"index":"index","follow":"follow","max-snippet":"max-snippet:-1","max-image-preview":"max-image-preview:large","max-video-preview":"max-video-preview:-1"},"canonical":"https:\/\/www.prijedordanas.com\/?p=26008","og_locale":"en_US","og_type":"article","og_title":"ME\u0110UNARODNA IZLO\u017dBA PASA PRIJEDOR 2015 \u2013 REZULTATI \u2013 FOTO \u2013 VIDEO - PrijedorDanas.com - Prijedorski gradski portal","og_description":"Krajem juna mjeseca u Prijedoru je odr\u017eana Me\u0111unarodna izlo\u017eba pasa Prijedor 2015. Organizator izlo\u017ebe bilo je Kinolo\u0161ko dru\u0161tvo \u201ePrijedor\u201c uz pomo\u0107 Kinolo\u0161kog saveza Republike Srpske a u\u010destvovalo je 230 pasa [&hellip;]","og_url":"https:\/\/www.prijedordanas.com\/?p=26008","og_site_name":"PrijedorDanas.com - Prijedorski gradski portal","article_publisher":"https:\/\/www.facebook.com\/PrijedorDanasCom\/","article_published_time":"2015-07-16T17:22:54+00:00","og_image":[{"url":"https:\/\/www.prijedordanas.com\/wp-content\/uploads\/2015\/07\/cacib-prijedor-2015-pobjednici-1-300x199.jpg"}],"author":"admin","twitter_card":"summary_large_image","twitter_misc":{"Written by":"admin","Est. reading time":"3 minutes"},"schema":{"@context":"https:\/\/schema.org","@graph":[{"@type":"Article","@id":"https:\/\/www.prijedordanas.com\/?p=26008#article","isPartOf":{"@id":"https:\/\/www.prijedordanas.com\/?p=26008"},"author":{"name":"admin","@id":"https:\/\/www.prijedordanas.com\/#\/schema\/person\/4e08ccf29b506ca916ff86d46bb700e6"},"headline":"ME\u0110UNARODNA IZLO\u017dBA PASA PRIJEDOR 2015 \u2013 REZULTATI \u2013 FOTO \u2013 VIDEO","datePublished":"2015-07-16T17:22:54+00:00","dateModified":"2015-07-16T17:22:54+00:00","mainEntityOfPage":{"@id":"https:\/\/www.prijedordanas.com\/?p=26008"},"wordCount":567,"publisher":{"@id":"https:\/\/www.prijedordanas.com\/#organization"},"keywords":["CACIB Prijedor 2015","me\u0111unarodna izlo\u017eba pasa"],"articleSection":["Svakodnevno"],"inLanguage":"en-US"},{"@type":"WebPage","@id":"https:\/\/www.prijedordanas.com\/?p=26008","url":"https:\/\/www.prijedordanas.com\/?p=26008","name":"ME\u0110UNARODNA IZLO\u017dBA PASA PRIJEDOR 2015 \u2013 REZULTATI \u2013 FOTO \u2013 VIDEO - PrijedorDanas.com - Prijedorski gradski portal","isPartOf":{"@id":"https:\/\/www.prijedordanas.com\/#website"},"datePublished":"2015-07-16T17:22:54+00:00","dateModified":"2015-07-16T17:22:54+00:00","breadcrumb":{"@id":"https:\/\/www.prijedordanas.com\/?p=26008#breadcrumb"},"inLanguage":"en-US","potentialAction":[{"@type":"ReadAction","target":["https:\/\/www.prijedordanas.com\/?p=26008"]}]},{"@type":"BreadcrumbList","@id":"https:\/\/www.prijedordanas.com\/?p=26008#breadcrumb","itemListElement":[{"@type":"ListItem","position":1,"name":"Home","item":"https:\/\/www.prijedordanas.com\/"},{"@type":"ListItem","position":2,"name":"ME\u0110UNARODNA IZLO\u017dBA PASA PRIJEDOR 2015 \u2013 REZULTATI \u2013 FOTO \u2013 VIDEO"}]},{"@type":"WebSite","@id":"https:\/\/www.prijedordanas.com\/#website","url":"https:\/\/www.prijedordanas.com\/","name":"PrijedorDanas.com - Prijedorski gradski portal","description":"Portal o doga\u0111anjima u gradu Prijedoru","publisher":{"@id":"https:\/\/www.prijedordanas.com\/#organization"},"potentialAction":[{"@type":"SearchAction","target":{"@type":"EntryPoint","urlTemplate":"https:\/\/www.prijedordanas.com\/?s={search_term_string}"},"query-input":"required name=search_term_string"}],"inLanguage":"en-US"},{"@type":"Organization","@id":"https:\/\/www.prijedordanas.com\/#organization","name":"PrijedorDanas.com","url":"https:\/\/www.prijedordanas.com\/","logo":{"@type":"ImageObject","inLanguage":"en-US","@id":"https:\/\/www.prijedordanas.com\/#\/schema\/logo\/image\/","url":"http:\/\/www.prijedordanas.com\/wp-content\/uploads\/2021\/12\/logopng.png","contentUrl":"http:\/\/www.prijedordanas.com\/wp-content\/uploads\/2021\/12\/logopng.png","width":1019,"height":776,"caption":"PrijedorDanas.com"},"image":{"@id":"https:\/\/www.prijedordanas.com\/#\/schema\/logo\/image\/"},"sameAs":["https:\/\/www.facebook.com\/PrijedorDanasCom\/"]},{"@type":"Person","@id":"https:\/\/www.prijedordanas.com\/#\/schema\/person\/4e08ccf29b506ca916ff86d46bb700e6","name":"admin","image":{"@type":"ImageObject","inLanguage":"en-US","@id":"https:\/\/www.prijedordanas.com\/#\/schema\/person\/image\/","url":"https:\/\/secure.gravatar.com\/avatar\/1d3fc949d550f0b53a5f0d51e06dfd79?s=96&d=mm&r=g","contentUrl":"https:\/\/secure.gravatar.com\/avatar\/1d3fc949d550f0b53a5f0d51e06dfd79?s=96&d=mm&r=g","caption":"admin"},"url":"https:\/\/www.prijedordanas.com\/?author=1"}]}},"_links":{"self":[{"href":"https:\/\/www.prijedordanas.com\/index.php?rest_route=\/wp\/v2\/posts\/26008"}],"collection":[{"href":"https:\/\/www.prijedordanas.com\/index.php?rest_route=\/wp\/v2\/posts"}],"about":[{"href":"https:\/\/www.prijedordanas.com\/index.php?rest_route=\/wp\/v2\/types\/post"}],"author":[{"embeddable":true,"href":"https:\/\/www.prijedordanas.com\/index.php?rest_route=\/wp\/v2\/users\/1"}],"replies":[{"embeddable":true,"href":"https:\/\/www.prijedordanas.com\/index.php?rest_route=%2Fwp%2Fv2%2Fcomments&post=26008"}],"version-history":[{"count":1,"href":"https:\/\/www.prijedordanas.com\/index.php?rest_route=\/wp\/v2\/posts\/26008\/revisions"}],"predecessor-version":[{"id":26028,"href":"https:\/\/www.prijedordanas.com\/index.php?rest_route=\/wp\/v2\/posts\/26008\/revisions\/26028"}],"wp:attachment":[{"href":"https:\/\/www.prijedordanas.com\/index.php?rest_route=%2Fwp%2Fv2%2Fmedia&parent=26008"}],"wp:term":[{"taxonomy":"category","embeddable":true,"href":"https:\/\/www.prijedordanas.com\/index.php?rest_route=%2Fwp%2Fv2%2Fcategories&post=26008"},{"taxonomy":"post_tag","embeddable":true,"href":"https:\/\/www.prijedordanas.com\/index.php?rest_route=%2Fwp%2Fv2%2Ftags&post=26008"}],"curies":[{"name":"wp","href":"https:\/\/api.w.org\/{rel}","templated":true}]}}