{"id":260024,"date":"2025-12-29T00:49:06","date_gmt":"2025-12-28T23:49:06","guid":{"rendered":"https:\/\/www.prijedordanas.com\/?p=260024"},"modified":"2025-12-29T00:49:06","modified_gmt":"2025-12-28T23:49:06","slug":"odrzana-osnivacka-skupstina-udruzenja-metalopreradivaca-klaster-metal-prijedor","status":"publish","type":"post","link":"https:\/\/www.prijedordanas.com\/?p=260024","title":{"rendered":"Odr\u017eana osniva\u010dka skup\u0161tina Udru\u017eenja metaloprera\u0111iva\u010da \u201cKLASTER METAL\u201d Prijedor"},"content":{"rendered":"<p><a href=\"https:\/\/www.prijedordanas.com\/wp-content\/uploads\/2025\/12\/preda-udruzenje-metalopreradjivaca-klaster-metal-1.jpg\"><img loading=\"lazy\" decoding=\"async\" class=\"alignleft size-medium wp-image-260025\" src=\"https:\/\/www.prijedordanas.com\/wp-content\/uploads\/2025\/12\/preda-udruzenje-metalopreradjivaca-klaster-metal-1-300x224.jpg\" alt=\"\" width=\"300\" height=\"224\" srcset=\"https:\/\/www.prijedordanas.com\/wp-content\/uploads\/2025\/12\/preda-udruzenje-metalopreradjivaca-klaster-metal-1-300x224.jpg 300w, https:\/\/www.prijedordanas.com\/wp-content\/uploads\/2025\/12\/preda-udruzenje-metalopreradjivaca-klaster-metal-1-640x480.jpg 640w, https:\/\/www.prijedordanas.com\/wp-content\/uploads\/2025\/12\/preda-udruzenje-metalopreradjivaca-klaster-metal-1.jpg 669w\" sizes=\"(max-width: 300px) 100vw, 300px\" \/><\/a>U Poslovnom centru Prijedor, u prostorijama Razvojne agencije \u201ePREDA\u201c, odr\u017eana je osniva\u010dka skup\u0161tina Udru\u017eenja metaloprera\u0111iva\u010da \u201eKLASTER METAL\u201c Prijedor, \u010dime je formalizovana inicijativa za ja\u010de povezivanje i dugoro\u010dnu saradnju privrednih subjekata iz metaloprera\u0111iva\u010dkog sektora.<\/p>\n<p>Osniva\u010dkoj skup\u0161tini prisustvovalo je ukupno 11 preduze\u0107a iz oblasti metaloprerade i povezanih djelatnosti sa podru\u010dja Grada Prijedora, i to:<\/p>\n<p>Neomet Monta\u017ea d.o.o., Edna Metalworking d.o.o., Bosnamonta\u017ea a.d., Cromex d.o.o., Kolektor CCL d.o.o., Advanced Forming Bosnia d.o.o., Laz-prom d.o.o., Kozara Komercdrvo d.o.o., M&amp;M Plastik d.o.o., SB Laser d.o.o. i Bosancar d.o.o.<\/p>\n<p>U\u010de\u0161\u0107e ovih preduze\u0107a daje inicijativi jasan privredni legitimitet i potvr\u0111uje interes sektora za organizovaniji i strate\u0161ki pristup razvoju.<\/p>\n<p>Pored osniva\u010da, sastanku su prisustvovali predstavnik Grada Prijedora, v.d. na\u010delnika Odjeljenja za privredu i preduzetni\u0161tvo Grada Prijedora i u svojstvu tehni\u010dke podr\u0161ke, predstavnici Razvojne agencije \u201cPREDA\u201d.<\/p>\n<p>Predstavnik Gradske uprave izrazio je spremnost za institucionalnu saradnju i podr\u0161ku, uz o\u010dekivanje da klaster kroz konkretne aktivnosti potvrdi svoju namjeru za proaktivniju saradnju sa lokalnim institucijama. Direktor Razvojne agencije \u201cPREDA\u201d naglasio je da uloga Agencije u ovom procesu ima primarno organizaciono-tehni\u010dki karakter, uz nagovje\u0161taj odre\u0111enih oblasti u kojima je mogu\u0107e ostvariti zna\u010dajnu saradnju u smislu obima i dinamike aktivnosti klastera, kao i interakcije u cilju ostvarivanja zajedni\u010dkih interesa.<\/p>\n<p><a href=\"https:\/\/www.prijedordanas.com\/wp-content\/uploads\/2025\/12\/preda-udruzenje-metalopreradjivaca-klaster-metal-2.jpg\"><img loading=\"lazy\" decoding=\"async\" src=\"https:\/\/www.prijedordanas.com\/wp-content\/uploads\/2025\/12\/preda-udruzenje-metalopreradjivaca-klaster-metal-2-300x225.jpg\" alt=\"\" width=\"300\" height=\"225\" class=\"alignleft size-medium wp-image-260026\" srcset=\"https:\/\/www.prijedordanas.com\/wp-content\/uploads\/2025\/12\/preda-udruzenje-metalopreradjivaca-klaster-metal-2-300x225.jpg 300w, https:\/\/www.prijedordanas.com\/wp-content\/uploads\/2025\/12\/preda-udruzenje-metalopreradjivaca-klaster-metal-2-640x480.jpg 640w, https:\/\/www.prijedordanas.com\/wp-content\/uploads\/2025\/12\/preda-udruzenje-metalopreradjivaca-klaster-metal-2.jpg 667w\" sizes=\"(max-width: 300px) 100vw, 300px\" \/><\/a>Skup\u0161tina je rezultat razgovora iz ranijeg perioda i prepoznate potrebe da se metaloprera\u0111iva\u010dki sektor, koji ima zna\u010dajno u\u010de\u0161\u0107e u privredi Prijedora, organizuje kroz stabilan i funkcionalan oblik saradnje. Tokom sastanka istaknuto je da sektor bilje\u017ei kontinuiran rast prihoda i zaposlenosti, ali i da postoje brojni zajedni\u010dki izazovi koji se efikasnije mogu rje\u0161avati kroz udru\u017eivanje, razmjenu informacija i koordinisan nastup prema institucijama, obrazovnom sistemu i razvojnim programima.<\/p>\n<p>U\u010desnici su istakli da klaster treba funkcionisati kao profesionalna platforma za podr\u0161ku \u010dlanicama, sa fokusom na ja\u010danje kooperantskih i dobavlja\u010dkih lanaca, unapre\u0111enje saradnje sa obrazovnim institucijama, razvoj kadrova i potencijalno novih proizvoda, uz zajedni\u010dko u\u010de\u0161\u0107e u projektima, bez zadiranja u poslovnu autonomiju pojedina\u010dnih preduze\u0107a.<\/p>\n<p>Na osniva\u010dkoj skup\u0161tini donesena je odluka o osnivanju Udru\u017eenja metaloprera\u0111iva\u010da \u201eKLASTER METAL\u201c Prijedor, uz prethodno razmatranje i usvajanje osniva\u010dkih akata (Odluka o osnivanju i Statut), te izabrani organi upravljanja. Za predsjednika Skup\u0161tine izabran je Milenko Kondi\u0107, predstavnik preduze\u0107a Edna Metalworking d.o.o., dok je za predsjednika Upravnog odbora izabran Dragan Tubin, predstavnik preduze\u0107a Kolektor CCL d.o.o.. Upravni odbor Udru\u017eenja broji sedam \u010dlanova.<\/p>\n<p>Zaklju\u010deno je da je klaster otvoren za \u0161irenje \u010dlanstva, te da je ovo svojevrsan poziv za priklju\u010denje i drugim privrednim subjektima iz metaloprerade i povezanih djelatnosti sa podru\u010dja Prijedora i regiona, koji prepoznaju zajedni\u010dki interes za saradnju, razvoj i ja\u010danje konkurentnosti sektora.<\/p>\n<p>U narednom periodu planirana je aktivnost pripreme dokumentacije za registraciju Udru\u017eenja, \u010dime \u0107e biti stvoreni formalno-pravni uslovi za funkcionisanje Udu\u017eenja metloprera\u0111iva\u010da \u201cKLASTER METAL\u201d Prijedor.<\/p>\n<p>razvojna agencija Preda Prijedor<\/p>\n","protected":false},"excerpt":{"rendered":"<p>U Poslovnom centru Prijedor, u prostorijama Razvojne agencije \u201ePREDA\u201c, odr\u017eana je osniva\u010dka skup\u0161tina Udru\u017eenja metaloprera\u0111iva\u010da \u201eKLASTER METAL\u201c Prijedor, \u010dime je formalizovana inicijativa za ja\u010de povezivanje i dugoro\u010dnu saradnju privrednih subjekata [&hellip;]<\/p>\n","protected":false},"author":1,"featured_media":0,"comment_status":"closed","ping_status":"open","sticky":false,"template":"","format":"standard","meta":{"_monsterinsights_skip_tracking":false,"_monsterinsights_sitenote_active":false,"_monsterinsights_sitenote_note":"","_monsterinsights_sitenote_category":0,"footnotes":""},"categories":[8],"tags":[],"yoast_head":"<!-- This site is optimized with the Yoast SEO plugin v21.6 - https:\/\/yoast.com\/wordpress\/plugins\/seo\/ -->\n<title>Odr\u017eana osniva\u010dka skup\u0161tina Udru\u017eenja metaloprera\u0111iva\u010da \u201cKLASTER METAL\u201d Prijedor - PrijedorDanas.com - Prijedorski gradski portal<\/title>\n<meta name=\"robots\" content=\"index, follow, max-snippet:-1, max-image-preview:large, max-video-preview:-1\" \/>\n<link rel=\"canonical\" href=\"https:\/\/www.prijedordanas.com\/?p=260024\" \/>\n<meta property=\"og:locale\" content=\"en_US\" \/>\n<meta property=\"og:type\" content=\"article\" \/>\n<meta property=\"og:title\" content=\"Odr\u017eana osniva\u010dka skup\u0161tina Udru\u017eenja metaloprera\u0111iva\u010da \u201cKLASTER METAL\u201d Prijedor - PrijedorDanas.com - Prijedorski gradski portal\" \/>\n<meta property=\"og:description\" content=\"U Poslovnom centru Prijedor, u prostorijama Razvojne agencije \u201ePREDA\u201c, odr\u017eana je osniva\u010dka skup\u0161tina Udru\u017eenja metaloprera\u0111iva\u010da \u201eKLASTER METAL\u201c Prijedor, \u010dime je formalizovana inicijativa za ja\u010de povezivanje i dugoro\u010dnu saradnju privrednih subjekata [&hellip;]\" \/>\n<meta property=\"og:url\" content=\"https:\/\/www.prijedordanas.com\/?p=260024\" \/>\n<meta property=\"og:site_name\" content=\"PrijedorDanas.com - Prijedorski gradski portal\" \/>\n<meta property=\"article:publisher\" content=\"https:\/\/www.facebook.com\/PrijedorDanasCom\/\" \/>\n<meta property=\"article:published_time\" content=\"2025-12-28T23:49:06+00:00\" \/>\n<meta property=\"og:image\" content=\"https:\/\/www.prijedordanas.com\/wp-content\/uploads\/2025\/12\/preda-udruzenje-metalopreradjivaca-klaster-metal-1-300x224.jpg\" \/>\n<meta name=\"author\" content=\"admin\" \/>\n<meta name=\"twitter:card\" content=\"summary_large_image\" \/>\n<meta name=\"twitter:label1\" content=\"Written by\" \/>\n\t<meta name=\"twitter:data1\" content=\"admin\" \/>\n\t<meta name=\"twitter:label2\" content=\"Est. reading time\" \/>\n\t<meta name=\"twitter:data2\" content=\"3 minutes\" \/>\n<script type=\"application\/ld+json\" class=\"yoast-schema-graph\">{\"@context\":\"https:\/\/schema.org\",\"@graph\":[{\"@type\":\"Article\",\"@id\":\"https:\/\/www.prijedordanas.com\/?p=260024#article\",\"isPartOf\":{\"@id\":\"https:\/\/www.prijedordanas.com\/?p=260024\"},\"author\":{\"name\":\"admin\",\"@id\":\"https:\/\/www.prijedordanas.com\/#\/schema\/person\/4e08ccf29b506ca916ff86d46bb700e6\"},\"headline\":\"Odr\u017eana osniva\u010dka skup\u0161tina Udru\u017eenja metaloprera\u0111iva\u010da \u201cKLASTER METAL\u201d Prijedor\",\"datePublished\":\"2025-12-28T23:49:06+00:00\",\"dateModified\":\"2025-12-28T23:49:06+00:00\",\"mainEntityOfPage\":{\"@id\":\"https:\/\/www.prijedordanas.com\/?p=260024\"},\"wordCount\":551,\"publisher\":{\"@id\":\"https:\/\/www.prijedordanas.com\/#organization\"},\"articleSection\":[\"Svakodnevno\"],\"inLanguage\":\"en-US\"},{\"@type\":\"WebPage\",\"@id\":\"https:\/\/www.prijedordanas.com\/?p=260024\",\"url\":\"https:\/\/www.prijedordanas.com\/?p=260024\",\"name\":\"Odr\u017eana osniva\u010dka skup\u0161tina Udru\u017eenja metaloprera\u0111iva\u010da \u201cKLASTER METAL\u201d Prijedor - PrijedorDanas.com - Prijedorski gradski portal\",\"isPartOf\":{\"@id\":\"https:\/\/www.prijedordanas.com\/#website\"},\"datePublished\":\"2025-12-28T23:49:06+00:00\",\"dateModified\":\"2025-12-28T23:49:06+00:00\",\"breadcrumb\":{\"@id\":\"https:\/\/www.prijedordanas.com\/?p=260024#breadcrumb\"},\"inLanguage\":\"en-US\",\"potentialAction\":[{\"@type\":\"ReadAction\",\"target\":[\"https:\/\/www.prijedordanas.com\/?p=260024\"]}]},{\"@type\":\"BreadcrumbList\",\"@id\":\"https:\/\/www.prijedordanas.com\/?p=260024#breadcrumb\",\"itemListElement\":[{\"@type\":\"ListItem\",\"position\":1,\"name\":\"Home\",\"item\":\"https:\/\/www.prijedordanas.com\/\"},{\"@type\":\"ListItem\",\"position\":2,\"name\":\"Odr\u017eana osniva\u010dka skup\u0161tina Udru\u017eenja metaloprera\u0111iva\u010da \u201cKLASTER METAL\u201d Prijedor\"}]},{\"@type\":\"WebSite\",\"@id\":\"https:\/\/www.prijedordanas.com\/#website\",\"url\":\"https:\/\/www.prijedordanas.com\/\",\"name\":\"PrijedorDanas.com - Prijedorski gradski portal\",\"description\":\"Portal o doga\u0111anjima u gradu Prijedoru\",\"publisher\":{\"@id\":\"https:\/\/www.prijedordanas.com\/#organization\"},\"potentialAction\":[{\"@type\":\"SearchAction\",\"target\":{\"@type\":\"EntryPoint\",\"urlTemplate\":\"https:\/\/www.prijedordanas.com\/?s={search_term_string}\"},\"query-input\":\"required name=search_term_string\"}],\"inLanguage\":\"en-US\"},{\"@type\":\"Organization\",\"@id\":\"https:\/\/www.prijedordanas.com\/#organization\",\"name\":\"PrijedorDanas.com\",\"url\":\"https:\/\/www.prijedordanas.com\/\",\"logo\":{\"@type\":\"ImageObject\",\"inLanguage\":\"en-US\",\"@id\":\"https:\/\/www.prijedordanas.com\/#\/schema\/logo\/image\/\",\"url\":\"http:\/\/www.prijedordanas.com\/wp-content\/uploads\/2021\/12\/logopng.png\",\"contentUrl\":\"http:\/\/www.prijedordanas.com\/wp-content\/uploads\/2021\/12\/logopng.png\",\"width\":1019,\"height\":776,\"caption\":\"PrijedorDanas.com\"},\"image\":{\"@id\":\"https:\/\/www.prijedordanas.com\/#\/schema\/logo\/image\/\"},\"sameAs\":[\"https:\/\/www.facebook.com\/PrijedorDanasCom\/\"]},{\"@type\":\"Person\",\"@id\":\"https:\/\/www.prijedordanas.com\/#\/schema\/person\/4e08ccf29b506ca916ff86d46bb700e6\",\"name\":\"admin\",\"image\":{\"@type\":\"ImageObject\",\"inLanguage\":\"en-US\",\"@id\":\"https:\/\/www.prijedordanas.com\/#\/schema\/person\/image\/\",\"url\":\"https:\/\/secure.gravatar.com\/avatar\/1d3fc949d550f0b53a5f0d51e06dfd79?s=96&d=mm&r=g\",\"contentUrl\":\"https:\/\/secure.gravatar.com\/avatar\/1d3fc949d550f0b53a5f0d51e06dfd79?s=96&d=mm&r=g\",\"caption\":\"admin\"},\"url\":\"https:\/\/www.prijedordanas.com\/?author=1\"}]}<\/script>\n<!-- \/ Yoast SEO plugin. -->","yoast_head_json":{"title":"Odr\u017eana osniva\u010dka skup\u0161tina Udru\u017eenja metaloprera\u0111iva\u010da \u201cKLASTER METAL\u201d Prijedor - PrijedorDanas.com - Prijedorski gradski portal","robots":{"index":"index","follow":"follow","max-snippet":"max-snippet:-1","max-image-preview":"max-image-preview:large","max-video-preview":"max-video-preview:-1"},"canonical":"https:\/\/www.prijedordanas.com\/?p=260024","og_locale":"en_US","og_type":"article","og_title":"Odr\u017eana osniva\u010dka skup\u0161tina Udru\u017eenja metaloprera\u0111iva\u010da \u201cKLASTER METAL\u201d Prijedor - PrijedorDanas.com - Prijedorski gradski portal","og_description":"U Poslovnom centru Prijedor, u prostorijama Razvojne agencije \u201ePREDA\u201c, odr\u017eana je osniva\u010dka skup\u0161tina Udru\u017eenja metaloprera\u0111iva\u010da \u201eKLASTER METAL\u201c Prijedor, \u010dime je formalizovana inicijativa za ja\u010de povezivanje i dugoro\u010dnu saradnju privrednih subjekata [&hellip;]","og_url":"https:\/\/www.prijedordanas.com\/?p=260024","og_site_name":"PrijedorDanas.com - Prijedorski gradski portal","article_publisher":"https:\/\/www.facebook.com\/PrijedorDanasCom\/","article_published_time":"2025-12-28T23:49:06+00:00","og_image":[{"url":"https:\/\/www.prijedordanas.com\/wp-content\/uploads\/2025\/12\/preda-udruzenje-metalopreradjivaca-klaster-metal-1-300x224.jpg"}],"author":"admin","twitter_card":"summary_large_image","twitter_misc":{"Written by":"admin","Est. reading time":"3 minutes"},"schema":{"@context":"https:\/\/schema.org","@graph":[{"@type":"Article","@id":"https:\/\/www.prijedordanas.com\/?p=260024#article","isPartOf":{"@id":"https:\/\/www.prijedordanas.com\/?p=260024"},"author":{"name":"admin","@id":"https:\/\/www.prijedordanas.com\/#\/schema\/person\/4e08ccf29b506ca916ff86d46bb700e6"},"headline":"Odr\u017eana osniva\u010dka skup\u0161tina Udru\u017eenja metaloprera\u0111iva\u010da \u201cKLASTER METAL\u201d Prijedor","datePublished":"2025-12-28T23:49:06+00:00","dateModified":"2025-12-28T23:49:06+00:00","mainEntityOfPage":{"@id":"https:\/\/www.prijedordanas.com\/?p=260024"},"wordCount":551,"publisher":{"@id":"https:\/\/www.prijedordanas.com\/#organization"},"articleSection":["Svakodnevno"],"inLanguage":"en-US"},{"@type":"WebPage","@id":"https:\/\/www.prijedordanas.com\/?p=260024","url":"https:\/\/www.prijedordanas.com\/?p=260024","name":"Odr\u017eana osniva\u010dka skup\u0161tina Udru\u017eenja metaloprera\u0111iva\u010da \u201cKLASTER METAL\u201d Prijedor - PrijedorDanas.com - Prijedorski gradski portal","isPartOf":{"@id":"https:\/\/www.prijedordanas.com\/#website"},"datePublished":"2025-12-28T23:49:06+00:00","dateModified":"2025-12-28T23:49:06+00:00","breadcrumb":{"@id":"https:\/\/www.prijedordanas.com\/?p=260024#breadcrumb"},"inLanguage":"en-US","potentialAction":[{"@type":"ReadAction","target":["https:\/\/www.prijedordanas.com\/?p=260024"]}]},{"@type":"BreadcrumbList","@id":"https:\/\/www.prijedordanas.com\/?p=260024#breadcrumb","itemListElement":[{"@type":"ListItem","position":1,"name":"Home","item":"https:\/\/www.prijedordanas.com\/"},{"@type":"ListItem","position":2,"name":"Odr\u017eana osniva\u010dka skup\u0161tina Udru\u017eenja metaloprera\u0111iva\u010da \u201cKLASTER METAL\u201d Prijedor"}]},{"@type":"WebSite","@id":"https:\/\/www.prijedordanas.com\/#website","url":"https:\/\/www.prijedordanas.com\/","name":"PrijedorDanas.com - Prijedorski gradski portal","description":"Portal o doga\u0111anjima u gradu Prijedoru","publisher":{"@id":"https:\/\/www.prijedordanas.com\/#organization"},"potentialAction":[{"@type":"SearchAction","target":{"@type":"EntryPoint","urlTemplate":"https:\/\/www.prijedordanas.com\/?s={search_term_string}"},"query-input":"required name=search_term_string"}],"inLanguage":"en-US"},{"@type":"Organization","@id":"https:\/\/www.prijedordanas.com\/#organization","name":"PrijedorDanas.com","url":"https:\/\/www.prijedordanas.com\/","logo":{"@type":"ImageObject","inLanguage":"en-US","@id":"https:\/\/www.prijedordanas.com\/#\/schema\/logo\/image\/","url":"http:\/\/www.prijedordanas.com\/wp-content\/uploads\/2021\/12\/logopng.png","contentUrl":"http:\/\/www.prijedordanas.com\/wp-content\/uploads\/2021\/12\/logopng.png","width":1019,"height":776,"caption":"PrijedorDanas.com"},"image":{"@id":"https:\/\/www.prijedordanas.com\/#\/schema\/logo\/image\/"},"sameAs":["https:\/\/www.facebook.com\/PrijedorDanasCom\/"]},{"@type":"Person","@id":"https:\/\/www.prijedordanas.com\/#\/schema\/person\/4e08ccf29b506ca916ff86d46bb700e6","name":"admin","image":{"@type":"ImageObject","inLanguage":"en-US","@id":"https:\/\/www.prijedordanas.com\/#\/schema\/person\/image\/","url":"https:\/\/secure.gravatar.com\/avatar\/1d3fc949d550f0b53a5f0d51e06dfd79?s=96&d=mm&r=g","contentUrl":"https:\/\/secure.gravatar.com\/avatar\/1d3fc949d550f0b53a5f0d51e06dfd79?s=96&d=mm&r=g","caption":"admin"},"url":"https:\/\/www.prijedordanas.com\/?author=1"}]}},"_links":{"self":[{"href":"https:\/\/www.prijedordanas.com\/index.php?rest_route=\/wp\/v2\/posts\/260024"}],"collection":[{"href":"https:\/\/www.prijedordanas.com\/index.php?rest_route=\/wp\/v2\/posts"}],"about":[{"href":"https:\/\/www.prijedordanas.com\/index.php?rest_route=\/wp\/v2\/types\/post"}],"author":[{"embeddable":true,"href":"https:\/\/www.prijedordanas.com\/index.php?rest_route=\/wp\/v2\/users\/1"}],"replies":[{"embeddable":true,"href":"https:\/\/www.prijedordanas.com\/index.php?rest_route=%2Fwp%2Fv2%2Fcomments&post=260024"}],"version-history":[{"count":1,"href":"https:\/\/www.prijedordanas.com\/index.php?rest_route=\/wp\/v2\/posts\/260024\/revisions"}],"predecessor-version":[{"id":260027,"href":"https:\/\/www.prijedordanas.com\/index.php?rest_route=\/wp\/v2\/posts\/260024\/revisions\/260027"}],"wp:attachment":[{"href":"https:\/\/www.prijedordanas.com\/index.php?rest_route=%2Fwp%2Fv2%2Fmedia&parent=260024"}],"wp:term":[{"taxonomy":"category","embeddable":true,"href":"https:\/\/www.prijedordanas.com\/index.php?rest_route=%2Fwp%2Fv2%2Fcategories&post=260024"},{"taxonomy":"post_tag","embeddable":true,"href":"https:\/\/www.prijedordanas.com\/index.php?rest_route=%2Fwp%2Fv2%2Ftags&post=260024"}],"curies":[{"name":"wp","href":"https:\/\/api.w.org\/{rel}","templated":true}]}}