{"id":259754,"date":"2025-12-25T11:24:19","date_gmt":"2025-12-25T10:24:19","guid":{"rendered":"https:\/\/www.prijedordanas.com\/?p=259754"},"modified":"2025-12-25T11:24:19","modified_gmt":"2025-12-25T10:24:19","slug":"oduzet-bmw-od-prijedorcanina-pijan-prouzrokovao-saobracajnu-nezgodu-za-kazne-duguje-2-000-km","status":"publish","type":"post","link":"https:\/\/www.prijedordanas.com\/?p=259754","title":{"rendered":"Oduzet &#8220;BMW&#8221; od Prijedor\u010danina: Pijan prouzrokovao saobra\u0107ajnu nezgodu, za kazne duguje 2.000 KM"},"content":{"rendered":"<p><a href=\"https:\/\/www.prijedordanas.com\/wp-content\/uploads\/2023\/05\/policija-pd-kontrola.jpg\"><img loading=\"lazy\" decoding=\"async\" src=\"https:\/\/www.prijedordanas.com\/wp-content\/uploads\/2023\/05\/policija-pd-kontrola-300x225.jpg\" alt=\"\" width=\"300\" height=\"225\" class=\"alignleft size-medium wp-image-205687\" srcset=\"https:\/\/www.prijedordanas.com\/wp-content\/uploads\/2023\/05\/policija-pd-kontrola-300x225.jpg 300w, https:\/\/www.prijedordanas.com\/wp-content\/uploads\/2023\/05\/policija-pd-kontrola-640x480.jpg 640w, https:\/\/www.prijedordanas.com\/wp-content\/uploads\/2023\/05\/policija-pd-kontrola.jpg 667w\" sizes=\"(max-width: 300px) 100vw, 300px\" \/><\/a>Policijski slu\u017ebenici Policijske uprave Prijedor su 24.12.2025. godine od voza\u010da H.T. iz Prijedora privremeno oduzeli putni\u010dko motorno vozilo marke \u201eBMW\u201c, nakon \u0161to je upravljajuc\u0301i vozilom pod dejstvom alkohola prouzrokovao saobrac\u0301ajnu nezgodu sa materijalnom \u0161tetom. <\/p>\n<p>Izvr\u0161enim provjerama utvr\u0111eno je da se radi o vi\u0161estrukom povratniku u \u010dinjenju te\u017eih prekr\u0161aja iz oblasti bezbjednosti saobrac\u0301aja sa dugom po osnovu neplac\u0301enih nov\u010danih kazni u iznosu od 2.000 KM. <\/p>\n<p>Vozilo je privremeno oduzeto zbog bojazni da c\u0301e isti ponoviti prekr\u0161aj, a protiv H.T. nadle\u017enom sudu dostavic\u0301e se zahtjev za pokretanje prekr\u0161ajnog postupka.<\/p>\n<p>PU Prijedor<br \/>\nFoto &#8211; ilustracija<\/p>\n","protected":false},"excerpt":{"rendered":"<p>Policijski slu\u017ebenici Policijske uprave Prijedor su 24.12.2025. godine od voza\u010da H.T. iz Prijedora privremeno oduzeli putni\u010dko motorno vozilo marke \u201eBMW\u201c, nakon \u0161to je upravljajuc\u0301i vozilom pod dejstvom alkohola prouzrokovao saobrac\u0301ajnu [&hellip;]<\/p>\n","protected":false},"author":1,"featured_media":0,"comment_status":"closed","ping_status":"open","sticky":false,"template":"","format":"standard","meta":{"_monsterinsights_skip_tracking":false,"_monsterinsights_sitenote_active":false,"_monsterinsights_sitenote_note":"","_monsterinsights_sitenote_category":0,"footnotes":""},"categories":[5],"tags":[],"yoast_head":"<!-- This site is optimized with the Yoast SEO plugin v21.6 - https:\/\/yoast.com\/wordpress\/plugins\/seo\/ -->\n<title>Oduzet &quot;BMW&quot; od Prijedor\u010danina: Pijan prouzrokovao saobra\u0107ajnu nezgodu, za kazne duguje 2.000 KM - PrijedorDanas.com - Prijedorski gradski portal<\/title>\n<meta name=\"robots\" content=\"index, follow, max-snippet:-1, max-image-preview:large, max-video-preview:-1\" \/>\n<link rel=\"canonical\" href=\"https:\/\/www.prijedordanas.com\/?p=259754\" \/>\n<meta property=\"og:locale\" content=\"en_US\" \/>\n<meta property=\"og:type\" content=\"article\" \/>\n<meta property=\"og:title\" content=\"Oduzet &quot;BMW&quot; od Prijedor\u010danina: Pijan prouzrokovao saobra\u0107ajnu nezgodu, za kazne duguje 2.000 KM - PrijedorDanas.com - Prijedorski gradski portal\" \/>\n<meta property=\"og:description\" content=\"Policijski slu\u017ebenici Policijske uprave Prijedor su 24.12.2025. godine od voza\u010da H.T. iz Prijedora privremeno oduzeli putni\u010dko motorno vozilo marke \u201eBMW\u201c, nakon \u0161to je upravljajuc\u0301i vozilom pod dejstvom alkohola prouzrokovao saobrac\u0301ajnu [&hellip;]\" \/>\n<meta property=\"og:url\" content=\"https:\/\/www.prijedordanas.com\/?p=259754\" \/>\n<meta property=\"og:site_name\" content=\"PrijedorDanas.com - Prijedorski gradski portal\" \/>\n<meta property=\"article:publisher\" content=\"https:\/\/www.facebook.com\/PrijedorDanasCom\/\" \/>\n<meta property=\"article:published_time\" content=\"2025-12-25T10:24:19+00:00\" \/>\n<meta property=\"og:image\" content=\"https:\/\/www.prijedordanas.com\/wp-content\/uploads\/2023\/05\/policija-pd-kontrola-300x225.jpg\" \/>\n<meta name=\"author\" content=\"admin\" \/>\n<meta name=\"twitter:card\" content=\"summary_large_image\" \/>\n<meta name=\"twitter:label1\" content=\"Written by\" \/>\n\t<meta name=\"twitter:data1\" content=\"admin\" \/>\n<script type=\"application\/ld+json\" class=\"yoast-schema-graph\">{\"@context\":\"https:\/\/schema.org\",\"@graph\":[{\"@type\":\"Article\",\"@id\":\"https:\/\/www.prijedordanas.com\/?p=259754#article\",\"isPartOf\":{\"@id\":\"https:\/\/www.prijedordanas.com\/?p=259754\"},\"author\":{\"name\":\"admin\",\"@id\":\"https:\/\/www.prijedordanas.com\/#\/schema\/person\/4e08ccf29b506ca916ff86d46bb700e6\"},\"headline\":\"Oduzet &#8220;BMW&#8221; od Prijedor\u010danina: Pijan prouzrokovao saobra\u0107ajnu nezgodu, za kazne duguje 2.000 KM\",\"datePublished\":\"2025-12-25T10:24:19+00:00\",\"dateModified\":\"2025-12-25T10:24:19+00:00\",\"mainEntityOfPage\":{\"@id\":\"https:\/\/www.prijedordanas.com\/?p=259754\"},\"wordCount\":124,\"publisher\":{\"@id\":\"https:\/\/www.prijedordanas.com\/#organization\"},\"articleSection\":[\"Hronika\"],\"inLanguage\":\"en-US\"},{\"@type\":\"WebPage\",\"@id\":\"https:\/\/www.prijedordanas.com\/?p=259754\",\"url\":\"https:\/\/www.prijedordanas.com\/?p=259754\",\"name\":\"Oduzet \\\"BMW\\\" od Prijedor\u010danina: Pijan prouzrokovao saobra\u0107ajnu nezgodu, za kazne duguje 2.000 KM - PrijedorDanas.com - Prijedorski gradski portal\",\"isPartOf\":{\"@id\":\"https:\/\/www.prijedordanas.com\/#website\"},\"datePublished\":\"2025-12-25T10:24:19+00:00\",\"dateModified\":\"2025-12-25T10:24:19+00:00\",\"breadcrumb\":{\"@id\":\"https:\/\/www.prijedordanas.com\/?p=259754#breadcrumb\"},\"inLanguage\":\"en-US\",\"potentialAction\":[{\"@type\":\"ReadAction\",\"target\":[\"https:\/\/www.prijedordanas.com\/?p=259754\"]}]},{\"@type\":\"BreadcrumbList\",\"@id\":\"https:\/\/www.prijedordanas.com\/?p=259754#breadcrumb\",\"itemListElement\":[{\"@type\":\"ListItem\",\"position\":1,\"name\":\"Home\",\"item\":\"https:\/\/www.prijedordanas.com\/\"},{\"@type\":\"ListItem\",\"position\":2,\"name\":\"Oduzet &#8220;BMW&#8221; od Prijedor\u010danina: Pijan prouzrokovao saobra\u0107ajnu nezgodu, za kazne duguje 2.000 KM\"}]},{\"@type\":\"WebSite\",\"@id\":\"https:\/\/www.prijedordanas.com\/#website\",\"url\":\"https:\/\/www.prijedordanas.com\/\",\"name\":\"PrijedorDanas.com - Prijedorski gradski portal\",\"description\":\"Portal o doga\u0111anjima u gradu Prijedoru\",\"publisher\":{\"@id\":\"https:\/\/www.prijedordanas.com\/#organization\"},\"potentialAction\":[{\"@type\":\"SearchAction\",\"target\":{\"@type\":\"EntryPoint\",\"urlTemplate\":\"https:\/\/www.prijedordanas.com\/?s={search_term_string}\"},\"query-input\":\"required name=search_term_string\"}],\"inLanguage\":\"en-US\"},{\"@type\":\"Organization\",\"@id\":\"https:\/\/www.prijedordanas.com\/#organization\",\"name\":\"PrijedorDanas.com\",\"url\":\"https:\/\/www.prijedordanas.com\/\",\"logo\":{\"@type\":\"ImageObject\",\"inLanguage\":\"en-US\",\"@id\":\"https:\/\/www.prijedordanas.com\/#\/schema\/logo\/image\/\",\"url\":\"http:\/\/www.prijedordanas.com\/wp-content\/uploads\/2021\/12\/logopng.png\",\"contentUrl\":\"http:\/\/www.prijedordanas.com\/wp-content\/uploads\/2021\/12\/logopng.png\",\"width\":1019,\"height\":776,\"caption\":\"PrijedorDanas.com\"},\"image\":{\"@id\":\"https:\/\/www.prijedordanas.com\/#\/schema\/logo\/image\/\"},\"sameAs\":[\"https:\/\/www.facebook.com\/PrijedorDanasCom\/\"]},{\"@type\":\"Person\",\"@id\":\"https:\/\/www.prijedordanas.com\/#\/schema\/person\/4e08ccf29b506ca916ff86d46bb700e6\",\"name\":\"admin\",\"image\":{\"@type\":\"ImageObject\",\"inLanguage\":\"en-US\",\"@id\":\"https:\/\/www.prijedordanas.com\/#\/schema\/person\/image\/\",\"url\":\"https:\/\/secure.gravatar.com\/avatar\/1d3fc949d550f0b53a5f0d51e06dfd79?s=96&d=mm&r=g\",\"contentUrl\":\"https:\/\/secure.gravatar.com\/avatar\/1d3fc949d550f0b53a5f0d51e06dfd79?s=96&d=mm&r=g\",\"caption\":\"admin\"},\"url\":\"https:\/\/www.prijedordanas.com\/?author=1\"}]}<\/script>\n<!-- \/ Yoast SEO plugin. -->","yoast_head_json":{"title":"Oduzet \"BMW\" od Prijedor\u010danina: Pijan prouzrokovao saobra\u0107ajnu nezgodu, za kazne duguje 2.000 KM - PrijedorDanas.com - Prijedorski gradski portal","robots":{"index":"index","follow":"follow","max-snippet":"max-snippet:-1","max-image-preview":"max-image-preview:large","max-video-preview":"max-video-preview:-1"},"canonical":"https:\/\/www.prijedordanas.com\/?p=259754","og_locale":"en_US","og_type":"article","og_title":"Oduzet \"BMW\" od Prijedor\u010danina: Pijan prouzrokovao saobra\u0107ajnu nezgodu, za kazne duguje 2.000 KM - PrijedorDanas.com - Prijedorski gradski portal","og_description":"Policijski slu\u017ebenici Policijske uprave Prijedor su 24.12.2025. godine od voza\u010da H.T. iz Prijedora privremeno oduzeli putni\u010dko motorno vozilo marke \u201eBMW\u201c, nakon \u0161to je upravljajuc\u0301i vozilom pod dejstvom alkohola prouzrokovao saobrac\u0301ajnu [&hellip;]","og_url":"https:\/\/www.prijedordanas.com\/?p=259754","og_site_name":"PrijedorDanas.com - Prijedorski gradski portal","article_publisher":"https:\/\/www.facebook.com\/PrijedorDanasCom\/","article_published_time":"2025-12-25T10:24:19+00:00","og_image":[{"url":"https:\/\/www.prijedordanas.com\/wp-content\/uploads\/2023\/05\/policija-pd-kontrola-300x225.jpg"}],"author":"admin","twitter_card":"summary_large_image","twitter_misc":{"Written by":"admin"},"schema":{"@context":"https:\/\/schema.org","@graph":[{"@type":"Article","@id":"https:\/\/www.prijedordanas.com\/?p=259754#article","isPartOf":{"@id":"https:\/\/www.prijedordanas.com\/?p=259754"},"author":{"name":"admin","@id":"https:\/\/www.prijedordanas.com\/#\/schema\/person\/4e08ccf29b506ca916ff86d46bb700e6"},"headline":"Oduzet &#8220;BMW&#8221; od Prijedor\u010danina: Pijan prouzrokovao saobra\u0107ajnu nezgodu, za kazne duguje 2.000 KM","datePublished":"2025-12-25T10:24:19+00:00","dateModified":"2025-12-25T10:24:19+00:00","mainEntityOfPage":{"@id":"https:\/\/www.prijedordanas.com\/?p=259754"},"wordCount":124,"publisher":{"@id":"https:\/\/www.prijedordanas.com\/#organization"},"articleSection":["Hronika"],"inLanguage":"en-US"},{"@type":"WebPage","@id":"https:\/\/www.prijedordanas.com\/?p=259754","url":"https:\/\/www.prijedordanas.com\/?p=259754","name":"Oduzet \"BMW\" od Prijedor\u010danina: Pijan prouzrokovao saobra\u0107ajnu nezgodu, za kazne duguje 2.000 KM - PrijedorDanas.com - Prijedorski gradski portal","isPartOf":{"@id":"https:\/\/www.prijedordanas.com\/#website"},"datePublished":"2025-12-25T10:24:19+00:00","dateModified":"2025-12-25T10:24:19+00:00","breadcrumb":{"@id":"https:\/\/www.prijedordanas.com\/?p=259754#breadcrumb"},"inLanguage":"en-US","potentialAction":[{"@type":"ReadAction","target":["https:\/\/www.prijedordanas.com\/?p=259754"]}]},{"@type":"BreadcrumbList","@id":"https:\/\/www.prijedordanas.com\/?p=259754#breadcrumb","itemListElement":[{"@type":"ListItem","position":1,"name":"Home","item":"https:\/\/www.prijedordanas.com\/"},{"@type":"ListItem","position":2,"name":"Oduzet &#8220;BMW&#8221; od Prijedor\u010danina: Pijan prouzrokovao saobra\u0107ajnu nezgodu, za kazne duguje 2.000 KM"}]},{"@type":"WebSite","@id":"https:\/\/www.prijedordanas.com\/#website","url":"https:\/\/www.prijedordanas.com\/","name":"PrijedorDanas.com - Prijedorski gradski portal","description":"Portal o doga\u0111anjima u gradu Prijedoru","publisher":{"@id":"https:\/\/www.prijedordanas.com\/#organization"},"potentialAction":[{"@type":"SearchAction","target":{"@type":"EntryPoint","urlTemplate":"https:\/\/www.prijedordanas.com\/?s={search_term_string}"},"query-input":"required name=search_term_string"}],"inLanguage":"en-US"},{"@type":"Organization","@id":"https:\/\/www.prijedordanas.com\/#organization","name":"PrijedorDanas.com","url":"https:\/\/www.prijedordanas.com\/","logo":{"@type":"ImageObject","inLanguage":"en-US","@id":"https:\/\/www.prijedordanas.com\/#\/schema\/logo\/image\/","url":"http:\/\/www.prijedordanas.com\/wp-content\/uploads\/2021\/12\/logopng.png","contentUrl":"http:\/\/www.prijedordanas.com\/wp-content\/uploads\/2021\/12\/logopng.png","width":1019,"height":776,"caption":"PrijedorDanas.com"},"image":{"@id":"https:\/\/www.prijedordanas.com\/#\/schema\/logo\/image\/"},"sameAs":["https:\/\/www.facebook.com\/PrijedorDanasCom\/"]},{"@type":"Person","@id":"https:\/\/www.prijedordanas.com\/#\/schema\/person\/4e08ccf29b506ca916ff86d46bb700e6","name":"admin","image":{"@type":"ImageObject","inLanguage":"en-US","@id":"https:\/\/www.prijedordanas.com\/#\/schema\/person\/image\/","url":"https:\/\/secure.gravatar.com\/avatar\/1d3fc949d550f0b53a5f0d51e06dfd79?s=96&d=mm&r=g","contentUrl":"https:\/\/secure.gravatar.com\/avatar\/1d3fc949d550f0b53a5f0d51e06dfd79?s=96&d=mm&r=g","caption":"admin"},"url":"https:\/\/www.prijedordanas.com\/?author=1"}]}},"_links":{"self":[{"href":"https:\/\/www.prijedordanas.com\/index.php?rest_route=\/wp\/v2\/posts\/259754"}],"collection":[{"href":"https:\/\/www.prijedordanas.com\/index.php?rest_route=\/wp\/v2\/posts"}],"about":[{"href":"https:\/\/www.prijedordanas.com\/index.php?rest_route=\/wp\/v2\/types\/post"}],"author":[{"embeddable":true,"href":"https:\/\/www.prijedordanas.com\/index.php?rest_route=\/wp\/v2\/users\/1"}],"replies":[{"embeddable":true,"href":"https:\/\/www.prijedordanas.com\/index.php?rest_route=%2Fwp%2Fv2%2Fcomments&post=259754"}],"version-history":[{"count":1,"href":"https:\/\/www.prijedordanas.com\/index.php?rest_route=\/wp\/v2\/posts\/259754\/revisions"}],"predecessor-version":[{"id":259755,"href":"https:\/\/www.prijedordanas.com\/index.php?rest_route=\/wp\/v2\/posts\/259754\/revisions\/259755"}],"wp:attachment":[{"href":"https:\/\/www.prijedordanas.com\/index.php?rest_route=%2Fwp%2Fv2%2Fmedia&parent=259754"}],"wp:term":[{"taxonomy":"category","embeddable":true,"href":"https:\/\/www.prijedordanas.com\/index.php?rest_route=%2Fwp%2Fv2%2Fcategories&post=259754"},{"taxonomy":"post_tag","embeddable":true,"href":"https:\/\/www.prijedordanas.com\/index.php?rest_route=%2Fwp%2Fv2%2Ftags&post=259754"}],"curies":[{"name":"wp","href":"https:\/\/api.w.org\/{rel}","templated":true}]}}