{"id":25974,"date":"2015-07-16T18:43:00","date_gmt":"2015-07-16T17:43:00","guid":{"rendered":"https:\/\/www.prijedordanas.com\/?p=25974"},"modified":"2015-07-16T18:43:00","modified_gmt":"2015-07-16T17:43:00","slug":"prica-sa-sretnim-zavrsetkom-hodzici-za-bajram-dobili-najljepsi-poklon-kucu","status":"publish","type":"post","link":"https:\/\/www.prijedordanas.com\/?p=25974","title":{"rendered":"PRI\u010cA SA SRETNIM ZAVR\u0160ETKOM: HOD\u017dI\u0106I ZA BAJRAM DOBILI NAJLJEP\u0160I POKLON \u2013 KU\u0106U"},"content":{"rendered":"<p><a href=\"https:\/\/www.prijedordanas.com\/wp-content\/uploads\/2015\/07\/avaz-kuca-hodzici.jpg\"><img loading=\"lazy\" decoding=\"async\" src=\"https:\/\/www.prijedordanas.com\/wp-content\/uploads\/2015\/07\/avaz-kuca-hodzici-300x201.jpg\" alt=\"avaz-kuca-hodzici\" width=\"300\" height=\"201\" class=\"alignleft size-medium wp-image-25975\" srcset=\"https:\/\/www.prijedordanas.com\/wp-content\/uploads\/2015\/07\/avaz-kuca-hodzici-300x201.jpg 300w, https:\/\/www.prijedordanas.com\/wp-content\/uploads\/2015\/07\/avaz-kuca-hodzici-150x100.jpg 150w, https:\/\/www.prijedordanas.com\/wp-content\/uploads\/2015\/07\/avaz-kuca-hodzici-200x133.jpg 200w, https:\/\/www.prijedordanas.com\/wp-content\/uploads\/2015\/07\/avaz-kuca-hodzici-480x320.jpg 480w, https:\/\/www.prijedordanas.com\/wp-content\/uploads\/2015\/07\/avaz-kuca-hodzici.jpg 500w\" sizes=\"(max-width: 300px) 100vw, 300px\" \/><\/a>Sedmero\u010dlana porodica Hameda (52) i Mersihe (42) Hod\u017ei\u0107, mje\u0161tana Br\u0111ana, zaseoka Kozarca kod Prijedora, za Bajram je dobila najljep\u0161i mogu\u0107i poklon, prelijepu ku\u0107u o kojoj je, \u017eive\u0107i na svega dvadesetak kvadrata neopisive sirotinje, do sada mogla samo sanjati. <\/p>\n<p>Gradnju ku\u0107e u kojoj \u0107e djeca Mustafa (11), Subha (8), Selim (6), Selma (4) i dvogodi\u0161nja Sabina imati i svoje sobe donacijama su pomogli brojni, iz cijelog svijeta, ali prvu ciglu u \u201eradost odrastanja malih Hod\u017ei\u0107a\u201c svojom dobrotom ugradili su njihovi prezimenjaci Bahrija (51) i Faudina Dina (49) Hod\u017ei\u0107 koji su i inicirali ovu akciju. <\/p>\n<p>Puno srce<\/p>\n<p>Ka\u017eu da je to bilo punog srca. Danas su presretni \u0161to je njihov apel, koji je po\u010deo na jednom dru\u017eenju planinara \u201eMrakovice\u201c, koji su i dali prva sredstva, imao odli\u010dnog odjeka. I ne samo to, Bahrija  i njegova Dina u me\u0111uvremenu ni\u0161ta nisu prepu\u0161tali slu\u010daju, svakodnevno su bili na gradili\u0161tu, s majstorima, pomagali koliko mogu&#8230; Tako je bilo i ovih dana, kada je Dina zasukala rukave i sa k\u0107erkom Senijom, koja je u Br\u0111ane s djecom stigla iz \u0160vicarske, na ku\u0107i oprala sve prozore i podove. Pomagali su i Dinini unuci Hana i \u0160eko. <\/p>\n<p>&#8211; Ni\u0161ta nam ovo ne pada te\u0161ko. To volimo, kao sebi da radimo. Naravno, ne smijemo zaboraviti donatore. Ima onih koji su dali 20, a ima ih koji su davali i po 2.000 maraka. Svima dugujemo ogromnu zahvalnost, jer je za ovu siroma\u0161nu porodicu svaka marka bila dragocjena. Naravno, veliku zahvalnost dugujemo i \u201eDnevnom avazu\u201c, jer je ova pri\u010da zahvaljuju\u0107i vama oti\u0161la u svijet \u2013 ka\u017ee Dina, a Bahrija dodaje da su Hod\u017ei\u0107i dobili jo\u0161 i kravu i tele, deset koka nosilja i sav ogrjev za zimu.<\/p>\n<p>Radost blagdana<br \/>\n-Lijepo je drugome pomo\u0107i. To je poseban osje\u0107aj, kada vidi\u0161 da je neko sretan i zadovoljan, kada vidi\u0161 osmijeh na licima te djece&#8230;To je veliko bogatstvo koje se ni\u010dim ne mo\u017ee mjeriti, ni pri\u010dom opisati. Treba to do\u017eivjeti &#8211; ka\u017ee Bahrija.<\/p>\n<p>Ku\u0107a za porodicu Hod\u017ei\u0107 izgra\u0111ena je za rekordna  tri mjeseca. Ona je najbolja  poruka  na koji se na\u010din mo\u017ee podijeliti radost Bajrama i pomo\u0107i onima koji nemaju. Najve\u0107a nagrada za cijeli trud ovdje je zasigurno \u0161irok osmijeh najmla\u0111e Sabine koja vi\u0161e ne\u0107e spavati na podu, na poderanim du\u0161ecima, ve\u0107 u svijetloj i lijepo ure\u0111enoj sobi.<\/p>\n<p>Dnevni avaz<\/p>\n","protected":false},"excerpt":{"rendered":"<p>Sedmero\u010dlana porodica Hameda (52) i Mersihe (42) Hod\u017ei\u0107, mje\u0161tana Br\u0111ana, zaseoka Kozarca kod Prijedora, za Bajram je dobila najljep\u0161i mogu\u0107i poklon, prelijepu ku\u0107u o kojoj je, \u017eive\u0107i na svega dvadesetak [&hellip;]<\/p>\n","protected":false},"author":1,"featured_media":0,"comment_status":"closed","ping_status":"open","sticky":false,"template":"","format":"standard","meta":{"_monsterinsights_skip_tracking":false,"_monsterinsights_sitenote_active":false,"_monsterinsights_sitenote_note":"","_monsterinsights_sitenote_category":0,"footnotes":""},"categories":[3],"tags":[1940,3349,1031,3348,725,112,3280],"yoast_head":"<!-- This site is optimized with the Yoast SEO plugin v21.6 - https:\/\/yoast.com\/wordpress\/plugins\/seo\/ -->\n<title>PRI\u010cA SA SRETNIM ZAVR\u0160ETKOM: HOD\u017dI\u0106I ZA BAJRAM DOBILI NAJLJEP\u0160I POKLON \u2013 KU\u0106U - PrijedorDanas.com - Prijedorski gradski portal<\/title>\n<meta name=\"robots\" content=\"index, follow, max-snippet:-1, max-image-preview:large, max-video-preview:-1\" \/>\n<link rel=\"canonical\" href=\"https:\/\/www.prijedordanas.com\/?p=25974\" \/>\n<meta property=\"og:locale\" content=\"en_US\" \/>\n<meta property=\"og:type\" content=\"article\" \/>\n<meta property=\"og:title\" content=\"PRI\u010cA SA SRETNIM ZAVR\u0160ETKOM: HOD\u017dI\u0106I ZA BAJRAM DOBILI NAJLJEP\u0160I POKLON \u2013 KU\u0106U - PrijedorDanas.com - Prijedorski gradski portal\" \/>\n<meta property=\"og:description\" content=\"Sedmero\u010dlana porodica Hameda (52) i Mersihe (42) Hod\u017ei\u0107, mje\u0161tana Br\u0111ana, zaseoka Kozarca kod Prijedora, za Bajram je dobila najljep\u0161i mogu\u0107i poklon, prelijepu ku\u0107u o kojoj je, \u017eive\u0107i na svega dvadesetak [&hellip;]\" \/>\n<meta property=\"og:url\" content=\"https:\/\/www.prijedordanas.com\/?p=25974\" \/>\n<meta property=\"og:site_name\" content=\"PrijedorDanas.com - Prijedorski gradski portal\" \/>\n<meta property=\"article:publisher\" content=\"https:\/\/www.facebook.com\/PrijedorDanasCom\/\" \/>\n<meta property=\"article:published_time\" content=\"2015-07-16T17:43:00+00:00\" \/>\n<meta property=\"og:image\" content=\"https:\/\/www.prijedordanas.com\/wp-content\/uploads\/2015\/07\/avaz-kuca-hodzici-300x201.jpg\" \/>\n<meta name=\"author\" content=\"admin\" \/>\n<meta name=\"twitter:card\" content=\"summary_large_image\" \/>\n<meta name=\"twitter:label1\" content=\"Written by\" \/>\n\t<meta name=\"twitter:data1\" content=\"admin\" \/>\n\t<meta name=\"twitter:label2\" content=\"Est. reading time\" \/>\n\t<meta name=\"twitter:data2\" content=\"2 minutes\" \/>\n<script type=\"application\/ld+json\" class=\"yoast-schema-graph\">{\"@context\":\"https:\/\/schema.org\",\"@graph\":[{\"@type\":\"Article\",\"@id\":\"https:\/\/www.prijedordanas.com\/?p=25974#article\",\"isPartOf\":{\"@id\":\"https:\/\/www.prijedordanas.com\/?p=25974\"},\"author\":{\"name\":\"admin\",\"@id\":\"https:\/\/www.prijedordanas.com\/#\/schema\/person\/4e08ccf29b506ca916ff86d46bb700e6\"},\"headline\":\"PRI\u010cA SA SRETNIM ZAVR\u0160ETKOM: HOD\u017dI\u0106I ZA BAJRAM DOBILI NAJLJEP\u0160I POKLON \u2013 KU\u0106U\",\"datePublished\":\"2015-07-16T17:43:00+00:00\",\"dateModified\":\"2015-07-16T17:43:00+00:00\",\"mainEntityOfPage\":{\"@id\":\"https:\/\/www.prijedordanas.com\/?p=25974\"},\"wordCount\":436,\"publisher\":{\"@id\":\"https:\/\/www.prijedordanas.com\/#organization\"},\"keywords\":[\"Bajram\",\"Br\u0111ani\",\"donacije\",\"Hod\u017ei\u0107\",\"humanitarna akcija\",\"Kozarac\",\"poklon\"],\"articleSection\":[\"\u017divot\"],\"inLanguage\":\"en-US\"},{\"@type\":\"WebPage\",\"@id\":\"https:\/\/www.prijedordanas.com\/?p=25974\",\"url\":\"https:\/\/www.prijedordanas.com\/?p=25974\",\"name\":\"PRI\u010cA SA SRETNIM ZAVR\u0160ETKOM: HOD\u017dI\u0106I ZA BAJRAM DOBILI NAJLJEP\u0160I POKLON \u2013 KU\u0106U - PrijedorDanas.com - Prijedorski gradski portal\",\"isPartOf\":{\"@id\":\"https:\/\/www.prijedordanas.com\/#website\"},\"datePublished\":\"2015-07-16T17:43:00+00:00\",\"dateModified\":\"2015-07-16T17:43:00+00:00\",\"breadcrumb\":{\"@id\":\"https:\/\/www.prijedordanas.com\/?p=25974#breadcrumb\"},\"inLanguage\":\"en-US\",\"potentialAction\":[{\"@type\":\"ReadAction\",\"target\":[\"https:\/\/www.prijedordanas.com\/?p=25974\"]}]},{\"@type\":\"BreadcrumbList\",\"@id\":\"https:\/\/www.prijedordanas.com\/?p=25974#breadcrumb\",\"itemListElement\":[{\"@type\":\"ListItem\",\"position\":1,\"name\":\"Home\",\"item\":\"https:\/\/www.prijedordanas.com\/\"},{\"@type\":\"ListItem\",\"position\":2,\"name\":\"PRI\u010cA SA SRETNIM ZAVR\u0160ETKOM: HOD\u017dI\u0106I ZA BAJRAM DOBILI NAJLJEP\u0160I POKLON \u2013 KU\u0106U\"}]},{\"@type\":\"WebSite\",\"@id\":\"https:\/\/www.prijedordanas.com\/#website\",\"url\":\"https:\/\/www.prijedordanas.com\/\",\"name\":\"PrijedorDanas.com - Prijedorski gradski portal\",\"description\":\"Portal o doga\u0111anjima u gradu Prijedoru\",\"publisher\":{\"@id\":\"https:\/\/www.prijedordanas.com\/#organization\"},\"potentialAction\":[{\"@type\":\"SearchAction\",\"target\":{\"@type\":\"EntryPoint\",\"urlTemplate\":\"https:\/\/www.prijedordanas.com\/?s={search_term_string}\"},\"query-input\":\"required name=search_term_string\"}],\"inLanguage\":\"en-US\"},{\"@type\":\"Organization\",\"@id\":\"https:\/\/www.prijedordanas.com\/#organization\",\"name\":\"PrijedorDanas.com\",\"url\":\"https:\/\/www.prijedordanas.com\/\",\"logo\":{\"@type\":\"ImageObject\",\"inLanguage\":\"en-US\",\"@id\":\"https:\/\/www.prijedordanas.com\/#\/schema\/logo\/image\/\",\"url\":\"http:\/\/www.prijedordanas.com\/wp-content\/uploads\/2021\/12\/logopng.png\",\"contentUrl\":\"http:\/\/www.prijedordanas.com\/wp-content\/uploads\/2021\/12\/logopng.png\",\"width\":1019,\"height\":776,\"caption\":\"PrijedorDanas.com\"},\"image\":{\"@id\":\"https:\/\/www.prijedordanas.com\/#\/schema\/logo\/image\/\"},\"sameAs\":[\"https:\/\/www.facebook.com\/PrijedorDanasCom\/\"]},{\"@type\":\"Person\",\"@id\":\"https:\/\/www.prijedordanas.com\/#\/schema\/person\/4e08ccf29b506ca916ff86d46bb700e6\",\"name\":\"admin\",\"image\":{\"@type\":\"ImageObject\",\"inLanguage\":\"en-US\",\"@id\":\"https:\/\/www.prijedordanas.com\/#\/schema\/person\/image\/\",\"url\":\"https:\/\/secure.gravatar.com\/avatar\/1d3fc949d550f0b53a5f0d51e06dfd79?s=96&d=mm&r=g\",\"contentUrl\":\"https:\/\/secure.gravatar.com\/avatar\/1d3fc949d550f0b53a5f0d51e06dfd79?s=96&d=mm&r=g\",\"caption\":\"admin\"},\"url\":\"https:\/\/www.prijedordanas.com\/?author=1\"}]}<\/script>\n<!-- \/ Yoast SEO plugin. -->","yoast_head_json":{"title":"PRI\u010cA SA SRETNIM ZAVR\u0160ETKOM: HOD\u017dI\u0106I ZA BAJRAM DOBILI NAJLJEP\u0160I POKLON \u2013 KU\u0106U - PrijedorDanas.com - Prijedorski gradski portal","robots":{"index":"index","follow":"follow","max-snippet":"max-snippet:-1","max-image-preview":"max-image-preview:large","max-video-preview":"max-video-preview:-1"},"canonical":"https:\/\/www.prijedordanas.com\/?p=25974","og_locale":"en_US","og_type":"article","og_title":"PRI\u010cA SA SRETNIM ZAVR\u0160ETKOM: HOD\u017dI\u0106I ZA BAJRAM DOBILI NAJLJEP\u0160I POKLON \u2013 KU\u0106U - PrijedorDanas.com - Prijedorski gradski portal","og_description":"Sedmero\u010dlana porodica Hameda (52) i Mersihe (42) Hod\u017ei\u0107, mje\u0161tana Br\u0111ana, zaseoka Kozarca kod Prijedora, za Bajram je dobila najljep\u0161i mogu\u0107i poklon, prelijepu ku\u0107u o kojoj je, \u017eive\u0107i na svega dvadesetak [&hellip;]","og_url":"https:\/\/www.prijedordanas.com\/?p=25974","og_site_name":"PrijedorDanas.com - Prijedorski gradski portal","article_publisher":"https:\/\/www.facebook.com\/PrijedorDanasCom\/","article_published_time":"2015-07-16T17:43:00+00:00","og_image":[{"url":"https:\/\/www.prijedordanas.com\/wp-content\/uploads\/2015\/07\/avaz-kuca-hodzici-300x201.jpg"}],"author":"admin","twitter_card":"summary_large_image","twitter_misc":{"Written by":"admin","Est. reading time":"2 minutes"},"schema":{"@context":"https:\/\/schema.org","@graph":[{"@type":"Article","@id":"https:\/\/www.prijedordanas.com\/?p=25974#article","isPartOf":{"@id":"https:\/\/www.prijedordanas.com\/?p=25974"},"author":{"name":"admin","@id":"https:\/\/www.prijedordanas.com\/#\/schema\/person\/4e08ccf29b506ca916ff86d46bb700e6"},"headline":"PRI\u010cA SA SRETNIM ZAVR\u0160ETKOM: HOD\u017dI\u0106I ZA BAJRAM DOBILI NAJLJEP\u0160I POKLON \u2013 KU\u0106U","datePublished":"2015-07-16T17:43:00+00:00","dateModified":"2015-07-16T17:43:00+00:00","mainEntityOfPage":{"@id":"https:\/\/www.prijedordanas.com\/?p=25974"},"wordCount":436,"publisher":{"@id":"https:\/\/www.prijedordanas.com\/#organization"},"keywords":["Bajram","Br\u0111ani","donacije","Hod\u017ei\u0107","humanitarna akcija","Kozarac","poklon"],"articleSection":["\u017divot"],"inLanguage":"en-US"},{"@type":"WebPage","@id":"https:\/\/www.prijedordanas.com\/?p=25974","url":"https:\/\/www.prijedordanas.com\/?p=25974","name":"PRI\u010cA SA SRETNIM ZAVR\u0160ETKOM: HOD\u017dI\u0106I ZA BAJRAM DOBILI NAJLJEP\u0160I POKLON \u2013 KU\u0106U - PrijedorDanas.com - Prijedorski gradski portal","isPartOf":{"@id":"https:\/\/www.prijedordanas.com\/#website"},"datePublished":"2015-07-16T17:43:00+00:00","dateModified":"2015-07-16T17:43:00+00:00","breadcrumb":{"@id":"https:\/\/www.prijedordanas.com\/?p=25974#breadcrumb"},"inLanguage":"en-US","potentialAction":[{"@type":"ReadAction","target":["https:\/\/www.prijedordanas.com\/?p=25974"]}]},{"@type":"BreadcrumbList","@id":"https:\/\/www.prijedordanas.com\/?p=25974#breadcrumb","itemListElement":[{"@type":"ListItem","position":1,"name":"Home","item":"https:\/\/www.prijedordanas.com\/"},{"@type":"ListItem","position":2,"name":"PRI\u010cA SA SRETNIM ZAVR\u0160ETKOM: HOD\u017dI\u0106I ZA BAJRAM DOBILI NAJLJEP\u0160I POKLON \u2013 KU\u0106U"}]},{"@type":"WebSite","@id":"https:\/\/www.prijedordanas.com\/#website","url":"https:\/\/www.prijedordanas.com\/","name":"PrijedorDanas.com - Prijedorski gradski portal","description":"Portal o doga\u0111anjima u gradu Prijedoru","publisher":{"@id":"https:\/\/www.prijedordanas.com\/#organization"},"potentialAction":[{"@type":"SearchAction","target":{"@type":"EntryPoint","urlTemplate":"https:\/\/www.prijedordanas.com\/?s={search_term_string}"},"query-input":"required name=search_term_string"}],"inLanguage":"en-US"},{"@type":"Organization","@id":"https:\/\/www.prijedordanas.com\/#organization","name":"PrijedorDanas.com","url":"https:\/\/www.prijedordanas.com\/","logo":{"@type":"ImageObject","inLanguage":"en-US","@id":"https:\/\/www.prijedordanas.com\/#\/schema\/logo\/image\/","url":"http:\/\/www.prijedordanas.com\/wp-content\/uploads\/2021\/12\/logopng.png","contentUrl":"http:\/\/www.prijedordanas.com\/wp-content\/uploads\/2021\/12\/logopng.png","width":1019,"height":776,"caption":"PrijedorDanas.com"},"image":{"@id":"https:\/\/www.prijedordanas.com\/#\/schema\/logo\/image\/"},"sameAs":["https:\/\/www.facebook.com\/PrijedorDanasCom\/"]},{"@type":"Person","@id":"https:\/\/www.prijedordanas.com\/#\/schema\/person\/4e08ccf29b506ca916ff86d46bb700e6","name":"admin","image":{"@type":"ImageObject","inLanguage":"en-US","@id":"https:\/\/www.prijedordanas.com\/#\/schema\/person\/image\/","url":"https:\/\/secure.gravatar.com\/avatar\/1d3fc949d550f0b53a5f0d51e06dfd79?s=96&d=mm&r=g","contentUrl":"https:\/\/secure.gravatar.com\/avatar\/1d3fc949d550f0b53a5f0d51e06dfd79?s=96&d=mm&r=g","caption":"admin"},"url":"https:\/\/www.prijedordanas.com\/?author=1"}]}},"_links":{"self":[{"href":"https:\/\/www.prijedordanas.com\/index.php?rest_route=\/wp\/v2\/posts\/25974"}],"collection":[{"href":"https:\/\/www.prijedordanas.com\/index.php?rest_route=\/wp\/v2\/posts"}],"about":[{"href":"https:\/\/www.prijedordanas.com\/index.php?rest_route=\/wp\/v2\/types\/post"}],"author":[{"embeddable":true,"href":"https:\/\/www.prijedordanas.com\/index.php?rest_route=\/wp\/v2\/users\/1"}],"replies":[{"embeddable":true,"href":"https:\/\/www.prijedordanas.com\/index.php?rest_route=%2Fwp%2Fv2%2Fcomments&post=25974"}],"version-history":[{"count":1,"href":"https:\/\/www.prijedordanas.com\/index.php?rest_route=\/wp\/v2\/posts\/25974\/revisions"}],"predecessor-version":[{"id":25976,"href":"https:\/\/www.prijedordanas.com\/index.php?rest_route=\/wp\/v2\/posts\/25974\/revisions\/25976"}],"wp:attachment":[{"href":"https:\/\/www.prijedordanas.com\/index.php?rest_route=%2Fwp%2Fv2%2Fmedia&parent=25974"}],"wp:term":[{"taxonomy":"category","embeddable":true,"href":"https:\/\/www.prijedordanas.com\/index.php?rest_route=%2Fwp%2Fv2%2Fcategories&post=25974"},{"taxonomy":"post_tag","embeddable":true,"href":"https:\/\/www.prijedordanas.com\/index.php?rest_route=%2Fwp%2Fv2%2Ftags&post=25974"}],"curies":[{"name":"wp","href":"https:\/\/api.w.org\/{rel}","templated":true}]}}