{"id":259666,"date":"2025-12-23T20:43:15","date_gmt":"2025-12-23T19:43:15","guid":{"rendered":"https:\/\/www.prijedordanas.com\/?p=259666"},"modified":"2025-12-23T20:43:15","modified_gmt":"2025-12-23T19:43:15","slug":"odrzana-godisnja-skupstina-gradske-organizacije-crvenog-krsta-prijedor-video","status":"publish","type":"post","link":"https:\/\/www.prijedordanas.com\/?p=259666","title":{"rendered":"Odr\u017eana godi\u0161nja skup\u0161tina Gradske organizacije Crvenog krsta Prijedor &#8211; VIDEO"},"content":{"rendered":"<p><a href=\"https:\/\/www.prijedordanas.com\/wp-content\/uploads\/2025\/12\/kozarski-gockpd-godisnja-skupstina-1.jpg\"><img loading=\"lazy\" decoding=\"async\" class=\"alignleft size-medium wp-image-259667\" src=\"https:\/\/www.prijedordanas.com\/wp-content\/uploads\/2025\/12\/kozarski-gockpd-godisnja-skupstina-1-300x225.jpg\" alt=\"\" width=\"300\" height=\"225\" srcset=\"https:\/\/www.prijedordanas.com\/wp-content\/uploads\/2025\/12\/kozarski-gockpd-godisnja-skupstina-1-300x225.jpg 300w, https:\/\/www.prijedordanas.com\/wp-content\/uploads\/2025\/12\/kozarski-gockpd-godisnja-skupstina-1-640x480.jpg 640w, https:\/\/www.prijedordanas.com\/wp-content\/uploads\/2025\/12\/kozarski-gockpd-godisnja-skupstina-1.jpg 667w\" sizes=\"(max-width: 300px) 100vw, 300px\" \/><\/a>Gradska organizacija Crvenog krsta Prijedor odr\u017eala je redovnu godi\u0161nju skup\u0161tinu na kojoj je usvojen izvje\u0161taj o radu za ovu i program rada za 2026. godinu.<\/p>\n<p>U ovoj organaizaciji posebno su ponosni na humane akcije koje organizuju, me\u0111u kojima posebno mjesto zauzima dobrovoljno darivanje krvi.<\/p>\n<p>U izvje\u0161taju o radu navodi se i primjer uspje\u0161nog djelovanja prilikom nedavnih poplava kada je porodicama podijeljeno 600 humanitarnih paketa.<\/p>\n<p>Sekretar Organizacije Zoran Veselinovi\u0107 je istakao da se puno ula\u017ee i u edukaciju mladih, dodaju\u0107i da nijedan kamp Crvenog krsta Republike Srpske nije pro\u0161ao bez u\u010desnika iz Prijedora.<\/p>\n<p><a href=\"https:\/\/www.prijedordanas.com\/wp-content\/uploads\/2025\/12\/kozarski-gockpd-godisnja-skupstina-2.jpg\"><img loading=\"lazy\" decoding=\"async\" src=\"https:\/\/www.prijedordanas.com\/wp-content\/uploads\/2025\/12\/kozarski-gockpd-godisnja-skupstina-2-300x173.jpg\" alt=\"\" width=\"300\" height=\"173\" class=\"alignleft size-medium wp-image-259668\" srcset=\"https:\/\/www.prijedordanas.com\/wp-content\/uploads\/2025\/12\/kozarski-gockpd-godisnja-skupstina-2-300x173.jpg 300w, https:\/\/www.prijedordanas.com\/wp-content\/uploads\/2025\/12\/kozarski-gockpd-godisnja-skupstina-2.jpg 600w\" sizes=\"(max-width: 300px) 100vw, 300px\" \/><\/a>Me\u0111u prioritetima rada u idu\u0107oj godini je i projekat \u201eZdravo starenje\u201c, kojim \u0107e, uz podr\u0161ku Crenog krsta \u0160vajcarske, biti obuhva\u0107eno 30 starijih osoba o kojima nema ko da brine.<\/p>\n<p>\u201c\u017delim da istaknem projekat o kojem je bilo rije\u010di i ranije, a to je projekat \u201cZdravo starenje\u201d, pomo\u0107 starim licima u ku\u0107i, \u010dija \u0107e implementacija krenuti u junu naredne godine. Ovaj projekat u velikom dijelu finansira Crveni krst \u0160vajcarske i to je prilika da na\u0161 Crveni krst ima i vrstu samofinansiranja kroz uplate onih koji \u017eele da im se pomogne kod ku\u0107i. U po\u010detku realizacije projekta, Crveni krst \u0107e dobiti i novo auto, a nakon proteka nepune godine i drugo auto, po primjerima drugih organizacija koje su taj projekat ve\u0107 provodili\u201d, rekao je Veselinovi\u0107.<\/p>\n<p><a href=\"https:\/\/kozarski.com\/odrzana-godisnja-skupstina-gradskog-crvenog-krsta\/\" target=\"_blank\" rel=\"noopener\">kozarski.com<\/a><\/p>\n<p><iframe loading=\"lazy\" title=\"ODR\u017dANA GODI\u0160NJA SKUP\u0160TINA GRADSKOG CRVENOG KRSTA\" width=\"500\" height=\"281\" src=\"https:\/\/www.youtube.com\/embed\/p_6H3E0rsMA?feature=oembed\" frameborder=\"0\" allow=\"accelerometer; autoplay; clipboard-write; encrypted-media; gyroscope; picture-in-picture; web-share\" referrerpolicy=\"strict-origin-when-cross-origin\" allowfullscreen><\/iframe><\/p>\n","protected":false},"excerpt":{"rendered":"<p>Gradska organizacija Crvenog krsta Prijedor odr\u017eala je redovnu godi\u0161nju skup\u0161tinu na kojoj je usvojen izvje\u0161taj o radu za ovu i program rada za 2026. godinu. U ovoj organaizaciji posebno su [&hellip;]<\/p>\n","protected":false},"author":1,"featured_media":0,"comment_status":"closed","ping_status":"open","sticky":false,"template":"","format":"standard","meta":{"_monsterinsights_skip_tracking":false,"_monsterinsights_sitenote_active":false,"_monsterinsights_sitenote_note":"","_monsterinsights_sitenote_category":0,"footnotes":""},"categories":[8],"tags":[],"yoast_head":"<!-- This site is optimized with the Yoast SEO plugin v21.6 - https:\/\/yoast.com\/wordpress\/plugins\/seo\/ -->\n<title>Odr\u017eana godi\u0161nja skup\u0161tina Gradske organizacije Crvenog krsta Prijedor - VIDEO - PrijedorDanas.com - Prijedorski gradski portal<\/title>\n<meta name=\"robots\" content=\"index, follow, max-snippet:-1, max-image-preview:large, max-video-preview:-1\" \/>\n<link rel=\"canonical\" href=\"https:\/\/www.prijedordanas.com\/?p=259666\" \/>\n<meta property=\"og:locale\" content=\"en_US\" \/>\n<meta property=\"og:type\" content=\"article\" \/>\n<meta property=\"og:title\" content=\"Odr\u017eana godi\u0161nja skup\u0161tina Gradske organizacije Crvenog krsta Prijedor - VIDEO - PrijedorDanas.com - Prijedorski gradski portal\" \/>\n<meta property=\"og:description\" content=\"Gradska organizacija Crvenog krsta Prijedor odr\u017eala je redovnu godi\u0161nju skup\u0161tinu na kojoj je usvojen izvje\u0161taj o radu za ovu i program rada za 2026. godinu. U ovoj organaizaciji posebno su [&hellip;]\" \/>\n<meta property=\"og:url\" content=\"https:\/\/www.prijedordanas.com\/?p=259666\" \/>\n<meta property=\"og:site_name\" content=\"PrijedorDanas.com - Prijedorski gradski portal\" \/>\n<meta property=\"article:publisher\" content=\"https:\/\/www.facebook.com\/PrijedorDanasCom\/\" \/>\n<meta property=\"article:published_time\" content=\"2025-12-23T19:43:15+00:00\" \/>\n<meta property=\"og:image\" content=\"https:\/\/www.prijedordanas.com\/wp-content\/uploads\/2025\/12\/kozarski-gockpd-godisnja-skupstina-1-300x225.jpg\" \/>\n<meta name=\"author\" content=\"admin\" \/>\n<meta name=\"twitter:card\" content=\"summary_large_image\" \/>\n<meta name=\"twitter:label1\" content=\"Written by\" \/>\n\t<meta name=\"twitter:data1\" content=\"admin\" \/>\n\t<meta name=\"twitter:label2\" content=\"Est. reading time\" \/>\n\t<meta name=\"twitter:data2\" content=\"2 minutes\" \/>\n<script type=\"application\/ld+json\" class=\"yoast-schema-graph\">{\"@context\":\"https:\/\/schema.org\",\"@graph\":[{\"@type\":\"Article\",\"@id\":\"https:\/\/www.prijedordanas.com\/?p=259666#article\",\"isPartOf\":{\"@id\":\"https:\/\/www.prijedordanas.com\/?p=259666\"},\"author\":{\"name\":\"admin\",\"@id\":\"https:\/\/www.prijedordanas.com\/#\/schema\/person\/4e08ccf29b506ca916ff86d46bb700e6\"},\"headline\":\"Odr\u017eana godi\u0161nja skup\u0161tina Gradske organizacije Crvenog krsta Prijedor &#8211; VIDEO\",\"datePublished\":\"2025-12-23T19:43:15+00:00\",\"dateModified\":\"2025-12-23T19:43:15+00:00\",\"mainEntityOfPage\":{\"@id\":\"https:\/\/www.prijedordanas.com\/?p=259666\"},\"wordCount\":258,\"publisher\":{\"@id\":\"https:\/\/www.prijedordanas.com\/#organization\"},\"articleSection\":[\"Svakodnevno\"],\"inLanguage\":\"en-US\"},{\"@type\":\"WebPage\",\"@id\":\"https:\/\/www.prijedordanas.com\/?p=259666\",\"url\":\"https:\/\/www.prijedordanas.com\/?p=259666\",\"name\":\"Odr\u017eana godi\u0161nja skup\u0161tina Gradske organizacije Crvenog krsta Prijedor - VIDEO - PrijedorDanas.com - Prijedorski gradski portal\",\"isPartOf\":{\"@id\":\"https:\/\/www.prijedordanas.com\/#website\"},\"datePublished\":\"2025-12-23T19:43:15+00:00\",\"dateModified\":\"2025-12-23T19:43:15+00:00\",\"breadcrumb\":{\"@id\":\"https:\/\/www.prijedordanas.com\/?p=259666#breadcrumb\"},\"inLanguage\":\"en-US\",\"potentialAction\":[{\"@type\":\"ReadAction\",\"target\":[\"https:\/\/www.prijedordanas.com\/?p=259666\"]}]},{\"@type\":\"BreadcrumbList\",\"@id\":\"https:\/\/www.prijedordanas.com\/?p=259666#breadcrumb\",\"itemListElement\":[{\"@type\":\"ListItem\",\"position\":1,\"name\":\"Home\",\"item\":\"https:\/\/www.prijedordanas.com\/\"},{\"@type\":\"ListItem\",\"position\":2,\"name\":\"Odr\u017eana godi\u0161nja skup\u0161tina Gradske organizacije Crvenog krsta Prijedor &#8211; VIDEO\"}]},{\"@type\":\"WebSite\",\"@id\":\"https:\/\/www.prijedordanas.com\/#website\",\"url\":\"https:\/\/www.prijedordanas.com\/\",\"name\":\"PrijedorDanas.com - Prijedorski gradski portal\",\"description\":\"Portal o doga\u0111anjima u gradu Prijedoru\",\"publisher\":{\"@id\":\"https:\/\/www.prijedordanas.com\/#organization\"},\"potentialAction\":[{\"@type\":\"SearchAction\",\"target\":{\"@type\":\"EntryPoint\",\"urlTemplate\":\"https:\/\/www.prijedordanas.com\/?s={search_term_string}\"},\"query-input\":\"required name=search_term_string\"}],\"inLanguage\":\"en-US\"},{\"@type\":\"Organization\",\"@id\":\"https:\/\/www.prijedordanas.com\/#organization\",\"name\":\"PrijedorDanas.com\",\"url\":\"https:\/\/www.prijedordanas.com\/\",\"logo\":{\"@type\":\"ImageObject\",\"inLanguage\":\"en-US\",\"@id\":\"https:\/\/www.prijedordanas.com\/#\/schema\/logo\/image\/\",\"url\":\"http:\/\/www.prijedordanas.com\/wp-content\/uploads\/2021\/12\/logopng.png\",\"contentUrl\":\"http:\/\/www.prijedordanas.com\/wp-content\/uploads\/2021\/12\/logopng.png\",\"width\":1019,\"height\":776,\"caption\":\"PrijedorDanas.com\"},\"image\":{\"@id\":\"https:\/\/www.prijedordanas.com\/#\/schema\/logo\/image\/\"},\"sameAs\":[\"https:\/\/www.facebook.com\/PrijedorDanasCom\/\"]},{\"@type\":\"Person\",\"@id\":\"https:\/\/www.prijedordanas.com\/#\/schema\/person\/4e08ccf29b506ca916ff86d46bb700e6\",\"name\":\"admin\",\"image\":{\"@type\":\"ImageObject\",\"inLanguage\":\"en-US\",\"@id\":\"https:\/\/www.prijedordanas.com\/#\/schema\/person\/image\/\",\"url\":\"https:\/\/secure.gravatar.com\/avatar\/1d3fc949d550f0b53a5f0d51e06dfd79?s=96&d=mm&r=g\",\"contentUrl\":\"https:\/\/secure.gravatar.com\/avatar\/1d3fc949d550f0b53a5f0d51e06dfd79?s=96&d=mm&r=g\",\"caption\":\"admin\"},\"url\":\"https:\/\/www.prijedordanas.com\/?author=1\"}]}<\/script>\n<!-- \/ Yoast SEO plugin. -->","yoast_head_json":{"title":"Odr\u017eana godi\u0161nja skup\u0161tina Gradske organizacije Crvenog krsta Prijedor - VIDEO - PrijedorDanas.com - Prijedorski gradski portal","robots":{"index":"index","follow":"follow","max-snippet":"max-snippet:-1","max-image-preview":"max-image-preview:large","max-video-preview":"max-video-preview:-1"},"canonical":"https:\/\/www.prijedordanas.com\/?p=259666","og_locale":"en_US","og_type":"article","og_title":"Odr\u017eana godi\u0161nja skup\u0161tina Gradske organizacije Crvenog krsta Prijedor - VIDEO - PrijedorDanas.com - Prijedorski gradski portal","og_description":"Gradska organizacija Crvenog krsta Prijedor odr\u017eala je redovnu godi\u0161nju skup\u0161tinu na kojoj je usvojen izvje\u0161taj o radu za ovu i program rada za 2026. godinu. U ovoj organaizaciji posebno su [&hellip;]","og_url":"https:\/\/www.prijedordanas.com\/?p=259666","og_site_name":"PrijedorDanas.com - Prijedorski gradski portal","article_publisher":"https:\/\/www.facebook.com\/PrijedorDanasCom\/","article_published_time":"2025-12-23T19:43:15+00:00","og_image":[{"url":"https:\/\/www.prijedordanas.com\/wp-content\/uploads\/2025\/12\/kozarski-gockpd-godisnja-skupstina-1-300x225.jpg"}],"author":"admin","twitter_card":"summary_large_image","twitter_misc":{"Written by":"admin","Est. reading time":"2 minutes"},"schema":{"@context":"https:\/\/schema.org","@graph":[{"@type":"Article","@id":"https:\/\/www.prijedordanas.com\/?p=259666#article","isPartOf":{"@id":"https:\/\/www.prijedordanas.com\/?p=259666"},"author":{"name":"admin","@id":"https:\/\/www.prijedordanas.com\/#\/schema\/person\/4e08ccf29b506ca916ff86d46bb700e6"},"headline":"Odr\u017eana godi\u0161nja skup\u0161tina Gradske organizacije Crvenog krsta Prijedor &#8211; VIDEO","datePublished":"2025-12-23T19:43:15+00:00","dateModified":"2025-12-23T19:43:15+00:00","mainEntityOfPage":{"@id":"https:\/\/www.prijedordanas.com\/?p=259666"},"wordCount":258,"publisher":{"@id":"https:\/\/www.prijedordanas.com\/#organization"},"articleSection":["Svakodnevno"],"inLanguage":"en-US"},{"@type":"WebPage","@id":"https:\/\/www.prijedordanas.com\/?p=259666","url":"https:\/\/www.prijedordanas.com\/?p=259666","name":"Odr\u017eana godi\u0161nja skup\u0161tina Gradske organizacije Crvenog krsta Prijedor - VIDEO - PrijedorDanas.com - Prijedorski gradski portal","isPartOf":{"@id":"https:\/\/www.prijedordanas.com\/#website"},"datePublished":"2025-12-23T19:43:15+00:00","dateModified":"2025-12-23T19:43:15+00:00","breadcrumb":{"@id":"https:\/\/www.prijedordanas.com\/?p=259666#breadcrumb"},"inLanguage":"en-US","potentialAction":[{"@type":"ReadAction","target":["https:\/\/www.prijedordanas.com\/?p=259666"]}]},{"@type":"BreadcrumbList","@id":"https:\/\/www.prijedordanas.com\/?p=259666#breadcrumb","itemListElement":[{"@type":"ListItem","position":1,"name":"Home","item":"https:\/\/www.prijedordanas.com\/"},{"@type":"ListItem","position":2,"name":"Odr\u017eana godi\u0161nja skup\u0161tina Gradske organizacije Crvenog krsta Prijedor &#8211; VIDEO"}]},{"@type":"WebSite","@id":"https:\/\/www.prijedordanas.com\/#website","url":"https:\/\/www.prijedordanas.com\/","name":"PrijedorDanas.com - Prijedorski gradski portal","description":"Portal o doga\u0111anjima u gradu Prijedoru","publisher":{"@id":"https:\/\/www.prijedordanas.com\/#organization"},"potentialAction":[{"@type":"SearchAction","target":{"@type":"EntryPoint","urlTemplate":"https:\/\/www.prijedordanas.com\/?s={search_term_string}"},"query-input":"required name=search_term_string"}],"inLanguage":"en-US"},{"@type":"Organization","@id":"https:\/\/www.prijedordanas.com\/#organization","name":"PrijedorDanas.com","url":"https:\/\/www.prijedordanas.com\/","logo":{"@type":"ImageObject","inLanguage":"en-US","@id":"https:\/\/www.prijedordanas.com\/#\/schema\/logo\/image\/","url":"http:\/\/www.prijedordanas.com\/wp-content\/uploads\/2021\/12\/logopng.png","contentUrl":"http:\/\/www.prijedordanas.com\/wp-content\/uploads\/2021\/12\/logopng.png","width":1019,"height":776,"caption":"PrijedorDanas.com"},"image":{"@id":"https:\/\/www.prijedordanas.com\/#\/schema\/logo\/image\/"},"sameAs":["https:\/\/www.facebook.com\/PrijedorDanasCom\/"]},{"@type":"Person","@id":"https:\/\/www.prijedordanas.com\/#\/schema\/person\/4e08ccf29b506ca916ff86d46bb700e6","name":"admin","image":{"@type":"ImageObject","inLanguage":"en-US","@id":"https:\/\/www.prijedordanas.com\/#\/schema\/person\/image\/","url":"https:\/\/secure.gravatar.com\/avatar\/1d3fc949d550f0b53a5f0d51e06dfd79?s=96&d=mm&r=g","contentUrl":"https:\/\/secure.gravatar.com\/avatar\/1d3fc949d550f0b53a5f0d51e06dfd79?s=96&d=mm&r=g","caption":"admin"},"url":"https:\/\/www.prijedordanas.com\/?author=1"}]}},"_links":{"self":[{"href":"https:\/\/www.prijedordanas.com\/index.php?rest_route=\/wp\/v2\/posts\/259666"}],"collection":[{"href":"https:\/\/www.prijedordanas.com\/index.php?rest_route=\/wp\/v2\/posts"}],"about":[{"href":"https:\/\/www.prijedordanas.com\/index.php?rest_route=\/wp\/v2\/types\/post"}],"author":[{"embeddable":true,"href":"https:\/\/www.prijedordanas.com\/index.php?rest_route=\/wp\/v2\/users\/1"}],"replies":[{"embeddable":true,"href":"https:\/\/www.prijedordanas.com\/index.php?rest_route=%2Fwp%2Fv2%2Fcomments&post=259666"}],"version-history":[{"count":1,"href":"https:\/\/www.prijedordanas.com\/index.php?rest_route=\/wp\/v2\/posts\/259666\/revisions"}],"predecessor-version":[{"id":259669,"href":"https:\/\/www.prijedordanas.com\/index.php?rest_route=\/wp\/v2\/posts\/259666\/revisions\/259669"}],"wp:attachment":[{"href":"https:\/\/www.prijedordanas.com\/index.php?rest_route=%2Fwp%2Fv2%2Fmedia&parent=259666"}],"wp:term":[{"taxonomy":"category","embeddable":true,"href":"https:\/\/www.prijedordanas.com\/index.php?rest_route=%2Fwp%2Fv2%2Fcategories&post=259666"},{"taxonomy":"post_tag","embeddable":true,"href":"https:\/\/www.prijedordanas.com\/index.php?rest_route=%2Fwp%2Fv2%2Ftags&post=259666"}],"curies":[{"name":"wp","href":"https:\/\/api.w.org\/{rel}","templated":true}]}}