{"id":259381,"date":"2025-12-19T08:56:52","date_gmt":"2025-12-19T07:56:52","guid":{"rendered":"https:\/\/www.prijedordanas.com\/?p=259381"},"modified":"2025-12-19T08:56:52","modified_gmt":"2025-12-19T07:56:52","slug":"sudenje-dusko-zoric-novom-braniocu-rok-do-marta-2026-da-se-upozna-s-dokazima","status":"publish","type":"post","link":"https:\/\/www.prijedordanas.com\/?p=259381","title":{"rendered":"Su\u0111enje Du\u0161ko Zori\u0107: Novom braniocu rok do marta 2026. da se upozna s dokazima"},"content":{"rendered":"<p><a href=\"https:\/\/www.prijedordanas.com\/wp-content\/uploads\/2025\/04\/sud-bih-2025-3.jpg\"><img loading=\"lazy\" decoding=\"async\" src=\"https:\/\/www.prijedordanas.com\/wp-content\/uploads\/2025\/04\/sud-bih-2025-3-300x225.jpg\" alt=\"\" width=\"300\" height=\"225\" class=\"alignleft size-medium wp-image-244998\" srcset=\"https:\/\/www.prijedordanas.com\/wp-content\/uploads\/2025\/04\/sud-bih-2025-3-300x225.jpg 300w, https:\/\/www.prijedordanas.com\/wp-content\/uploads\/2025\/04\/sud-bih-2025-3-640x480.jpg 640w, https:\/\/www.prijedordanas.com\/wp-content\/uploads\/2025\/04\/sud-bih-2025-3.jpg 667w\" sizes=\"(max-width: 300px) 100vw, 300px\" \/><\/a>Na su\u0111enju Du\u0161ku Zori\u0107u za zlo\u010dine po\u010dinjene u prijedorskom selu Zecovi, Sudsko vije\u0107e je novom braniocu dalo rok do marta 2026. da se upozna s dokazima koji su ranije izvedeni.<\/p>\n<p>Prema rije\u010dima predsjedavaju\u0107eg Sudskog vije\u0107a \u0160abana Maksumi\u0107a, Odbrana je svoje dokaze iznijela u ranijem predmetu, te je usagla\u0161eno da se oni prenesu u ovaj postupak.<\/p>\n<p>\u201cDo\u0161li smo u fazu dodatnih dokaza, gdje je Odbrana predlo\u017eila saslu\u0161anje svjedoka Ljubi\u0161e \u010ceti\u0107a, koji se nalazi na izdr\u017eavanju kazne. Optu\u017eeni je zatra\u017eio da se promijeni branilac i postavi novi po slu\u017ebenoj du\u017enosti, \u0161to je Sud prihvatio\u201d, rekao je Maksumi\u0107 i dodao kako je predmet prije deset dana preuzeo novi branilac Sini\u0161a Daki\u0107.<\/p>\n<p>Ljubi\u0161a \u010ceti\u0107 je zbog zlo\u010dina u Zecovima osu\u0111en na pet godina zatvora.<\/p>\n<p>Na upit koliko mu je vremena potrebno za pripremu, Daki\u0107 je kazao da je ve\u0107 kontaktirao sa tu\u017eiocem i biv\u0161im braniocem. Naveo je kako je na su\u0111enju u predmetu \u201cMiluni\u0107 i ostali\u201d odr\u017eano 101 ro\u010di\u0161te i saslu\u0161ano 100 svjedoka, te je zatra\u017eio \u010detiri mjeseca pripreme kako bi se upoznao s dokazima.<\/p>\n<p>Predsjedavaju\u0107i Sudskog vije\u0107a je rekao kako se ne\u0107e ponovo izvoditi dokazi koji su ranije izvedeni, te podsjetio kako se na optu\u017eenog odnose tri ta\u010dke optu\u017enice.<\/p>\n<p>Tu\u017eilac Izet Odoba\u0161i\u0107 je kazao kako je u odnosu na optu\u017eenog saslu\u0161ano deset svjedoka i izveden mali broj materijalnih dokaza. Sudsko vije\u0107e je nakon toga donijelo odluku da Odbrana Zori\u0107a ima rok do 1. marta 2026. da se upozna s dokazima, a ako uspiju i ranije, da kontaktiraju Sud kako bi se zakazao nastavak su\u0111enja.<\/p>\n<p>Zori\u0107u je su\u0111enje po\u010delo 2015. godine u predmetu u kojem je bio optu\u017een s Miluni\u0107em i ostalima za u\u010de\u0161\u0107e u ubistvima najmanje 150 civila bo\u0161nja\u010dke nacionalnosti u Zecovima. Postupak protiv njega je razdvojen krajem 2022. godine, nakon \u0161to je uhap\u0161en u Njema\u010dkoj zbog drugih krivi\u010dnih djela, a BiH je izru\u010den u januaru ove godine.<\/p>\n<p><a href=\"https:\/\/detektor.ba\/2025\/12\/18\/dusko-zoric-novom-braniocu-rok-do-marta-2026-da-se-upozna-s-dokazima\/\" rel=\"noopener\" target=\"_blank\">detektor.ba<\/a><\/p>\n","protected":false},"excerpt":{"rendered":"<p>Na su\u0111enju Du\u0161ku Zori\u0107u za zlo\u010dine po\u010dinjene u prijedorskom selu Zecovi, Sudsko vije\u0107e je novom braniocu dalo rok do marta 2026. da se upozna s dokazima koji su ranije izvedeni. [&hellip;]<\/p>\n","protected":false},"author":1,"featured_media":0,"comment_status":"closed","ping_status":"open","sticky":false,"template":"","format":"standard","meta":{"_monsterinsights_skip_tracking":false,"_monsterinsights_sitenote_active":false,"_monsterinsights_sitenote_note":"","_monsterinsights_sitenote_category":0,"footnotes":""},"categories":[5],"tags":[],"yoast_head":"<!-- This site is optimized with the Yoast SEO plugin v21.6 - https:\/\/yoast.com\/wordpress\/plugins\/seo\/ -->\n<title>Su\u0111enje Du\u0161ko Zori\u0107: Novom braniocu rok do marta 2026. da se upozna s dokazima - PrijedorDanas.com - Prijedorski gradski portal<\/title>\n<meta name=\"robots\" content=\"index, follow, max-snippet:-1, max-image-preview:large, max-video-preview:-1\" \/>\n<link rel=\"canonical\" href=\"https:\/\/www.prijedordanas.com\/?p=259381\" \/>\n<meta property=\"og:locale\" content=\"en_US\" \/>\n<meta property=\"og:type\" content=\"article\" \/>\n<meta property=\"og:title\" content=\"Su\u0111enje Du\u0161ko Zori\u0107: Novom braniocu rok do marta 2026. da se upozna s dokazima - PrijedorDanas.com - Prijedorski gradski portal\" \/>\n<meta property=\"og:description\" content=\"Na su\u0111enju Du\u0161ku Zori\u0107u za zlo\u010dine po\u010dinjene u prijedorskom selu Zecovi, Sudsko vije\u0107e je novom braniocu dalo rok do marta 2026. da se upozna s dokazima koji su ranije izvedeni. [&hellip;]\" \/>\n<meta property=\"og:url\" content=\"https:\/\/www.prijedordanas.com\/?p=259381\" \/>\n<meta property=\"og:site_name\" content=\"PrijedorDanas.com - Prijedorski gradski portal\" \/>\n<meta property=\"article:publisher\" content=\"https:\/\/www.facebook.com\/PrijedorDanasCom\/\" \/>\n<meta property=\"article:published_time\" content=\"2025-12-19T07:56:52+00:00\" \/>\n<meta property=\"og:image\" content=\"https:\/\/www.prijedordanas.com\/wp-content\/uploads\/2025\/04\/sud-bih-2025-3-300x225.jpg\" \/>\n<meta name=\"author\" content=\"admin\" \/>\n<meta name=\"twitter:card\" content=\"summary_large_image\" \/>\n<meta name=\"twitter:label1\" content=\"Written by\" \/>\n\t<meta name=\"twitter:data1\" content=\"admin\" \/>\n\t<meta name=\"twitter:label2\" content=\"Est. reading time\" \/>\n\t<meta name=\"twitter:data2\" content=\"2 minutes\" \/>\n<script type=\"application\/ld+json\" class=\"yoast-schema-graph\">{\"@context\":\"https:\/\/schema.org\",\"@graph\":[{\"@type\":\"Article\",\"@id\":\"https:\/\/www.prijedordanas.com\/?p=259381#article\",\"isPartOf\":{\"@id\":\"https:\/\/www.prijedordanas.com\/?p=259381\"},\"author\":{\"name\":\"admin\",\"@id\":\"https:\/\/www.prijedordanas.com\/#\/schema\/person\/4e08ccf29b506ca916ff86d46bb700e6\"},\"headline\":\"Su\u0111enje Du\u0161ko Zori\u0107: Novom braniocu rok do marta 2026. da se upozna s dokazima\",\"datePublished\":\"2025-12-19T07:56:52+00:00\",\"dateModified\":\"2025-12-19T07:56:52+00:00\",\"mainEntityOfPage\":{\"@id\":\"https:\/\/www.prijedordanas.com\/?p=259381\"},\"wordCount\":373,\"publisher\":{\"@id\":\"https:\/\/www.prijedordanas.com\/#organization\"},\"articleSection\":[\"Hronika\"],\"inLanguage\":\"en-US\"},{\"@type\":\"WebPage\",\"@id\":\"https:\/\/www.prijedordanas.com\/?p=259381\",\"url\":\"https:\/\/www.prijedordanas.com\/?p=259381\",\"name\":\"Su\u0111enje Du\u0161ko Zori\u0107: Novom braniocu rok do marta 2026. da se upozna s dokazima - PrijedorDanas.com - Prijedorski gradski portal\",\"isPartOf\":{\"@id\":\"https:\/\/www.prijedordanas.com\/#website\"},\"datePublished\":\"2025-12-19T07:56:52+00:00\",\"dateModified\":\"2025-12-19T07:56:52+00:00\",\"breadcrumb\":{\"@id\":\"https:\/\/www.prijedordanas.com\/?p=259381#breadcrumb\"},\"inLanguage\":\"en-US\",\"potentialAction\":[{\"@type\":\"ReadAction\",\"target\":[\"https:\/\/www.prijedordanas.com\/?p=259381\"]}]},{\"@type\":\"BreadcrumbList\",\"@id\":\"https:\/\/www.prijedordanas.com\/?p=259381#breadcrumb\",\"itemListElement\":[{\"@type\":\"ListItem\",\"position\":1,\"name\":\"Home\",\"item\":\"https:\/\/www.prijedordanas.com\/\"},{\"@type\":\"ListItem\",\"position\":2,\"name\":\"Su\u0111enje Du\u0161ko Zori\u0107: Novom braniocu rok do marta 2026. da se upozna s dokazima\"}]},{\"@type\":\"WebSite\",\"@id\":\"https:\/\/www.prijedordanas.com\/#website\",\"url\":\"https:\/\/www.prijedordanas.com\/\",\"name\":\"PrijedorDanas.com - Prijedorski gradski portal\",\"description\":\"Portal o doga\u0111anjima u gradu Prijedoru\",\"publisher\":{\"@id\":\"https:\/\/www.prijedordanas.com\/#organization\"},\"potentialAction\":[{\"@type\":\"SearchAction\",\"target\":{\"@type\":\"EntryPoint\",\"urlTemplate\":\"https:\/\/www.prijedordanas.com\/?s={search_term_string}\"},\"query-input\":\"required name=search_term_string\"}],\"inLanguage\":\"en-US\"},{\"@type\":\"Organization\",\"@id\":\"https:\/\/www.prijedordanas.com\/#organization\",\"name\":\"PrijedorDanas.com\",\"url\":\"https:\/\/www.prijedordanas.com\/\",\"logo\":{\"@type\":\"ImageObject\",\"inLanguage\":\"en-US\",\"@id\":\"https:\/\/www.prijedordanas.com\/#\/schema\/logo\/image\/\",\"url\":\"http:\/\/www.prijedordanas.com\/wp-content\/uploads\/2021\/12\/logopng.png\",\"contentUrl\":\"http:\/\/www.prijedordanas.com\/wp-content\/uploads\/2021\/12\/logopng.png\",\"width\":1019,\"height\":776,\"caption\":\"PrijedorDanas.com\"},\"image\":{\"@id\":\"https:\/\/www.prijedordanas.com\/#\/schema\/logo\/image\/\"},\"sameAs\":[\"https:\/\/www.facebook.com\/PrijedorDanasCom\/\"]},{\"@type\":\"Person\",\"@id\":\"https:\/\/www.prijedordanas.com\/#\/schema\/person\/4e08ccf29b506ca916ff86d46bb700e6\",\"name\":\"admin\",\"image\":{\"@type\":\"ImageObject\",\"inLanguage\":\"en-US\",\"@id\":\"https:\/\/www.prijedordanas.com\/#\/schema\/person\/image\/\",\"url\":\"https:\/\/secure.gravatar.com\/avatar\/1d3fc949d550f0b53a5f0d51e06dfd79?s=96&d=mm&r=g\",\"contentUrl\":\"https:\/\/secure.gravatar.com\/avatar\/1d3fc949d550f0b53a5f0d51e06dfd79?s=96&d=mm&r=g\",\"caption\":\"admin\"},\"url\":\"https:\/\/www.prijedordanas.com\/?author=1\"}]}<\/script>\n<!-- \/ Yoast SEO plugin. -->","yoast_head_json":{"title":"Su\u0111enje Du\u0161ko Zori\u0107: Novom braniocu rok do marta 2026. da se upozna s dokazima - PrijedorDanas.com - Prijedorski gradski portal","robots":{"index":"index","follow":"follow","max-snippet":"max-snippet:-1","max-image-preview":"max-image-preview:large","max-video-preview":"max-video-preview:-1"},"canonical":"https:\/\/www.prijedordanas.com\/?p=259381","og_locale":"en_US","og_type":"article","og_title":"Su\u0111enje Du\u0161ko Zori\u0107: Novom braniocu rok do marta 2026. da se upozna s dokazima - PrijedorDanas.com - Prijedorski gradski portal","og_description":"Na su\u0111enju Du\u0161ku Zori\u0107u za zlo\u010dine po\u010dinjene u prijedorskom selu Zecovi, Sudsko vije\u0107e je novom braniocu dalo rok do marta 2026. da se upozna s dokazima koji su ranije izvedeni. [&hellip;]","og_url":"https:\/\/www.prijedordanas.com\/?p=259381","og_site_name":"PrijedorDanas.com - Prijedorski gradski portal","article_publisher":"https:\/\/www.facebook.com\/PrijedorDanasCom\/","article_published_time":"2025-12-19T07:56:52+00:00","og_image":[{"url":"https:\/\/www.prijedordanas.com\/wp-content\/uploads\/2025\/04\/sud-bih-2025-3-300x225.jpg"}],"author":"admin","twitter_card":"summary_large_image","twitter_misc":{"Written by":"admin","Est. reading time":"2 minutes"},"schema":{"@context":"https:\/\/schema.org","@graph":[{"@type":"Article","@id":"https:\/\/www.prijedordanas.com\/?p=259381#article","isPartOf":{"@id":"https:\/\/www.prijedordanas.com\/?p=259381"},"author":{"name":"admin","@id":"https:\/\/www.prijedordanas.com\/#\/schema\/person\/4e08ccf29b506ca916ff86d46bb700e6"},"headline":"Su\u0111enje Du\u0161ko Zori\u0107: Novom braniocu rok do marta 2026. da se upozna s dokazima","datePublished":"2025-12-19T07:56:52+00:00","dateModified":"2025-12-19T07:56:52+00:00","mainEntityOfPage":{"@id":"https:\/\/www.prijedordanas.com\/?p=259381"},"wordCount":373,"publisher":{"@id":"https:\/\/www.prijedordanas.com\/#organization"},"articleSection":["Hronika"],"inLanguage":"en-US"},{"@type":"WebPage","@id":"https:\/\/www.prijedordanas.com\/?p=259381","url":"https:\/\/www.prijedordanas.com\/?p=259381","name":"Su\u0111enje Du\u0161ko Zori\u0107: Novom braniocu rok do marta 2026. da se upozna s dokazima - PrijedorDanas.com - Prijedorski gradski portal","isPartOf":{"@id":"https:\/\/www.prijedordanas.com\/#website"},"datePublished":"2025-12-19T07:56:52+00:00","dateModified":"2025-12-19T07:56:52+00:00","breadcrumb":{"@id":"https:\/\/www.prijedordanas.com\/?p=259381#breadcrumb"},"inLanguage":"en-US","potentialAction":[{"@type":"ReadAction","target":["https:\/\/www.prijedordanas.com\/?p=259381"]}]},{"@type":"BreadcrumbList","@id":"https:\/\/www.prijedordanas.com\/?p=259381#breadcrumb","itemListElement":[{"@type":"ListItem","position":1,"name":"Home","item":"https:\/\/www.prijedordanas.com\/"},{"@type":"ListItem","position":2,"name":"Su\u0111enje Du\u0161ko Zori\u0107: Novom braniocu rok do marta 2026. da se upozna s dokazima"}]},{"@type":"WebSite","@id":"https:\/\/www.prijedordanas.com\/#website","url":"https:\/\/www.prijedordanas.com\/","name":"PrijedorDanas.com - Prijedorski gradski portal","description":"Portal o doga\u0111anjima u gradu Prijedoru","publisher":{"@id":"https:\/\/www.prijedordanas.com\/#organization"},"potentialAction":[{"@type":"SearchAction","target":{"@type":"EntryPoint","urlTemplate":"https:\/\/www.prijedordanas.com\/?s={search_term_string}"},"query-input":"required name=search_term_string"}],"inLanguage":"en-US"},{"@type":"Organization","@id":"https:\/\/www.prijedordanas.com\/#organization","name":"PrijedorDanas.com","url":"https:\/\/www.prijedordanas.com\/","logo":{"@type":"ImageObject","inLanguage":"en-US","@id":"https:\/\/www.prijedordanas.com\/#\/schema\/logo\/image\/","url":"http:\/\/www.prijedordanas.com\/wp-content\/uploads\/2021\/12\/logopng.png","contentUrl":"http:\/\/www.prijedordanas.com\/wp-content\/uploads\/2021\/12\/logopng.png","width":1019,"height":776,"caption":"PrijedorDanas.com"},"image":{"@id":"https:\/\/www.prijedordanas.com\/#\/schema\/logo\/image\/"},"sameAs":["https:\/\/www.facebook.com\/PrijedorDanasCom\/"]},{"@type":"Person","@id":"https:\/\/www.prijedordanas.com\/#\/schema\/person\/4e08ccf29b506ca916ff86d46bb700e6","name":"admin","image":{"@type":"ImageObject","inLanguage":"en-US","@id":"https:\/\/www.prijedordanas.com\/#\/schema\/person\/image\/","url":"https:\/\/secure.gravatar.com\/avatar\/1d3fc949d550f0b53a5f0d51e06dfd79?s=96&d=mm&r=g","contentUrl":"https:\/\/secure.gravatar.com\/avatar\/1d3fc949d550f0b53a5f0d51e06dfd79?s=96&d=mm&r=g","caption":"admin"},"url":"https:\/\/www.prijedordanas.com\/?author=1"}]}},"_links":{"self":[{"href":"https:\/\/www.prijedordanas.com\/index.php?rest_route=\/wp\/v2\/posts\/259381"}],"collection":[{"href":"https:\/\/www.prijedordanas.com\/index.php?rest_route=\/wp\/v2\/posts"}],"about":[{"href":"https:\/\/www.prijedordanas.com\/index.php?rest_route=\/wp\/v2\/types\/post"}],"author":[{"embeddable":true,"href":"https:\/\/www.prijedordanas.com\/index.php?rest_route=\/wp\/v2\/users\/1"}],"replies":[{"embeddable":true,"href":"https:\/\/www.prijedordanas.com\/index.php?rest_route=%2Fwp%2Fv2%2Fcomments&post=259381"}],"version-history":[{"count":1,"href":"https:\/\/www.prijedordanas.com\/index.php?rest_route=\/wp\/v2\/posts\/259381\/revisions"}],"predecessor-version":[{"id":259383,"href":"https:\/\/www.prijedordanas.com\/index.php?rest_route=\/wp\/v2\/posts\/259381\/revisions\/259383"}],"wp:attachment":[{"href":"https:\/\/www.prijedordanas.com\/index.php?rest_route=%2Fwp%2Fv2%2Fmedia&parent=259381"}],"wp:term":[{"taxonomy":"category","embeddable":true,"href":"https:\/\/www.prijedordanas.com\/index.php?rest_route=%2Fwp%2Fv2%2Fcategories&post=259381"},{"taxonomy":"post_tag","embeddable":true,"href":"https:\/\/www.prijedordanas.com\/index.php?rest_route=%2Fwp%2Fv2%2Ftags&post=259381"}],"curies":[{"name":"wp","href":"https:\/\/api.w.org\/{rel}","templated":true}]}}