{"id":259275,"date":"2025-12-18T19:40:16","date_gmt":"2025-12-18T18:40:16","guid":{"rendered":"https:\/\/www.prijedordanas.com\/?p=259275"},"modified":"2025-12-26T11:39:17","modified_gmt":"2025-12-26T10:39:17","slug":"otvorena-izlozba-fotografija-obredni-hljeb-tacka-spajanja-foto-video","status":"publish","type":"post","link":"https:\/\/www.prijedordanas.com\/?p=259275","title":{"rendered":"Otvorena izlo\u017eba fotografija &#8220;Obredni hljeb-ta\u010dka spajanja&#8221; &#8211; FOTO\/VIDEO"},"content":{"rendered":"<p><a href=\"https:\/\/www.prijedordanas.com\/wp-content\/uploads\/2025\/12\/prijedorgradorg-obredni-hljeb-tacka-spajanja-1.jpg\"><img loading=\"lazy\" decoding=\"async\" class=\"alignleft size-medium wp-image-259834\" src=\"https:\/\/www.prijedordanas.com\/wp-content\/uploads\/2025\/12\/prijedorgradorg-obredni-hljeb-tacka-spajanja-1-300x225.jpg\" alt=\"\" width=\"300\" height=\"225\" srcset=\"https:\/\/www.prijedordanas.com\/wp-content\/uploads\/2025\/12\/prijedorgradorg-obredni-hljeb-tacka-spajanja-1-300x225.jpg 300w, https:\/\/www.prijedordanas.com\/wp-content\/uploads\/2025\/12\/prijedorgradorg-obredni-hljeb-tacka-spajanja-1-640x480.jpg 640w, https:\/\/www.prijedordanas.com\/wp-content\/uploads\/2025\/12\/prijedorgradorg-obredni-hljeb-tacka-spajanja-1.jpg 667w\" sizes=\"(max-width: 300px) 100vw, 300px\" \/><\/a>U Galeriji \u201eSreten Stojanovu\u010d\u201c otvorena je izlo\u017eba pod nazivom \u201eObredni hljeb-ta\u010dka spajanja\u201c. Radi se o druga\u010dijoj izlo\u017ebi nego \u0161to je prijedorska publika navikla.<\/p>\n<p>Rije\u010d je o izlo\u017ebi obrednih hljebova koji su nastali u okviru Festivala \u201e\u010cesnica\u201c koji traje ve\u0107 nekoliko godina.<\/p>\n<p>\u201eOvo je vrhunac u estetskom smislu tog Festivala gdje smo u saradnji sa Kancelarijom za kulturnu diplomatiju iz Beograda odlu\u010dili da ne\u0161to \u0161to je tradicionalno kulturno nasle\u0111e predstavimo kroz jedne savremene forme i poka\u017eemo da stereotipi ne treba da postoje i da u galeriji kao \u0161to je ova koja se bavi savremenom umjetno\u0161\u0107u mo\u017eemo da prika\u017eemo na jedan savremen i decentan na\u010din ovakvu tematiku\u201c, rekao je Boris Eremi\u0107, direktor Galerije \u201eSreten Stojanovi\u0107\u201c.<\/p>\n<p><a href=\"https:\/\/www.prijedordanas.com\/wp-content\/uploads\/2025\/12\/kozarski-obredni-hljeb-tacka-spajanja.jpg\"><img loading=\"lazy\" decoding=\"async\" class=\"alignleft size-medium wp-image-259835\" src=\"https:\/\/www.prijedordanas.com\/wp-content\/uploads\/2025\/12\/kozarski-obredni-hljeb-tacka-spajanja-300x225.jpg\" alt=\"\" width=\"300\" height=\"225\" srcset=\"https:\/\/www.prijedordanas.com\/wp-content\/uploads\/2025\/12\/kozarski-obredni-hljeb-tacka-spajanja-300x225.jpg 300w, https:\/\/www.prijedordanas.com\/wp-content\/uploads\/2025\/12\/kozarski-obredni-hljeb-tacka-spajanja-640x480.jpg 640w, https:\/\/www.prijedordanas.com\/wp-content\/uploads\/2025\/12\/kozarski-obredni-hljeb-tacka-spajanja.jpg 666w\" sizes=\"(max-width: 300px) 100vw, 300px\" \/><\/a>Dr Gordana Bek\u010di\u0107 direktorka kancelarije Udru\u017eenja gra\u0111ana za kulturnu diplomatiju je istakla da se Kancelarija za kulturnu diplomatiju opredijelila da kroz Festival bo\u017ei\u0107nih kola\u010da \u2013\u010cesnica promovi\u0161e, komunicira i predstavlja kulturno naslije\u0111e srpskog naroda kao ve\u0107inskog u Srbiji i Srpskoj.<\/p>\n<p>\u201eMe\u0111utim i svih drugih nacionalnih zajednica na jedan savremen , osavremenjen i komunikativan na\u010din koji mogu da razumeju ne samo mla\u0111e generacije kojima mo\u017eda tradicija nije bliska kao nama koji smo u nekim zrelijim godinama, ve\u0107 prevashodno drugim dru\u0161tvima, drugim kulturama, inostranstvu jer smatramo da je kulturna diplomatija, odnosno komuniciranje kroz kulturne prakse i kulturne sadr\u017eaje va\u017ean deo javne diplomatije i zaista mo\u017ee da doprinese promociji i negde promovisanju i Republike Srpske i Republike Srbije kao dr\u017eava koje imaju zaista bogato kulturno nasle\u0111e\u201c, rekla je ona.<\/p>\n<p><a href=\"https:\/\/www.prijedordanas.com\/wp-content\/uploads\/2025\/12\/prijedorgradorg-obredni-hljeb-tacka-spajanja-4.jpg\"><img loading=\"lazy\" decoding=\"async\" src=\"https:\/\/www.prijedordanas.com\/wp-content\/uploads\/2025\/12\/prijedorgradorg-obredni-hljeb-tacka-spajanja-4-300x200.jpg\" alt=\"\" width=\"300\" height=\"200\" class=\"alignleft size-medium wp-image-259836\" srcset=\"https:\/\/www.prijedordanas.com\/wp-content\/uploads\/2025\/12\/prijedorgradorg-obredni-hljeb-tacka-spajanja-4-300x200.jpg 300w, https:\/\/www.prijedordanas.com\/wp-content\/uploads\/2025\/12\/prijedorgradorg-obredni-hljeb-tacka-spajanja-4-480x320.jpg 480w, https:\/\/www.prijedordanas.com\/wp-content\/uploads\/2025\/12\/prijedorgradorg-obredni-hljeb-tacka-spajanja-4.jpg 600w\" sizes=\"(max-width: 300px) 100vw, 300px\" \/><\/a>Aleksandar Milje\u0161i\u0107, vr\u0161ilac du\u017enosti Odjeljenja za kulturu, me\u0111unarodnu saradnju, sport i NVO je rekao da je ponosan na Galeriju \u201eSreten Stojanovi\u0107\u201c, kao i na umjetnike.<\/p>\n<p>\u201eOvo je jedan specijalni trenutak i na moderan, nesvakida\u0161nji na\u010din predstavlja ne\u0161to \u0161to je dio na\u0161e tradicija srpskog naroda kada su u pitanju obredi. Posebno me raduje da je to ura\u0111eno na jedan kulturolo\u0161ki na\u010din i to je ne\u0161to \u0161to do sada nije vi\u0111eno. Ove fotografije vra\u0107aju u djetinjstvo i ovo je zaista spektakularno\u201c, naveo je Milje\u0161i\u0107.<\/p>\n<p>Izlo\u017ebu je podr\u017eala Gradska uprava Prijedor, a odr\u017eana je u sklopu manifestacije \u201ePrijedorska zima\u201c. Bi\u0107e otvorena do 23. januara.<\/p>\n<p><a href=\"https:\/\/kozarski.com\/otvorena-izlozba-fotografija-obredni-hljeb-tacka-spajanja\/\" target=\"_blank\" rel=\"noopener\">kozarski.com<\/a><\/p>\n<p><a href=\"https:\/\/www.prijedordanas.com\/wp-content\/uploads\/2025\/12\/prijedorgradorg-obredni-hljeb-tacka-spajanja-2.jpg\"><img loading=\"lazy\" decoding=\"async\" src=\"https:\/\/www.prijedordanas.com\/wp-content\/uploads\/2025\/12\/prijedorgradorg-obredni-hljeb-tacka-spajanja-2-300x200.jpg\" alt=\"\" width=\"300\" height=\"200\" class=\"alignleft size-medium wp-image-259837\" srcset=\"https:\/\/www.prijedordanas.com\/wp-content\/uploads\/2025\/12\/prijedorgradorg-obredni-hljeb-tacka-spajanja-2-300x200.jpg 300w, https:\/\/www.prijedordanas.com\/wp-content\/uploads\/2025\/12\/prijedorgradorg-obredni-hljeb-tacka-spajanja-2-480x320.jpg 480w, https:\/\/www.prijedordanas.com\/wp-content\/uploads\/2025\/12\/prijedorgradorg-obredni-hljeb-tacka-spajanja-2.jpg 600w\" sizes=\"(max-width: 300px) 100vw, 300px\" \/><\/a> <a href=\"https:\/\/www.prijedordanas.com\/wp-content\/uploads\/2025\/12\/prijedorgradorg-obredni-hljeb-tacka-spajanja-6.jpg\"><img loading=\"lazy\" decoding=\"async\" src=\"https:\/\/www.prijedordanas.com\/wp-content\/uploads\/2025\/12\/prijedorgradorg-obredni-hljeb-tacka-spajanja-6-300x200.jpg\" alt=\"\" width=\"300\" height=\"200\" class=\"alignleft size-medium wp-image-259838\" srcset=\"https:\/\/www.prijedordanas.com\/wp-content\/uploads\/2025\/12\/prijedorgradorg-obredni-hljeb-tacka-spajanja-6-300x200.jpg 300w, https:\/\/www.prijedordanas.com\/wp-content\/uploads\/2025\/12\/prijedorgradorg-obredni-hljeb-tacka-spajanja-6-480x320.jpg 480w, https:\/\/www.prijedordanas.com\/wp-content\/uploads\/2025\/12\/prijedorgradorg-obredni-hljeb-tacka-spajanja-6.jpg 600w\" sizes=\"(max-width: 300px) 100vw, 300px\" \/><\/a> <a href=\"https:\/\/www.prijedordanas.com\/wp-content\/uploads\/2025\/12\/prijedorgradorg-obredni-hljeb-tacka-spajanja-5.jpg\"><img loading=\"lazy\" decoding=\"async\" src=\"https:\/\/www.prijedordanas.com\/wp-content\/uploads\/2025\/12\/prijedorgradorg-obredni-hljeb-tacka-spajanja-5-300x200.jpg\" alt=\"\" width=\"300\" height=\"200\" class=\"alignleft size-medium wp-image-259839\" srcset=\"https:\/\/www.prijedordanas.com\/wp-content\/uploads\/2025\/12\/prijedorgradorg-obredni-hljeb-tacka-spajanja-5-300x200.jpg 300w, https:\/\/www.prijedordanas.com\/wp-content\/uploads\/2025\/12\/prijedorgradorg-obredni-hljeb-tacka-spajanja-5-480x320.jpg 480w, https:\/\/www.prijedordanas.com\/wp-content\/uploads\/2025\/12\/prijedorgradorg-obredni-hljeb-tacka-spajanja-5.jpg 600w\" sizes=\"(max-width: 300px) 100vw, 300px\" \/><\/a> <a href=\"https:\/\/www.prijedordanas.com\/wp-content\/uploads\/2025\/12\/prijedorgradorg-obredni-hljeb-tacka-spajanja-3.jpg\"><img loading=\"lazy\" decoding=\"async\" src=\"https:\/\/www.prijedordanas.com\/wp-content\/uploads\/2025\/12\/prijedorgradorg-obredni-hljeb-tacka-spajanja-3-300x200.jpg\" alt=\"\" width=\"300\" height=\"200\" class=\"alignleft size-medium wp-image-259840\" srcset=\"https:\/\/www.prijedordanas.com\/wp-content\/uploads\/2025\/12\/prijedorgradorg-obredni-hljeb-tacka-spajanja-3-300x200.jpg 300w, https:\/\/www.prijedordanas.com\/wp-content\/uploads\/2025\/12\/prijedorgradorg-obredni-hljeb-tacka-spajanja-3-480x320.jpg 480w, https:\/\/www.prijedordanas.com\/wp-content\/uploads\/2025\/12\/prijedorgradorg-obredni-hljeb-tacka-spajanja-3.jpg 600w\" sizes=\"(max-width: 300px) 100vw, 300px\" \/><\/a><\/p>\n<p><iframe loading=\"lazy\" title=\"OTVORENA IZLO\u017dBA FOTOGRAFIJA \u201eOBREDNI HLJEB \u2013 TA\u010cKA SPAJANJA\u201c\" width=\"500\" height=\"281\" src=\"https:\/\/www.youtube.com\/embed\/NSjYBg-7mAo?feature=oembed\" frameborder=\"0\" allow=\"accelerometer; autoplay; clipboard-write; encrypted-media; gyroscope; picture-in-picture; web-share\" referrerpolicy=\"strict-origin-when-cross-origin\" allowfullscreen><\/iframe><\/p>\n","protected":false},"excerpt":{"rendered":"<p>U Galeriji \u201eSreten Stojanovu\u010d\u201c otvorena je izlo\u017eba pod nazivom \u201eObredni hljeb-ta\u010dka spajanja\u201c. Radi se o druga\u010dijoj izlo\u017ebi nego \u0161to je prijedorska publika navikla. Rije\u010d je o izlo\u017ebi obrednih hljebova koji [&hellip;]<\/p>\n","protected":false},"author":1,"featured_media":0,"comment_status":"closed","ping_status":"open","sticky":false,"template":"","format":"standard","meta":{"_monsterinsights_skip_tracking":false,"_monsterinsights_sitenote_active":false,"_monsterinsights_sitenote_note":"","_monsterinsights_sitenote_category":0,"footnotes":""},"categories":[6],"tags":[],"yoast_head":"<!-- This site is optimized with the Yoast SEO plugin v21.6 - https:\/\/yoast.com\/wordpress\/plugins\/seo\/ -->\n<title>Otvorena izlo\u017eba fotografija &quot;Obredni hljeb-ta\u010dka spajanja&quot; - FOTO\/VIDEO - PrijedorDanas.com - Prijedorski gradski portal<\/title>\n<meta name=\"robots\" content=\"index, follow, max-snippet:-1, max-image-preview:large, max-video-preview:-1\" \/>\n<link rel=\"canonical\" href=\"https:\/\/www.prijedordanas.com\/?p=259275\" \/>\n<meta property=\"og:locale\" content=\"en_US\" \/>\n<meta property=\"og:type\" content=\"article\" \/>\n<meta property=\"og:title\" content=\"Otvorena izlo\u017eba fotografija &quot;Obredni hljeb-ta\u010dka spajanja&quot; - FOTO\/VIDEO - PrijedorDanas.com - Prijedorski gradski portal\" \/>\n<meta property=\"og:description\" content=\"U Galeriji \u201eSreten Stojanovu\u010d\u201c otvorena je izlo\u017eba pod nazivom \u201eObredni hljeb-ta\u010dka spajanja\u201c. Radi se o druga\u010dijoj izlo\u017ebi nego \u0161to je prijedorska publika navikla. Rije\u010d je o izlo\u017ebi obrednih hljebova koji [&hellip;]\" \/>\n<meta property=\"og:url\" content=\"https:\/\/www.prijedordanas.com\/?p=259275\" \/>\n<meta property=\"og:site_name\" content=\"PrijedorDanas.com - Prijedorski gradski portal\" \/>\n<meta property=\"article:publisher\" content=\"https:\/\/www.facebook.com\/PrijedorDanasCom\/\" \/>\n<meta property=\"article:published_time\" content=\"2025-12-18T18:40:16+00:00\" \/>\n<meta property=\"article:modified_time\" content=\"2025-12-26T10:39:17+00:00\" \/>\n<meta property=\"og:image\" content=\"https:\/\/www.prijedordanas.com\/wp-content\/uploads\/2025\/12\/prijedorgradorg-obredni-hljeb-tacka-spajanja-1-300x225.jpg\" \/>\n<meta name=\"author\" content=\"admin\" \/>\n<meta name=\"twitter:card\" content=\"summary_large_image\" \/>\n<meta name=\"twitter:label1\" content=\"Written by\" \/>\n\t<meta name=\"twitter:data1\" content=\"admin\" \/>\n\t<meta name=\"twitter:label2\" content=\"Est. reading time\" \/>\n\t<meta name=\"twitter:data2\" content=\"2 minutes\" \/>\n<script type=\"application\/ld+json\" class=\"yoast-schema-graph\">{\"@context\":\"https:\/\/schema.org\",\"@graph\":[{\"@type\":\"Article\",\"@id\":\"https:\/\/www.prijedordanas.com\/?p=259275#article\",\"isPartOf\":{\"@id\":\"https:\/\/www.prijedordanas.com\/?p=259275\"},\"author\":{\"name\":\"admin\",\"@id\":\"https:\/\/www.prijedordanas.com\/#\/schema\/person\/4e08ccf29b506ca916ff86d46bb700e6\"},\"headline\":\"Otvorena izlo\u017eba fotografija &#8220;Obredni hljeb-ta\u010dka spajanja&#8221; &#8211; FOTO\/VIDEO\",\"datePublished\":\"2025-12-18T18:40:16+00:00\",\"dateModified\":\"2025-12-26T10:39:17+00:00\",\"mainEntityOfPage\":{\"@id\":\"https:\/\/www.prijedordanas.com\/?p=259275\"},\"wordCount\":409,\"publisher\":{\"@id\":\"https:\/\/www.prijedordanas.com\/#organization\"},\"articleSection\":[\"Kultura\"],\"inLanguage\":\"en-US\"},{\"@type\":\"WebPage\",\"@id\":\"https:\/\/www.prijedordanas.com\/?p=259275\",\"url\":\"https:\/\/www.prijedordanas.com\/?p=259275\",\"name\":\"Otvorena izlo\u017eba fotografija \\\"Obredni hljeb-ta\u010dka spajanja\\\" - FOTO\/VIDEO - PrijedorDanas.com - Prijedorski gradski portal\",\"isPartOf\":{\"@id\":\"https:\/\/www.prijedordanas.com\/#website\"},\"datePublished\":\"2025-12-18T18:40:16+00:00\",\"dateModified\":\"2025-12-26T10:39:17+00:00\",\"breadcrumb\":{\"@id\":\"https:\/\/www.prijedordanas.com\/?p=259275#breadcrumb\"},\"inLanguage\":\"en-US\",\"potentialAction\":[{\"@type\":\"ReadAction\",\"target\":[\"https:\/\/www.prijedordanas.com\/?p=259275\"]}]},{\"@type\":\"BreadcrumbList\",\"@id\":\"https:\/\/www.prijedordanas.com\/?p=259275#breadcrumb\",\"itemListElement\":[{\"@type\":\"ListItem\",\"position\":1,\"name\":\"Home\",\"item\":\"https:\/\/www.prijedordanas.com\/\"},{\"@type\":\"ListItem\",\"position\":2,\"name\":\"Otvorena izlo\u017eba fotografija &#8220;Obredni hljeb-ta\u010dka spajanja&#8221; &#8211; FOTO\/VIDEO\"}]},{\"@type\":\"WebSite\",\"@id\":\"https:\/\/www.prijedordanas.com\/#website\",\"url\":\"https:\/\/www.prijedordanas.com\/\",\"name\":\"PrijedorDanas.com - Prijedorski gradski portal\",\"description\":\"Portal o doga\u0111anjima u gradu Prijedoru\",\"publisher\":{\"@id\":\"https:\/\/www.prijedordanas.com\/#organization\"},\"potentialAction\":[{\"@type\":\"SearchAction\",\"target\":{\"@type\":\"EntryPoint\",\"urlTemplate\":\"https:\/\/www.prijedordanas.com\/?s={search_term_string}\"},\"query-input\":\"required name=search_term_string\"}],\"inLanguage\":\"en-US\"},{\"@type\":\"Organization\",\"@id\":\"https:\/\/www.prijedordanas.com\/#organization\",\"name\":\"PrijedorDanas.com\",\"url\":\"https:\/\/www.prijedordanas.com\/\",\"logo\":{\"@type\":\"ImageObject\",\"inLanguage\":\"en-US\",\"@id\":\"https:\/\/www.prijedordanas.com\/#\/schema\/logo\/image\/\",\"url\":\"http:\/\/www.prijedordanas.com\/wp-content\/uploads\/2021\/12\/logopng.png\",\"contentUrl\":\"http:\/\/www.prijedordanas.com\/wp-content\/uploads\/2021\/12\/logopng.png\",\"width\":1019,\"height\":776,\"caption\":\"PrijedorDanas.com\"},\"image\":{\"@id\":\"https:\/\/www.prijedordanas.com\/#\/schema\/logo\/image\/\"},\"sameAs\":[\"https:\/\/www.facebook.com\/PrijedorDanasCom\/\"]},{\"@type\":\"Person\",\"@id\":\"https:\/\/www.prijedordanas.com\/#\/schema\/person\/4e08ccf29b506ca916ff86d46bb700e6\",\"name\":\"admin\",\"image\":{\"@type\":\"ImageObject\",\"inLanguage\":\"en-US\",\"@id\":\"https:\/\/www.prijedordanas.com\/#\/schema\/person\/image\/\",\"url\":\"https:\/\/secure.gravatar.com\/avatar\/1d3fc949d550f0b53a5f0d51e06dfd79?s=96&d=mm&r=g\",\"contentUrl\":\"https:\/\/secure.gravatar.com\/avatar\/1d3fc949d550f0b53a5f0d51e06dfd79?s=96&d=mm&r=g\",\"caption\":\"admin\"},\"url\":\"https:\/\/www.prijedordanas.com\/?author=1\"}]}<\/script>\n<!-- \/ Yoast SEO plugin. -->","yoast_head_json":{"title":"Otvorena izlo\u017eba fotografija \"Obredni hljeb-ta\u010dka spajanja\" - FOTO\/VIDEO - PrijedorDanas.com - Prijedorski gradski portal","robots":{"index":"index","follow":"follow","max-snippet":"max-snippet:-1","max-image-preview":"max-image-preview:large","max-video-preview":"max-video-preview:-1"},"canonical":"https:\/\/www.prijedordanas.com\/?p=259275","og_locale":"en_US","og_type":"article","og_title":"Otvorena izlo\u017eba fotografija \"Obredni hljeb-ta\u010dka spajanja\" - FOTO\/VIDEO - PrijedorDanas.com - Prijedorski gradski portal","og_description":"U Galeriji \u201eSreten Stojanovu\u010d\u201c otvorena je izlo\u017eba pod nazivom \u201eObredni hljeb-ta\u010dka spajanja\u201c. Radi se o druga\u010dijoj izlo\u017ebi nego \u0161to je prijedorska publika navikla. Rije\u010d je o izlo\u017ebi obrednih hljebova koji [&hellip;]","og_url":"https:\/\/www.prijedordanas.com\/?p=259275","og_site_name":"PrijedorDanas.com - Prijedorski gradski portal","article_publisher":"https:\/\/www.facebook.com\/PrijedorDanasCom\/","article_published_time":"2025-12-18T18:40:16+00:00","article_modified_time":"2025-12-26T10:39:17+00:00","og_image":[{"url":"https:\/\/www.prijedordanas.com\/wp-content\/uploads\/2025\/12\/prijedorgradorg-obredni-hljeb-tacka-spajanja-1-300x225.jpg"}],"author":"admin","twitter_card":"summary_large_image","twitter_misc":{"Written by":"admin","Est. reading time":"2 minutes"},"schema":{"@context":"https:\/\/schema.org","@graph":[{"@type":"Article","@id":"https:\/\/www.prijedordanas.com\/?p=259275#article","isPartOf":{"@id":"https:\/\/www.prijedordanas.com\/?p=259275"},"author":{"name":"admin","@id":"https:\/\/www.prijedordanas.com\/#\/schema\/person\/4e08ccf29b506ca916ff86d46bb700e6"},"headline":"Otvorena izlo\u017eba fotografija &#8220;Obredni hljeb-ta\u010dka spajanja&#8221; &#8211; FOTO\/VIDEO","datePublished":"2025-12-18T18:40:16+00:00","dateModified":"2025-12-26T10:39:17+00:00","mainEntityOfPage":{"@id":"https:\/\/www.prijedordanas.com\/?p=259275"},"wordCount":409,"publisher":{"@id":"https:\/\/www.prijedordanas.com\/#organization"},"articleSection":["Kultura"],"inLanguage":"en-US"},{"@type":"WebPage","@id":"https:\/\/www.prijedordanas.com\/?p=259275","url":"https:\/\/www.prijedordanas.com\/?p=259275","name":"Otvorena izlo\u017eba fotografija \"Obredni hljeb-ta\u010dka spajanja\" - FOTO\/VIDEO - PrijedorDanas.com - Prijedorski gradski portal","isPartOf":{"@id":"https:\/\/www.prijedordanas.com\/#website"},"datePublished":"2025-12-18T18:40:16+00:00","dateModified":"2025-12-26T10:39:17+00:00","breadcrumb":{"@id":"https:\/\/www.prijedordanas.com\/?p=259275#breadcrumb"},"inLanguage":"en-US","potentialAction":[{"@type":"ReadAction","target":["https:\/\/www.prijedordanas.com\/?p=259275"]}]},{"@type":"BreadcrumbList","@id":"https:\/\/www.prijedordanas.com\/?p=259275#breadcrumb","itemListElement":[{"@type":"ListItem","position":1,"name":"Home","item":"https:\/\/www.prijedordanas.com\/"},{"@type":"ListItem","position":2,"name":"Otvorena izlo\u017eba fotografija &#8220;Obredni hljeb-ta\u010dka spajanja&#8221; &#8211; FOTO\/VIDEO"}]},{"@type":"WebSite","@id":"https:\/\/www.prijedordanas.com\/#website","url":"https:\/\/www.prijedordanas.com\/","name":"PrijedorDanas.com - Prijedorski gradski portal","description":"Portal o doga\u0111anjima u gradu Prijedoru","publisher":{"@id":"https:\/\/www.prijedordanas.com\/#organization"},"potentialAction":[{"@type":"SearchAction","target":{"@type":"EntryPoint","urlTemplate":"https:\/\/www.prijedordanas.com\/?s={search_term_string}"},"query-input":"required name=search_term_string"}],"inLanguage":"en-US"},{"@type":"Organization","@id":"https:\/\/www.prijedordanas.com\/#organization","name":"PrijedorDanas.com","url":"https:\/\/www.prijedordanas.com\/","logo":{"@type":"ImageObject","inLanguage":"en-US","@id":"https:\/\/www.prijedordanas.com\/#\/schema\/logo\/image\/","url":"http:\/\/www.prijedordanas.com\/wp-content\/uploads\/2021\/12\/logopng.png","contentUrl":"http:\/\/www.prijedordanas.com\/wp-content\/uploads\/2021\/12\/logopng.png","width":1019,"height":776,"caption":"PrijedorDanas.com"},"image":{"@id":"https:\/\/www.prijedordanas.com\/#\/schema\/logo\/image\/"},"sameAs":["https:\/\/www.facebook.com\/PrijedorDanasCom\/"]},{"@type":"Person","@id":"https:\/\/www.prijedordanas.com\/#\/schema\/person\/4e08ccf29b506ca916ff86d46bb700e6","name":"admin","image":{"@type":"ImageObject","inLanguage":"en-US","@id":"https:\/\/www.prijedordanas.com\/#\/schema\/person\/image\/","url":"https:\/\/secure.gravatar.com\/avatar\/1d3fc949d550f0b53a5f0d51e06dfd79?s=96&d=mm&r=g","contentUrl":"https:\/\/secure.gravatar.com\/avatar\/1d3fc949d550f0b53a5f0d51e06dfd79?s=96&d=mm&r=g","caption":"admin"},"url":"https:\/\/www.prijedordanas.com\/?author=1"}]}},"_links":{"self":[{"href":"https:\/\/www.prijedordanas.com\/index.php?rest_route=\/wp\/v2\/posts\/259275"}],"collection":[{"href":"https:\/\/www.prijedordanas.com\/index.php?rest_route=\/wp\/v2\/posts"}],"about":[{"href":"https:\/\/www.prijedordanas.com\/index.php?rest_route=\/wp\/v2\/types\/post"}],"author":[{"embeddable":true,"href":"https:\/\/www.prijedordanas.com\/index.php?rest_route=\/wp\/v2\/users\/1"}],"replies":[{"embeddable":true,"href":"https:\/\/www.prijedordanas.com\/index.php?rest_route=%2Fwp%2Fv2%2Fcomments&post=259275"}],"version-history":[{"count":4,"href":"https:\/\/www.prijedordanas.com\/index.php?rest_route=\/wp\/v2\/posts\/259275\/revisions"}],"predecessor-version":[{"id":259841,"href":"https:\/\/www.prijedordanas.com\/index.php?rest_route=\/wp\/v2\/posts\/259275\/revisions\/259841"}],"wp:attachment":[{"href":"https:\/\/www.prijedordanas.com\/index.php?rest_route=%2Fwp%2Fv2%2Fmedia&parent=259275"}],"wp:term":[{"taxonomy":"category","embeddable":true,"href":"https:\/\/www.prijedordanas.com\/index.php?rest_route=%2Fwp%2Fv2%2Fcategories&post=259275"},{"taxonomy":"post_tag","embeddable":true,"href":"https:\/\/www.prijedordanas.com\/index.php?rest_route=%2Fwp%2Fv2%2Ftags&post=259275"}],"curies":[{"name":"wp","href":"https:\/\/api.w.org\/{rel}","templated":true}]}}