{"id":259156,"date":"2025-12-15T15:44:55","date_gmt":"2025-12-15T14:44:55","guid":{"rendered":"https:\/\/www.prijedordanas.com\/?p=259156"},"modified":"2025-12-15T15:44:55","modified_gmt":"2025-12-15T14:44:55","slug":"skupstina-grada-prijedora-usvojen-drugi-rebalans-za-ovu-i-budzet-za-narednu-godinu-foto","status":"publish","type":"post","link":"https:\/\/www.prijedordanas.com\/?p=259156","title":{"rendered":"Skup\u0161tina grada Prijedora: Usvojen drugi rebalans za ovu i bud\u017eet za narednu godinu &#8211; FOTO"},"content":{"rendered":"<p><a href=\"https:\/\/www.prijedordanas.com\/wp-content\/uploads\/2025\/12\/skupstina-grada-15decembar-1.jpg\"><img loading=\"lazy\" decoding=\"async\" class=\"alignleft size-medium wp-image-259158\" src=\"https:\/\/www.prijedordanas.com\/wp-content\/uploads\/2025\/12\/skupstina-grada-15decembar-1-300x225.jpg\" alt=\"\" width=\"300\" height=\"225\" srcset=\"https:\/\/www.prijedordanas.com\/wp-content\/uploads\/2025\/12\/skupstina-grada-15decembar-1-300x225.jpg 300w, https:\/\/www.prijedordanas.com\/wp-content\/uploads\/2025\/12\/skupstina-grada-15decembar-1-640x480.jpg 640w, https:\/\/www.prijedordanas.com\/wp-content\/uploads\/2025\/12\/skupstina-grada-15decembar-1.jpg 667w\" sizes=\"(max-width: 300px) 100vw, 300px\" \/><\/a>Odbornici Skup\u0161tine grada Prijedora usvojili su danas drugi rebalans bud\u017eeta za ovu godinu u iznosu od 97,600.000 KM i bud\u017eet za 2026. od 101.950.000 KM.<\/p>\n<p>Drugi rebalans je gra\u0111en na osnovu zahtjeva koji su pristigli u javnoj raspravi i skoro svih pet zahtjeva je uva\u017eeno, rekla je Maja Kuni\u0107, v.d. na\u010delnika Odjeljenja za finansije.<\/p>\n<p>\u201cZnatna razlika u odnosu na Nacrt je to \u0161to je rebalans bud\u017eeta usvojen za 97.170 KM u manjem iznosu, a to umanjenje odnosi se na planirane primitke za gradsko gra\u0111evinsko zemlji\u0161te u iznosu 90.000 KM i planirane primitke za ostalo gra\u0111evinsko zemlji\u0161te u iznosu manjem za 7.170 maraka\u201d, rekla je Kuni\u0107eva.<\/p>\n<p>Sa 25 glasova \u201cza\u201d, jednim suzdr\u017eanim i nijednim protiv, usvojen je bud\u017eet za narednu godinu u iznosu 101.950.000 KM. Bud\u017eet je prvi put pre\u0161ao iznos od 100 miliona KM i za 50.000 KM je manji nego u Nacrtu.<\/p>\n<p><a href=\"https:\/\/www.prijedordanas.com\/wp-content\/uploads\/2025\/12\/skupstina-grada-15decembar-7.jpg\"><img loading=\"lazy\" decoding=\"async\" class=\"alignleft size-medium wp-image-259159\" src=\"https:\/\/www.prijedordanas.com\/wp-content\/uploads\/2025\/12\/skupstina-grada-15decembar-7-300x225.jpg\" alt=\"\" width=\"300\" height=\"225\" srcset=\"https:\/\/www.prijedordanas.com\/wp-content\/uploads\/2025\/12\/skupstina-grada-15decembar-7-300x225.jpg 300w, https:\/\/www.prijedordanas.com\/wp-content\/uploads\/2025\/12\/skupstina-grada-15decembar-7-640x480.jpg 640w, https:\/\/www.prijedordanas.com\/wp-content\/uploads\/2025\/12\/skupstina-grada-15decembar-7.jpg 667w\" sizes=\"(max-width: 300px) 100vw, 300px\" \/><\/a>\u201cBud\u017eet za 2026. godinu tako\u0111e je ra\u0111en na osnovu zahtjeva iz javne rasprave, gdje su dva zahtjeva u potpunosti uva\u017eena, a jedan djelimi\u010dno. \u010cetiri zahtjeva nisu uva\u017eena zbog nedostatka sredstava. Ovdje bih samo napomenula, a polemisali su malo odbornici, kada se radi o zahtjevu koji je bio u javnoj raspravi Udru\u017eenja \u2018Plavi balon\u2019 za formiranje centra za djecu sa posebnim potrebama, da ovaj zahtjev nije a priori odbijen, samo trenutno nismo izna\u0161li sredstva u bud\u017eetu iz razloga \u0161to nije prona\u0111en adekvatan prostor. Ostaje da se zajedni\u010dkim snagama borimo da prona\u0111emo prostor i na osnovu toga, ukoliko se i kad se formira ovaj centar, svakako \u0107emo rebalansom bud\u017eeta za 2026. godinu predvidjeti sredstva za to\u201d, navodi Kuni\u0107eva.<\/p>\n<p>Odbornici SDP-a Alma Semani\u0107 i Zijad \u010cani\u0107 ulo\u017eili su tri amandmana tokom rasprave o usvajanju bud\u017eeta za narednu godinu. Nakon petominutne pauze koju je tra\u017eio \u010cani\u0107 zbog usagla\u0161avanja, amandmani su povu\u010deni.<\/p>\n<p><a href=\"https:\/\/www.prijedordanas.com\/wp-content\/uploads\/2025\/12\/skupstina-grada-15decembar-4.jpg\"><img loading=\"lazy\" decoding=\"async\" class=\"alignleft size-medium wp-image-259160\" src=\"https:\/\/www.prijedordanas.com\/wp-content\/uploads\/2025\/12\/skupstina-grada-15decembar-4-300x225.jpg\" alt=\"\" width=\"300\" height=\"225\" srcset=\"https:\/\/www.prijedordanas.com\/wp-content\/uploads\/2025\/12\/skupstina-grada-15decembar-4-300x225.jpg 300w, https:\/\/www.prijedordanas.com\/wp-content\/uploads\/2025\/12\/skupstina-grada-15decembar-4-640x480.jpg 640w, https:\/\/www.prijedordanas.com\/wp-content\/uploads\/2025\/12\/skupstina-grada-15decembar-4.jpg 667w\" sizes=\"(max-width: 300px) 100vw, 300px\" \/><\/a>\u201cGledaju\u0107i ambijent u skup\u0161tinskoj sali i ostalo, da smo i\u0161li pojedina\u010dno na glasanje, ne bismo dobili podr\u0161ku. Zato smo se dogovorili da povu\u010demo amandmane, ali da se ide na rebalans bud\u017eeta. Mislim da \u0107emo, kad bude rebalans bud\u017eeta za 2026. godinu, uspjeti da dobijemo sredstva za ove tri stavke koje se ti\u010du podr\u0161ke povratku, infrastrukture i udru\u017eenja koje se bavi civilnim \u017ertvama\u201d, rekao je Zijad \u010cani\u0107.<\/p>\n<p>Bud\u017eetom za 2026. godinu predvi\u0111eno je manje sredstava za \u201cKomunalne usluge\u201d.<\/p>\n<p>\u201cSmanjeno je to sa nekih 980.000 na nekih 400.000 maraka, a kreditno zadu\u017eenje u koje idu \u2018Komunalne usluge\u2019 predvi\u0111eno je prvenstveno iz dva razloga. Prvo je da se iskoristi trenutni Zakon o otpisu potra\u017eivanja, koji podrazumijeva da ukoliko glavnicu izmirimo do 31.12. teku\u0107e godine, bi\u0107e otpisane zatezne kamate, \u0161to \u0107e samim tim omogu\u0107iti da Preduze\u0107e u narednom periodu dobije saglasnost, odnosno uvjerenje iz Poreske uprave o izmirenim doprinosima i mo\u0107i \u0107e da konkuri\u0161e na tendere i da se bavi svojom primarnom djelatno\u0161\u0107u. Vidljivo je da tr\u017ei\u0161te postoji, \u010dim postoji ve\u0107i broj privatnih kompanija koje obavljaju iste poslove, a na upravi Preduze\u0107a je da to iskoristi. Za nas \u0107e biti signal da li to uprava koristi na pravi na\u010din, ukoliko u 2027. godini Preduze\u0107u bude trebala manja podr\u0161ka od strane Grada Prijedora. Ukoliko ne bude trebala manja podr\u0161ka, ne\u0161to onda oni nisu procijenili kako treba\u201d, rekao je Miroslav Bijeli\u0107, predsjednik Komisije za bud\u017eet i finansije grada Prijedora.<\/p>\n<p>Na dnevnom redu 12. sjednice Skup\u0161tine grada Prijedora pred odbornicima je ukupno 26 ta\u010daka.<\/p>\n<p><strong><a href=\"https:\/\/kozarski.com\/usvojen-drugi-rebalans-za-ovu-i-budzet-za-narednu-godinu\/\" target=\"_blank\" rel=\"noopener\">kozarski.com<\/a><\/strong><\/p>\n<p><a href=\"https:\/\/www.prijedordanas.com\/wp-content\/uploads\/2025\/12\/skupstina-grada-15decembar-11.jpg\"><img loading=\"lazy\" decoding=\"async\" src=\"https:\/\/www.prijedordanas.com\/wp-content\/uploads\/2025\/12\/skupstina-grada-15decembar-11-300x200.jpg\" alt=\"\" width=\"300\" height=\"200\" class=\"alignleft size-medium wp-image-259161\" srcset=\"https:\/\/www.prijedordanas.com\/wp-content\/uploads\/2025\/12\/skupstina-grada-15decembar-11-300x200.jpg 300w, https:\/\/www.prijedordanas.com\/wp-content\/uploads\/2025\/12\/skupstina-grada-15decembar-11-480x320.jpg 480w, https:\/\/www.prijedordanas.com\/wp-content\/uploads\/2025\/12\/skupstina-grada-15decembar-11.jpg 600w\" sizes=\"(max-width: 300px) 100vw, 300px\" \/><\/a> <a href=\"https:\/\/www.prijedordanas.com\/wp-content\/uploads\/2025\/12\/skupstina-grada-15decembar-10.jpg\"><img loading=\"lazy\" decoding=\"async\" src=\"https:\/\/www.prijedordanas.com\/wp-content\/uploads\/2025\/12\/skupstina-grada-15decembar-10-300x225.jpg\" alt=\"\" width=\"300\" height=\"225\" class=\"alignleft size-medium wp-image-259162\" srcset=\"https:\/\/www.prijedordanas.com\/wp-content\/uploads\/2025\/12\/skupstina-grada-15decembar-10-300x225.jpg 300w, https:\/\/www.prijedordanas.com\/wp-content\/uploads\/2025\/12\/skupstina-grada-15decembar-10-640x480.jpg 640w, https:\/\/www.prijedordanas.com\/wp-content\/uploads\/2025\/12\/skupstina-grada-15decembar-10.jpg 667w\" sizes=\"(max-width: 300px) 100vw, 300px\" \/><\/a><\/p>\n","protected":false},"excerpt":{"rendered":"<p>Odbornici Skup\u0161tine grada Prijedora usvojili su danas drugi rebalans bud\u017eeta za ovu godinu u iznosu od 97,600.000 KM i bud\u017eet za 2026. od 101.950.000 KM. Drugi rebalans je gra\u0111en na [&hellip;]<\/p>\n","protected":false},"author":1,"featured_media":0,"comment_status":"closed","ping_status":"open","sticky":false,"template":"","format":"standard","meta":{"_monsterinsights_skip_tracking":false,"_monsterinsights_sitenote_active":false,"_monsterinsights_sitenote_note":"","_monsterinsights_sitenote_category":0,"footnotes":""},"categories":[4],"tags":[],"yoast_head":"<!-- This site is optimized with the Yoast SEO plugin v21.6 - https:\/\/yoast.com\/wordpress\/plugins\/seo\/ -->\n<title>Skup\u0161tina grada Prijedora: Usvojen drugi rebalans za ovu i bud\u017eet za narednu godinu - FOTO - PrijedorDanas.com - Prijedorski gradski portal<\/title>\n<meta name=\"robots\" content=\"index, follow, max-snippet:-1, max-image-preview:large, max-video-preview:-1\" \/>\n<link rel=\"canonical\" href=\"https:\/\/www.prijedordanas.com\/?p=259156\" \/>\n<meta property=\"og:locale\" content=\"en_US\" \/>\n<meta property=\"og:type\" content=\"article\" \/>\n<meta property=\"og:title\" content=\"Skup\u0161tina grada Prijedora: Usvojen drugi rebalans za ovu i bud\u017eet za narednu godinu - FOTO - PrijedorDanas.com - Prijedorski gradski portal\" \/>\n<meta property=\"og:description\" content=\"Odbornici Skup\u0161tine grada Prijedora usvojili su danas drugi rebalans bud\u017eeta za ovu godinu u iznosu od 97,600.000 KM i bud\u017eet za 2026. od 101.950.000 KM. Drugi rebalans je gra\u0111en na [&hellip;]\" \/>\n<meta property=\"og:url\" content=\"https:\/\/www.prijedordanas.com\/?p=259156\" \/>\n<meta property=\"og:site_name\" content=\"PrijedorDanas.com - Prijedorski gradski portal\" \/>\n<meta property=\"article:publisher\" content=\"https:\/\/www.facebook.com\/PrijedorDanasCom\/\" \/>\n<meta property=\"article:published_time\" content=\"2025-12-15T14:44:55+00:00\" \/>\n<meta property=\"og:image\" content=\"https:\/\/www.prijedordanas.com\/wp-content\/uploads\/2025\/12\/skupstina-grada-15decembar-1-300x225.jpg\" \/>\n<meta name=\"author\" content=\"admin\" \/>\n<meta name=\"twitter:card\" content=\"summary_large_image\" \/>\n<meta name=\"twitter:label1\" content=\"Written by\" \/>\n\t<meta name=\"twitter:data1\" content=\"admin\" \/>\n\t<meta name=\"twitter:label2\" content=\"Est. reading time\" \/>\n\t<meta name=\"twitter:data2\" content=\"3 minutes\" \/>\n<script type=\"application\/ld+json\" class=\"yoast-schema-graph\">{\"@context\":\"https:\/\/schema.org\",\"@graph\":[{\"@type\":\"Article\",\"@id\":\"https:\/\/www.prijedordanas.com\/?p=259156#article\",\"isPartOf\":{\"@id\":\"https:\/\/www.prijedordanas.com\/?p=259156\"},\"author\":{\"name\":\"admin\",\"@id\":\"https:\/\/www.prijedordanas.com\/#\/schema\/person\/4e08ccf29b506ca916ff86d46bb700e6\"},\"headline\":\"Skup\u0161tina grada Prijedora: Usvojen drugi rebalans za ovu i bud\u017eet za narednu godinu &#8211; FOTO\",\"datePublished\":\"2025-12-15T14:44:55+00:00\",\"dateModified\":\"2025-12-15T14:44:55+00:00\",\"mainEntityOfPage\":{\"@id\":\"https:\/\/www.prijedordanas.com\/?p=259156\"},\"wordCount\":607,\"publisher\":{\"@id\":\"https:\/\/www.prijedordanas.com\/#organization\"},\"articleSection\":[\"Dru\u0161tvo\"],\"inLanguage\":\"en-US\"},{\"@type\":\"WebPage\",\"@id\":\"https:\/\/www.prijedordanas.com\/?p=259156\",\"url\":\"https:\/\/www.prijedordanas.com\/?p=259156\",\"name\":\"Skup\u0161tina grada Prijedora: Usvojen drugi rebalans za ovu i bud\u017eet za narednu godinu - FOTO - PrijedorDanas.com - Prijedorski gradski portal\",\"isPartOf\":{\"@id\":\"https:\/\/www.prijedordanas.com\/#website\"},\"datePublished\":\"2025-12-15T14:44:55+00:00\",\"dateModified\":\"2025-12-15T14:44:55+00:00\",\"breadcrumb\":{\"@id\":\"https:\/\/www.prijedordanas.com\/?p=259156#breadcrumb\"},\"inLanguage\":\"en-US\",\"potentialAction\":[{\"@type\":\"ReadAction\",\"target\":[\"https:\/\/www.prijedordanas.com\/?p=259156\"]}]},{\"@type\":\"BreadcrumbList\",\"@id\":\"https:\/\/www.prijedordanas.com\/?p=259156#breadcrumb\",\"itemListElement\":[{\"@type\":\"ListItem\",\"position\":1,\"name\":\"Home\",\"item\":\"https:\/\/www.prijedordanas.com\/\"},{\"@type\":\"ListItem\",\"position\":2,\"name\":\"Skup\u0161tina grada Prijedora: Usvojen drugi rebalans za ovu i bud\u017eet za narednu godinu &#8211; FOTO\"}]},{\"@type\":\"WebSite\",\"@id\":\"https:\/\/www.prijedordanas.com\/#website\",\"url\":\"https:\/\/www.prijedordanas.com\/\",\"name\":\"PrijedorDanas.com - Prijedorski gradski portal\",\"description\":\"Portal o doga\u0111anjima u gradu Prijedoru\",\"publisher\":{\"@id\":\"https:\/\/www.prijedordanas.com\/#organization\"},\"potentialAction\":[{\"@type\":\"SearchAction\",\"target\":{\"@type\":\"EntryPoint\",\"urlTemplate\":\"https:\/\/www.prijedordanas.com\/?s={search_term_string}\"},\"query-input\":\"required name=search_term_string\"}],\"inLanguage\":\"en-US\"},{\"@type\":\"Organization\",\"@id\":\"https:\/\/www.prijedordanas.com\/#organization\",\"name\":\"PrijedorDanas.com\",\"url\":\"https:\/\/www.prijedordanas.com\/\",\"logo\":{\"@type\":\"ImageObject\",\"inLanguage\":\"en-US\",\"@id\":\"https:\/\/www.prijedordanas.com\/#\/schema\/logo\/image\/\",\"url\":\"http:\/\/www.prijedordanas.com\/wp-content\/uploads\/2021\/12\/logopng.png\",\"contentUrl\":\"http:\/\/www.prijedordanas.com\/wp-content\/uploads\/2021\/12\/logopng.png\",\"width\":1019,\"height\":776,\"caption\":\"PrijedorDanas.com\"},\"image\":{\"@id\":\"https:\/\/www.prijedordanas.com\/#\/schema\/logo\/image\/\"},\"sameAs\":[\"https:\/\/www.facebook.com\/PrijedorDanasCom\/\"]},{\"@type\":\"Person\",\"@id\":\"https:\/\/www.prijedordanas.com\/#\/schema\/person\/4e08ccf29b506ca916ff86d46bb700e6\",\"name\":\"admin\",\"image\":{\"@type\":\"ImageObject\",\"inLanguage\":\"en-US\",\"@id\":\"https:\/\/www.prijedordanas.com\/#\/schema\/person\/image\/\",\"url\":\"https:\/\/secure.gravatar.com\/avatar\/1d3fc949d550f0b53a5f0d51e06dfd79?s=96&d=mm&r=g\",\"contentUrl\":\"https:\/\/secure.gravatar.com\/avatar\/1d3fc949d550f0b53a5f0d51e06dfd79?s=96&d=mm&r=g\",\"caption\":\"admin\"},\"url\":\"https:\/\/www.prijedordanas.com\/?author=1\"}]}<\/script>\n<!-- \/ Yoast SEO plugin. -->","yoast_head_json":{"title":"Skup\u0161tina grada Prijedora: Usvojen drugi rebalans za ovu i bud\u017eet za narednu godinu - FOTO - PrijedorDanas.com - Prijedorski gradski portal","robots":{"index":"index","follow":"follow","max-snippet":"max-snippet:-1","max-image-preview":"max-image-preview:large","max-video-preview":"max-video-preview:-1"},"canonical":"https:\/\/www.prijedordanas.com\/?p=259156","og_locale":"en_US","og_type":"article","og_title":"Skup\u0161tina grada Prijedora: Usvojen drugi rebalans za ovu i bud\u017eet za narednu godinu - FOTO - PrijedorDanas.com - Prijedorski gradski portal","og_description":"Odbornici Skup\u0161tine grada Prijedora usvojili su danas drugi rebalans bud\u017eeta za ovu godinu u iznosu od 97,600.000 KM i bud\u017eet za 2026. od 101.950.000 KM. Drugi rebalans je gra\u0111en na [&hellip;]","og_url":"https:\/\/www.prijedordanas.com\/?p=259156","og_site_name":"PrijedorDanas.com - Prijedorski gradski portal","article_publisher":"https:\/\/www.facebook.com\/PrijedorDanasCom\/","article_published_time":"2025-12-15T14:44:55+00:00","og_image":[{"url":"https:\/\/www.prijedordanas.com\/wp-content\/uploads\/2025\/12\/skupstina-grada-15decembar-1-300x225.jpg"}],"author":"admin","twitter_card":"summary_large_image","twitter_misc":{"Written by":"admin","Est. reading time":"3 minutes"},"schema":{"@context":"https:\/\/schema.org","@graph":[{"@type":"Article","@id":"https:\/\/www.prijedordanas.com\/?p=259156#article","isPartOf":{"@id":"https:\/\/www.prijedordanas.com\/?p=259156"},"author":{"name":"admin","@id":"https:\/\/www.prijedordanas.com\/#\/schema\/person\/4e08ccf29b506ca916ff86d46bb700e6"},"headline":"Skup\u0161tina grada Prijedora: Usvojen drugi rebalans za ovu i bud\u017eet za narednu godinu &#8211; FOTO","datePublished":"2025-12-15T14:44:55+00:00","dateModified":"2025-12-15T14:44:55+00:00","mainEntityOfPage":{"@id":"https:\/\/www.prijedordanas.com\/?p=259156"},"wordCount":607,"publisher":{"@id":"https:\/\/www.prijedordanas.com\/#organization"},"articleSection":["Dru\u0161tvo"],"inLanguage":"en-US"},{"@type":"WebPage","@id":"https:\/\/www.prijedordanas.com\/?p=259156","url":"https:\/\/www.prijedordanas.com\/?p=259156","name":"Skup\u0161tina grada Prijedora: Usvojen drugi rebalans za ovu i bud\u017eet za narednu godinu - FOTO - PrijedorDanas.com - Prijedorski gradski portal","isPartOf":{"@id":"https:\/\/www.prijedordanas.com\/#website"},"datePublished":"2025-12-15T14:44:55+00:00","dateModified":"2025-12-15T14:44:55+00:00","breadcrumb":{"@id":"https:\/\/www.prijedordanas.com\/?p=259156#breadcrumb"},"inLanguage":"en-US","potentialAction":[{"@type":"ReadAction","target":["https:\/\/www.prijedordanas.com\/?p=259156"]}]},{"@type":"BreadcrumbList","@id":"https:\/\/www.prijedordanas.com\/?p=259156#breadcrumb","itemListElement":[{"@type":"ListItem","position":1,"name":"Home","item":"https:\/\/www.prijedordanas.com\/"},{"@type":"ListItem","position":2,"name":"Skup\u0161tina grada Prijedora: Usvojen drugi rebalans za ovu i bud\u017eet za narednu godinu &#8211; FOTO"}]},{"@type":"WebSite","@id":"https:\/\/www.prijedordanas.com\/#website","url":"https:\/\/www.prijedordanas.com\/","name":"PrijedorDanas.com - Prijedorski gradski portal","description":"Portal o doga\u0111anjima u gradu Prijedoru","publisher":{"@id":"https:\/\/www.prijedordanas.com\/#organization"},"potentialAction":[{"@type":"SearchAction","target":{"@type":"EntryPoint","urlTemplate":"https:\/\/www.prijedordanas.com\/?s={search_term_string}"},"query-input":"required name=search_term_string"}],"inLanguage":"en-US"},{"@type":"Organization","@id":"https:\/\/www.prijedordanas.com\/#organization","name":"PrijedorDanas.com","url":"https:\/\/www.prijedordanas.com\/","logo":{"@type":"ImageObject","inLanguage":"en-US","@id":"https:\/\/www.prijedordanas.com\/#\/schema\/logo\/image\/","url":"http:\/\/www.prijedordanas.com\/wp-content\/uploads\/2021\/12\/logopng.png","contentUrl":"http:\/\/www.prijedordanas.com\/wp-content\/uploads\/2021\/12\/logopng.png","width":1019,"height":776,"caption":"PrijedorDanas.com"},"image":{"@id":"https:\/\/www.prijedordanas.com\/#\/schema\/logo\/image\/"},"sameAs":["https:\/\/www.facebook.com\/PrijedorDanasCom\/"]},{"@type":"Person","@id":"https:\/\/www.prijedordanas.com\/#\/schema\/person\/4e08ccf29b506ca916ff86d46bb700e6","name":"admin","image":{"@type":"ImageObject","inLanguage":"en-US","@id":"https:\/\/www.prijedordanas.com\/#\/schema\/person\/image\/","url":"https:\/\/secure.gravatar.com\/avatar\/1d3fc949d550f0b53a5f0d51e06dfd79?s=96&d=mm&r=g","contentUrl":"https:\/\/secure.gravatar.com\/avatar\/1d3fc949d550f0b53a5f0d51e06dfd79?s=96&d=mm&r=g","caption":"admin"},"url":"https:\/\/www.prijedordanas.com\/?author=1"}]}},"_links":{"self":[{"href":"https:\/\/www.prijedordanas.com\/index.php?rest_route=\/wp\/v2\/posts\/259156"}],"collection":[{"href":"https:\/\/www.prijedordanas.com\/index.php?rest_route=\/wp\/v2\/posts"}],"about":[{"href":"https:\/\/www.prijedordanas.com\/index.php?rest_route=\/wp\/v2\/types\/post"}],"author":[{"embeddable":true,"href":"https:\/\/www.prijedordanas.com\/index.php?rest_route=\/wp\/v2\/users\/1"}],"replies":[{"embeddable":true,"href":"https:\/\/www.prijedordanas.com\/index.php?rest_route=%2Fwp%2Fv2%2Fcomments&post=259156"}],"version-history":[{"count":2,"href":"https:\/\/www.prijedordanas.com\/index.php?rest_route=\/wp\/v2\/posts\/259156\/revisions"}],"predecessor-version":[{"id":259163,"href":"https:\/\/www.prijedordanas.com\/index.php?rest_route=\/wp\/v2\/posts\/259156\/revisions\/259163"}],"wp:attachment":[{"href":"https:\/\/www.prijedordanas.com\/index.php?rest_route=%2Fwp%2Fv2%2Fmedia&parent=259156"}],"wp:term":[{"taxonomy":"category","embeddable":true,"href":"https:\/\/www.prijedordanas.com\/index.php?rest_route=%2Fwp%2Fv2%2Fcategories&post=259156"},{"taxonomy":"post_tag","embeddable":true,"href":"https:\/\/www.prijedordanas.com\/index.php?rest_route=%2Fwp%2Fv2%2Ftags&post=259156"}],"curies":[{"name":"wp","href":"https:\/\/api.w.org\/{rel}","templated":true}]}}