{"id":25901,"date":"2015-07-15T12:47:34","date_gmt":"2015-07-15T11:47:34","guid":{"rendered":"https:\/\/www.prijedordanas.com\/?p=25901"},"modified":"2015-07-15T12:56:27","modified_gmt":"2015-07-15T11:56:27","slug":"prijedor-u-humanitarnoj-akciji-marka-za-ilice-prikupljeno-177266-km-foto","status":"publish","type":"post","link":"https:\/\/www.prijedordanas.com\/?p=25901","title":{"rendered":"PRIJEDOR: U HUMANITARNOJ AKCIJI \u201eMARKA ZA ILI\u0106E\u201c PRIKUPLJENO 1772,66 KM \u2013 FOTO"},"content":{"rendered":"<p><a href=\"https:\/\/www.prijedordanas.com\/wp-content\/uploads\/2015\/07\/marka-za-ilice-kraj-1.jpg\"><img loading=\"lazy\" decoding=\"async\" class=\"alignleft size-medium wp-image-25902\" src=\"https:\/\/www.prijedordanas.com\/wp-content\/uploads\/2015\/07\/marka-za-ilice-kraj-1-300x199.jpg\" alt=\"marka za ilice-kraj (1)\" width=\"300\" height=\"199\" srcset=\"https:\/\/www.prijedordanas.com\/wp-content\/uploads\/2015\/07\/marka-za-ilice-kraj-1-300x199.jpg 300w, https:\/\/www.prijedordanas.com\/wp-content\/uploads\/2015\/07\/marka-za-ilice-kraj-1-150x100.jpg 150w, https:\/\/www.prijedordanas.com\/wp-content\/uploads\/2015\/07\/marka-za-ilice-kraj-1-200x133.jpg 200w, https:\/\/www.prijedordanas.com\/wp-content\/uploads\/2015\/07\/marka-za-ilice-kraj-1-250x166.jpg 250w, https:\/\/www.prijedordanas.com\/wp-content\/uploads\/2015\/07\/marka-za-ilice-kraj-1-480x320.jpg 480w, https:\/\/www.prijedordanas.com\/wp-content\/uploads\/2015\/07\/marka-za-ilice-kraj-1.jpg 600w\" sizes=\"(max-width: 300px) 100vw, 300px\" \/><\/a>Proteklog ponedjeljka u Prijedoru je odr\u017eana humanitarna akcija \u201eMarku za Ilic\u0301e\u201c, koju je pokrenula Radio-televizija Republike Srpske.<\/p>\n<p>Ova akcija, koja je do sada organizovana u nekoliko gradova i op\u0161tina \u0161irom RS ima samo jedan cilj, a to je da se prikupi novac, kako bi Aco, Bo\u017eana, Nedeljko i Branko Ili\u0107, koji su ostali bez oba roditelja, dobili nove i bolje uslove za \u017eivot.<\/p>\n<p>\u0160tand na kojem su gra\u0111ani mogli dati svoj dobrovoljni prilog nalazio se na Malom gradskom trgu od 8 do 22 \u010dasa, a Prijedor\u010dani su u kutiju za priloge ubacili 1.605 maraka.<\/p>\n<p>Ipak, zahvaljuju\u0107i radnicima preduze\u0107a ArcelorMittal Prijedor, koji su se samoinicijativno priklju\u010dili akciji, ukupno je na ra\u010dun za Ili\u0107e upla\u0107eno 1772,66 KM. \u201eRudari\u201c su pozvali i ostala preduze\u0107a da se priklju\u010de akciji i uplate sredstva direktno na \u017eiro-ra\u010dun.<\/p>\n<p>Treba pohvaliti i prijedorske volontere Ivana Begi\u0107a, Branka Radinovi\u0107a, Filipa Jo\u0161i\u0107a, Vanju Juri\u0161i\u0107a, Tijanu Gruji\u010di\u0107 i Nevenu Kukrika koji su bili uklju\u010deni u organizaciju prikupljanja pomo\u0107i.<\/p>\n<p>Prema njihovim rije\u010dima, najve\u0107i donatori u akciji bili su penzioneri, samohrane majke i djeca Romi.<\/p>\n<p>Bravo Prijedor\u010dani i hvala.<\/p>\n<p>Tekst i foto \u2013 Aleksandar Drakuli\u0107 \u2013 <a href=\"www.prijedordanas.com\" target=\"_blank\">www.prijedordanas.com<\/a><\/p>\n<p><a href=\"https:\/\/www.prijedordanas.com\/wp-content\/uploads\/2015\/07\/marka-za-ilice-kraj-2.jpg\"><img loading=\"lazy\" decoding=\"async\" src=\"https:\/\/www.prijedordanas.com\/wp-content\/uploads\/2015\/07\/marka-za-ilice-kraj-2-300x199.jpg\" alt=\"marka za ilice-kraj (2)\" width=\"300\" height=\"199\" class=\"alignleft size-medium wp-image-25903\" srcset=\"https:\/\/www.prijedordanas.com\/wp-content\/uploads\/2015\/07\/marka-za-ilice-kraj-2-300x199.jpg 300w, https:\/\/www.prijedordanas.com\/wp-content\/uploads\/2015\/07\/marka-za-ilice-kraj-2-150x100.jpg 150w, https:\/\/www.prijedordanas.com\/wp-content\/uploads\/2015\/07\/marka-za-ilice-kraj-2-200x133.jpg 200w, https:\/\/www.prijedordanas.com\/wp-content\/uploads\/2015\/07\/marka-za-ilice-kraj-2-250x166.jpg 250w, https:\/\/www.prijedordanas.com\/wp-content\/uploads\/2015\/07\/marka-za-ilice-kraj-2-480x320.jpg 480w, https:\/\/www.prijedordanas.com\/wp-content\/uploads\/2015\/07\/marka-za-ilice-kraj-2.jpg 600w\" sizes=\"(max-width: 300px) 100vw, 300px\" \/><\/a> <a href=\"https:\/\/www.prijedordanas.com\/wp-content\/uploads\/2015\/07\/marka-za-ilice-kraj-3.jpg\"><img loading=\"lazy\" decoding=\"async\" src=\"https:\/\/www.prijedordanas.com\/wp-content\/uploads\/2015\/07\/marka-za-ilice-kraj-3-300x199.jpg\" alt=\"marka za ilice-kraj (3)\" width=\"300\" height=\"199\" class=\"alignleft size-medium wp-image-25905\" srcset=\"https:\/\/www.prijedordanas.com\/wp-content\/uploads\/2015\/07\/marka-za-ilice-kraj-3-300x199.jpg 300w, https:\/\/www.prijedordanas.com\/wp-content\/uploads\/2015\/07\/marka-za-ilice-kraj-3-150x100.jpg 150w, https:\/\/www.prijedordanas.com\/wp-content\/uploads\/2015\/07\/marka-za-ilice-kraj-3-200x133.jpg 200w, https:\/\/www.prijedordanas.com\/wp-content\/uploads\/2015\/07\/marka-za-ilice-kraj-3-250x166.jpg 250w, https:\/\/www.prijedordanas.com\/wp-content\/uploads\/2015\/07\/marka-za-ilice-kraj-3-480x320.jpg 480w, https:\/\/www.prijedordanas.com\/wp-content\/uploads\/2015\/07\/marka-za-ilice-kraj-3.jpg 600w\" sizes=\"(max-width: 300px) 100vw, 300px\" \/><\/a> <a href=\"https:\/\/www.prijedordanas.com\/wp-content\/uploads\/2015\/07\/marka-za-ilice-kraj-4.jpg\"><img loading=\"lazy\" decoding=\"async\" src=\"https:\/\/www.prijedordanas.com\/wp-content\/uploads\/2015\/07\/marka-za-ilice-kraj-4-300x199.jpg\" alt=\"marka za ilice-kraj (4)\" width=\"300\" height=\"199\" class=\"alignleft size-medium wp-image-25906\" srcset=\"https:\/\/www.prijedordanas.com\/wp-content\/uploads\/2015\/07\/marka-za-ilice-kraj-4-300x199.jpg 300w, https:\/\/www.prijedordanas.com\/wp-content\/uploads\/2015\/07\/marka-za-ilice-kraj-4-150x100.jpg 150w, https:\/\/www.prijedordanas.com\/wp-content\/uploads\/2015\/07\/marka-za-ilice-kraj-4-200x133.jpg 200w, https:\/\/www.prijedordanas.com\/wp-content\/uploads\/2015\/07\/marka-za-ilice-kraj-4-250x166.jpg 250w, https:\/\/www.prijedordanas.com\/wp-content\/uploads\/2015\/07\/marka-za-ilice-kraj-4-480x320.jpg 480w, https:\/\/www.prijedordanas.com\/wp-content\/uploads\/2015\/07\/marka-za-ilice-kraj-4.jpg 600w\" sizes=\"(max-width: 300px) 100vw, 300px\" \/><\/a> <a href=\"https:\/\/www.prijedordanas.com\/wp-content\/uploads\/2015\/07\/marka-za-ilice-izvjestaj-2.jpg\"><img loading=\"lazy\" decoding=\"async\" src=\"https:\/\/www.prijedordanas.com\/wp-content\/uploads\/2015\/07\/marka-za-ilice-izvjestaj-2-200x300.jpg\" alt=\"marka za ilice-izvjestaj (2)\" width=\"200\" height=\"300\" class=\"alignleft size-medium wp-image-25907\" srcset=\"https:\/\/www.prijedordanas.com\/wp-content\/uploads\/2015\/07\/marka-za-ilice-izvjestaj-2-200x300.jpg 200w, https:\/\/www.prijedordanas.com\/wp-content\/uploads\/2015\/07\/marka-za-ilice-izvjestaj-2.jpg 399w\" sizes=\"(max-width: 200px) 100vw, 200px\" \/><\/a> <a href=\"https:\/\/www.prijedordanas.com\/wp-content\/uploads\/2015\/07\/marka-za-ilice-izvjestaj-1.jpg\"><img loading=\"lazy\" decoding=\"async\" src=\"https:\/\/www.prijedordanas.com\/wp-content\/uploads\/2015\/07\/marka-za-ilice-izvjestaj-1-300x169.jpg\" alt=\"marka za ilice-izvjestaj (1)\" width=\"300\" height=\"169\" class=\"alignleft size-medium wp-image-25908\" srcset=\"https:\/\/www.prijedordanas.com\/wp-content\/uploads\/2015\/07\/marka-za-ilice-izvjestaj-1-300x169.jpg 300w, https:\/\/www.prijedordanas.com\/wp-content\/uploads\/2015\/07\/marka-za-ilice-izvjestaj-1.jpg 600w\" sizes=\"(max-width: 300px) 100vw, 300px\" \/><\/a><\/p>\n","protected":false},"excerpt":{"rendered":"<p>Proteklog ponedjeljka u Prijedoru je odr\u017eana humanitarna akcija \u201eMarku za Ilic\u0301e\u201c, koju je pokrenula Radio-televizija Republike Srpske. Ova akcija, koja je do sada organizovana u nekoliko gradova i op\u0161tina \u0161irom [&hellip;]<\/p>\n","protected":false},"author":1,"featured_media":0,"comment_status":"closed","ping_status":"open","sticky":false,"template":"","format":"standard","meta":{"_monsterinsights_skip_tracking":false,"_monsterinsights_sitenote_active":false,"_monsterinsights_sitenote_note":"","_monsterinsights_sitenote_category":0,"footnotes":""},"categories":[4],"tags":[725,4221],"yoast_head":"<!-- This site is optimized with the Yoast SEO plugin v21.6 - https:\/\/yoast.com\/wordpress\/plugins\/seo\/ -->\n<title>PRIJEDOR: U HUMANITARNOJ AKCIJI \u201eMARKA ZA ILI\u0106E\u201c PRIKUPLJENO 1772,66 KM \u2013 FOTO - PrijedorDanas.com - Prijedorski gradski portal<\/title>\n<meta name=\"robots\" content=\"index, follow, max-snippet:-1, max-image-preview:large, max-video-preview:-1\" \/>\n<link rel=\"canonical\" href=\"https:\/\/www.prijedordanas.com\/?p=25901\" \/>\n<meta property=\"og:locale\" content=\"en_US\" \/>\n<meta property=\"og:type\" content=\"article\" \/>\n<meta property=\"og:title\" content=\"PRIJEDOR: U HUMANITARNOJ AKCIJI \u201eMARKA ZA ILI\u0106E\u201c PRIKUPLJENO 1772,66 KM \u2013 FOTO - PrijedorDanas.com - Prijedorski gradski portal\" \/>\n<meta property=\"og:description\" content=\"Proteklog ponedjeljka u Prijedoru je odr\u017eana humanitarna akcija \u201eMarku za Ilic\u0301e\u201c, koju je pokrenula Radio-televizija Republike Srpske. Ova akcija, koja je do sada organizovana u nekoliko gradova i op\u0161tina \u0161irom [&hellip;]\" \/>\n<meta property=\"og:url\" content=\"https:\/\/www.prijedordanas.com\/?p=25901\" \/>\n<meta property=\"og:site_name\" content=\"PrijedorDanas.com - Prijedorski gradski portal\" \/>\n<meta property=\"article:publisher\" content=\"https:\/\/www.facebook.com\/PrijedorDanasCom\/\" \/>\n<meta property=\"article:published_time\" content=\"2015-07-15T11:47:34+00:00\" \/>\n<meta property=\"article:modified_time\" content=\"2015-07-15T11:56:27+00:00\" \/>\n<meta property=\"og:image\" content=\"https:\/\/www.prijedordanas.com\/wp-content\/uploads\/2015\/07\/marka-za-ilice-kraj-1-300x199.jpg\" \/>\n<meta name=\"author\" content=\"admin\" \/>\n<meta name=\"twitter:card\" content=\"summary_large_image\" \/>\n<meta name=\"twitter:label1\" content=\"Written by\" \/>\n\t<meta name=\"twitter:data1\" content=\"admin\" \/>\n\t<meta name=\"twitter:label2\" content=\"Est. reading time\" \/>\n\t<meta name=\"twitter:data2\" content=\"1 minute\" \/>\n<script type=\"application\/ld+json\" class=\"yoast-schema-graph\">{\"@context\":\"https:\/\/schema.org\",\"@graph\":[{\"@type\":\"Article\",\"@id\":\"https:\/\/www.prijedordanas.com\/?p=25901#article\",\"isPartOf\":{\"@id\":\"https:\/\/www.prijedordanas.com\/?p=25901\"},\"author\":{\"name\":\"admin\",\"@id\":\"https:\/\/www.prijedordanas.com\/#\/schema\/person\/4e08ccf29b506ca916ff86d46bb700e6\"},\"headline\":\"PRIJEDOR: U HUMANITARNOJ AKCIJI \u201eMARKA ZA ILI\u0106E\u201c PRIKUPLJENO 1772,66 KM \u2013 FOTO\",\"datePublished\":\"2015-07-15T11:47:34+00:00\",\"dateModified\":\"2015-07-15T11:56:27+00:00\",\"mainEntityOfPage\":{\"@id\":\"https:\/\/www.prijedordanas.com\/?p=25901\"},\"wordCount\":218,\"publisher\":{\"@id\":\"https:\/\/www.prijedordanas.com\/#organization\"},\"keywords\":[\"humanitarna akcija\",\"Marka za Ili\u0107e\"],\"articleSection\":[\"Dru\u0161tvo\"],\"inLanguage\":\"en-US\"},{\"@type\":\"WebPage\",\"@id\":\"https:\/\/www.prijedordanas.com\/?p=25901\",\"url\":\"https:\/\/www.prijedordanas.com\/?p=25901\",\"name\":\"PRIJEDOR: U HUMANITARNOJ AKCIJI \u201eMARKA ZA ILI\u0106E\u201c PRIKUPLJENO 1772,66 KM \u2013 FOTO - PrijedorDanas.com - Prijedorski gradski portal\",\"isPartOf\":{\"@id\":\"https:\/\/www.prijedordanas.com\/#website\"},\"datePublished\":\"2015-07-15T11:47:34+00:00\",\"dateModified\":\"2015-07-15T11:56:27+00:00\",\"breadcrumb\":{\"@id\":\"https:\/\/www.prijedordanas.com\/?p=25901#breadcrumb\"},\"inLanguage\":\"en-US\",\"potentialAction\":[{\"@type\":\"ReadAction\",\"target\":[\"https:\/\/www.prijedordanas.com\/?p=25901\"]}]},{\"@type\":\"BreadcrumbList\",\"@id\":\"https:\/\/www.prijedordanas.com\/?p=25901#breadcrumb\",\"itemListElement\":[{\"@type\":\"ListItem\",\"position\":1,\"name\":\"Home\",\"item\":\"https:\/\/www.prijedordanas.com\/\"},{\"@type\":\"ListItem\",\"position\":2,\"name\":\"PRIJEDOR: U HUMANITARNOJ AKCIJI \u201eMARKA ZA ILI\u0106E\u201c PRIKUPLJENO 1772,66 KM \u2013 FOTO\"}]},{\"@type\":\"WebSite\",\"@id\":\"https:\/\/www.prijedordanas.com\/#website\",\"url\":\"https:\/\/www.prijedordanas.com\/\",\"name\":\"PrijedorDanas.com - Prijedorski gradski portal\",\"description\":\"Portal o doga\u0111anjima u gradu Prijedoru\",\"publisher\":{\"@id\":\"https:\/\/www.prijedordanas.com\/#organization\"},\"potentialAction\":[{\"@type\":\"SearchAction\",\"target\":{\"@type\":\"EntryPoint\",\"urlTemplate\":\"https:\/\/www.prijedordanas.com\/?s={search_term_string}\"},\"query-input\":\"required name=search_term_string\"}],\"inLanguage\":\"en-US\"},{\"@type\":\"Organization\",\"@id\":\"https:\/\/www.prijedordanas.com\/#organization\",\"name\":\"PrijedorDanas.com\",\"url\":\"https:\/\/www.prijedordanas.com\/\",\"logo\":{\"@type\":\"ImageObject\",\"inLanguage\":\"en-US\",\"@id\":\"https:\/\/www.prijedordanas.com\/#\/schema\/logo\/image\/\",\"url\":\"http:\/\/www.prijedordanas.com\/wp-content\/uploads\/2021\/12\/logopng.png\",\"contentUrl\":\"http:\/\/www.prijedordanas.com\/wp-content\/uploads\/2021\/12\/logopng.png\",\"width\":1019,\"height\":776,\"caption\":\"PrijedorDanas.com\"},\"image\":{\"@id\":\"https:\/\/www.prijedordanas.com\/#\/schema\/logo\/image\/\"},\"sameAs\":[\"https:\/\/www.facebook.com\/PrijedorDanasCom\/\"]},{\"@type\":\"Person\",\"@id\":\"https:\/\/www.prijedordanas.com\/#\/schema\/person\/4e08ccf29b506ca916ff86d46bb700e6\",\"name\":\"admin\",\"image\":{\"@type\":\"ImageObject\",\"inLanguage\":\"en-US\",\"@id\":\"https:\/\/www.prijedordanas.com\/#\/schema\/person\/image\/\",\"url\":\"https:\/\/secure.gravatar.com\/avatar\/1d3fc949d550f0b53a5f0d51e06dfd79?s=96&d=mm&r=g\",\"contentUrl\":\"https:\/\/secure.gravatar.com\/avatar\/1d3fc949d550f0b53a5f0d51e06dfd79?s=96&d=mm&r=g\",\"caption\":\"admin\"},\"url\":\"https:\/\/www.prijedordanas.com\/?author=1\"}]}<\/script>\n<!-- \/ Yoast SEO plugin. -->","yoast_head_json":{"title":"PRIJEDOR: U HUMANITARNOJ AKCIJI \u201eMARKA ZA ILI\u0106E\u201c PRIKUPLJENO 1772,66 KM \u2013 FOTO - PrijedorDanas.com - Prijedorski gradski portal","robots":{"index":"index","follow":"follow","max-snippet":"max-snippet:-1","max-image-preview":"max-image-preview:large","max-video-preview":"max-video-preview:-1"},"canonical":"https:\/\/www.prijedordanas.com\/?p=25901","og_locale":"en_US","og_type":"article","og_title":"PRIJEDOR: U HUMANITARNOJ AKCIJI \u201eMARKA ZA ILI\u0106E\u201c PRIKUPLJENO 1772,66 KM \u2013 FOTO - PrijedorDanas.com - Prijedorski gradski portal","og_description":"Proteklog ponedjeljka u Prijedoru je odr\u017eana humanitarna akcija \u201eMarku za Ilic\u0301e\u201c, koju je pokrenula Radio-televizija Republike Srpske. Ova akcija, koja je do sada organizovana u nekoliko gradova i op\u0161tina \u0161irom [&hellip;]","og_url":"https:\/\/www.prijedordanas.com\/?p=25901","og_site_name":"PrijedorDanas.com - Prijedorski gradski portal","article_publisher":"https:\/\/www.facebook.com\/PrijedorDanasCom\/","article_published_time":"2015-07-15T11:47:34+00:00","article_modified_time":"2015-07-15T11:56:27+00:00","og_image":[{"url":"https:\/\/www.prijedordanas.com\/wp-content\/uploads\/2015\/07\/marka-za-ilice-kraj-1-300x199.jpg"}],"author":"admin","twitter_card":"summary_large_image","twitter_misc":{"Written by":"admin","Est. reading time":"1 minute"},"schema":{"@context":"https:\/\/schema.org","@graph":[{"@type":"Article","@id":"https:\/\/www.prijedordanas.com\/?p=25901#article","isPartOf":{"@id":"https:\/\/www.prijedordanas.com\/?p=25901"},"author":{"name":"admin","@id":"https:\/\/www.prijedordanas.com\/#\/schema\/person\/4e08ccf29b506ca916ff86d46bb700e6"},"headline":"PRIJEDOR: U HUMANITARNOJ AKCIJI \u201eMARKA ZA ILI\u0106E\u201c PRIKUPLJENO 1772,66 KM \u2013 FOTO","datePublished":"2015-07-15T11:47:34+00:00","dateModified":"2015-07-15T11:56:27+00:00","mainEntityOfPage":{"@id":"https:\/\/www.prijedordanas.com\/?p=25901"},"wordCount":218,"publisher":{"@id":"https:\/\/www.prijedordanas.com\/#organization"},"keywords":["humanitarna akcija","Marka za Ili\u0107e"],"articleSection":["Dru\u0161tvo"],"inLanguage":"en-US"},{"@type":"WebPage","@id":"https:\/\/www.prijedordanas.com\/?p=25901","url":"https:\/\/www.prijedordanas.com\/?p=25901","name":"PRIJEDOR: U HUMANITARNOJ AKCIJI \u201eMARKA ZA ILI\u0106E\u201c PRIKUPLJENO 1772,66 KM \u2013 FOTO - PrijedorDanas.com - Prijedorski gradski portal","isPartOf":{"@id":"https:\/\/www.prijedordanas.com\/#website"},"datePublished":"2015-07-15T11:47:34+00:00","dateModified":"2015-07-15T11:56:27+00:00","breadcrumb":{"@id":"https:\/\/www.prijedordanas.com\/?p=25901#breadcrumb"},"inLanguage":"en-US","potentialAction":[{"@type":"ReadAction","target":["https:\/\/www.prijedordanas.com\/?p=25901"]}]},{"@type":"BreadcrumbList","@id":"https:\/\/www.prijedordanas.com\/?p=25901#breadcrumb","itemListElement":[{"@type":"ListItem","position":1,"name":"Home","item":"https:\/\/www.prijedordanas.com\/"},{"@type":"ListItem","position":2,"name":"PRIJEDOR: U HUMANITARNOJ AKCIJI \u201eMARKA ZA ILI\u0106E\u201c PRIKUPLJENO 1772,66 KM \u2013 FOTO"}]},{"@type":"WebSite","@id":"https:\/\/www.prijedordanas.com\/#website","url":"https:\/\/www.prijedordanas.com\/","name":"PrijedorDanas.com - Prijedorski gradski portal","description":"Portal o doga\u0111anjima u gradu Prijedoru","publisher":{"@id":"https:\/\/www.prijedordanas.com\/#organization"},"potentialAction":[{"@type":"SearchAction","target":{"@type":"EntryPoint","urlTemplate":"https:\/\/www.prijedordanas.com\/?s={search_term_string}"},"query-input":"required name=search_term_string"}],"inLanguage":"en-US"},{"@type":"Organization","@id":"https:\/\/www.prijedordanas.com\/#organization","name":"PrijedorDanas.com","url":"https:\/\/www.prijedordanas.com\/","logo":{"@type":"ImageObject","inLanguage":"en-US","@id":"https:\/\/www.prijedordanas.com\/#\/schema\/logo\/image\/","url":"http:\/\/www.prijedordanas.com\/wp-content\/uploads\/2021\/12\/logopng.png","contentUrl":"http:\/\/www.prijedordanas.com\/wp-content\/uploads\/2021\/12\/logopng.png","width":1019,"height":776,"caption":"PrijedorDanas.com"},"image":{"@id":"https:\/\/www.prijedordanas.com\/#\/schema\/logo\/image\/"},"sameAs":["https:\/\/www.facebook.com\/PrijedorDanasCom\/"]},{"@type":"Person","@id":"https:\/\/www.prijedordanas.com\/#\/schema\/person\/4e08ccf29b506ca916ff86d46bb700e6","name":"admin","image":{"@type":"ImageObject","inLanguage":"en-US","@id":"https:\/\/www.prijedordanas.com\/#\/schema\/person\/image\/","url":"https:\/\/secure.gravatar.com\/avatar\/1d3fc949d550f0b53a5f0d51e06dfd79?s=96&d=mm&r=g","contentUrl":"https:\/\/secure.gravatar.com\/avatar\/1d3fc949d550f0b53a5f0d51e06dfd79?s=96&d=mm&r=g","caption":"admin"},"url":"https:\/\/www.prijedordanas.com\/?author=1"}]}},"_links":{"self":[{"href":"https:\/\/www.prijedordanas.com\/index.php?rest_route=\/wp\/v2\/posts\/25901"}],"collection":[{"href":"https:\/\/www.prijedordanas.com\/index.php?rest_route=\/wp\/v2\/posts"}],"about":[{"href":"https:\/\/www.prijedordanas.com\/index.php?rest_route=\/wp\/v2\/types\/post"}],"author":[{"embeddable":true,"href":"https:\/\/www.prijedordanas.com\/index.php?rest_route=\/wp\/v2\/users\/1"}],"replies":[{"embeddable":true,"href":"https:\/\/www.prijedordanas.com\/index.php?rest_route=%2Fwp%2Fv2%2Fcomments&post=25901"}],"version-history":[{"count":4,"href":"https:\/\/www.prijedordanas.com\/index.php?rest_route=\/wp\/v2\/posts\/25901\/revisions"}],"predecessor-version":[{"id":25911,"href":"https:\/\/www.prijedordanas.com\/index.php?rest_route=\/wp\/v2\/posts\/25901\/revisions\/25911"}],"wp:attachment":[{"href":"https:\/\/www.prijedordanas.com\/index.php?rest_route=%2Fwp%2Fv2%2Fmedia&parent=25901"}],"wp:term":[{"taxonomy":"category","embeddable":true,"href":"https:\/\/www.prijedordanas.com\/index.php?rest_route=%2Fwp%2Fv2%2Fcategories&post=25901"},{"taxonomy":"post_tag","embeddable":true,"href":"https:\/\/www.prijedordanas.com\/index.php?rest_route=%2Fwp%2Fv2%2Ftags&post=25901"}],"curies":[{"name":"wp","href":"https:\/\/api.w.org\/{rel}","templated":true}]}}